{"id":7951,"date":"2014-07-15T13:54:52","date_gmt":"2014-07-15T11:54:52","guid":{"rendered":"http:\/\/www.robertosedda.it\/?p=7951"},"modified":"2022-07-18T10:26:44","modified_gmt":"2022-07-18T08:26:44","slug":"se-possedeste-la-tela-delluomo-ragno-per-cosa-la-usereste","status":"publish","type":"post","link":"http:\/\/www.robertosedda.it\/?p=7951","title":{"rendered":"Se possedeste la tela dell&#8217;Uomo Ragno, per cosa la usereste?"},"content":{"rendered":"<p>Cominciamo dall&#8217;inizio: va precisato che quella del titolo non \u00e8 (quasi del tutto) una domanda retorica. <a href=\"http:\/\/www.wired.com\/2014\/07\/kraig-spider-silk-production\/\"><em>Wired<\/em>\u00a0ha pubblicato pochi giorni fa la notizia che una societ\u00e0 americana \u00e8 riuscita a produrre tela di ragno in maniera industriale e affidabile<\/a>, modificando geneticamente dei bachi da seta con l&#8217;inserimento di DNA di ragno, in modo che i filamenti da loro prodotti siano affini alla tela di ragno, o perlomeno ne abbiano il pi\u00f9 caratteristiche possibili. Vedete i bachi modificati nell&#8217;immagine qui sotto, presa dall&#8217;articolo originale di\u00a0<em>Wired<\/em>.<\/p>\n<p><a href=\"https:\/\/i0.wp.com\/www.robertosedda.it\/wp-content\/uploads\/2014\/07\/Genetically-engineered-silk-moth.jpg\"><img data-attachment-id=\"7952\" data-permalink=\"http:\/\/www.robertosedda.it\/?attachment_id=7952\" data-orig-file=\"https:\/\/i0.wp.com\/www.robertosedda.it\/wp-content\/uploads\/2014\/07\/Genetically-engineered-silk-moth.jpg?fit=660%2C459\" data-orig-size=\"660,459\" data-comments-opened=\"1\" data-image-meta=\"{&quot;aperture&quot;:&quot;0&quot;,&quot;credit&quot;:&quot;&quot;,&quot;camera&quot;:&quot;&quot;,&quot;caption&quot;:&quot;&quot;,&quot;created_timestamp&quot;:&quot;0&quot;,&quot;copyright&quot;:&quot;&quot;,&quot;focal_length&quot;:&quot;0&quot;,&quot;iso&quot;:&quot;0&quot;,&quot;shutter_speed&quot;:&quot;0&quot;,&quot;title&quot;:&quot;&quot;}\" data-image-title=\"Genetically engineered silk moth\" data-image-description=\"\" data-image-caption=\"\" data-medium-file=\"https:\/\/i0.wp.com\/www.robertosedda.it\/wp-content\/uploads\/2014\/07\/Genetically-engineered-silk-moth.jpg?fit=300%2C208\" data-large-file=\"https:\/\/i0.wp.com\/www.robertosedda.it\/wp-content\/uploads\/2014\/07\/Genetically-engineered-silk-moth.jpg?fit=510%2C354\" decoding=\"async\" loading=\"lazy\" class=\"aligncenter size-full wp-image-7952\" src=\"https:\/\/i0.wp.com\/www.robertosedda.it\/wp-content\/uploads\/2014\/07\/Genetically-engineered-silk-moth.jpg?resize=660%2C459\" alt=\"Genetically engineered silk moth\" width=\"660\" height=\"459\" srcset=\"https:\/\/i0.wp.com\/www.robertosedda.it\/wp-content\/uploads\/2014\/07\/Genetically-engineered-silk-moth.jpg?w=660 660w, https:\/\/i0.wp.com\/www.robertosedda.it\/wp-content\/uploads\/2014\/07\/Genetically-engineered-silk-moth.jpg?resize=150%2C104 150w, https:\/\/i0.wp.com\/www.robertosedda.it\/wp-content\/uploads\/2014\/07\/Genetically-engineered-silk-moth.jpg?resize=300%2C208 300w, https:\/\/i0.wp.com\/www.robertosedda.it\/wp-content\/uploads\/2014\/07\/Genetically-engineered-silk-moth.jpg?resize=510%2C354 510w\" sizes=\"(max-width: 660px) 100vw, 660px\" data-recalc-dims=\"1\" \/><\/a><a href=\"http:\/\/www.kraiglabs.com\/\">La societ\u00e0 produttrice si chiama <\/a><a href=\"http:\/\/www.kraiglabs.com\/\"><em>Kraig Labs<\/em><\/a>\u00a0\u00a0e, in realt\u00e0, la <a href=\"http:\/\/www.wired.com\/2010\/10\/silkworm-spider-silk\">notizia del suo successo nel produrre in maniera affidabile la tela di ragno \u00e8 del 2010<\/a>: ma \u00e8 della settimana scorsa l&#8217;annuncio del raddoppio del livello della produzione, il che rappresenta un buon passo avanti nella possibilit\u00e0 di una produzione industriale\u00a0ampia e a prezzo accettabile.<\/p>\n<p>Quindi \u00e8 probabile che presto la tela di ragno sar\u00e0 una fibra tessile effettivamente disponibile. Che cosa ne faremo?<\/p>\n<p>Il sito dell&#8217;azienda sembra suggerire che gli usi a cui si pensa siano principalmente militari, nel campo degli indumenti antiproiettile<\/p>\n<blockquote><p><span style=\"color: #000000;\">Spider silk holds the potential of a lifesaving ballistic resistant material; a lighter, thinner, flexible and tougher than steel material. These mechanical properties are similar and yet exceed that of many of the high performance technical fibers that are currently on the market today. \u00a0<\/span><\/p><\/blockquote>\n<p>e quindi di tipo militare (anche se il fatto che sia un materiale ignifugo in realt\u00e0 suggerisce che possa trovare utilit\u00e0 in campi legati alla protezione civile).<\/p>\n<p>La domanda, per\u00f2, \u00e8: quali tipi di indumenti militari? A quanto pare l&#8217;esercito americano \u00e8 orientato, prima di tutto, alle&#8230; mutande. <a href=\"http:\/\/www.dailymail.co.uk\/news\/article-2028067\/Protecting-privates-privates-Ballistic-boxers-work-troops-say-cups.html\">Due battaglioni in Afghanistan\u00a0hanno gi\u00e0 ricevuto, infatti, degli eleganti boxer di seta<\/a>\u00a0per una sperimentazione sul campo. Il motivo, naturalmente, non risiede in una conversione del Pentagono a decadenti criteri\u00a0di eleganza, ma nel fatto che la seta non si fonde con la pelle in seguito al calore e non penetra nelle ferite aumentando il rischio di infezioni. Purtroppo\u00a0le mutande in questione sono completate da una conchiglia in\u00a0<em>kevlar<\/em> che, non sorprendentemente, i soldati non trovano particolarmente comoda (<em>ugh!<\/em>): e quindi una sua sostituzione con la resistentissima tela di ragno sembra desiderabile.<\/p>\n<p>A prescindere dai possibili utilizzi, con questo suo progresso produttivo la\u00a0<em>Kraig Labs<\/em> sembra avere definitivamente distanziato la concorrenza, in questo caso rappresentata dal professor Lewis della universit\u00e0 dello Utah, che tentava di produrre tela di ragno con un altro tipo di animale modificato geneticamente. Capre. L&#8217;universit\u00e0 ha un gregge di trenta capre speciali, dal cui latte \u00e8 possibile estrarre una proteina che pu\u00f2 essere lavorata per produrre la seta di ragno.<\/p>\n<p>\u00c8\u00a0tutto vero, giuro! Benvenuti nel futuro.<\/p>\n","protected":false},"excerpt":{"rendered":"<p>Cominciamo dall&#8217;inizio: va precisato che quella del titolo non \u00e8 (quasi del tutto) una domanda retorica. Wired\u00a0ha pubblicato pochi giorni<\/p>\n","protected":false},"author":1,"featured_media":7952,"comment_status":"open","ping_status":"open","sticky":false,"template":"","format":"standard","meta":{"_mi_skip_tracking":false,"_monsterinsights_sitenote_active":false,"_monsterinsights_sitenote_note":"","_monsterinsights_sitenote_category":0,"jetpack_post_was_ever_published":false,"_jetpack_newsletter_access":"","jetpack_publicize_message":"","jetpack_is_tweetstorm":false,"jetpack_publicize_feature_enabled":true,"jetpack_social_post_already_shared":true,"jetpack_social_options":{"image_generator_settings":{"template":"highway","enabled":false}}},"categories":[52,55,77,19],"tags":[],"jetpack_publicize_connections":[],"jetpack_featured_media_url":"https:\/\/i0.wp.com\/www.robertosedda.it\/wp-content\/uploads\/2014\/07\/Genetically-engineered-silk-moth.jpg?fit=660%2C459","jetpack_sharing_enabled":true,"jetpack_shortlink":"https:\/\/wp.me\/p4jV2T-24f","jetpack_likes_enabled":true,"jetpack-related-posts":[{"id":17308,"url":"http:\/\/www.robertosedda.it\/?p=17308","url_meta":{"origin":7951,"position":0},"title":"Allarme rosso","author":"Rufus","date":"22\/09\/2019","format":false,"excerpt":"Trovo su Wired un interessante articolo che racconta come in diversi Stati degli USA sia possibile ottenere un ordine del tribunale nei confronti di persone che mostrano indizi evidenti di voler commettere suicidio o compiere violenze domestiche o stragi, in modo che temporaneamente gli vengano sottratte le armi che possiedono.\u2026","rel":"","context":"In &quot;Coordinate&quot;","block_context":{"text":"Coordinate","link":"http:\/\/www.robertosedda.it\/?cat=52"},"img":{"alt_text":"","src":"","width":0,"height":0},"classes":[]},{"id":10417,"url":"http:\/\/www.robertosedda.it\/?p=10417","url_meta":{"origin":7951,"position":1},"title":"Il ventaglio di letture","author":"Rufus","date":"21\/08\/2015","format":false,"excerpt":"In principio fu il\u00a0blogroll. Quando ho aperto questo sito tutti gli altri\u00a0blog avevano una colonna, a destra, con i\u00a0link che rimandavano ad altri\u00a0blog\u00a0o a altri siti stimati e consigliati, e quindi l'ho fatto anch'io. D'altra parte l'alternativa era occupare la colonna di destra con il gran variet\u00e0, come fanno ancora\u2026","rel":"","context":"In &quot;Coordinate&quot;","block_context":{"text":"Coordinate","link":"http:\/\/www.robertosedda.it\/?cat=52"},"img":{"alt_text":"","src":"https:\/\/i0.wp.com\/www.robertosedda.it\/wp-content\/uploads\/2015\/08\/Modella-marocchina-Corriere.jpg?fit=672%2C448&resize=350%2C200","width":350,"height":200},"classes":[]},{"id":13904,"url":"http:\/\/www.robertosedda.it\/?p=13904","url_meta":{"origin":7951,"position":2},"title":"Avventure, avventure&#8230; per bambine","author":"Rufus","date":"04\/07\/2017","format":false,"excerpt":"L'altro giorno ero al mare, beatamente seduto sotto l'ombrellone con\u00a0Skorpio e Lanciostory\u00a0e mia nipote Agnese mi ha chiesto: \u00abChe leggi, zio?\u00bb. Stavo leggendo in quel momento\u00a0Aria, e ho risposto: \u00abLa storia di una ragazza che ha nella sua memoria i ricordi di un grande bardo dell'antichit\u00e0 e che con questi\u2026","rel":"","context":"In &quot;Cappe e spade&quot;","block_context":{"text":"Cappe e spade","link":"http:\/\/www.robertosedda.it\/?cat=70"},"img":{"alt_text":"","src":"https:\/\/i0.wp.com\/www.robertosedda.it\/wp-content\/uploads\/2017\/07\/Lanciostory.jpg?fit=497%2C709&resize=350%2C200","width":350,"height":200},"classes":[]},{"id":10443,"url":"http:\/\/www.robertosedda.it\/?p=10443","url_meta":{"origin":7951,"position":3},"title":"Il tenero Peter e la rossa esplosiva","author":"Rufus","date":"24\/06\/2015","format":"video","excerpt":"Non so se l'avete mai intuito, ma le puntate di Oggi parliamo di libri le faccio soprattutto per me stesso. Non mi riferisco solo al fatto che fare la radio mi diverte davvero tanto, moltissimo, ma soprattutto al fatto che mentre preparo le puntate faccio continuamente delle scoperte, mi si\u2026","rel":"","context":"In &quot;Cappe e spade&quot;","block_context":{"text":"Cappe e spade","link":"http:\/\/www.robertosedda.it\/?cat=70"},"img":{"alt_text":"","src":"https:\/\/i0.wp.com\/img.youtube.com\/vi\/GwFwAupZu6Y\/0.jpg?resize=350%2C200","width":350,"height":200},"classes":[]},{"id":17022,"url":"http:\/\/www.robertosedda.it\/?p=17022","url_meta":{"origin":7951,"position":4},"title":"Addio, banane","author":"Rufus","date":"20\/08\/2019","format":false,"excerpt":"Non \u00e8 che io ci goda a diffondere notizie apocalittiche, ma questo \u00e8 un periodo in cui abbondano. L'ultima, che leggo sulla edizione inglese di Wired, \u00e8 la diffusione di un fungo esiziale per le piantagioni di banane, che potrebbe in un tempo limitato portare all'estinzione delle banane di consumo\u2026","rel":"","context":"In &quot;Coordinate&quot;","block_context":{"text":"Coordinate","link":"http:\/\/www.robertosedda.it\/?cat=52"},"img":{"alt_text":"","src":"https:\/\/i0.wp.com\/www.robertosedda.it\/wp-content\/uploads\/2019\/08\/Banana.jpg?fit=1200%2C900&resize=350%2C200","width":350,"height":200,"srcset":"https:\/\/i0.wp.com\/www.robertosedda.it\/wp-content\/uploads\/2019\/08\/Banana.jpg?fit=1200%2C900&resize=350%2C200 1x, https:\/\/i0.wp.com\/www.robertosedda.it\/wp-content\/uploads\/2019\/08\/Banana.jpg?fit=1200%2C900&resize=700%2C400 2x, https:\/\/i0.wp.com\/www.robertosedda.it\/wp-content\/uploads\/2019\/08\/Banana.jpg?fit=1200%2C900&resize=1050%2C600 3x"},"classes":[]},{"id":8500,"url":"http:\/\/www.robertosedda.it\/?p=8500","url_meta":{"origin":7951,"position":5},"title":"Dieci fumetti da leggere almeno una volta nella vita","author":"Rufus","date":"30\/09\/2014","format":false,"excerpt":"Il mio amico Giovanni Piredda, copiando un'idea di un altro comune amico, Graziano Montanini, mi ha inserito in quella che lui ritiene la catena definitiva, nella quale mi tocca di indicare dieci fumetti \"che\u00a0si dovrebbe provare a leggere\". Per essere una catena (in realt\u00e0 finta, fintissima, perch\u00e9 non va avanti\u2026","rel":"","context":"In &quot;Coordinate&quot;","block_context":{"text":"Coordinate","link":"http:\/\/www.robertosedda.it\/?cat=52"},"img":{"alt_text":"","src":"https:\/\/i0.wp.com\/www.robertosedda.it\/wp-content\/uploads\/2014\/09\/Corto-Maltese-comodo.jpg?fit=625%2C309&resize=350%2C200","width":350,"height":200},"classes":[]}],"_links":{"self":[{"href":"http:\/\/www.robertosedda.it\/index.php?rest_route=\/wp\/v2\/posts\/7951"}],"collection":[{"href":"http:\/\/www.robertosedda.it\/index.php?rest_route=\/wp\/v2\/posts"}],"about":[{"href":"http:\/\/www.robertosedda.it\/index.php?rest_route=\/wp\/v2\/types\/post"}],"author":[{"embeddable":true,"href":"http:\/\/www.robertosedda.it\/index.php?rest_route=\/wp\/v2\/users\/1"}],"replies":[{"embeddable":true,"href":"http:\/\/www.robertosedda.it\/index.php?rest_route=%2Fwp%2Fv2%2Fcomments&post=7951"}],"version-history":[{"count":3,"href":"http:\/\/www.robertosedda.it\/index.php?rest_route=\/wp\/v2\/posts\/7951\/revisions"}],"predecessor-version":[{"id":9322,"href":"http:\/\/www.robertosedda.it\/index.php?rest_route=\/wp\/v2\/posts\/7951\/revisions\/9322"}],"wp:featuredmedia":[{"embeddable":true,"href":"http:\/\/www.robertosedda.it\/index.php?rest_route=\/wp\/v2\/media\/7952"}],"wp:attachment":[{"href":"http:\/\/www.robertosedda.it\/index.php?rest_route=%2Fwp%2Fv2%2Fmedia&parent=7951"}],"wp:term":[{"taxonomy":"category","embeddable":true,"href":"http:\/\/www.robertosedda.it\/index.php?rest_route=%2Fwp%2Fv2%2Fcategories&post=7951"},{"taxonomy":"post_tag","embeddable":true,"href":"http:\/\/www.robertosedda.it\/index.php?rest_route=%2Fwp%2Fv2%2Ftags&post=7951"}],"curies":[{"name":"wp","href":"https:\/\/api.w.org\/{rel}","templated":true}]}}