{"id":795,"date":"2012-08-30T19:01:04","date_gmt":"2012-08-30T17:01:04","guid":{"rendered":"http:\/\/www.robertosedda.it\/?p=795"},"modified":"2013-07-29T13:44:33","modified_gmt":"2013-07-29T11:44:33","slug":"ommioddio-hermione-granger-salti-di-realta-3","status":"publish","type":"post","link":"http:\/\/www.robertosedda.it\/?p=795","title":{"rendered":"Ommioddio, Hermione Granger (salti di realt\u00e0 &#8211; 3)"},"content":{"rendered":"<p>L&#8217;altra notte, a letto, poggiato <a title=\"Gods and Myths of Northern Europe\" href=\"http:\/\/www.robertosedda.it\/?p=551\"><em>Gods and Myths of the Northern Europe<\/em><\/a>, ho guardato con estema seriet\u00e0 mia moglie, che sfogliava il manuale della crittografia, e le ho detto: \u00abMa ti rendi conto che era usanza presso i vichinghi svedesi portare un&#8217;effige del dio Freyr in giro per il paese su una carrozza, per benedire la terra a simboleggiare il fatto che il dio con la sua presenza rinnovava il creato? No, dico: ti rendi conto che in Siria in epoca romana con la dea Cibele si faceva esattamente lo stesso? Capisci? E non ci sono spiegazioni sul come una dea femminile della rinascita primaverile in Siria sia potuta diventare un dio maschile della rinascita in Svezia! Non \u00e8 affascinante?\u00bb.<\/p>\n<p>Poi, <em>ommioddio<\/em>, mi sono detto. Sembro Hermione Granger. Forse <em>sono <\/em>Hermione Granger. Anzi, lo sono senz&#8217;altro.<\/p>\n","protected":false},"excerpt":{"rendered":"<p>L&#8217;altra notte, a letto, poggiato Gods and Myths of the Northern Europe, ho guardato con estema seriet\u00e0 mia moglie, che<\/p>\n","protected":false},"author":1,"featured_media":0,"comment_status":"open","ping_status":"open","sticky":false,"template":"","format":"standard","meta":{"_mi_skip_tracking":false,"_monsterinsights_sitenote_active":false,"_monsterinsights_sitenote_note":"","_monsterinsights_sitenote_category":0,"jetpack_post_was_ever_published":false,"_jetpack_newsletter_access":"","jetpack_publicize_message":"","jetpack_is_tweetstorm":false,"jetpack_publicize_feature_enabled":true,"jetpack_social_post_already_shared":false,"jetpack_social_options":{"image_generator_settings":{"template":"highway","enabled":false}}},"categories":[52,56,18,61,16],"tags":[],"jetpack_publicize_connections":[],"jetpack_featured_media_url":"","jetpack_sharing_enabled":true,"jetpack_shortlink":"https:\/\/wp.me\/p4jV2T-cP","jetpack_likes_enabled":true,"jetpack-related-posts":[{"id":15453,"url":"http:\/\/www.robertosedda.it\/?p=15453","url_meta":{"origin":795,"position":0},"title":"La strada di Firenze","author":"Rufus","date":"11\/07\/2018","format":false,"excerpt":"L'altro giorno mi \u00e8 stato commissionato un breve articolo a commento della proclamazione della venerabilit\u00e0 di Giorgio La Pira; per scriverlo sono andato a rivedermi, fra le altre cose, la Premessa di Cagliari, cio\u00e8 il discorso che La Pira tenne a Cagliari nel 1973 per introdurre il convegno dell'IPALMO, l'Istituto\u2026","rel":"","context":"In &quot;Coordinate&quot;","block_context":{"text":"Coordinate","link":"http:\/\/www.robertosedda.it\/?cat=52"},"img":{"alt_text":"","src":"https:\/\/i0.wp.com\/www.robertosedda.it\/wp-content\/uploads\/2018\/07\/La-Pira-2.jpg?fit=720%2C625&resize=350%2C200","width":350,"height":200,"srcset":"https:\/\/i0.wp.com\/www.robertosedda.it\/wp-content\/uploads\/2018\/07\/La-Pira-2.jpg?fit=720%2C625&resize=350%2C200 1x, https:\/\/i0.wp.com\/www.robertosedda.it\/wp-content\/uploads\/2018\/07\/La-Pira-2.jpg?fit=720%2C625&resize=700%2C400 2x"},"classes":[]},{"id":18188,"url":"http:\/\/www.robertosedda.it\/?p=18188","url_meta":{"origin":795,"position":1},"title":"Il ladro dell&#8217;anello e l&#8217;Anello","author":"Rufus","date":"14\/07\/2020","format":false,"excerpt":"Forse qualcuno ricorder\u00e0 da qualche articolo del blog che ho un certo interesse per gli oggetti che viaggiano e gli strani destini che li accompagnano. L'altro giorno mi \u00e8 passato sotto l'occhio una serie di tweet di qualcuno che non ricordo (credo un contatto di Harry Turtledove, che ritwitta tutte\u2026","rel":"","context":"In &quot;Coordinate&quot;","block_context":{"text":"Coordinate","link":"http:\/\/www.robertosedda.it\/?cat=52"},"img":{"alt_text":"","src":"https:\/\/i0.wp.com\/www.robertosedda.it\/wp-content\/uploads\/2020\/07\/Sevicianus-ring.jpg?fit=950%2C761&resize=350%2C200","width":350,"height":200,"srcset":"https:\/\/i0.wp.com\/www.robertosedda.it\/wp-content\/uploads\/2020\/07\/Sevicianus-ring.jpg?fit=950%2C761&resize=350%2C200 1x, https:\/\/i0.wp.com\/www.robertosedda.it\/wp-content\/uploads\/2020\/07\/Sevicianus-ring.jpg?fit=950%2C761&resize=700%2C400 2x"},"classes":[]},{"id":17745,"url":"http:\/\/www.robertosedda.it\/?p=17745","url_meta":{"origin":795,"position":2},"title":"Analogico","author":"Rufus","date":"20\/01\/2020","format":false,"excerpt":"Non so se avete presenti quei casi nei quali su Instagram capita che una di quelle tizie bellissime posti una sua foto in cui appare strabellissima e, fra tutti quei commenti che vanno da: \u00abSposami\u00bb a: \u00abSe il segreto della tua bellezza \u00e8 che sei vegetariana, lo vuoi il mio\u2026","rel":"","context":"In &quot;Coordinate&quot;","block_context":{"text":"Coordinate","link":"http:\/\/www.robertosedda.it\/?cat=52"},"img":{"alt_text":"","src":"https:\/\/i0.wp.com\/www.robertosedda.it\/wp-content\/uploads\/2020\/01\/Rosie-HW.png?fit=833%2C607&resize=350%2C200","width":350,"height":200,"srcset":"https:\/\/i0.wp.com\/www.robertosedda.it\/wp-content\/uploads\/2020\/01\/Rosie-HW.png?fit=833%2C607&resize=350%2C200 1x, https:\/\/i0.wp.com\/www.robertosedda.it\/wp-content\/uploads\/2020\/01\/Rosie-HW.png?fit=833%2C607&resize=700%2C400 2x"},"classes":[]},{"id":20459,"url":"http:\/\/www.robertosedda.it\/?p=20459","url_meta":{"origin":795,"position":3},"title":"Al comando di una nave militare","author":"Rufus","date":"16\/01\/2024","format":false,"excerpt":"L'altra notte ho sognato che mi avevano dato il comando di una nave militare. Una bella nave, grande come una fregata o un cacciatorpediniere, che nel sogno aveva l'aspetto di questa, che ho visto dipinta sul muro di una vecchia casermetta dell'antiaerea. Per\u00f2 meno fascista, ovvio. Nel sogno ero proprio\u2026","rel":"","context":"In &quot;Coordinate&quot;","block_context":{"text":"Coordinate","link":"http:\/\/www.robertosedda.it\/?cat=52"},"img":{"alt_text":"","src":"https:\/\/i0.wp.com\/www.robertosedda.it\/wp-content\/uploads\/2024\/01\/La-mia-nave.jpg?fit=1200%2C543&resize=350%2C200","width":350,"height":200,"srcset":"https:\/\/i0.wp.com\/www.robertosedda.it\/wp-content\/uploads\/2024\/01\/La-mia-nave.jpg?fit=1200%2C543&resize=350%2C200 1x, https:\/\/i0.wp.com\/www.robertosedda.it\/wp-content\/uploads\/2024\/01\/La-mia-nave.jpg?fit=1200%2C543&resize=700%2C400 2x, https:\/\/i0.wp.com\/www.robertosedda.it\/wp-content\/uploads\/2024\/01\/La-mia-nave.jpg?fit=1200%2C543&resize=1050%2C600 3x"},"classes":[]},{"id":11538,"url":"http:\/\/www.robertosedda.it\/?p=11538","url_meta":{"origin":795,"position":4},"title":"E intanto la polizia brancola nel buio","author":"Rufus","date":"09\/02\/2016","format":false,"excerpt":"L'altro giorno entro in un bar a prendere un caff\u00e8. Il barista \u00e8 giovane, atletico, anzi muscoloso. Subito dopo di me entra una coppia, salutano calorosamente il barista, evidentemente si conoscono bene. Sento\u00a0distrattamente qualche battuta sul fatto che la coppia questa estate ha gestito un locale. Insieme con un tizio\u2026","rel":"","context":"In &quot;Coordinate&quot;","block_context":{"text":"Coordinate","link":"http:\/\/www.robertosedda.it\/?cat=52"},"img":{"alt_text":"","src":"https:\/\/i0.wp.com\/www.robertosedda.it\/wp-content\/uploads\/2016\/02\/crimine.jpg?fit=594%2C395&resize=350%2C200","width":350,"height":200},"classes":[]},{"id":17368,"url":"http:\/\/www.robertosedda.it\/?p=17368","url_meta":{"origin":795,"position":5},"title":"Iniziazioni alla Resistenza","author":"Rufus","date":"27\/09\/2019","format":false,"excerpt":"Foto di gruppo dei \"piccoli maestri\", si riconoscono (da destra) Benedetto Galla, Lelio Spanevello, Dante Caneva, Luigi Meneghello. archivio effigie Con le messi dell'estate, coi primi frutti, maturavano anche le nuove leve partigiane. Arrivavano reclute, e noi andavamo a prenderle nelle prime ore della notte, in vari punti delle colline;\u2026","rel":"","context":"In &quot;Le narrazioni&quot;","block_context":{"text":"Le narrazioni","link":"http:\/\/www.robertosedda.it\/?cat=56"},"img":{"alt_text":"","src":"https:\/\/i0.wp.com\/www.robertosedda.it\/wp-content\/uploads\/2019\/09\/Partigiani-Asiago.jpg?fit=1024%2C721&resize=350%2C200","width":350,"height":200,"srcset":"https:\/\/i0.wp.com\/www.robertosedda.it\/wp-content\/uploads\/2019\/09\/Partigiani-Asiago.jpg?fit=1024%2C721&resize=350%2C200 1x, https:\/\/i0.wp.com\/www.robertosedda.it\/wp-content\/uploads\/2019\/09\/Partigiani-Asiago.jpg?fit=1024%2C721&resize=700%2C400 2x"},"classes":[]}],"_links":{"self":[{"href":"http:\/\/www.robertosedda.it\/index.php?rest_route=\/wp\/v2\/posts\/795"}],"collection":[{"href":"http:\/\/www.robertosedda.it\/index.php?rest_route=\/wp\/v2\/posts"}],"about":[{"href":"http:\/\/www.robertosedda.it\/index.php?rest_route=\/wp\/v2\/types\/post"}],"author":[{"embeddable":true,"href":"http:\/\/www.robertosedda.it\/index.php?rest_route=\/wp\/v2\/users\/1"}],"replies":[{"embeddable":true,"href":"http:\/\/www.robertosedda.it\/index.php?rest_route=%2Fwp%2Fv2%2Fcomments&post=795"}],"version-history":[{"count":2,"href":"http:\/\/www.robertosedda.it\/index.php?rest_route=\/wp\/v2\/posts\/795\/revisions"}],"predecessor-version":[{"id":4148,"href":"http:\/\/www.robertosedda.it\/index.php?rest_route=\/wp\/v2\/posts\/795\/revisions\/4148"}],"wp:attachment":[{"href":"http:\/\/www.robertosedda.it\/index.php?rest_route=%2Fwp%2Fv2%2Fmedia&parent=795"}],"wp:term":[{"taxonomy":"category","embeddable":true,"href":"http:\/\/www.robertosedda.it\/index.php?rest_route=%2Fwp%2Fv2%2Fcategories&post=795"},{"taxonomy":"post_tag","embeddable":true,"href":"http:\/\/www.robertosedda.it\/index.php?rest_route=%2Fwp%2Fv2%2Ftags&post=795"}],"curies":[{"name":"wp","href":"https:\/\/api.w.org\/{rel}","templated":true}]}}