{"id":791,"date":"2012-08-30T13:50:32","date_gmt":"2012-08-30T11:50:32","guid":{"rendered":"http:\/\/www.robertosedda.it\/?p=791"},"modified":"2012-08-30T13:51:42","modified_gmt":"2012-08-30T11:51:42","slug":"salti-di-realta-2","status":"publish","type":"post","link":"http:\/\/www.robertosedda.it\/?p=791","title":{"rendered":"Salti di realt\u00e0 &#8211; 2"},"content":{"rendered":"<p>Fermata del 31, ragazzina dall&#8217;aria vivace: \u00abCio\u00e8 ieri ho picchiato l&#8217;ex fidanzata del mio ragazzo&#8230; e a casa mio padre mi ha chiesto: ma hai picchiato a quella? Si babbo, cio\u00e8 mi aveva troppo rotto; lui: cio\u00e8 l&#8217;hai sculata? ma di brutto?! Si&#8230; Brava! Mi stava troppo sulle palle quella!! Cio\u00e8 boh mio padre \u00e8 troppo togo. Boh \u00e8 costruito come un armadio a OTTO ante. Cio\u00e8 l&#8217;altro giorno mi ha dato uno schiaffo sono rimasta tre giorni chiusa in casa con la manata qui sulla guancia. Cio\u00e8 boh\u00bb.<\/p>\n","protected":false},"excerpt":{"rendered":"<p>Fermata del 31, ragazzina dall&#8217;aria vivace: \u00abCio\u00e8 ieri ho picchiato l&#8217;ex fidanzata del mio ragazzo&#8230; e a casa mio padre<\/p>\n","protected":false},"author":1,"featured_media":0,"comment_status":"open","ping_status":"open","sticky":false,"template":"","format":"standard","meta":{"_mi_skip_tracking":false,"_monsterinsights_sitenote_active":false,"_monsterinsights_sitenote_note":"","_monsterinsights_sitenote_category":0,"jetpack_post_was_ever_published":false,"_jetpack_newsletter_access":"","jetpack_publicize_message":"","jetpack_is_tweetstorm":false,"jetpack_publicize_feature_enabled":true,"jetpack_social_post_already_shared":false,"jetpack_social_options":{"image_generator_settings":{"template":"highway","enabled":false}}},"categories":[52,56,18,61,16],"tags":[],"jetpack_publicize_connections":[],"jetpack_featured_media_url":"","jetpack_sharing_enabled":true,"jetpack_shortlink":"https:\/\/wp.me\/p4jV2T-cL","jetpack_likes_enabled":true,"jetpack-related-posts":[{"id":7261,"url":"http:\/\/www.robertosedda.it\/?p=7261","url_meta":{"origin":791,"position":0},"title":"Lineamenti di pedagogia sulla linea 1","author":"Rufus","date":"02\/05\/2014","format":false,"excerpt":"Stamattina ho preso l'1 per andare a risolvere questioni di CID (ouch). Al ritorno sale un gruppo di ragazzine che si siede a fianco a me. Appena sistemate estraggono cellulari e lettori e si apprestano ad ascoltare musica. Tranne una, che \u00e8 priva di cuffiette. \u00abMe le hanno sequestrate i\u2026","rel":"","context":"In &quot;Coordinate&quot;","block_context":{"text":"Coordinate","link":"http:\/\/www.robertosedda.it\/?cat=52"},"img":{"alt_text":"","src":"https:\/\/i0.wp.com\/www.robertosedda.it\/wp-content\/uploads\/2014\/03\/A-Olzai-coi-giovanissimi-e1648137071330.jpg?fit=600%2C443&resize=350%2C200","width":350,"height":200},"classes":[]},{"id":14029,"url":"http:\/\/www.robertosedda.it\/?p=14029","url_meta":{"origin":791,"position":1},"title":"C&#8217;\u00e8 speranza per l&#8217;arte sulla linea P","author":"Rufus","date":"31\/07\/2017","format":false,"excerpt":"Qualche giorno fa tornavo dal mare con l'autobus e avevo dietro di me due ragazzi poco sopra i vent'anni che discutevano di vacanze. Essendo ragazzi poco sopra i vent'anni il dibattito riguardava temi come se vai in vacanza da solo e sei impegnato poi magari l\u00ec ti capita una situazione\u2026","rel":"","context":"In &quot;Coordinate&quot;","block_context":{"text":"Coordinate","link":"http:\/\/www.robertosedda.it\/?cat=52"},"img":{"alt_text":"","src":"https:\/\/i0.wp.com\/www.robertosedda.it\/wp-content\/uploads\/2017\/07\/Galleria_darte_CA.jpg?fit=900%2C1200&resize=350%2C200","width":350,"height":200,"srcset":"https:\/\/i0.wp.com\/www.robertosedda.it\/wp-content\/uploads\/2017\/07\/Galleria_darte_CA.jpg?fit=900%2C1200&resize=350%2C200 1x, https:\/\/i0.wp.com\/www.robertosedda.it\/wp-content\/uploads\/2017\/07\/Galleria_darte_CA.jpg?fit=900%2C1200&resize=700%2C400 2x"},"classes":[]},{"id":3617,"url":"http:\/\/www.robertosedda.it\/?p=3617","url_meta":{"origin":791,"position":2},"title":"A voce troppo alta","author":"Rufus","date":"18\/06\/2013","format":false,"excerpt":"Sono sul P, verso il mare: autobus strapieno, ovviamente. Il signore anziano dietro di me parla al telefono, a voce troppo alta, come se non fosse conscio che cos\u00ec tutti lo sentono. \u00abNo, adesso sto attento\u00bb. \u00abEvito le cose gommose, faccio attenzione mentre sto masticando... si, mastico dall'altra parte se\u2026","rel":"","context":"In &quot;Coordinate&quot;","block_context":{"text":"Coordinate","link":"http:\/\/www.robertosedda.it\/?cat=52"},"img":{"alt_text":"","src":"https:\/\/i0.wp.com\/www.robertosedda.it\/wp-content\/uploads\/2019\/04\/Bus-CTM.jpg?fit=1200%2C674&resize=350%2C200","width":350,"height":200,"srcset":"https:\/\/i0.wp.com\/www.robertosedda.it\/wp-content\/uploads\/2019\/04\/Bus-CTM.jpg?fit=1200%2C674&resize=350%2C200 1x, https:\/\/i0.wp.com\/www.robertosedda.it\/wp-content\/uploads\/2019\/04\/Bus-CTM.jpg?fit=1200%2C674&resize=700%2C400 2x, https:\/\/i0.wp.com\/www.robertosedda.it\/wp-content\/uploads\/2019\/04\/Bus-CTM.jpg?fit=1200%2C674&resize=1050%2C600 3x"},"classes":[]},{"id":971,"url":"http:\/\/www.robertosedda.it\/?p=971","url_meta":{"origin":791,"position":3},"title":"Prendi il CTM, conoscerai il mondo","author":"Rufus","date":"05\/10\/2012","format":false,"excerpt":"Due o tre casi capitati questa estate, fra il 6 e le varie linee che portano al Poetto. Homo virgini lupus, soprattutto se lo zio Una\u00a0signora anziana arringa una ragazzina\u00a0che porta una\u00a0enorme borsa della spesa sul 6: devi fare cos\u00ec, devi fare cos\u00e0, e quando sei in giro m\u00ec di\u2026","rel":"","context":"In &quot;Coordinate&quot;","block_context":{"text":"Coordinate","link":"http:\/\/www.robertosedda.it\/?cat=52"},"img":{"alt_text":"","src":"","width":0,"height":0},"classes":[]},{"id":11084,"url":"http:\/\/www.robertosedda.it\/?p=11084","url_meta":{"origin":791,"position":4},"title":"Imprevisti","author":"Rufus","date":"27\/10\/2015","format":false,"excerpt":"Questo articolo potrebbe iniziare Caro diario, cose da ricordare se ci si deve sposare... Che poi a me la cosa non mi riguarda, ma insomma, ci sono cose che \u00e8 sempre bene ricordarsi. Tipo che ci sono Alberto e Cristiana, che Alberto \u00e8\u00a0mio testimone di nozze e Cristiana \u00e8\u00a0mia cugina,\u2026","rel":"","context":"In &quot;Coordinate&quot;","block_context":{"text":"Coordinate","link":"http:\/\/www.robertosedda.it\/?cat=52"},"img":{"alt_text":"","src":"https:\/\/i0.wp.com\/www.robertosedda.it\/wp-content\/uploads\/2015\/10\/Alberto-e-Cristiana.jpg?fit=1154%2C575&resize=350%2C200","width":350,"height":200,"srcset":"https:\/\/i0.wp.com\/www.robertosedda.it\/wp-content\/uploads\/2015\/10\/Alberto-e-Cristiana.jpg?fit=1154%2C575&resize=350%2C200 1x, https:\/\/i0.wp.com\/www.robertosedda.it\/wp-content\/uploads\/2015\/10\/Alberto-e-Cristiana.jpg?fit=1154%2C575&resize=700%2C400 2x, https:\/\/i0.wp.com\/www.robertosedda.it\/wp-content\/uploads\/2015\/10\/Alberto-e-Cristiana.jpg?fit=1154%2C575&resize=1050%2C600 3x"},"classes":[]},{"id":3626,"url":"http:\/\/www.robertosedda.it\/?p=3626","url_meta":{"origin":791,"position":5},"title":"La zona prevella","author":"Rufus","date":"21\/06\/2013","format":false,"excerpt":"Qualche giorno fa, traducendo un articolo americano, mi sono lasciato scappare che ne avevo fatto anche una versione in cagliaritano, anzi qui si direbbe in chiasteddaio, la lingua parlata dai chiagliaritani. Poich\u00e9 mi \u00e8 stata chiesta dall'amabile Giovanni Mascellani la publico qui, anche se dopo averla riletta ho deciso che\u2026","rel":"","context":"In &quot;Coordinate&quot;","block_context":{"text":"Coordinate","link":"http:\/\/www.robertosedda.it\/?cat=52"},"img":{"alt_text":"","src":"https:\/\/i0.wp.com\/www.robertosedda.it\/wp-content\/uploads\/2013\/06\/Tumblr.jpg?fit=518%2C275&resize=350%2C200","width":350,"height":200},"classes":[]}],"_links":{"self":[{"href":"http:\/\/www.robertosedda.it\/index.php?rest_route=\/wp\/v2\/posts\/791"}],"collection":[{"href":"http:\/\/www.robertosedda.it\/index.php?rest_route=\/wp\/v2\/posts"}],"about":[{"href":"http:\/\/www.robertosedda.it\/index.php?rest_route=\/wp\/v2\/types\/post"}],"author":[{"embeddable":true,"href":"http:\/\/www.robertosedda.it\/index.php?rest_route=\/wp\/v2\/users\/1"}],"replies":[{"embeddable":true,"href":"http:\/\/www.robertosedda.it\/index.php?rest_route=%2Fwp%2Fv2%2Fcomments&post=791"}],"version-history":[{"count":3,"href":"http:\/\/www.robertosedda.it\/index.php?rest_route=\/wp\/v2\/posts\/791\/revisions"}],"predecessor-version":[{"id":794,"href":"http:\/\/www.robertosedda.it\/index.php?rest_route=\/wp\/v2\/posts\/791\/revisions\/794"}],"wp:attachment":[{"href":"http:\/\/www.robertosedda.it\/index.php?rest_route=%2Fwp%2Fv2%2Fmedia&parent=791"}],"wp:term":[{"taxonomy":"category","embeddable":true,"href":"http:\/\/www.robertosedda.it\/index.php?rest_route=%2Fwp%2Fv2%2Fcategories&post=791"},{"taxonomy":"post_tag","embeddable":true,"href":"http:\/\/www.robertosedda.it\/index.php?rest_route=%2Fwp%2Fv2%2Ftags&post=791"}],"curies":[{"name":"wp","href":"https:\/\/api.w.org\/{rel}","templated":true}]}}