{"id":7896,"date":"2014-07-03T17:06:47","date_gmt":"2014-07-03T15:06:47","guid":{"rendered":"http:\/\/www.robertosedda.it\/?p=7896"},"modified":"2014-07-15T13:56:25","modified_gmt":"2014-07-15T11:56:25","slug":"quel-che-ho-detto-al-consiglio-comunale-di-cagliari","status":"publish","type":"post","link":"http:\/\/www.robertosedda.it\/?p=7896","title":{"rendered":"Quel che ho detto al Consiglio comunale di Cagliari"},"content":{"rendered":"<p><a href=\"https:\/\/i0.wp.com\/www.robertosedda.it\/wp-content\/uploads\/2013\/11\/Panorama-Cagliari.jpg\"><img data-attachment-id=\"5055\" data-permalink=\"http:\/\/www.robertosedda.it\/?attachment_id=5055\" data-orig-file=\"https:\/\/i0.wp.com\/www.robertosedda.it\/wp-content\/uploads\/2013\/11\/Panorama-Cagliari.jpg?fit=640%2C428\" data-orig-size=\"640,428\" data-comments-opened=\"1\" data-image-meta=\"{&quot;aperture&quot;:&quot;10&quot;,&quot;credit&quot;:&quot;&quot;,&quot;camera&quot;:&quot;NIKON D60&quot;,&quot;caption&quot;:&quot;&quot;,&quot;created_timestamp&quot;:&quot;1245745282&quot;,&quot;copyright&quot;:&quot;&quot;,&quot;focal_length&quot;:&quot;200&quot;,&quot;iso&quot;:&quot;100&quot;,&quot;shutter_speed&quot;:&quot;0.004&quot;,&quot;title&quot;:&quot;&quot;}\" data-image-title=\"Panorama Cagliari\" data-image-description=\"\" data-image-caption=\"\" data-medium-file=\"https:\/\/i0.wp.com\/www.robertosedda.it\/wp-content\/uploads\/2013\/11\/Panorama-Cagliari.jpg?fit=300%2C200\" data-large-file=\"https:\/\/i0.wp.com\/www.robertosedda.it\/wp-content\/uploads\/2013\/11\/Panorama-Cagliari.jpg?fit=510%2C341\" decoding=\"async\" loading=\"lazy\" class=\"aligncenter size-full wp-image-5055\" src=\"https:\/\/i0.wp.com\/www.robertosedda.it\/wp-content\/uploads\/2013\/11\/Panorama-Cagliari.jpg?resize=640%2C428\" alt=\"Panorama Cagliari\" width=\"640\" height=\"428\" srcset=\"https:\/\/i0.wp.com\/www.robertosedda.it\/wp-content\/uploads\/2013\/11\/Panorama-Cagliari.jpg?w=640 640w, https:\/\/i0.wp.com\/www.robertosedda.it\/wp-content\/uploads\/2013\/11\/Panorama-Cagliari.jpg?resize=150%2C100 150w, https:\/\/i0.wp.com\/www.robertosedda.it\/wp-content\/uploads\/2013\/11\/Panorama-Cagliari.jpg?resize=300%2C200 300w\" sizes=\"(max-width: 640px) 100vw, 640px\" data-recalc-dims=\"1\" \/><\/a>Ok, lo ammetto: il titolo dell&#8217;articolo \u00e8 leggermente fuorviante. Ieri mattina c&#8217;\u00e8 stata una seduta straordinaria del Consiglio comunale di Cagliari sul tema del diritto alla casa; nel pomeriggio nella stessa sala consiliare l&#8217;amministrazione ha convocato gli attori interessati &#8211; costruttori, sindacati, inquilini, cooperazione, ingegneri, architetti e anche, come nel nostro caso, banche &#8211; perch\u00e9 dicessero la loro sul tema.<\/p>\n<p>Devo dire che l&#8217;invito a Banca Etica non \u00e8 stato esattamente formale: ma un paio di consiglieri comunali ci hanno sollecitato e alla fine io e Gaetano Lauta, il responsabile del gruppo dei soci, siamo andati a vedere un po&#8217; quel che succedeva (che il tema dell&#8217;abitare sia centrale a Cagliari lo sapevamo, fra l&#8217;altro, anche perch\u00e9 entrambi siamo stati coinvolti nel <a title=\"Pubblicato il resoconto del seminario su Cagliari\" href=\"http:\/\/www.robertosedda.it\/?p=7516\">lavoro di studio su Cagliari del gruppo &#8220;La Pira&#8221;<\/a> in cui il tema \u00e8 stato sollevato in tutti i modi).<\/p>\n<p>\u00c8 stata un&#8217;occasione interessante anche se, come spesso <a title=\"Democrazia ateniese in salsa di Marina\" href=\"http:\/\/www.robertosedda.it\/?p=4770\">accade in queste occasioni<\/a>, c&#8217;\u00e8 stata una certa quantit\u00e0 di parole in libert\u00e0 (ah, saper parlare educatamente del niente come i presidenti di certe realt\u00e0 istituzionali!), una buona dose di riaffermazione delle proprie posizioni e della propria identit\u00e0 (e questo ci sta) e qualche caso in cui oltre a togliersi il sassolino dalla scarpa si \u00e8 anche colta l&#8217;occasione per sbranare l&#8217;obiettivo di turno, che fosse la Giunta o un altro dei presenti (e questo magari ci sta meno).<\/p>\n<p>Verso la fine le banche erano state citate, pi\u00f9 o meno negativamente, almeno tre volte; e a parte questo c&#8217;era da considerare il fatto che buona educazione nei confronti dell&#8217;amministrazione comunale e senso di rappresenta della Banca Etica richiedevano che anche noi, magari, prendessimo la\u00a0parola. Sono quelle situazioni un po&#8217; vischiose in cui non ti sei preparato e vai un po&#8217; a braccio, cosa che \u00e8 sempre pericolosa e nel mio caso, essendo cronicamente negato a fare gli aerei interventi sul niente di cui sopra, diviene direttamente pericolosissima.<\/p>\n<p>Quel che ho detto, quindi, non rappresenta granch\u00e9 il parere ufficiale della Banca; oltretutto come\u00a0ho detto all&#8217;inizio al contrario di tutti gli altri presenti (ed eravamo anche l&#8217;unica banca, mi \u00e8 sembrato) non eravamo degli operatori specifici del settore, quindi la nostra visione non poteva che essere un pochino <em>sui<\/em> <em>generis<\/em>. In ogni modo\u00a0alla fine Gaetano approvava e quindi mi sento le spalle abbastanza coperte.<\/p>\n<p>Fatta tutta questa lunga introduzione le cose che volevo fare\u00a0erano sostanzialmente quattro.<\/p>\n<ol>\n<li>Ringraziare il Comune di Cagliari per l&#8217;opportunit\u00e0 di ascolto, dire che per noi il tema della casa entra nel novero dei diritti della persona e come tale ci interessa, <a href=\"http:\/\/www.bancaetica.it\/per-privati-e-famiglie\/finanziamenti\/mutui-prima-casa\">tanto da farne un settore di finanziamento specifico<\/a>. E quindi il percorso partecipativo futuro che il Comune pensa di istituire sull&#8217;argomento ci interessa e ci farebbe piacere farne parte.<\/li>\n<li>Richiamare tutti i presenti, amministratori comunali e altri attori presenti, alla responsabilit\u00e0 in materia di scelte finanziarie. Se le banche non fanno pi\u00f9 mutui dipender\u00e0, anche, da questioni tecniche legate allo\u00a0<em>stock<\/em> di finanziamenti e a cose del genere, ma dipende anche dal fatto che il sistema creditizio e finanziario ha, da anni, spostato la maggior parte delle proprie risorse verso obiettivi speculativi piuttosto che verso il finanziamento dell&#8217;economia reale e delle esigenze primarie dei cittadini. Quindi si pu\u00f2 certamente ragionare di strumenti tecnici per facilitare l&#8217;accesso al credito, fondi di garanzia, consorzi fidi e compagnia, ma si dovrebbe anche porsi nell&#8217;ottica di premiare quegli istituti di credito che lavorano in un certo modo (non solo Banca Etica, naturalmente) e penalizzare, con le proprie scelte, quelli che invece drenano risorse verso la speculazione finanziaria. Con un po&#8217; di faccia tosta ho detto che si sarebbero dovuti chiedere, gli enti pubblici presenti, gli ingegneri, gli architetti, i costruttori presenti, e i sindacati, le cooperative, dove tengono i loro soldi, altrimenti potrebbe capitargli come a certi sindacati che dopo avere deplorato la delocalizzazione scoprono magari che i propri soldi e quelli degli iscritti li tengono proprio nelle banche che finanziano le imprese che vanno all&#8217;estero (a qualche sindacalista presente non sar\u00e0 piaciuto moltissimo l&#8217;intervento, immagino).<\/li>\n<li>Dire che ragionare sulla casa richiede anche la presenza di un gran numero di altri attori. Questo \u00e8 un pensiero davvero personale, e certamente non vale se stiamo parlando di fare il mutuo prima casa a una giovane coppia. Ma se si parla di interventi di politica abitativa pi\u00f9 complessa vuol dire che ci si va a inserire nel tessuto sociale e relazionale dei quartieri e della citt\u00e0 per modificarlo, introducendo nuove persone o favorendo lo spostamento di altre. Mi chiedo, pensando alla situazione di Cagliari e a un tessuto dei quartieri davvero\u00a0<em>stressato<\/em>, nel quale anche un banale concerto musicale diventa occasione di crociate e controcrociate, chi dovrebbe prendersi cura del tessuto sociale per mediare, favorire gli inserimenti e \u00a0in generale curare le relazioni? Mi sembrava un tema di cui non si era parlato e che valeva la pena di segnalare, suggerendo di coinvolgere, nelle meccaniche partecipative, anche altri soggetti maggiormente votati a questo lavoro di cura e di cucitura sul territorio.<\/li>\n<li>Infine, volevo dire una parola sulla sostenibilit\u00e0. Era un concetto gi\u00e0 evocato pi\u00f9 volte nel dibattito, solo che veniva citato tanto da chi voleva consumare pi\u00f9 suolo che da chi non lo voleva, tanto da chi pensava alla sostenibilit\u00e0 economica che da chi pensava all&#8217;ambiente e, insomma, era una parola tirata ad elastico un po&#8217; qui e un po&#8217; l\u00e0. E quindi mi \u00e8 sembrato giusto dire che ragionare in termini di diritto alla casa deve voler dire, per\u00f2, anche ragionare sul modello di citt\u00e0 che abbiamo in mente e, in definitiva, sui nostri stili di vita, che \u00e8 una cosa che va un po&#8217;oltre il mettere i pannelli fotovoltaici sui tetti (per carit\u00e0, cosa ottima, ma magari non c&#8217;\u00e8 bisogno di milioni di metri quadri di nuove cubature, per metterci sopra i pannelli, ecco). E se si vogliono concentrare masse di popolazione in nuovi quartieri qui o l\u00e0 occorre anche chiedersi che trasporti richiederanno, che smaltimento dei rifiuti sar\u00e0 necessario e tanta altra roba del genere. No, non ho nominato <em>Su stangioni<\/em> perch\u00e9 non mi pare che il gruppo dei soci di Banca Etica abbia una posizione ufficiale in proposito, per\u00f2 il tema era stato evocato e mi sembrava che valesse la pena almeno di fissare i parametri, anche perch\u00e9, se ho seguito correttamente il dibattito, di politica urbanistica generale non mi pare che si fosse parlato specificamente: peccato, qui ho perso l&#8217;occasione di citare La Pira<\/li>\n<\/ol>\n<blockquote>\n<p style=\"padding-left: 30px;\">A tutti si fa chiaro, infatti, che in una citt\u00e0 un posto ci deve essere per tutti: un posto per pregare (la chiesa), un posto per amare (la casa), un posto per lavorare (l\u2019officina), un posto per pensare (la scuola), un posto per guarire (l\u2019ospedale).<\/p>\n<\/blockquote>\n<p>Naturalmente ieri sono stato infinitamente pi\u00f9 confuso e arruffato: ma voi fate finta che le cose che ho detto siano\u00a0<em>esattamente<\/em> quelle che trovate qui sopra. La prossima volta, prometto, me le scriver\u00f2 prima!<\/p>\n","protected":false},"excerpt":{"rendered":"<p>Ok, lo ammetto: il titolo dell&#8217;articolo \u00e8 leggermente fuorviante. Ieri mattina c&#8217;\u00e8 stata una seduta straordinaria del Consiglio comunale di<\/p>\n","protected":false},"author":1,"featured_media":5055,"comment_status":"open","ping_status":"open","sticky":false,"template":"","format":"standard","meta":{"_mi_skip_tracking":false,"_monsterinsights_sitenote_active":false,"_monsterinsights_sitenote_note":"","_monsterinsights_sitenote_category":0,"jetpack_post_was_ever_published":false,"_jetpack_newsletter_access":"","jetpack_publicize_message":"","jetpack_is_tweetstorm":false,"jetpack_publicize_feature_enabled":true,"jetpack_social_post_already_shared":true,"jetpack_social_options":{"image_generator_settings":{"template":"highway","enabled":false}}},"categories":[52,55,77,17,16],"tags":[],"jetpack_publicize_connections":[],"jetpack_featured_media_url":"https:\/\/i0.wp.com\/www.robertosedda.it\/wp-content\/uploads\/2013\/11\/Panorama-Cagliari.jpg?fit=640%2C428","jetpack_sharing_enabled":true,"jetpack_shortlink":"https:\/\/wp.me\/p4jV2T-23m","jetpack_likes_enabled":true,"jetpack-related-posts":[{"id":5043,"url":"http:\/\/www.robertosedda.it\/?p=5043","url_meta":{"origin":7896,"position":0},"title":"Domande di politica","author":"Rufus","date":"19\/11\/2013","format":false,"excerpt":"Con i disastri di ieri e diciotto morti non ho molta voglia di scrivere, ma questo l'avevo preparato ieri e poi, forse, c'entra anche con l'alluvione, anche se marginalmente. A me Cagliari interessa A me le cose che riguardano Cagliari interessano molto. D'altronde \u00e8 la mia citt\u00e0, ci vivo da\u2026","rel":"","context":"In &quot;Coordinate&quot;","block_context":{"text":"Coordinate","link":"http:\/\/www.robertosedda.it\/?cat=52"},"img":{"alt_text":"","src":"https:\/\/i0.wp.com\/www.robertosedda.it\/wp-content\/uploads\/2013\/11\/Panorama-Cagliari.jpg?fit=640%2C428&resize=350%2C200","width":350,"height":200},"classes":[]},{"id":1551,"url":"http:\/\/www.robertosedda.it\/?p=1551","url_meta":{"origin":7896,"position":1},"title":"Radio Days","author":"Rufus","date":"04\/12\/2012","format":false,"excerpt":"Su gentile invito di don Giulio Madeddu e sotto l'ala protettiva e amichevole di Andrea Pala, dal 6 dicembre conduco (la parola, lo ammetto, mi fa impressione) una trasmissione radio, in cui parlo di libri fantasy e fantascientifici (per una prima serie di una dozzina di puntate:\u00a0in futuro parler\u00f2 anche\u2026","rel":"","context":"In &quot;Coordinate&quot;","block_context":{"text":"Coordinate","link":"http:\/\/www.robertosedda.it\/?cat=52"},"img":{"alt_text":"","src":"https:\/\/i0.wp.com\/www.robertosedda.it\/wp-content\/uploads\/2012\/12\/197882_4997567705416_1682811050_n.jpg?fit=750%2C865&resize=350%2C200","width":350,"height":200,"srcset":"https:\/\/i0.wp.com\/www.robertosedda.it\/wp-content\/uploads\/2012\/12\/197882_4997567705416_1682811050_n.jpg?fit=750%2C865&resize=350%2C200 1x, https:\/\/i0.wp.com\/www.robertosedda.it\/wp-content\/uploads\/2012\/12\/197882_4997567705416_1682811050_n.jpg?fit=750%2C865&resize=700%2C400 2x"},"classes":[]},{"id":15908,"url":"http:\/\/www.robertosedda.it\/?p=15908","url_meta":{"origin":7896,"position":2},"title":"Fine settimana all&#8217;insegna delle bilocazioni","author":"Rufus","date":"29\/11\/2018","format":false,"excerpt":"Questo fine settimana sono coinvolto in un po' di impegni pubblici: volevo limitarmi a condividerli sui\u00a0social, poi per\u00f2 mi sono accorto che avrei dovuto fare parecchi\u00a0post e quindi preferisco invitarvi a venirmi a trovare scrivendo qui sul\u00a0blog, che mi sembra pi\u00f9 appropriato. Sabato e un po' domenica a\u00a0Scirarindi Il gruppo\u2026","rel":"","context":"In &quot;Coordinate&quot;","block_context":{"text":"Coordinate","link":"http:\/\/www.robertosedda.it\/?cat=52"},"img":{"alt_text":"","src":"https:\/\/i0.wp.com\/www.robertosedda.it\/wp-content\/uploads\/2018\/11\/Roberto-Scirarindi.jpg?fit=1200%2C800&resize=350%2C200","width":350,"height":200,"srcset":"https:\/\/i0.wp.com\/www.robertosedda.it\/wp-content\/uploads\/2018\/11\/Roberto-Scirarindi.jpg?fit=1200%2C800&resize=350%2C200 1x, https:\/\/i0.wp.com\/www.robertosedda.it\/wp-content\/uploads\/2018\/11\/Roberto-Scirarindi.jpg?fit=1200%2C800&resize=700%2C400 2x, https:\/\/i0.wp.com\/www.robertosedda.it\/wp-content\/uploads\/2018\/11\/Roberto-Scirarindi.jpg?fit=1200%2C800&resize=1050%2C600 3x"},"classes":[]},{"id":12226,"url":"http:\/\/www.robertosedda.it\/?p=12226","url_meta":{"origin":7896,"position":3},"title":"Dei regali che mi faccio","author":"Rufus","date":"12\/07\/2016","format":false,"excerpt":"Quando ho compiuto cinquantadue anni, un mese e mezzo fa, ho deciso di farmi alcuni regali. Perch\u00e9 avevo\u00a0l'idea che adesso che c'\u00e8 la banchiera ambulante a Cagliari (nella foto qui sopra) un po' si chiude un ciclo iniziato nel 2008 e magari si pu\u00f2 cominciare a pensare ad altri obiettivi.\u2026","rel":"","context":"In &quot;Coordinate&quot;","block_context":{"text":"Coordinate","link":"http:\/\/www.robertosedda.it\/?cat=52"},"img":{"alt_text":"","src":"https:\/\/i0.wp.com\/www.robertosedda.it\/wp-content\/uploads\/2016\/07\/Banchiera-ambulante.jpg?fit=1200%2C720&resize=350%2C200","width":350,"height":200,"srcset":"https:\/\/i0.wp.com\/www.robertosedda.it\/wp-content\/uploads\/2016\/07\/Banchiera-ambulante.jpg?fit=1200%2C720&resize=350%2C200 1x, https:\/\/i0.wp.com\/www.robertosedda.it\/wp-content\/uploads\/2016\/07\/Banchiera-ambulante.jpg?fit=1200%2C720&resize=700%2C400 2x, https:\/\/i0.wp.com\/www.robertosedda.it\/wp-content\/uploads\/2016\/07\/Banchiera-ambulante.jpg?fit=1200%2C720&resize=1050%2C600 3x"},"classes":[]},{"id":11161,"url":"http:\/\/www.robertosedda.it\/?p=11161","url_meta":{"origin":7896,"position":4},"title":"La storia si ripete","author":"Rufus","date":"12\/11\/2015","format":false,"excerpt":"Pare che a Cagliari sia (di nuovo) tempo di\u00a0open space. Ovunque. Ora: le\u00a0metodiche di democrazia partecipativa sono sempre buone, quindi niente da dire sotto questo punto di vista. Cio\u00e8: magari qualche volta si potrebbe provare a usare anche\u00a0altre metodiche (qui sul blog c'\u00e8 anche un vecchio articolo per iniziare a\u2026","rel":"","context":"In &quot;Coordinate&quot;","block_context":{"text":"Coordinate","link":"http:\/\/www.robertosedda.it\/?cat=52"},"img":{"alt_text":"","src":"https:\/\/i0.wp.com\/www.robertosedda.it\/wp-content\/uploads\/2013\/11\/Panorama-Cagliari.jpg?fit=640%2C428&resize=350%2C200","width":350,"height":200},"classes":[]},{"id":6672,"url":"http:\/\/www.robertosedda.it\/?p=6672","url_meta":{"origin":7896,"position":5},"title":"Una mattina di sabato, sotto un magnifico retablo, a discutere di Cagliari","author":"Rufus","date":"10\/03\/2014","format":false,"excerpt":"Domande di politica e quel gruppo a cui non viene mai detto di no Non so se ricordate un articolo di un po' di tempo fa in cui mi facevo, e facevo a tutti, delle domande su Cagliari. Erano domande politiche, ma nella discussione successiva, sia sulla rete che di\u2026","rel":"","context":"In &quot;Coordinate&quot;","block_context":{"text":"Coordinate","link":"http:\/\/www.robertosedda.it\/?cat=52"},"img":{"alt_text":"","src":"https:\/\/i0.wp.com\/www.robertosedda.it\/wp-content\/uploads\/2013\/11\/SantEfisio.jpg?fit=640%2C428&resize=350%2C200","width":350,"height":200},"classes":[]}],"_links":{"self":[{"href":"http:\/\/www.robertosedda.it\/index.php?rest_route=\/wp\/v2\/posts\/7896"}],"collection":[{"href":"http:\/\/www.robertosedda.it\/index.php?rest_route=\/wp\/v2\/posts"}],"about":[{"href":"http:\/\/www.robertosedda.it\/index.php?rest_route=\/wp\/v2\/types\/post"}],"author":[{"embeddable":true,"href":"http:\/\/www.robertosedda.it\/index.php?rest_route=\/wp\/v2\/users\/1"}],"replies":[{"embeddable":true,"href":"http:\/\/www.robertosedda.it\/index.php?rest_route=%2Fwp%2Fv2%2Fcomments&post=7896"}],"version-history":[{"count":2,"href":"http:\/\/www.robertosedda.it\/index.php?rest_route=\/wp\/v2\/posts\/7896\/revisions"}],"predecessor-version":[{"id":7898,"href":"http:\/\/www.robertosedda.it\/index.php?rest_route=\/wp\/v2\/posts\/7896\/revisions\/7898"}],"wp:featuredmedia":[{"embeddable":true,"href":"http:\/\/www.robertosedda.it\/index.php?rest_route=\/wp\/v2\/media\/5055"}],"wp:attachment":[{"href":"http:\/\/www.robertosedda.it\/index.php?rest_route=%2Fwp%2Fv2%2Fmedia&parent=7896"}],"wp:term":[{"taxonomy":"category","embeddable":true,"href":"http:\/\/www.robertosedda.it\/index.php?rest_route=%2Fwp%2Fv2%2Fcategories&post=7896"},{"taxonomy":"post_tag","embeddable":true,"href":"http:\/\/www.robertosedda.it\/index.php?rest_route=%2Fwp%2Fv2%2Ftags&post=7896"}],"curies":[{"name":"wp","href":"https:\/\/api.w.org\/{rel}","templated":true}]}}