{"id":7765,"date":"2014-06-12T13:57:23","date_gmt":"2014-06-12T11:57:23","guid":{"rendered":"http:\/\/www.robertosedda.it\/?p=7765"},"modified":"2014-06-16T15:46:24","modified_gmt":"2014-06-16T13:46:24","slug":"ma-chi-e-george-clooney","status":"publish","type":"post","link":"http:\/\/www.robertosedda.it\/?p=7765","title":{"rendered":"Ma chi \u00e8 George Clooney?!"},"content":{"rendered":"<p><a href=\"https:\/\/i0.wp.com\/www.robertosedda.it\/wp-content\/uploads\/2014\/06\/Roberto-Sedda.jpg\"><img data-attachment-id=\"7766\" data-permalink=\"http:\/\/www.robertosedda.it\/?attachment_id=7766\" data-orig-file=\"https:\/\/i0.wp.com\/www.robertosedda.it\/wp-content\/uploads\/2014\/06\/Roberto-Sedda.jpg?fit=353%2C384\" data-orig-size=\"353,384\" data-comments-opened=\"1\" data-image-meta=\"{&quot;aperture&quot;:&quot;0&quot;,&quot;credit&quot;:&quot;&quot;,&quot;camera&quot;:&quot;&quot;,&quot;caption&quot;:&quot;&quot;,&quot;created_timestamp&quot;:&quot;0&quot;,&quot;copyright&quot;:&quot;&quot;,&quot;focal_length&quot;:&quot;0&quot;,&quot;iso&quot;:&quot;0&quot;,&quot;shutter_speed&quot;:&quot;0&quot;,&quot;title&quot;:&quot;&quot;}\" data-image-title=\"Roberto Sedda\" data-image-description=\"\" data-image-caption=\"\" data-medium-file=\"https:\/\/i0.wp.com\/www.robertosedda.it\/wp-content\/uploads\/2014\/06\/Roberto-Sedda.jpg?fit=275%2C300\" data-large-file=\"https:\/\/i0.wp.com\/www.robertosedda.it\/wp-content\/uploads\/2014\/06\/Roberto-Sedda.jpg?fit=353%2C384\" decoding=\"async\" loading=\"lazy\" class=\"alignleft size-full wp-image-7766\" src=\"https:\/\/i0.wp.com\/www.robertosedda.it\/wp-content\/uploads\/2014\/06\/Roberto-Sedda.jpg?resize=353%2C384\" alt=\"Roberto Sedda\" width=\"353\" height=\"384\" srcset=\"https:\/\/i0.wp.com\/www.robertosedda.it\/wp-content\/uploads\/2014\/06\/Roberto-Sedda.jpg?w=353 353w, https:\/\/i0.wp.com\/www.robertosedda.it\/wp-content\/uploads\/2014\/06\/Roberto-Sedda.jpg?resize=137%2C150 137w, https:\/\/i0.wp.com\/www.robertosedda.it\/wp-content\/uploads\/2014\/06\/Roberto-Sedda.jpg?resize=275%2C300 275w\" sizes=\"(max-width: 353px) 100vw, 353px\" data-recalc-dims=\"1\" \/><\/a>Passeggiamo con due amici, tutti freschi cinquantenni.<\/p>\n<p>Constatiamo che siamo ormai all&#8217;et\u00e0 in cui non si va pi\u00f9 dal barbiere: una macchinetta, manovrata da noi stessi o dalle mogli, \u00e8 pi\u00f9 che sufficiente &#8211; tanto le chiome di un tempo sono ormai un ricordo.<\/p>\n<p>\u00abLa mia, oltretutto\u00bb, dico, \u00abha anche un distanziatore apposito per farsi la barba in modo che sembri quella incolta di tre giorni\u00bb.<\/p>\n<p>\u00abCome quella di George Clooney\u00bb, dice il primo.<\/p>\n<p>\u00abForse Don Johnson \u00e8 un riferimento pi\u00f9 adatto alla nostra et\u00e0\u00bb, chiosa l&#8217;altro.<\/p>\n<p>Replico: \u00abBeh, certo, la barba alla George Clooney. Poi certo siamo uguali a lui, proprio&#8230;\u00bb.<\/p>\n<p>Il primo sfoggia una ancestrale saggezza: \u00abBeh, intanto lui \u00e8 del &#8217;61, quindi \u00e8 pi\u00f9 vecchio di noi. Di almeno tre anni. Poi: noi le nostre fidanzate sarde ce le siamo tenute e le abbiamo anche sposate. E certamente parliamo l&#8217;inglese meglio di come lui parli l&#8217;italiano. Tanto per cominciare\u00bb.<\/p>\n<p>\u00abCerto, c&#8217;\u00e8 la villa sul lago di Como&#8230;\u00bb.<\/p>\n<p>\u00abVa bene. Per\u00f2, tanto per cominciare&#8230;\u00bb.<\/p>\n","protected":false},"excerpt":{"rendered":"<p>Passeggiamo con due amici, tutti freschi cinquantenni. Constatiamo che siamo ormai all&#8217;et\u00e0 in cui non si va pi\u00f9 dal barbiere:<\/p>\n","protected":false},"author":1,"featured_media":7766,"comment_status":"open","ping_status":"open","sticky":false,"template":"","format":"standard","meta":{"_mi_skip_tracking":false,"_monsterinsights_sitenote_active":false,"_monsterinsights_sitenote_note":"","_monsterinsights_sitenote_category":0,"jetpack_post_was_ever_published":false,"_jetpack_newsletter_access":"","jetpack_publicize_message":"","jetpack_is_tweetstorm":false,"jetpack_publicize_feature_enabled":true,"jetpack_social_post_already_shared":true,"jetpack_social_options":{"image_generator_settings":{"template":"highway","enabled":false}}},"categories":[52,56,18,61,16],"tags":[],"jetpack_publicize_connections":[],"jetpack_featured_media_url":"https:\/\/i0.wp.com\/www.robertosedda.it\/wp-content\/uploads\/2014\/06\/Roberto-Sedda.jpg?fit=353%2C384","jetpack_sharing_enabled":true,"jetpack_shortlink":"https:\/\/wp.me\/p4jV2T-21f","jetpack_likes_enabled":true,"jetpack-related-posts":[{"id":4480,"url":"http:\/\/www.robertosedda.it\/?p=4480","url_meta":{"origin":7765,"position":0},"title":"A prova di George Clooney","author":"Rufus","date":"19\/09\/2013","format":false,"excerpt":"La mia famiglia e quella di mia sorella, sebbene vivano fianco a fianco sullo stesso pianerottolo, sono separate radicalmente su una questione di fondamentale importanza: come si debba fare il caff\u00e8. Io e Maria Bonaria, tradizionalisti di sinistra, usiamo la macchinetta espresso (ovviamente col caff\u00e8 del commercio equo), con le\u2026","rel":"","context":"Con 2 commenti","block_context":{"text":"Con 2 commenti","link":"http:\/\/www.robertosedda.it\/?p=4480#comments"},"img":{"alt_text":"","src":"https:\/\/i0.wp.com\/www.robertosedda.it\/wp-content\/uploads\/2013\/03\/ALIM2711.jpg?fit=1200%2C900&resize=350%2C200","width":350,"height":200,"srcset":"https:\/\/i0.wp.com\/www.robertosedda.it\/wp-content\/uploads\/2013\/03\/ALIM2711.jpg?fit=1200%2C900&resize=350%2C200 1x, https:\/\/i0.wp.com\/www.robertosedda.it\/wp-content\/uploads\/2013\/03\/ALIM2711.jpg?fit=1200%2C900&resize=700%2C400 2x, https:\/\/i0.wp.com\/www.robertosedda.it\/wp-content\/uploads\/2013\/03\/ALIM2711.jpg?fit=1200%2C900&resize=1050%2C600 3x"},"classes":[]},{"id":11758,"url":"http:\/\/www.robertosedda.it\/?p=11758","url_meta":{"origin":7765,"position":1},"title":"L&#8217;ambiguo Goldoni spiegato coi fratelli Coen","author":"Rufus","date":"01\/04\/2016","format":false,"excerpt":"Continuo il recupero delle due puntate di Oggi parliamo di libri che avevo saltato e vi\u00a0presento oggi la puntata su Goldoni e la\u00a0Locandiera: prima di incollarvela qui sotto mi limito a dire che a me, a dir la verit\u00e0, era piaciuto molto di pi\u00f9 il Goldoni di\u00a0Servitore di due padroni\u00a0di\u2026","rel":"","context":"In &quot;Coordinate&quot;","block_context":{"text":"Coordinate","link":"http:\/\/www.robertosedda.it\/?cat=52"},"img":{"alt_text":"","src":"https:\/\/i0.wp.com\/www.robertosedda.it\/wp-content\/uploads\/2016\/04\/Nancy-Brilli-Mirandolina.jpg?fit=800%2C566&resize=350%2C200","width":350,"height":200,"srcset":"https:\/\/i0.wp.com\/www.robertosedda.it\/wp-content\/uploads\/2016\/04\/Nancy-Brilli-Mirandolina.jpg?fit=800%2C566&resize=350%2C200 1x, https:\/\/i0.wp.com\/www.robertosedda.it\/wp-content\/uploads\/2016\/04\/Nancy-Brilli-Mirandolina.jpg?fit=800%2C566&resize=700%2C400 2x"},"classes":[]},{"id":12332,"url":"http:\/\/www.robertosedda.it\/?p=12332","url_meta":{"origin":7765,"position":2},"title":"Non banalmente casalingo","author":"Rufus","date":"22\/08\/2016","format":false,"excerpt":"Tornato dalle ferie, la barba era lunga. E faceva caldo. Da quando ho raggiunto una certa et\u00e0 (diciamo: quella che rende inutili l'uso delle forbici per tagliare i capelli) io\u00a0ho due barbieri. Uno \u00e8 Maria Bonaria, dotata di una sorta di mietitrebbia casalinga poco selettiva ma\u00a0estrememente\u00a0efficiente. Ma in questo caso\u2026","rel":"","context":"In &quot;Coordinate&quot;","block_context":{"text":"Coordinate","link":"http:\/\/www.robertosedda.it\/?cat=52"},"img":{"alt_text":"","src":"https:\/\/i0.wp.com\/www.robertosedda.it\/wp-content\/uploads\/2016\/08\/20160822_131131-e1471941577178.jpg?fit=900%2C1200&resize=350%2C200","width":350,"height":200,"srcset":"https:\/\/i0.wp.com\/www.robertosedda.it\/wp-content\/uploads\/2016\/08\/20160822_131131-e1471941577178.jpg?fit=900%2C1200&resize=350%2C200 1x, https:\/\/i0.wp.com\/www.robertosedda.it\/wp-content\/uploads\/2016\/08\/20160822_131131-e1471941577178.jpg?fit=900%2C1200&resize=700%2C400 2x"},"classes":[]},{"id":9870,"url":"http:\/\/www.robertosedda.it\/?p=9870","url_meta":{"origin":7765,"position":3},"title":"Inaspettate lezioni di stili di vita igienici dalla Sardegna","author":"Rufus","date":"31\/03\/2015","format":false,"excerpt":"I pi\u00f9 attenti fra voi avranno notato una stranezza nell'articolo sulla degustazione dei vini della cantina Meloni: Terzo concetto che mi porto via dalla serata: magari una volta prendo una bottiglia ciascuna\u00a0di queste tre famiglie e metodicamente verifico la teoria [1]. La stranezza non sta, come potrebbero pensare i maligni,\u2026","rel":"","context":"In &quot;Biografie&quot;","block_context":{"text":"Biografie","link":"http:\/\/www.robertosedda.it\/?cat=83"},"img":{"alt_text":"","src":"https:\/\/i0.wp.com\/www.robertosedda.it\/wp-content\/uploads\/2015\/03\/154127_1687078572181_1434662_n.jpg?fit=720%2C540&resize=350%2C200","width":350,"height":200,"srcset":"https:\/\/i0.wp.com\/www.robertosedda.it\/wp-content\/uploads\/2015\/03\/154127_1687078572181_1434662_n.jpg?fit=720%2C540&resize=350%2C200 1x, https:\/\/i0.wp.com\/www.robertosedda.it\/wp-content\/uploads\/2015\/03\/154127_1687078572181_1434662_n.jpg?fit=720%2C540&resize=700%2C400 2x"},"classes":[]},{"id":14917,"url":"http:\/\/www.robertosedda.it\/?p=14917","url_meta":{"origin":7765,"position":4},"title":"Dentro dolorose ferite aperte","author":"Rufus","date":"29\/03\/2018","format":false,"excerpt":"Ho letto casualmente su\u00a0The Atlantic l'intervista alla madre e all'amico di una delle vittime del massacro della discoteca\u00a0Pulse di Orlando, nel 2016. Era straziante: non solo nella storia in s\u00e9 della strage, ma nella vita spezzata della madre La mia salute era gi\u00e0 in declino prima che Christopher morisse. Il\u2026","rel":"","context":"In &quot;Coordinate&quot;","block_context":{"text":"Coordinate","link":"http:\/\/www.robertosedda.it\/?cat=52"},"img":{"alt_text":"","src":"https:\/\/i0.wp.com\/www.robertosedda.it\/wp-content\/uploads\/2018\/03\/Parkland-kids.jpg?fit=1200%2C675&resize=350%2C200","width":350,"height":200,"srcset":"https:\/\/i0.wp.com\/www.robertosedda.it\/wp-content\/uploads\/2018\/03\/Parkland-kids.jpg?fit=1200%2C675&resize=350%2C200 1x, https:\/\/i0.wp.com\/www.robertosedda.it\/wp-content\/uploads\/2018\/03\/Parkland-kids.jpg?fit=1200%2C675&resize=700%2C400 2x, https:\/\/i0.wp.com\/www.robertosedda.it\/wp-content\/uploads\/2018\/03\/Parkland-kids.jpg?fit=1200%2C675&resize=1050%2C600 3x"},"classes":[]},{"id":9549,"url":"http:\/\/www.robertosedda.it\/?p=9549","url_meta":{"origin":7765,"position":5},"title":"L&#8217;unico linguaggio del sesso","author":"Rufus","date":"09\/02\/2015","format":false,"excerpt":"Quando ho preparato la puntata di Oggi parliamo di libri dedicata al libro di Rut ho scoperto con una certa sorpresa che esiste una linea critica che ritiene il libro espressione di un amore lesbico fra Rut stessa e la suocera Noemi. Ora, \u00e8 vero che il discorso che Rut\u2026","rel":"","context":"In &quot;Coordinate&quot;","block_context":{"text":"Coordinate","link":"http:\/\/www.robertosedda.it\/?cat=52"},"img":{"alt_text":"","src":"https:\/\/i0.wp.com\/www.robertosedda.it\/wp-content\/uploads\/2015\/02\/Georgia-Salpa.jpg?fit=1200%2C800&resize=350%2C200","width":350,"height":200,"srcset":"https:\/\/i0.wp.com\/www.robertosedda.it\/wp-content\/uploads\/2015\/02\/Georgia-Salpa.jpg?fit=1200%2C800&resize=350%2C200 1x, https:\/\/i0.wp.com\/www.robertosedda.it\/wp-content\/uploads\/2015\/02\/Georgia-Salpa.jpg?fit=1200%2C800&resize=700%2C400 2x, https:\/\/i0.wp.com\/www.robertosedda.it\/wp-content\/uploads\/2015\/02\/Georgia-Salpa.jpg?fit=1200%2C800&resize=1050%2C600 3x"},"classes":[]}],"_links":{"self":[{"href":"http:\/\/www.robertosedda.it\/index.php?rest_route=\/wp\/v2\/posts\/7765"}],"collection":[{"href":"http:\/\/www.robertosedda.it\/index.php?rest_route=\/wp\/v2\/posts"}],"about":[{"href":"http:\/\/www.robertosedda.it\/index.php?rest_route=\/wp\/v2\/types\/post"}],"author":[{"embeddable":true,"href":"http:\/\/www.robertosedda.it\/index.php?rest_route=\/wp\/v2\/users\/1"}],"replies":[{"embeddable":true,"href":"http:\/\/www.robertosedda.it\/index.php?rest_route=%2Fwp%2Fv2%2Fcomments&post=7765"}],"version-history":[{"count":1,"href":"http:\/\/www.robertosedda.it\/index.php?rest_route=\/wp\/v2\/posts\/7765\/revisions"}],"predecessor-version":[{"id":7767,"href":"http:\/\/www.robertosedda.it\/index.php?rest_route=\/wp\/v2\/posts\/7765\/revisions\/7767"}],"wp:featuredmedia":[{"embeddable":true,"href":"http:\/\/www.robertosedda.it\/index.php?rest_route=\/wp\/v2\/media\/7766"}],"wp:attachment":[{"href":"http:\/\/www.robertosedda.it\/index.php?rest_route=%2Fwp%2Fv2%2Fmedia&parent=7765"}],"wp:term":[{"taxonomy":"category","embeddable":true,"href":"http:\/\/www.robertosedda.it\/index.php?rest_route=%2Fwp%2Fv2%2Fcategories&post=7765"},{"taxonomy":"post_tag","embeddable":true,"href":"http:\/\/www.robertosedda.it\/index.php?rest_route=%2Fwp%2Fv2%2Ftags&post=7765"}],"curies":[{"name":"wp","href":"https:\/\/api.w.org\/{rel}","templated":true}]}}