{"id":773,"date":"2012-08-24T17:33:16","date_gmt":"2012-08-24T15:33:16","guid":{"rendered":"http:\/\/www.robertosedda.it\/?p=773"},"modified":"2012-08-24T17:38:27","modified_gmt":"2012-08-24T15:38:27","slug":"la-minaccia-fantasma","status":"publish","type":"post","link":"http:\/\/www.robertosedda.it\/?p=773","title":{"rendered":"La minaccia fantasma"},"content":{"rendered":"<p>Sono andato a vedere <em>Episode I<\/em> abbastanza maldisposto: dalle critiche lette mi apettavo un film piuttosto vuoto con <em>grandi<\/em> effetti speciali.<\/p>\n<p>Dopo averlo visto penso che sia un affettuoso omaggio alla saga e un tentativo (riuscito) di far rivivere la leggenda con <em>grandiosi<\/em> effetti speciali&#8230; e sono felicissimo di averlo visto.<\/p>\n<p>Penso anche che una parte delle critiche che ho letto possa essere spiegata:<br \/>\na) con una certa arroganza culturale (\u00e8 un filmone americano, quindi&#8230;)<br \/>\nb) la sedimentazione della memoria, che fa dimenticare che cosa erano effettivamente all&#8217;epoca i primi episodi (soprattutto Star Wars).<\/p>\n<p>Come film in s\u00e9, <em>Episode I<\/em> puo&#8217; essere soggetto ad alcune critiche. \u00c8 vero, per esempio, che alcuni dei personaggi non hanno un grande approfondimento psicologico (non avrei visto male un paio di scene in pi\u00f9 che dessero maggiore <em>cattiveria<\/em> al Darth Maul&#8230;), ed \u00e8 anche vero che presuppone assolutamente la conoscenza dei primi episodi.<\/p>\n<p>Queste critiche per\u00f2 perdono peso di fronte ai meriti del film (messa in scena, visionariet\u00e0, ritmo, effetti speciali), e svaniscono decisamente se, invece di considerare <em>Episode I<\/em> in s\u00e9, lo si considera come parte di una saga.<\/p>\n<p>Infatti, la sua comprensibilit\u00e0 \u00e8 pari a quella di chi cercasse di seguire <em>L&#8217;Impero colpisce ancora<\/em> o <em>Il ritorno dello Jedi<\/em> senza avere visto gli episodi precedenti, e quanto all&#8217;approfondimento psicologico, non \u00e8 che negli episodi precedenti ce ne fosse tanto: forse ci confondiamo a causa del carisma di Harrison Ford, ma i personaggi messi in scena allora erano puri e semplici stereotipi: il burbero contrabbandiere dal cuore buono, il saggio maestro, il paladino, il cattivone.<\/p>\n<p>Lo &#8220;spessore&#8221; di Star Wars \u00e8 sempre stato dato dai temi, piuttosto che dai personaggi (e dalla messa in scena, ovvio): l\u00ec avevamo il confronto padre\/figlio, e Luke che doveva conquistare s\u00e9 stesso. In pi\u00f9, l&#8217;invenzione della <em>Forza,<\/em> la contaminazione <em>fantasy\/fantascienza.<\/em> Qui le premesse sono state poste: non ho idea del futuro, ma penserei per esempio che Amidala avr\u00e0 il posto &#8220;tormentato&#8221; che era di Luke. O che il tema della profezia prender\u00e0 il posto del confronto padre\/figlio. In parole povere, credo che <em>Episode I<\/em> faccia bene il suo mestiere: consentirci di esaltarci per situazioni gi\u00e0 viste altre volte nella saga (il duello <em>jedi,<\/em> sparatorie, i duelli fra caccia spaziali), senza che la trama appaia direttamente ripetitiva.<\/p>\n<p>Una nota a parte: <em>Episode I<\/em> risolve l&#8217;annosa questione se la saga sia di fantascienza o <em>fantasy.<\/em> Ok, \u00e8 <em>fantasy.<\/em><\/p>\n","protected":false},"excerpt":{"rendered":"<p>Sono andato a vedere Episode I abbastanza maldisposto: dalle critiche lette mi apettavo un film piuttosto vuoto con grandi effetti<\/p>\n","protected":false},"author":1,"featured_media":0,"comment_status":"open","ping_status":"open","sticky":false,"template":"","format":"standard","meta":{"_mi_skip_tracking":false,"_monsterinsights_sitenote_active":false,"_monsterinsights_sitenote_note":"","_monsterinsights_sitenote_category":0,"jetpack_post_was_ever_published":false,"_jetpack_newsletter_access":"","jetpack_publicize_message":"","jetpack_is_tweetstorm":false,"jetpack_publicize_feature_enabled":true,"jetpack_social_post_already_shared":false,"jetpack_social_options":{"image_generator_settings":{"template":"highway","enabled":false}}},"categories":[52,63,14,56,12],"tags":[],"jetpack_publicize_connections":[],"jetpack_featured_media_url":"","jetpack_sharing_enabled":true,"jetpack_shortlink":"https:\/\/wp.me\/p4jV2T-ct","jetpack_likes_enabled":true,"jetpack-related-posts":[{"id":10537,"url":"http:\/\/www.robertosedda.it\/?p=10537","url_meta":{"origin":773,"position":0},"title":"Selvagge storie di giungla urbana","author":"Rufus","date":"11\/07\/2015","format":"video","excerpt":"Storie pazzesche (Relatos salvajes, Dami\u00e1n Szifr\u00f3n, Argentina 2014) Sono un po' in imbarazzo, nel parlare di questo film recuperato nell'arena estiva di Villa Musas, perch\u00e9 qualunque cosa io dica rischio di rovinare la sorpresa dello spettatore ignaro, che \u00e8 uno dei punti di forza del film. \u00c8 davvero difficile, per\u00f2\u2026","rel":"","context":"In &quot;Coordinate&quot;","block_context":{"text":"Coordinate","link":"http:\/\/www.robertosedda.it\/?cat=52"},"img":{"alt_text":"","src":"https:\/\/i0.wp.com\/www.robertosedda.it\/wp-content\/uploads\/2015\/07\/Storie-pazzesche.jpg?fit=1200%2C675&resize=350%2C200","width":350,"height":200,"srcset":"https:\/\/i0.wp.com\/www.robertosedda.it\/wp-content\/uploads\/2015\/07\/Storie-pazzesche.jpg?fit=1200%2C675&resize=350%2C200 1x, https:\/\/i0.wp.com\/www.robertosedda.it\/wp-content\/uploads\/2015\/07\/Storie-pazzesche.jpg?fit=1200%2C675&resize=700%2C400 2x, https:\/\/i0.wp.com\/www.robertosedda.it\/wp-content\/uploads\/2015\/07\/Storie-pazzesche.jpg?fit=1200%2C675&resize=1050%2C600 3x"},"classes":[]},{"id":19572,"url":"http:\/\/www.robertosedda.it\/?p=19572","url_meta":{"origin":773,"position":1},"title":"L&#8217;incompetenza probabile di Dunning e Kruger","author":"Rufus","date":"17\/05\/2022","format":false,"excerpt":"Il fidato aggregatore di notizie mi ha proposto, qualche giorno fa, un articolo di Blair Fix su un blog chiamato Economics from the top down che demolisce (punta a demolire) il cosiddetto effetto Dunning-Kruger, perlomeno nella forma con cui \u00e8 stato espresso nell'articolo scientifico originario. Per coloro che negli ultimi\u2026","rel":"","context":"In &quot;Coordinate&quot;","block_context":{"text":"Coordinate","link":"http:\/\/www.robertosedda.it\/?cat=52"},"img":{"alt_text":"","src":"https:\/\/i0.wp.com\/www.robertosedda.it\/wp-content\/uploads\/2022\/04\/Effetto_Dunning-Kruger.png?fit=1024%2C768&resize=350%2C200","width":350,"height":200,"srcset":"https:\/\/i0.wp.com\/www.robertosedda.it\/wp-content\/uploads\/2022\/04\/Effetto_Dunning-Kruger.png?fit=1024%2C768&resize=350%2C200 1x, https:\/\/i0.wp.com\/www.robertosedda.it\/wp-content\/uploads\/2022\/04\/Effetto_Dunning-Kruger.png?fit=1024%2C768&resize=700%2C400 2x"},"classes":[]},{"id":20339,"url":"http:\/\/www.robertosedda.it\/?p=20339","url_meta":{"origin":773,"position":2},"title":"Labirinti, peccati e cantori","author":"Rufus","date":"20\/07\/2023","format":false,"excerpt":"Ho visto avantieri, nella rassegna all'aperto del cinema Odissea, il documentario L'ombra del fuco di Enrico Pau, dedicato all'incendio che ha distrutto il Montiferru nel 2021. Nel dibattito successivo il regista diceva di essere rimasto a lungo perplesso, mentre il materiale girato gli cresceva fra le mani e diventava sempre\u2026","rel":"","context":"In &quot;Coordinate&quot;","block_context":{"text":"Coordinate","link":"http:\/\/www.robertosedda.it\/?cat=52"},"img":{"alt_text":"","src":"https:\/\/i0.wp.com\/www.robertosedda.it\/wp-content\/uploads\/2023\/07\/Ombra-fuoco-Pau.jpg?fit=1080%2C1080&resize=350%2C200","width":350,"height":200,"srcset":"https:\/\/i0.wp.com\/www.robertosedda.it\/wp-content\/uploads\/2023\/07\/Ombra-fuoco-Pau.jpg?fit=1080%2C1080&resize=350%2C200 1x, https:\/\/i0.wp.com\/www.robertosedda.it\/wp-content\/uploads\/2023\/07\/Ombra-fuoco-Pau.jpg?fit=1080%2C1080&resize=700%2C400 2x, https:\/\/i0.wp.com\/www.robertosedda.it\/wp-content\/uploads\/2023\/07\/Ombra-fuoco-Pau.jpg?fit=1080%2C1080&resize=1050%2C600 3x"},"classes":[]},{"id":16859,"url":"http:\/\/www.robertosedda.it\/?p=16859","url_meta":{"origin":773,"position":3},"title":"Intervista con Piero Cioni","author":"Rufus","date":"22\/06\/2019","format":false,"excerpt":"Mi ha molto colpito, ieri, la notizia della morte di Piero Cioni, game designer e figura storica del movimento ludico italiano. Sono un po' in imbarazzo a raccontarlo perch\u00e9 non ho mai conosciuto Piero direttamente e quindi temo di non avere titolo per parlare di lui, certamente non lo stesso\u2026","rel":"","context":"In &quot;Giochi&quot;","block_context":{"text":"Giochi","link":"http:\/\/www.robertosedda.it\/?cat=9"},"img":{"alt_text":"","src":"https:\/\/i0.wp.com\/www.robertosedda.it\/wp-content\/uploads\/2019\/06\/Piero-Cioni-2.png?fit=1003%2C419&resize=350%2C200","width":350,"height":200,"srcset":"https:\/\/i0.wp.com\/www.robertosedda.it\/wp-content\/uploads\/2019\/06\/Piero-Cioni-2.png?fit=1003%2C419&resize=350%2C200 1x, https:\/\/i0.wp.com\/www.robertosedda.it\/wp-content\/uploads\/2019\/06\/Piero-Cioni-2.png?fit=1003%2C419&resize=700%2C400 2x"},"classes":[]},{"id":705,"url":"http:\/\/www.robertosedda.it\/?p=705","url_meta":{"origin":773,"position":4},"title":"A 7 km da Gerusalemme","author":"Rufus","date":"23\/08\/2012","format":false,"excerpt":"Se non ho guardato male le votazioni per l'Inutile Thread 2007, godo del dubbio privilegio di non aver visto la maggior parte dei film importanti dell'anno, ma di avere assistito alla proiezione di due film che nessuno ha visto: Le ferie di Licu (di cui parler\u00f2 altra volta) e questo\u2026","rel":"","context":"In &quot;Coordinate&quot;","block_context":{"text":"Coordinate","link":"http:\/\/www.robertosedda.it\/?cat=52"},"img":{"alt_text":"","src":"","width":0,"height":0},"classes":[]},{"id":19447,"url":"http:\/\/www.robertosedda.it\/?p=19447","url_meta":{"origin":773,"position":5},"title":"Politica di rappresentanza e politica emancipativa","author":"Rufus","date":"05\/04\/2023","format":false,"excerpt":"Controllando gli articoli scritti in questo stesso giorno nel passato, trovo una bozza dell'anno scorso, mai pubblicata, nella quale segnalavo un feroce editoriale del Guardian , a firma di Emma Dabiri, che critica Jay-Z e Beyonc\u00e9, due celebrit\u00e0 caratterizzate anche da un certo attivismo sociale, che per partecipare a una\u2026","rel":"","context":"In &quot;Coordinate&quot;","block_context":{"text":"Coordinate","link":"http:\/\/www.robertosedda.it\/?cat=52"},"img":{"alt_text":"","src":"https:\/\/i0.wp.com\/www.robertosedda.it\/wp-content\/uploads\/2023\/04\/Picket.jpg?fit=630%2C357&resize=350%2C200","width":350,"height":200},"classes":[]}],"_links":{"self":[{"href":"http:\/\/www.robertosedda.it\/index.php?rest_route=\/wp\/v2\/posts\/773"}],"collection":[{"href":"http:\/\/www.robertosedda.it\/index.php?rest_route=\/wp\/v2\/posts"}],"about":[{"href":"http:\/\/www.robertosedda.it\/index.php?rest_route=\/wp\/v2\/types\/post"}],"author":[{"embeddable":true,"href":"http:\/\/www.robertosedda.it\/index.php?rest_route=\/wp\/v2\/users\/1"}],"replies":[{"embeddable":true,"href":"http:\/\/www.robertosedda.it\/index.php?rest_route=%2Fwp%2Fv2%2Fcomments&post=773"}],"version-history":[{"count":3,"href":"http:\/\/www.robertosedda.it\/index.php?rest_route=\/wp\/v2\/posts\/773\/revisions"}],"predecessor-version":[{"id":775,"href":"http:\/\/www.robertosedda.it\/index.php?rest_route=\/wp\/v2\/posts\/773\/revisions\/775"}],"wp:attachment":[{"href":"http:\/\/www.robertosedda.it\/index.php?rest_route=%2Fwp%2Fv2%2Fmedia&parent=773"}],"wp:term":[{"taxonomy":"category","embeddable":true,"href":"http:\/\/www.robertosedda.it\/index.php?rest_route=%2Fwp%2Fv2%2Fcategories&post=773"},{"taxonomy":"post_tag","embeddable":true,"href":"http:\/\/www.robertosedda.it\/index.php?rest_route=%2Fwp%2Fv2%2Ftags&post=773"}],"curies":[{"name":"wp","href":"https:\/\/api.w.org\/{rel}","templated":true}]}}