{"id":768,"date":"2012-08-24T17:19:40","date_gmt":"2012-08-24T15:19:40","guid":{"rendered":"http:\/\/www.robertosedda.it\/?p=768"},"modified":"2013-11-21T16:13:41","modified_gmt":"2013-11-21T15:13:41","slug":"sogno-di-una-notte-di-mezza-estate","status":"publish","type":"post","link":"http:\/\/www.robertosedda.it\/?p=768","title":{"rendered":"Sogno di una notte di mezza estate"},"content":{"rendered":"<p>Vale la pena di fare una premessa: il <em>Sogno<\/em> non \u00e8 una delle opere scespiriane pi\u00f9 facili del mondo da mettere in scena, compresa com&#8217;\u00e8 di una serie di &#8220;blocchi&#8221; narrativi e di registri differenti (soprattutto il lungo inserto conclusivo della recita degli artigiani). E d&#8217;altra parte, bisogna per forza, nel metterla in scena, adattarla, perch\u00e9 la sua struttura \u00e8 comunque <em>troppo<\/em> dipendente dalla forma teatrale seicentesca, e sarebbe improponibile oggi.<\/p>\n<p>La soluzione di base adottata da questa ultima versione cinematografica \u00e8, innanzitutto, uno spostamento nel tempo: dall&#8217;Atene mitologica originale all&#8217;Italia del tardo &#8216;800. A parte l&#8217;ovvio riferimento a Branagh, vale la pena di notare che \u00e8 Shakespeare per primo a effettuare operazioni di dislocazione temporale: l&#8217;Atene della commedia sembra, nel testo originale, una corte italiana<br \/>\nrinascimentale (per non parlare della famosa pendola del <em>Giulio Cesare<\/em>&#8230;).<\/p>\n<p>Per cui, che Hoffman decida di andare nella Toscana del diciannovesimo secolo, passi.<\/p>\n<p>Quello che per una buona parte del film non sono riuscito onestamente a capire \u00e8, per\u00f2, perch\u00e9 proprio quell&#8217;epoca e quel luogo e non, poniamo, una chiesa sconsacrata nel 1997 oppure la Londra del &#8216;600 oppure una qualunque altra data o luogo. Poi ho visto una festa di fate ed elfi trasformata in festa di satiri, fauni e ninfe, ho posto orecchio all&#8217;onnipresente accompagnamento di romanze dalla <em>Traviata<\/em> e ho capito che, per motivi suoi, Hoffman intende rendere omaggio all&#8217;Italia. Naturalmente all&#8217;Italia vista dagli inglesi, in cui l&#8217;eredit\u00e0 mitologica e quella classica si fondono, senza soluzione di continuit\u00e0, con le suggestioni del Chiantishire alla <em>Camera con vista<\/em>. La legittimit\u00e0 dell&#8217;operazione pu\u00f2 pure essere ammessa, ma tutto lo svolgersi del film non \u00e8 riuscito a farmene scorgere il senso. Peggio di tutto, tutta la narrazione, fino ai costumi e ai &#8220;fondali&#8221;, \u00e8 svolto in una chiave verista e realista che fa a pugni col carattere fantastico della storia. E questo vale anche per la colonna sonora e per le suggestioni verdiane di cui ho gi\u00e0 detto.<\/p>\n<p>Insomma, la messa in scena non \u00e8 riuscita a darmi un brivido, a <em>spiegarmi<\/em> il senso del testo. Mi rendo conto che sto analizzando un film come se fosse un&#8217;opera teatrale, ma questo film (come, ad<br \/>\nesempio, anche <em>Molto rumore<\/em> per nulla di Branagh) <em>\u00e8<\/em> la ripresa cinematografica di uno <em>s<\/em>pettacolo teatrale.<\/p>\n<p><a href=\"https:\/\/i0.wp.com\/www.robertosedda.it\/wp-content\/uploads\/2012\/08\/sogno_di_una_notte_di_mezza_estate_michelle_pfeiffer_michael_hoffman_001_jpg_uwri.jpg\"><img data-attachment-id=\"769\" data-permalink=\"http:\/\/www.robertosedda.it\/?attachment_id=769\" data-orig-file=\"https:\/\/i0.wp.com\/www.robertosedda.it\/wp-content\/uploads\/2012\/08\/sogno_di_una_notte_di_mezza_estate_michelle_pfeiffer_michael_hoffman_001_jpg_uwri.jpg?fit=793%2C524\" data-orig-size=\"793,524\" data-comments-opened=\"1\" data-image-meta=\"{&quot;aperture&quot;:&quot;0&quot;,&quot;credit&quot;:&quot;&quot;,&quot;camera&quot;:&quot;&quot;,&quot;caption&quot;:&quot;&quot;,&quot;created_timestamp&quot;:&quot;0&quot;,&quot;copyright&quot;:&quot;&quot;,&quot;focal_length&quot;:&quot;0&quot;,&quot;iso&quot;:&quot;0&quot;,&quot;shutter_speed&quot;:&quot;0&quot;,&quot;title&quot;:&quot;&quot;}\" data-image-title=\"sogno_di_una_notte_di_mezza_estate_michelle_pfeiffer_michael_hoffman_001_jpg_uwri\" data-image-description=\"\" data-image-caption=\"\" data-medium-file=\"https:\/\/i0.wp.com\/www.robertosedda.it\/wp-content\/uploads\/2012\/08\/sogno_di_una_notte_di_mezza_estate_michelle_pfeiffer_michael_hoffman_001_jpg_uwri.jpg?fit=300%2C198\" data-large-file=\"https:\/\/i0.wp.com\/www.robertosedda.it\/wp-content\/uploads\/2012\/08\/sogno_di_una_notte_di_mezza_estate_michelle_pfeiffer_michael_hoffman_001_jpg_uwri.jpg?fit=510%2C337\" decoding=\"async\" loading=\"lazy\" class=\"aligncenter size-medium wp-image-769\" title=\"sogno_di_una_notte_di_mezza_estate_michelle_pfeiffer_michael_hoffman_001_jpg_uwri\" alt=\"\" src=\"https:\/\/i0.wp.com\/www.robertosedda.it\/wp-content\/uploads\/2012\/08\/sogno_di_una_notte_di_mezza_estate_michelle_pfeiffer_michael_hoffman_001_jpg_uwri.jpg?resize=300%2C198\" width=\"300\" height=\"198\" srcset=\"https:\/\/i0.wp.com\/www.robertosedda.it\/wp-content\/uploads\/2012\/08\/sogno_di_una_notte_di_mezza_estate_michelle_pfeiffer_michael_hoffman_001_jpg_uwri.jpg?resize=300%2C198 300w, https:\/\/i0.wp.com\/www.robertosedda.it\/wp-content\/uploads\/2012\/08\/sogno_di_una_notte_di_mezza_estate_michelle_pfeiffer_michael_hoffman_001_jpg_uwri.jpg?resize=700%2C462 700w, https:\/\/i0.wp.com\/www.robertosedda.it\/wp-content\/uploads\/2012\/08\/sogno_di_una_notte_di_mezza_estate_michelle_pfeiffer_michael_hoffman_001_jpg_uwri.jpg?w=793 793w\" sizes=\"(max-width: 300px) 100vw, 300px\" data-recalc-dims=\"1\" \/><\/a>In questa non grandissima chiarezza d&#8217;idee si schierano poi gli attori, i quali fanno quello che possono (che in taluni casi non \u00e8 poco&#8230;). Kevin Kline gigioneggia, mentre Sophie Marceu si rifugia in una espressione perennemente imbronciata che dovrebbe dimostrarci la sua insoddisfazione per la durezza di cuore di suo marito (rimane comunque un gran bel vedere). I due &#8220;attor giovani&#8221; (di cui scusate non ricordo il nome) e le due attrici (idem) reggono con onore la parte, ma senza acuti. In campo fatato, Rupert Everett e Stanley Tucci duettano con, nella sala in cui ero, soddisfazione del pubblico, mentre a me la Pfeiffer non \u00e8 piaciuta, ma mi e&#8217; sembrata assistita male dalla regia (e dal trucco, e dal costumista&#8230;). Bravi tutti i caratteristi, mentre, se la mia ragazza non ha visto male, Heather Parisi fa una comparsata come popolana fiorentina.<\/p>\n<p>In conclusione, un&#8217;occasione parzialmente sprecata, tenuto conto che comunque il testo scespiriano alza il livello del film di un paio di spanne.<\/p>\n","protected":false},"excerpt":{"rendered":"<p>Vale la pena di fare una premessa: il Sogno non \u00e8 una delle opere scespiriane pi\u00f9 facili del mondo da<\/p>\n","protected":false},"author":1,"featured_media":769,"comment_status":"open","ping_status":"open","sticky":false,"template":"","format":"standard","meta":{"_mi_skip_tracking":false,"_monsterinsights_sitenote_active":false,"_monsterinsights_sitenote_note":"","_monsterinsights_sitenote_category":0,"jetpack_post_was_ever_published":false,"_jetpack_newsletter_access":"","jetpack_publicize_message":"","jetpack_is_tweetstorm":false,"jetpack_publicize_feature_enabled":true,"jetpack_social_post_already_shared":false,"jetpack_social_options":{"image_generator_settings":{"template":"highway","enabled":false}}},"categories":[52,63,14,56,12],"tags":[],"jetpack_publicize_connections":[],"jetpack_featured_media_url":"https:\/\/i0.wp.com\/www.robertosedda.it\/wp-content\/uploads\/2012\/08\/sogno_di_una_notte_di_mezza_estate_michelle_pfeiffer_michael_hoffman_001_jpg_uwri.jpg?fit=793%2C524","jetpack_sharing_enabled":true,"jetpack_shortlink":"https:\/\/wp.me\/p4jV2T-co","jetpack_likes_enabled":true,"jetpack-related-posts":[{"id":11858,"url":"http:\/\/www.robertosedda.it\/?p=11858","url_meta":{"origin":768,"position":0},"title":"La perplessit\u00e0 del cuore","author":"Rufus","date":"20\/04\/2016","format":false,"excerpt":"Varr\u00e0 davvero\u00a0la pena di parlare (e soprattutto di leggere) di Vittorio Alfieri e del\u00a0Saul? Un'opera fuori del nostro tempo, probabilmente, eppure con un taglio inaspettatamente moderno. http:\/\/www.radiokalaritana.it\/audio\/LIB-S04E23-Vittorio_Alfieri_Saul-20160303.mp3 Saul - Vittorio Alfieri Metto in linea oggi la puntata di\u00a0Oggi parliamo di libri\u00a0dedicata al\u00a0Saul di Vittorio Alfieri, che\u00a0prosegue il quartetto di trasmissioni\u2026","rel":"","context":"In &quot;Coordinate&quot;","block_context":{"text":"Coordinate","link":"http:\/\/www.robertosedda.it\/?cat=52"},"img":{"alt_text":"","src":"https:\/\/i0.wp.com\/www.robertosedda.it\/wp-content\/uploads\/2016\/04\/Vittorio-Alfieri.jpg?fit=1024%2C768&resize=350%2C200","width":350,"height":200,"srcset":"https:\/\/i0.wp.com\/www.robertosedda.it\/wp-content\/uploads\/2016\/04\/Vittorio-Alfieri.jpg?fit=1024%2C768&resize=350%2C200 1x, https:\/\/i0.wp.com\/www.robertosedda.it\/wp-content\/uploads\/2016\/04\/Vittorio-Alfieri.jpg?fit=1024%2C768&resize=700%2C400 2x"},"classes":[]},{"id":20504,"url":"http:\/\/www.robertosedda.it\/?p=20504","url_meta":{"origin":768,"position":1},"title":"Di candidature","author":"Rufus","date":"11\/06\/2024","format":false,"excerpt":"Sui selfie possiamo migliorare La settimana scorsa ho accettato la proposta di alcune compagne e compagni della CGIL di candidarmi al Senato Accademico dell'Universit\u00e0 di Cagliari. Siccome il blog, come sapete, serve soprattutto a me per conservare le cose che scrivo e tenere conto delle cose che faccio, pubblico qui\u2026","rel":"","context":"In &quot;Coordinate&quot;","block_context":{"text":"Coordinate","link":"http:\/\/www.robertosedda.it\/?cat=52"},"img":{"alt_text":"","src":"https:\/\/i0.wp.com\/www.robertosedda.it\/wp-content\/uploads\/2024\/06\/IMG_20201123_132353-scaled.jpg?fit=1200%2C900&resize=350%2C200","width":350,"height":200,"srcset":"https:\/\/i0.wp.com\/www.robertosedda.it\/wp-content\/uploads\/2024\/06\/IMG_20201123_132353-scaled.jpg?fit=1200%2C900&resize=350%2C200 1x, https:\/\/i0.wp.com\/www.robertosedda.it\/wp-content\/uploads\/2024\/06\/IMG_20201123_132353-scaled.jpg?fit=1200%2C900&resize=700%2C400 2x, https:\/\/i0.wp.com\/www.robertosedda.it\/wp-content\/uploads\/2024\/06\/IMG_20201123_132353-scaled.jpg?fit=1200%2C900&resize=1050%2C600 3x"},"classes":[]},{"id":698,"url":"http:\/\/www.robertosedda.it\/?p=698","url_meta":{"origin":768,"position":2},"title":"Metti una sera una tragedia greca","author":"Rufus","date":"23\/08\/2012","format":false,"excerpt":"Vorrei raccontarvi un episodio che mi \u00e8 capitato ieri, che mi ha fatto molto ridere e che secondo me dice parecchio anche sull'Universit\u00e0 italiana, sia in s\u00e9 sia per come si \u00e8 costruito... e raccontarvelo mi d\u00e0 anche l'occasione di riferirvi delle altre cose spero interessanti. Dunque, secondo il principio\u2026","rel":"","context":"In &quot;Coordinate&quot;","block_context":{"text":"Coordinate","link":"http:\/\/www.robertosedda.it\/?cat=52"},"img":{"alt_text":"","src":"","width":0,"height":0},"classes":[]},{"id":19440,"url":"http:\/\/www.robertosedda.it\/?p=19440","url_meta":{"origin":768,"position":3},"title":"\u00c8 sempre tempo di minimarketing","author":"Rufus","date":"05\/04\/2022","format":false,"excerpt":"Vale la pena di seguire la sempre interessante newsletter di minimarketing di Gianluca Diegoli. Considerato che sono secoli che non la consiglio, approfitto della non-recensione di un film interessante - applicato al marketing.","rel":"","context":"In &quot;Coordinate&quot;","block_context":{"text":"Coordinate","link":"http:\/\/www.robertosedda.it\/?cat=52"},"img":{"alt_text":"","src":"https:\/\/i0.wp.com\/www.robertosedda.it\/wp-content\/uploads\/2022\/04\/Diegoli.jpg?fit=787%2C397&resize=350%2C200","width":350,"height":200,"srcset":"https:\/\/i0.wp.com\/www.robertosedda.it\/wp-content\/uploads\/2022\/04\/Diegoli.jpg?fit=787%2C397&resize=350%2C200 1x, https:\/\/i0.wp.com\/www.robertosedda.it\/wp-content\/uploads\/2022\/04\/Diegoli.jpg?fit=787%2C397&resize=700%2C400 2x"},"classes":[]},{"id":12703,"url":"http:\/\/www.robertosedda.it\/?p=12703","url_meta":{"origin":768,"position":4},"title":"\u00c8 un eretico chi accende il rogo, non colei che vi viene bruciata","author":"Rufus","date":"24\/10\/2016","format":false,"excerpt":"Nel\u00a0Racconto d'inverno di Shakespeare a un certo punto il re Leonte minaccia di mettere al rogo\u00a0la fastidiosa\u00a0Paolina che gli tiene testa, e quella gli risponde secca: \u00c8 un eretico chi accende il rogo, non colei che vi viene bruciata. Il rogo era una pena che comportava o l'eresia -\u00a0e vi\u2026","rel":"","context":"In &quot;Coordinate&quot;","block_context":{"text":"Coordinate","link":"http:\/\/www.robertosedda.it\/?cat=52"},"img":{"alt_text":"","src":"https:\/\/i0.wp.com\/www.robertosedda.it\/wp-content\/uploads\/2016\/10\/Secret-Shakespeare.jpg?fit=338%2C500&resize=350%2C200","width":350,"height":200},"classes":[]},{"id":19822,"url":"http:\/\/www.robertosedda.it\/?p=19822","url_meta":{"origin":768,"position":5},"title":"Il problema della violenza a Milano nell&#8217;analisi del Post","author":"Rufus","date":"18\/07\/2022","format":false,"excerpt":"Mi sembra opportuno invitare a leggere un'analisi pubblicata dal Post sulla situazione di Milano riguardo a violenza e criminalit\u00e0, argomento diventato di richiamo perch\u00e9 evocato di recente anche da Chiara Ferragni. Vale la pena di leggerlo per l'interesse dell'argomento in s\u00e9, perch\u00e9 suscita riflessioni che possono valere per altre citt\u00e0\u2026","rel":"","context":"In &quot;Coordinate&quot;","block_context":{"text":"Coordinate","link":"http:\/\/www.robertosedda.it\/?cat=52"},"img":{"alt_text":"","src":"https:\/\/i0.wp.com\/www.robertosedda.it\/wp-content\/uploads\/2022\/07\/Milano-violenza-Post.png?fit=817%2C581&resize=350%2C200","width":350,"height":200,"srcset":"https:\/\/i0.wp.com\/www.robertosedda.it\/wp-content\/uploads\/2022\/07\/Milano-violenza-Post.png?fit=817%2C581&resize=350%2C200 1x, https:\/\/i0.wp.com\/www.robertosedda.it\/wp-content\/uploads\/2022\/07\/Milano-violenza-Post.png?fit=817%2C581&resize=700%2C400 2x"},"classes":[]}],"_links":{"self":[{"href":"http:\/\/www.robertosedda.it\/index.php?rest_route=\/wp\/v2\/posts\/768"}],"collection":[{"href":"http:\/\/www.robertosedda.it\/index.php?rest_route=\/wp\/v2\/posts"}],"about":[{"href":"http:\/\/www.robertosedda.it\/index.php?rest_route=\/wp\/v2\/types\/post"}],"author":[{"embeddable":true,"href":"http:\/\/www.robertosedda.it\/index.php?rest_route=\/wp\/v2\/users\/1"}],"replies":[{"embeddable":true,"href":"http:\/\/www.robertosedda.it\/index.php?rest_route=%2Fwp%2Fv2%2Fcomments&post=768"}],"version-history":[{"count":4,"href":"http:\/\/www.robertosedda.it\/index.php?rest_route=\/wp\/v2\/posts\/768\/revisions"}],"predecessor-version":[{"id":5076,"href":"http:\/\/www.robertosedda.it\/index.php?rest_route=\/wp\/v2\/posts\/768\/revisions\/5076"}],"wp:featuredmedia":[{"embeddable":true,"href":"http:\/\/www.robertosedda.it\/index.php?rest_route=\/wp\/v2\/media\/769"}],"wp:attachment":[{"href":"http:\/\/www.robertosedda.it\/index.php?rest_route=%2Fwp%2Fv2%2Fmedia&parent=768"}],"wp:term":[{"taxonomy":"category","embeddable":true,"href":"http:\/\/www.robertosedda.it\/index.php?rest_route=%2Fwp%2Fv2%2Fcategories&post=768"},{"taxonomy":"post_tag","embeddable":true,"href":"http:\/\/www.robertosedda.it\/index.php?rest_route=%2Fwp%2Fv2%2Ftags&post=768"}],"curies":[{"name":"wp","href":"https:\/\/api.w.org\/{rel}","templated":true}]}}