{"id":7648,"date":"2014-06-10T13:44:27","date_gmt":"2014-06-10T11:44:27","guid":{"rendered":"http:\/\/www.robertosedda.it\/?p=7648"},"modified":"2015-06-10T11:31:34","modified_gmt":"2015-06-10T09:31:34","slug":"la-bella-sorpresa-di-open","status":"publish","type":"post","link":"http:\/\/www.robertosedda.it\/?p=7648","title":{"rendered":"La bella sorpresa di Open"},"content":{"rendered":"<h2><em>Open<\/em> (Andre Agassi,\u00a0<em>Einaudi<\/em> 2011)<\/h2>\n<p>Lo ammetto volentieri:\u00a0<em>The boxer<\/em> di Simon&amp;Garfunkel, per quanto sia una canzone meravigliosa, era un brano musicale adatto a commentare la puntata su\u00a0<em>Open<\/em> solo in senso molto lato, ma l&#8217;ho scelta &#8211; oltre che perch\u00e9 mi piace moltissimo- perch\u00e9 comunque ci sono un paio di strofe che sembrerebbero <em>esattamente\u00a0<\/em>tratte dalle pagine del libro di Agassi:<\/p>\n<blockquote><p><span style=\"color: #474747;\">I am just a poor boy<br \/>\n<\/span><span style=\"color: #474747;\">Though my story&#8217;s seldom told<br \/>\n<\/span><span style=\"color: #474747;\">I have squandered my resistance<br \/>\n<\/span><span style=\"color: #474747;\">For a pocket full of mumbles such are promises<br \/>\n<\/span><span style=\"color: #474747;\">All lies and jests<br \/>\n<\/span><span style=\"color: #474747;\">Still a man hears what he wants to hear<br \/>\n<\/span><span style=\"color: #474747;\">And disregards the rest\u00a0<\/span><\/p>\n<p>[&#8230;]<\/p>\n<p>In the clearing stands a boxer<br \/>\nAnd a fighter by his trade<br \/>\nAnd he carries the reminders<br \/>\nOf ev&#8217;ry glove that layed him down<br \/>\nOr cut him till he cried out<br \/>\nIn his anger and his shame<br \/>\n&#8220;I am leaving, I am leaving&#8221;<br \/>\nBut the fighter still remains<\/p><\/blockquote>\n<div class=\"jetpack-video-wrapper\"><span class=\"embed-youtube\" style=\"text-align:center; display: block;\"><iframe class=\"youtube-player\" width=\"800\" height=\"450\" src=\"https:\/\/www.youtube.com\/embed\/p26C6qhm_hw?version=3&#038;rel=1&#038;showsearch=0&#038;showinfo=1&#038;iv_load_policy=1&#038;fs=1&#038;hl=it-IT&#038;autohide=2&#038;wmode=transparent\" allowfullscreen=\"true\" style=\"border:0;\" sandbox=\"allow-scripts allow-same-origin allow-popups allow-presentation\"><\/iframe><\/span><\/div>\n<p>Per il resto non ho molto da dire a proposito della puntata su\u00a0<em>Open<\/em>. Il libro, che non conoscevo e che ho letto apposta, mi \u00e8 piaciuto molto: ha magari un po&#8217; delle classiche lunghezze di questo tipo di\u00a0autobiografie, ma compensa abbondantemente con molte pagine davvero avvincenti e oltretutto mi ha suscitato molte riflessioni ben aldil\u00e0 delle vicende raccontate. E anche la puntata mi sembra equilibrata: per una volta non mi \u00e8 mancato il tempo e sono riuscito a dire (quasi) tutto quello che mi ero proposto, credo riuscendo cos\u00ec a dare un&#8217;idea sufficientemente chiara del libro e dei suoi meriti.<\/p>\n<p>Se avessi avuto pi\u00f9 tempo mi sarei forse dilungato maggiormente sul lato umano di Agassi, i suoi silenzi, le sue fragilit\u00e0, la relazione con Brooke Shields, con la sua dimensione ambivalente &#8211; due\u00a0<em>golden kids<\/em>\u00a0prigionieri\u00a0delle dinamiche matrimoniali pi\u00f9 banali che si possano immaginare &#8211; e le pagine, davvero divertenti, in cui per sedurre Steffi Graf usa le stesse tattiche di un qualunque frescone di circolo del tennis di periferia, oppure la dimensione di <em>clan<\/em> che si costruisce attorno al campione &#8211; un fenomeno tipico, credo &#8211; con tutte le classiche dinamiche del caso. \u00c8 tutta una dimensione interessante di cui non ho potuto parlare in trasmissione e che menziono qui per invogliare ulteriormente alla lettura.<\/p>\n<p>Rimango per\u00f2 convinto che l&#8217;aspetto migliore del libro sia quello a cui ho accennato in trasmissione, cio\u00e8 di come dimostri la capacit\u00e0 delle narrazioni sportive di aprirsi in maniera &#8220;naturale&#8221;, quasi spontanea, a dimensioni di epicit\u00e0 e di assumere perci\u00f2 la dimensione di narrazioni universali. Lo sport, mi viene da dire, non \u00e8 spettacolo, ma piuttosto narrazione, ma non voglio diventare pomposo: la butto qui e mi ritiro in buon ordine (per\u00f2 agli amici docenti lo proporrei, come esercizio, la lettura incrociata di\u00a0<em>Open<\/em> e dell&#8217;<em>Orlando Furioso<\/em> o dell&#8217;<em>Iliade<\/em>).<\/p>\n<div class=\"jetpack-video-wrapper\"><span class=\"embed-youtube\" style=\"text-align:center; display: block;\"><iframe class=\"youtube-player\" width=\"800\" height=\"450\" src=\"https:\/\/www.youtube.com\/embed\/p26C6qhm_hw?version=3&#038;rel=1&#038;showsearch=0&#038;showinfo=1&#038;iv_load_policy=1&#038;fs=1&#038;hl=it-IT&#038;autohide=2&#038;wmode=transparent\" allowfullscreen=\"true\" style=\"border:0;\" sandbox=\"allow-scripts allow-same-origin allow-popups allow-presentation\"><\/iframe><\/span><\/div>\n","protected":false},"excerpt":{"rendered":"<p>Open (Andre Agassi,\u00a0Einaudi 2011) Lo ammetto volentieri:\u00a0The boxer di Simon&amp;Garfunkel, per quanto sia una canzone meravigliosa, era un brano musicale<\/p>\n","protected":false},"author":1,"featured_media":0,"comment_status":"open","ping_status":"open","sticky":false,"template":"","format":"video","meta":{"_mi_skip_tracking":false,"_monsterinsights_sitenote_active":false,"_monsterinsights_sitenote_note":"","_monsterinsights_sitenote_category":0,"jetpack_post_was_ever_published":false,"_jetpack_newsletter_access":"","jetpack_publicize_message":"","jetpack_is_tweetstorm":false,"jetpack_publicize_feature_enabled":true,"jetpack_social_post_already_shared":true,"jetpack_social_options":{"image_generator_settings":{"template":"highway","enabled":false}}},"categories":[83,56,13,12],"tags":[],"jetpack_publicize_connections":[],"jetpack_featured_media_url":"","jetpack_sharing_enabled":true,"jetpack_shortlink":"https:\/\/wp.me\/p4jV2T-1Zm","jetpack_likes_enabled":true,"jetpack-related-posts":[{"id":2255,"url":"http:\/\/www.robertosedda.it\/?p=2255","url_meta":{"origin":7648,"position":0},"title":"Tecnologie politiche","author":"Rufus","date":"19\/02\/2013","format":false,"excerpt":"Ho letto\u00a0oggi un articolo magnifico su The Atlantic\u00a0che racconta tutta la parte tecnologica della\u00a0campagna elettorale di Barack Obama\u00a0(l'ho letto perch\u00e9 era\u00a0citato in un articolo a sua volta interessante su LivePaola, che\u00a0io ho trovato perch\u00e9 Gianluca Diegoli\u00a0l'ha segnalato su Twitter: mi sembra giusto riconoscere tutta la catena). Ora, la campagna elettorale\u2026","rel":"","context":"In &quot;Coordinate&quot;","block_context":{"text":"Coordinate","link":"http:\/\/www.robertosedda.it\/?cat=52"},"img":{"alt_text":"","src":"https:\/\/i0.wp.com\/www.robertosedda.it\/wp-content\/uploads\/2013\/02\/harperhug.jpg?fit=610%2C426&resize=350%2C200","width":350,"height":200},"classes":[]},{"id":3037,"url":"http:\/\/www.robertosedda.it\/?p=3037","url_meta":{"origin":7648,"position":1},"title":"Foto da vedere","author":"Rufus","date":"29\/04\/2013","format":false,"excerpt":"Di solito non parlo di fotografia sul blog (credo di averne parlato solo una volta,\u00a0in nezzo alle \"liste\" del 2012) ma una segnalazione di The Atlantic mi ha portato a esplorare i Sony World Photography Awards per il 2013, dove ho trovato un paio di belle cose. La foto qui\u2026","rel":"","context":"In &quot;Coordinate&quot;","block_context":{"text":"Coordinate","link":"http:\/\/www.robertosedda.it\/?cat=52"},"img":{"alt_text":"","src":"https:\/\/i0.wp.com\/www.robertosedda.it\/wp-content\/uploads\/2013\/04\/s01_gjestva1.jpg?fit=991%2C716&resize=350%2C200","width":350,"height":200,"srcset":"https:\/\/i0.wp.com\/www.robertosedda.it\/wp-content\/uploads\/2013\/04\/s01_gjestva1.jpg?fit=991%2C716&resize=350%2C200 1x, https:\/\/i0.wp.com\/www.robertosedda.it\/wp-content\/uploads\/2013\/04\/s01_gjestva1.jpg?fit=991%2C716&resize=700%2C400 2x"},"classes":[]},{"id":3545,"url":"http:\/\/www.robertosedda.it\/?p=3545","url_meta":{"origin":7648,"position":2},"title":"Per Michela che compie gli anni","author":"Rufus","date":"15\/06\/2013","format":false,"excerpt":"Mia nipote Michela, la nipote grande, compie oggi diciotto anni. Ieri in pizzeria, commentando la cosa con Maria Bonaria e il mitico Pino, mi sono lasciato trascinare nello scrivere una poesia di augurio. Visto che Michela \u00e8 casualmente a Londra con la famiglia, la poesia \u00e8 in inglese (\u00e8 ovvio\u2026","rel":"","context":"In &quot;Coordinate&quot;","block_context":{"text":"Coordinate","link":"http:\/\/www.robertosedda.it\/?cat=52"},"img":{"alt_text":"","src":"https:\/\/i0.wp.com\/www.robertosedda.it\/wp-content\/uploads\/2014\/12\/Michela.jpg?fit=951%2C1200&resize=350%2C200","width":350,"height":200,"srcset":"https:\/\/i0.wp.com\/www.robertosedda.it\/wp-content\/uploads\/2014\/12\/Michela.jpg?fit=951%2C1200&resize=350%2C200 1x, https:\/\/i0.wp.com\/www.robertosedda.it\/wp-content\/uploads\/2014\/12\/Michela.jpg?fit=951%2C1200&resize=700%2C400 2x"},"classes":[]},{"id":2972,"url":"http:\/\/www.robertosedda.it\/?p=2972","url_meta":{"origin":7648,"position":3},"title":"Stalky &#038; C.","author":"Rufus","date":"23\/04\/2013","format":false,"excerpt":"Ieri ho promesso che sarei tornato su Kipling per parlare di una sua raccolta di racconti che mi \u00e8 sempre\u00a0piaciuta molto, Stalky & C.: lo faccio subito, cos\u00ec non mi dimentico. Devo dire subito che Stalky \u00e8 purtroppo fuori catalogo (lo pubblicava Mondadori): l'unica possibilit\u00e0 per leggerlo, a parte le\u2026","rel":"","context":"In &quot;Coordinate&quot;","block_context":{"text":"Coordinate","link":"http:\/\/www.robertosedda.it\/?cat=52"},"img":{"alt_text":"","src":"https:\/\/i0.wp.com\/www.robertosedda.it\/wp-content\/uploads\/2013\/04\/complete-stalky-co-rudyard-kipling-paperback-cover-art.jpg?fit=200%2C303&resize=350%2C200","width":350,"height":200},"classes":[]},{"id":2812,"url":"http:\/\/www.robertosedda.it\/?p=2812","url_meta":{"origin":7648,"position":4},"title":"Null&#8217;altro rimane intorno alle rovine","author":"Rufus","date":"09\/04\/2013","format":false,"excerpt":"Sono rimasto molto colpito dalle reazioni alla morte della Thatcher, un senso diffuso di malcelata soddisfazione (anche non celata, direttamente). Intendiamoci: c'\u00e8 ben poco da difendere. Basta ricordare i flirt con Pinochet, la difesa del governo sudafricano dell'apartheid\u00a0e la guerra sciagurata per le Falklands, tutta giocata su calcoli elettorali. Per\u00f2\u2026","rel":"","context":"In &quot;Coordinate&quot;","block_context":{"text":"Coordinate","link":"http:\/\/www.robertosedda.it\/?cat=52"},"img":{"alt_text":"","src":"https:\/\/i0.wp.com\/www.robertosedda.it\/wp-content\/uploads\/2013\/04\/daily-cartoon-20130409.jpg?fit=620%2C409&resize=350%2C200","width":350,"height":200},"classes":[]},{"id":7951,"url":"http:\/\/www.robertosedda.it\/?p=7951","url_meta":{"origin":7648,"position":5},"title":"Se possedeste la tela dell&#8217;Uomo Ragno, per cosa la usereste?","author":"Rufus","date":"15\/07\/2014","format":false,"excerpt":"Cominciamo dall'inizio: va precisato che quella del titolo non \u00e8 (quasi del tutto) una domanda retorica. Wired\u00a0ha pubblicato pochi giorni fa la notizia che una societ\u00e0 americana \u00e8 riuscita a produrre tela di ragno in maniera industriale e affidabile, modificando geneticamente dei bachi da seta con l'inserimento di DNA di\u2026","rel":"","context":"In &quot;Coordinate&quot;","block_context":{"text":"Coordinate","link":"http:\/\/www.robertosedda.it\/?cat=52"},"img":{"alt_text":"","src":"https:\/\/i0.wp.com\/www.robertosedda.it\/wp-content\/uploads\/2014\/07\/Genetically-engineered-silk-moth.jpg?fit=660%2C459&resize=350%2C200","width":350,"height":200},"classes":[]}],"_links":{"self":[{"href":"http:\/\/www.robertosedda.it\/index.php?rest_route=\/wp\/v2\/posts\/7648"}],"collection":[{"href":"http:\/\/www.robertosedda.it\/index.php?rest_route=\/wp\/v2\/posts"}],"about":[{"href":"http:\/\/www.robertosedda.it\/index.php?rest_route=\/wp\/v2\/types\/post"}],"author":[{"embeddable":true,"href":"http:\/\/www.robertosedda.it\/index.php?rest_route=\/wp\/v2\/users\/1"}],"replies":[{"embeddable":true,"href":"http:\/\/www.robertosedda.it\/index.php?rest_route=%2Fwp%2Fv2%2Fcomments&post=7648"}],"version-history":[{"count":2,"href":"http:\/\/www.robertosedda.it\/index.php?rest_route=\/wp\/v2\/posts\/7648\/revisions"}],"predecessor-version":[{"id":10348,"href":"http:\/\/www.robertosedda.it\/index.php?rest_route=\/wp\/v2\/posts\/7648\/revisions\/10348"}],"wp:attachment":[{"href":"http:\/\/www.robertosedda.it\/index.php?rest_route=%2Fwp%2Fv2%2Fmedia&parent=7648"}],"wp:term":[{"taxonomy":"category","embeddable":true,"href":"http:\/\/www.robertosedda.it\/index.php?rest_route=%2Fwp%2Fv2%2Fcategories&post=7648"},{"taxonomy":"post_tag","embeddable":true,"href":"http:\/\/www.robertosedda.it\/index.php?rest_route=%2Fwp%2Fv2%2Ftags&post=7648"}],"curies":[{"name":"wp","href":"https:\/\/api.w.org\/{rel}","templated":true}]}}