{"id":763,"date":"2012-08-24T16:47:10","date_gmt":"2012-08-24T14:47:10","guid":{"rendered":"http:\/\/www.robertosedda.it\/?p=763"},"modified":"2013-07-29T13:42:57","modified_gmt":"2013-07-29T11:42:57","slug":"casomai","status":"publish","type":"post","link":"http:\/\/www.robertosedda.it\/?p=763","title":{"rendered":"Casomai"},"content":{"rendered":"<p>Ingannevolmente presentato come commedia, <em>Casomai<\/em> \u00e8 un film che, secondo chi si trova tra il pubblico, pu\u00f2 benissimo prendere alla gola e causare un&#8217;angoscia indicibile; vi si racconta, infatti, come i meccanismi della vita quotidiana possano letteralmente stroncare anche l&#8217;amore pi\u00f9 sincero.<\/p>\n<p><a href=\"https:\/\/i0.wp.com\/www.robertosedda.it\/wp-content\/uploads\/2012\/08\/Casomai-01.jpg\"><img data-attachment-id=\"764\" data-permalink=\"http:\/\/www.robertosedda.it\/?attachment_id=764\" data-orig-file=\"https:\/\/i0.wp.com\/www.robertosedda.it\/wp-content\/uploads\/2012\/08\/Casomai-01.jpg?fit=400%2C271\" data-orig-size=\"400,271\" data-comments-opened=\"1\" data-image-meta=\"{&quot;aperture&quot;:&quot;0&quot;,&quot;credit&quot;:&quot;&quot;,&quot;camera&quot;:&quot;&quot;,&quot;caption&quot;:&quot;&quot;,&quot;created_timestamp&quot;:&quot;0&quot;,&quot;copyright&quot;:&quot;&quot;,&quot;focal_length&quot;:&quot;0&quot;,&quot;iso&quot;:&quot;0&quot;,&quot;shutter_speed&quot;:&quot;0&quot;,&quot;title&quot;:&quot;&quot;}\" data-image-title=\"Casomai&#8212;01\" data-image-description=\"\" data-image-caption=\"\" data-medium-file=\"https:\/\/i0.wp.com\/www.robertosedda.it\/wp-content\/uploads\/2012\/08\/Casomai-01.jpg?fit=300%2C203\" data-large-file=\"https:\/\/i0.wp.com\/www.robertosedda.it\/wp-content\/uploads\/2012\/08\/Casomai-01.jpg?fit=400%2C271\" decoding=\"async\" loading=\"lazy\" class=\"aligncenter size-medium wp-image-764\" title=\"Casomai---01\" alt=\"\" src=\"https:\/\/i0.wp.com\/www.robertosedda.it\/wp-content\/uploads\/2012\/08\/Casomai-01.jpg?resize=300%2C203\" width=\"300\" height=\"203\" srcset=\"https:\/\/i0.wp.com\/www.robertosedda.it\/wp-content\/uploads\/2012\/08\/Casomai-01.jpg?resize=300%2C203 300w, https:\/\/i0.wp.com\/www.robertosedda.it\/wp-content\/uploads\/2012\/08\/Casomai-01.jpg?w=400 400w\" sizes=\"(max-width: 300px) 100vw, 300px\" data-recalc-dims=\"1\" \/><\/a>Nella prima mezzora si ride abbastanza, e ci si riconosce nelle difficolt\u00e0 delle coppie giovani che preparano il matrimonio. Nella seconda mezzora si ride moooolto meno, e ci si riconosce nelle<br \/>\ndifficolt\u00e0 delle coppie giovani <em>dopo<\/em> il matrimonio; dopodich\u00e9 se \u00e8 scattata l&#8217;identificazione il meccanismo a orologeria con cui \u00e8 costruito il film soffoca non solo i protagonisti ma anche il<br \/>\npubblico. Finale solo in apparenza rassicurante, direi.<\/p>\n<p>D&#8217;Alatri racconta con freddezza, severit\u00e0 e passione; brava la Rocca, perfetto Fabio Volo.<\/p>\n<p>Mi ha colpito un raffronto con <em>L&#8217;ultimo bacio<\/em>: se alcune tematiche di fondo sono le stesse, <em>Casomai<\/em> si presenta, certamente per caso, come un controcanto continuo al film di Muccino; Milano e Roma, borghesia tradizionale di Prati e precariato della <em>new economy<\/em>&#8230; soprattutto quello che in <em>L&#8217;ultimo bacio<\/em> era etereo, <em>mistico<\/em>, straordinario (l&#8217;angelo biondo diciottenne bello come un sogno, il viaggio in India) \u00e8 qui diventato concreto, reale e quotidiano: il lavoro, i figli, il tempo libero, i genitori.<\/p>\n<p>Venendo alle note: questo film \u00e8 il film che l&#8217;<em>Osservatore Romano<\/em> dovrebbe recensire, o anche il film che probabilmente diventer\u00e0 un classico proiettato in tute le parrocchie (come negli anni &#8217;80 si<br \/>\ncantava <em>Dio \u00e8 morto<\/em>). Detto in altri modi, mi gioco quello che volete che il giudizio sintetico di <em>Famiglia Cristiana<\/em> sar\u00e0 &#8220;discutibile\/dibattiti&#8221;.<\/p>\n<p>Bellocchio parla di un tema che \u00e8 oggi largamente insignificante nella vita della Chiesa: ci sono pagine e pagine del Concilio Vaticano II dedicate al rapporto con l&#8217;ateismo, ma sono pagine che nessuno<br \/>\nlegge pi\u00f9 (per non dire del fatto che l&#8217;ateo, inteso come persona che si pone sul serio il problema religioso e si da una risposta negativa) \u00e8 oggi una mosca bianca diecimila volte pi\u00f9 rara dei credenti (cio\u00e8 di chi si pone il problema religioso sul serio e si d\u00e0 una risposta positiva).<\/p>\n<p><a href=\"https:\/\/i0.wp.com\/www.robertosedda.it\/wp-content\/uploads\/2012\/08\/casomai1.jpg\"><img data-attachment-id=\"765\" data-permalink=\"http:\/\/www.robertosedda.it\/?attachment_id=765\" data-orig-file=\"https:\/\/i0.wp.com\/www.robertosedda.it\/wp-content\/uploads\/2012\/08\/casomai1.jpg?fit=400%2C225\" data-orig-size=\"400,225\" data-comments-opened=\"1\" data-image-meta=\"{&quot;aperture&quot;:&quot;0&quot;,&quot;credit&quot;:&quot;&quot;,&quot;camera&quot;:&quot;&quot;,&quot;caption&quot;:&quot;&quot;,&quot;created_timestamp&quot;:&quot;0&quot;,&quot;copyright&quot;:&quot;&quot;,&quot;focal_length&quot;:&quot;0&quot;,&quot;iso&quot;:&quot;0&quot;,&quot;shutter_speed&quot;:&quot;0&quot;,&quot;title&quot;:&quot;&quot;}\" data-image-title=\"casomai1\" data-image-description=\"\" data-image-caption=\"\" data-medium-file=\"https:\/\/i0.wp.com\/www.robertosedda.it\/wp-content\/uploads\/2012\/08\/casomai1.jpg?fit=300%2C168\" data-large-file=\"https:\/\/i0.wp.com\/www.robertosedda.it\/wp-content\/uploads\/2012\/08\/casomai1.jpg?fit=400%2C225\" decoding=\"async\" loading=\"lazy\" class=\"size-medium wp-image-765 alignleft\" title=\"casomai1\" alt=\"\" src=\"https:\/\/i0.wp.com\/www.robertosedda.it\/wp-content\/uploads\/2012\/08\/casomai1.jpg?resize=300%2C168\" width=\"300\" height=\"168\" srcset=\"https:\/\/i0.wp.com\/www.robertosedda.it\/wp-content\/uploads\/2012\/08\/casomai1.jpg?resize=300%2C168 300w, https:\/\/i0.wp.com\/www.robertosedda.it\/wp-content\/uploads\/2012\/08\/casomai1.jpg?w=400 400w\" sizes=\"(max-width: 300px) 100vw, 300px\" data-recalc-dims=\"1\" \/><\/a>Invece D&#8217;Alatri tocca un tema bruciante per la coscienza dei cattolici, e lo fa mettendo in scena direttamente almeno un personaggio che si interroga sul matrimonio &#8220;da cristiano&#8221;, e che con tutta chiarezza ha anche lui le idee confuse come tutti (anzi forse pi\u00f9 di tutti).<\/p>\n<p>Purtroppo, il finale &#8220;aperto&#8221; in questo senso \u00e8 un difetto: permetter\u00e0 a chi non vuol vedere di trovarvi in ogni caso un &#8220;messaggio positivo&#8221; (ne ho gi\u00e0 sentito uno stasera) e sufficientemente consolatorio da salvarsi la coscienza.<\/p>\n","protected":false},"excerpt":{"rendered":"<p>Ingannevolmente presentato come commedia, Casomai \u00e8 un film che, secondo chi si trova tra il pubblico, pu\u00f2 benissimo prendere alla<\/p>\n","protected":false},"author":1,"featured_media":764,"comment_status":"open","ping_status":"open","sticky":false,"template":"","format":"standard","meta":{"_mi_skip_tracking":false,"_monsterinsights_sitenote_active":false,"_monsterinsights_sitenote_note":"","_monsterinsights_sitenote_category":0,"jetpack_post_was_ever_published":false,"_jetpack_newsletter_access":"","jetpack_publicize_message":"","jetpack_is_tweetstorm":false,"jetpack_publicize_feature_enabled":true,"jetpack_social_post_already_shared":false,"jetpack_social_options":{"image_generator_settings":{"template":"highway","enabled":false}}},"categories":[52,14,56,82,12],"tags":[],"jetpack_publicize_connections":[],"jetpack_featured_media_url":"https:\/\/i0.wp.com\/www.robertosedda.it\/wp-content\/uploads\/2012\/08\/Casomai-01.jpg?fit=400%2C271","jetpack_sharing_enabled":true,"jetpack_shortlink":"https:\/\/wp.me\/s4jV2T-casomai","jetpack_likes_enabled":true,"jetpack-related-posts":[{"id":3872,"url":"http:\/\/www.robertosedda.it\/?p=3872","url_meta":{"origin":763,"position":0},"title":"Una famiglia perfetta","author":"Rufus","date":"06\/07\/2013","format":"video","excerpt":"Ho visto ieri nella benemerita rassegna estiva di Villa Muscas Una famiglia perfetta di Paolo Genovese. Il gruppo \"La Pira\" in questo periodo sta facendo un lavoro sulle relazioni familiari e quindi la visione del film si prestava, o cos\u00ec pensavo, a fare un po' da sponda a temi di\u2026","rel":"","context":"In &quot;Coordinate&quot;","block_context":{"text":"Coordinate","link":"http:\/\/www.robertosedda.it\/?cat=52"},"img":{"alt_text":"","src":"https:\/\/i0.wp.com\/www.robertosedda.it\/wp-content\/uploads\/2013\/07\/Famiglia-perfetta.jpg?fit=1024%2C619&resize=350%2C200","width":350,"height":200,"srcset":"https:\/\/i0.wp.com\/www.robertosedda.it\/wp-content\/uploads\/2013\/07\/Famiglia-perfetta.jpg?fit=1024%2C619&resize=350%2C200 1x, https:\/\/i0.wp.com\/www.robertosedda.it\/wp-content\/uploads\/2013\/07\/Famiglia-perfetta.jpg?fit=1024%2C619&resize=700%2C400 2x"},"classes":[]},{"id":11513,"url":"http:\/\/www.robertosedda.it\/?p=11513","url_meta":{"origin":763,"position":1},"title":"Sul DDL Cirinn\u00e0","author":"Rufus","date":"08\/02\/2016","format":false,"excerpt":"La settimana scorsa, rilanciando\u00a0un vecchio articolo di questo\u00a0blog, ho incautamente detto che il giorno dopo\u00a0avrei parlato del DDL Cirinn\u00e0. Sia mia sorella di persona che altri su\u00a0Facebook mi hanno fatto sapere di essere curiosi di sapere cosa avrei scritto, e mi chiedo cosa avranno pensato quando poi non ho pubblicato\u2026","rel":"","context":"In &quot;Coordinate&quot;","block_context":{"text":"Coordinate","link":"http:\/\/www.robertosedda.it\/?cat=52"},"img":{"alt_text":"","src":"https:\/\/i0.wp.com\/www.robertosedda.it\/wp-content\/uploads\/2016\/02\/Senato.png?fit=486%2C205&resize=350%2C200","width":350,"height":200},"classes":[]},{"id":4981,"url":"http:\/\/www.robertosedda.it\/?p=4981","url_meta":{"origin":763,"position":2},"title":"Una piccola impresa meridionale","author":"Rufus","date":"11\/11\/2013","format":"video","excerpt":"A me Basilicata coast to coast, il film che ha lanciato Papaleo, era piaciuto abbastanza. Non altrettanto devo dire di questo Una piccola impresa meridionale. Il film ha un buon ritmo e si dipana in maniera piacevole, ma sebbene in teoria ci sia, pronto da mettere in campo, tutto un\u2026","rel":"","context":"In &quot;Coordinate&quot;","block_context":{"text":"Coordinate","link":"http:\/\/www.robertosedda.it\/?cat=52"},"img":{"alt_text":"","src":"https:\/\/i0.wp.com\/www.robertosedda.it\/wp-content\/uploads\/2013\/11\/sanremo-papaleo.jpg?fit=665%2C471&resize=350%2C200","width":350,"height":200},"classes":[]},{"id":20826,"url":"http:\/\/www.robertosedda.it\/?p=20826","url_meta":{"origin":763,"position":3},"title":"Ogni volta puntualmente","author":"Rufus","date":"09\/12\/2025","format":false,"excerpt":"Da quando il gruppo La Pira ha praticamente cessato le attivit\u00e0 capita che, a intervalli regolari, a me o a Maria Bonaria o a tutti e due insieme venga voglia di sostanziare la vita di fede anche con un impegno parrocchiale: entrare nel coro, dare una mano alla gestione della\u2026","rel":"","context":"In &quot;Coordinate&quot;","block_context":{"text":"Coordinate","link":"http:\/\/www.robertosedda.it\/?cat=52"},"img":{"alt_text":"","src":"https:\/\/i0.wp.com\/www.robertosedda.it\/wp-content\/uploads\/2025\/12\/Melrose-Abbey.jpg?fit=1200%2C900&resize=350%2C200","width":350,"height":200,"srcset":"https:\/\/i0.wp.com\/www.robertosedda.it\/wp-content\/uploads\/2025\/12\/Melrose-Abbey.jpg?fit=1200%2C900&resize=350%2C200 1x, https:\/\/i0.wp.com\/www.robertosedda.it\/wp-content\/uploads\/2025\/12\/Melrose-Abbey.jpg?fit=1200%2C900&resize=700%2C400 2x, https:\/\/i0.wp.com\/www.robertosedda.it\/wp-content\/uploads\/2025\/12\/Melrose-Abbey.jpg?fit=1200%2C900&resize=1050%2C600 3x"},"classes":[]},{"id":7941,"url":"http:\/\/www.robertosedda.it\/?p=7941","url_meta":{"origin":763,"position":4},"title":"Quel che sapeva Maisie","author":"Rufus","date":"10\/07\/2014","format":"video","excerpt":"Quel che sapeva Maisie (What Maisie knew,\u00a0David Siegel\u00a0e\u00a0Scott McGehee, USA 2012) La storia di una figlia contesa fra due genitori in seguito al fallimento del loro matrimonio \u00e8 stata ormai vista al cinema pi\u00f9 e pi\u00f9 volte.\u00a0Quel che sapeva Maisie affronta per\u00f2 il tema con un paio di sfumature impreviste\u00a0che\u2026","rel":"","context":"In &quot;Coordinate&quot;","block_context":{"text":"Coordinate","link":"http:\/\/www.robertosedda.it\/?cat=52"},"img":{"alt_text":"","src":"https:\/\/i0.wp.com\/img.youtube.com\/vi\/7Ftiii0_kCI\/0.jpg?resize=350%2C200","width":350,"height":200},"classes":[]},{"id":17504,"url":"http:\/\/www.robertosedda.it\/?p=17504","url_meta":{"origin":763,"position":5},"title":"La trappola dei videogame&#8230;?","author":"Rufus","date":"14\/11\/2019","format":false,"excerpt":"Ho aspettato con una certa ansia l'uscita di Internazionale di questa settimana, perch\u00e9 Maria Bonaria mi aveva segnalato che ci sarebbe stato un dossier sui pericoli dei videogiochi, e gi\u00e0 questo non prometteva bene. In realt\u00e0 non \u00e8 tanto un dossier quanto un singolo articolo; d'altra parte \u00e8 strillato in\u2026","rel":"","context":"In &quot;Coordinate&quot;","block_context":{"text":"Coordinate","link":"http:\/\/www.robertosedda.it\/?cat=52"},"img":{"alt_text":"","src":"https:\/\/i0.wp.com\/www.robertosedda.it\/wp-content\/uploads\/2019\/11\/Internazionale-videogame.jpg?fit=600%2C809&resize=350%2C200","width":350,"height":200},"classes":[]}],"_links":{"self":[{"href":"http:\/\/www.robertosedda.it\/index.php?rest_route=\/wp\/v2\/posts\/763"}],"collection":[{"href":"http:\/\/www.robertosedda.it\/index.php?rest_route=\/wp\/v2\/posts"}],"about":[{"href":"http:\/\/www.robertosedda.it\/index.php?rest_route=\/wp\/v2\/types\/post"}],"author":[{"embeddable":true,"href":"http:\/\/www.robertosedda.it\/index.php?rest_route=\/wp\/v2\/users\/1"}],"replies":[{"embeddable":true,"href":"http:\/\/www.robertosedda.it\/index.php?rest_route=%2Fwp%2Fv2%2Fcomments&post=763"}],"version-history":[{"count":3,"href":"http:\/\/www.robertosedda.it\/index.php?rest_route=\/wp\/v2\/posts\/763\/revisions"}],"predecessor-version":[{"id":767,"href":"http:\/\/www.robertosedda.it\/index.php?rest_route=\/wp\/v2\/posts\/763\/revisions\/767"}],"wp:featuredmedia":[{"embeddable":true,"href":"http:\/\/www.robertosedda.it\/index.php?rest_route=\/wp\/v2\/media\/764"}],"wp:attachment":[{"href":"http:\/\/www.robertosedda.it\/index.php?rest_route=%2Fwp%2Fv2%2Fmedia&parent=763"}],"wp:term":[{"taxonomy":"category","embeddable":true,"href":"http:\/\/www.robertosedda.it\/index.php?rest_route=%2Fwp%2Fv2%2Fcategories&post=763"},{"taxonomy":"post_tag","embeddable":true,"href":"http:\/\/www.robertosedda.it\/index.php?rest_route=%2Fwp%2Fv2%2Ftags&post=763"}],"curies":[{"name":"wp","href":"https:\/\/api.w.org\/{rel}","templated":true}]}}