{"id":7594,"date":"2014-06-04T18:24:40","date_gmt":"2014-06-04T16:24:40","guid":{"rendered":"http:\/\/www.robertosedda.it\/?p=7594"},"modified":"2021-06-05T14:54:29","modified_gmt":"2021-06-05T12:54:29","slug":"il-nome-della-rosa-libro-radio-e-cinema","status":"publish","type":"post","link":"http:\/\/www.robertosedda.it\/?p=7594","title":{"rendered":"&#8220;Il nome della rosa&#8221;: libro, radio e cinema"},"content":{"rendered":"<p>Prima di ogni altra cosa devo ammetterlo: sono un cialtrone. Involontario, magari, ma un cialtrone.<\/p>\n<p>Se sentite la puntata di <em>Oggi parliamo di libri<\/em> dedicata a <em>Il nome della rosa<\/em> vi renderete conto che c&#8217;\u00e8 una lunga parte (tra l&#8217;altro <em>troppo<\/em> lunga, tanto che mi ha costretto a tagliare altre cose pi\u00f9 importanti) in cui descrivo un episodio del libro.<\/p>\n<div class=\"jetpack-video-wrapper\"><span class=\"embed-youtube\" style=\"text-align:center; display: block;\"><iframe class=\"youtube-player\" width=\"800\" height=\"450\" src=\"https:\/\/www.youtube.com\/embed\/xKitmbSg4ss?version=3&#038;rel=1&#038;showsearch=0&#038;showinfo=1&#038;iv_load_policy=1&#038;fs=1&#038;hl=it-IT&#038;autohide=2&#038;wmode=transparent\" allowfullscreen=\"true\" style=\"border:0;\" sandbox=\"allow-scripts allow-same-origin allow-popups allow-presentation\"><\/iframe><\/span><\/div>\n<p>Peccato che da poco ho cominciato a rileggere il libro &#8211; la puntata l&#8217;ho fatta a memoria &#8211; e ho scoperto con sorpresa che l&#8217;episodio citato nel libro, semplicemente, non c&#8217;\u00e8.<\/p>\n<p>Intendiamoci, il concetto che volevo esprimere \u00e8 del tutto corretto: Guglielmo da Baskerville \u00e8 modellato su <a title=\"\u201cOggi parliamo di libri\u201d ricomincia con Sherlock Holmes\" href=\"http:\/\/www.robertosedda.it\/?p=5433\">Sherlock Holmes<\/a>. Adesso che sto rileggendo <em>Il nome della rosa<\/em> noto che la sua descrizione fisica \u00e8 del tutto ricalcata sulle parole di Conan Doyle, quasi parola per parola, e l&#8217;episodio del bagno che cito io (e che \u00e8, invece, del film) nel libro \u00e8 sostituita dall&#8217;episodio dell&#8217;individuazione del cavallo dell&#8217;abate, che peraltro \u00e8 ancora pi\u00f9 sherlockiano.<\/p>\n<div class=\"jetpack-video-wrapper\"><span class=\"embed-youtube\" style=\"text-align:center; display: block;\"><iframe class=\"youtube-player\" width=\"800\" height=\"450\" src=\"https:\/\/www.youtube.com\/embed\/ug-qQ6fXevo?version=3&#038;rel=1&#038;showsearch=0&#038;showinfo=1&#038;iv_load_policy=1&#038;fs=1&#038;hl=it-IT&#038;autohide=2&#038;wmode=transparent\" allowfullscreen=\"true\" style=\"border:0;\" sandbox=\"allow-scripts allow-same-origin allow-popups allow-presentation\"><\/iframe><\/span><\/div>\n<p>Devo dire che in questa rilettura che sto facendo la domanda che mi pongo continuamente \u00e8 se <em>Il nome della rosa<\/em> sia, diciamo cos\u00ec, logoro o se mantenga tutt&#8217;ora una sua freschezza e una sua leggibilit\u00e0, e la risposta ha indubbiamente a che fare appunto con Sherlock Holmes come modello di Guglielmo e con tutte le altre mille citazioni che Eco infila nel testo (Jorge da Burgos come Borges, per esempio). Forse trent&#8217;anni fa l&#8217;operazione era sufficientemente innovativa, o in linea con lo <em>zeitgeist<\/em> postmoderno: oggi certo farebbe sollevare pi\u00f9 di un sopracciglio, e probabilmente apparirebbe bolsa. Si potrebbe obiettare che oggi cose del genere le hanno fatte cani e porci, e che non \u00e8 per questo colpa di Eco, il quale invece realizzava un&#8217;innovazione: il problema \u00e8 che pi\u00f9 mi inoltro nella lettura pi\u00f9 ho l&#8217;impressione che proprio alcune delle cose pi\u00f9 tipiche dell&#8217;autore, l&#8217;erudizione, la capacit\u00e0 mimetica, il giocare coi simboli e con i materiali culturali di oggi (ieri, cio\u00e8 1980) e del medioevo, siano quelle che funzionano meno nel libro &#8211; compreso il linguaggio, per esempio. Regge l&#8217;intreccio, invece, le caratterizzazioni dei personaggi, la tensione etica e i contrasti fra i caratteri dei protagonisti: non so, per\u00f2, se questo sia il centro del libro, perlomeno il centro che voleva Eco, e se basti ad assicurargli un posto per la posterit\u00e0. Vedo che Eco, nelle <em>Postille<\/em>, fa una petizione a favore del divertimento, dell&#8217;autore e del lettore, e certo questa \u00e8 una dimensione che <em>regge<\/em> anche oggi: ma mi chiedo se in questa petizione Eco sia del tutto sincero, e se comunque il divertimento non sia soffocato da tutto un accademismo che anche nelle <em>Postille<\/em> &#8211; interessantissime, per carit\u00e0 &#8211; occupa pagine su pagine, rispetto al tema del divertimento, a cui ne viene accordata a malapena una.<\/p>\n<p>Una parte di questi dubbi, in realt\u00e0, \u00e8 alimentata dal fatto che recentemente mi \u00e8 capitato di rivedere casualmente anche il film de <em>Il nome della rosa<\/em>, e di averne ricavato pi\u00f9 di una sorpresa e un senso complessivo di rovesciamento delle aspettative. Ricordavo che il film mi era sembrato, tanti anni fa, molto inferiore al libro per il modo con cui ne sconciava e riduceva la trama fino a renderla incomprensibile e per come ne semplificava e ignorava le tematiche pi\u00f9 complesse. Rivedendolo, invece, mi \u00e8 parso che la trama sia tutto sommato resa in maniera efficace &#8211; non era facile <em>tenere<\/em> lo spettatore attraverso il complesso intreccio di omicidi e di misteri &#8211; e abbia comunque una bella tensione drammatica, meno complessa di quella del libro, certo, per\u00f2 avvincente a sufficienza. Quello in cui pecca il film, invece, \u00e8 nella messa in scena &#8211; \u00e8 un medioevo molto anni &#8217;80, e oggi davvero non si pu\u00f2 vedere &#8211; e nella discussione delle tematiche religiose, che \u00e8 piuttosto semplicistica.<\/p>\n<p>Ci sono film tratti da libri che non sono semplicemente trasposizioni, ma <em>recensioni<\/em> dell&#8217;opera da cui sono tratti, e in qualche modo mi sembra che questo sia uno dei casi: a distanza di tempo mi pare che quel che all&#8217;epoca sembrava un tradimento de <em>ll nome della rosa<\/em> fosse invece un prenderne esattamente la misura.<\/p>\n<div class=\"jetpack-video-wrapper\"><span class=\"embed-youtube\" style=\"text-align:center; display: block;\"><iframe class=\"youtube-player\" width=\"800\" height=\"450\" src=\"https:\/\/www.youtube.com\/embed\/0-tpb-dC_sA?version=3&#038;rel=1&#038;showsearch=0&#038;showinfo=1&#038;iv_load_policy=1&#038;fs=1&#038;hl=it-IT&#038;autohide=2&#038;wmode=transparent\" allowfullscreen=\"true\" style=\"border:0;\" sandbox=\"allow-scripts allow-same-origin allow-popups allow-presentation\"><\/iframe><\/span><\/div>\n","protected":false},"excerpt":{"rendered":"<p>Prima di ogni altra cosa devo ammetterlo: sono un cialtrone. Involontario, magari, ma un cialtrone. Se sentite la puntata di<\/p>\n","protected":false},"author":1,"featured_media":18813,"comment_status":"open","ping_status":"open","sticky":false,"template":"","format":"video","meta":{"_mi_skip_tracking":false,"_monsterinsights_sitenote_active":false,"_monsterinsights_sitenote_note":"","_monsterinsights_sitenote_category":0,"jetpack_post_was_ever_published":false,"_jetpack_newsletter_access":"","jetpack_publicize_message":"","jetpack_is_tweetstorm":false,"jetpack_publicize_feature_enabled":true,"jetpack_social_post_already_shared":true,"jetpack_social_options":{"image_generator_settings":{"template":"highway","enabled":false}}},"categories":[52,14,56,13,68,12],"tags":[],"jetpack_publicize_connections":[],"jetpack_featured_media_url":"https:\/\/i0.wp.com\/www.robertosedda.it\/wp-content\/uploads\/2014\/06\/Nome-della-rosa.png?fit=761%2C438","jetpack_sharing_enabled":true,"jetpack_shortlink":"https:\/\/wp.me\/p4jV2T-1Yu","jetpack_likes_enabled":true,"jetpack-related-posts":[{"id":6599,"url":"http:\/\/www.robertosedda.it\/?p=6599","url_meta":{"origin":7594,"position":0},"title":"Sono di nuovo alla caccia di suggerimenti musicali: fatevi avanti!","author":"Rufus","date":"27\/02\/2014","format":"video","excerpt":"A met\u00e0 marzo inizier\u00f2 un nuovo ciclo di trasmissioni di Oggi parliamo di libri in cui parler\u00f2 dei libri del cuore di tutti noi che lavoriamo alla radio: tecnici, giornalisti e tutti quelli che curano i programmi dedicati alla comunicazione, i viaggi, la salute, l'arte sacra e cos\u00ec via e\u2026","rel":"","context":"In &quot;Coordinate&quot;","block_context":{"text":"Coordinate","link":"http:\/\/www.robertosedda.it\/?cat=52"},"img":{"alt_text":"","src":"https:\/\/i0.wp.com\/img.youtube.com\/vi\/7dtn9Gk4Q_E\/0.jpg?resize=350%2C200","width":350,"height":200},"classes":[]},{"id":8836,"url":"http:\/\/www.robertosedda.it\/?p=8836","url_meta":{"origin":7594,"position":1},"title":"Ne &#8220;L&#8217;ultimo dei Mohicani&#8221; c&#8217;\u00e8 molto, molto di pi\u00f9","author":"Rufus","date":"10\/11\/2014","format":"video","excerpt":"Ho\u00a0messo in linea oggi, dopo molte perplessit\u00e0, la puntata di\u00a0Oggi parliamo di libri dedicata a L'ultimo dei Mohicani. Le perplessit\u00e0 derivavano dal fatto che dopo avere registrato e mandato in onda la puntata mi \u00e8 venuta voglia di una rilettura e mi sono subito\u00a0reso conto che da una parte il\u2026","rel":"","context":"In &quot;Cappe e spade&quot;","block_context":{"text":"Cappe e spade","link":"http:\/\/www.robertosedda.it\/?cat=70"},"img":{"alt_text":"","src":"https:\/\/i0.wp.com\/img.youtube.com\/vi\/TXB5yJakU88\/0.jpg?resize=350%2C200","width":350,"height":200},"classes":[]},{"id":257,"url":"http:\/\/www.robertosedda.it\/?p=257","url_meta":{"origin":7594,"position":2},"title":"La Rosa Bianca","author":"Rufus","date":"21\/08\/2012","format":false,"excerpt":"La Rosa Bianca Il libro ripercorre le vicende della Rosa Bianca per poi tracciare un bilancio di questo sfortunato tentativo di resistenza al nazismo. Inizia nel centro dell'azione, con il racconto della drammatica cattura del nucleo fondante del gruppo, i fratelli Scholl e Christopher Probst, seguito dallo smantellamento completo dell'organizzazione.\u2026","rel":"","context":"In &quot;Coordinate&quot;","block_context":{"text":"Coordinate","link":"http:\/\/www.robertosedda.it\/?cat=52"},"img":{"alt_text":"","src":"","width":0,"height":0},"classes":[]},{"id":9532,"url":"http:\/\/www.robertosedda.it\/?p=9532","url_meta":{"origin":7594,"position":3},"title":"La signora March non vuole che le figlie si divertano","author":"Rufus","date":"04\/02\/2015","format":"video","excerpt":"Di\u00a0Piccole donne ho gi\u00e0 parlato (tra l'altro male) in occasioni precedenti, quindi non vorrei fare tanti commenti alla puntata di Oggi parliamo di libri\u00a0in cui ho presentato il romanzo. Se avete letto\u00a0il vecchio articolo noterete che ho un po' fatto le acrobazie durante la puntata per non far trasparire troppo\u2026","rel":"","context":"In &quot;Coordinate&quot;","block_context":{"text":"Coordinate","link":"http:\/\/www.robertosedda.it\/?cat=52"},"img":{"alt_text":"","src":"https:\/\/i0.wp.com\/img.youtube.com\/vi\/31cFx-3lZqY\/0.jpg?resize=350%2C200","width":350,"height":200},"classes":[]},{"id":2188,"url":"http:\/\/www.robertosedda.it\/?p=2188","url_meta":{"origin":7594,"position":4},"title":"Altre tre puntate di &#8220;Oggi parliamo di libri&#8221; in linea","author":"Rufus","date":"08\/02\/2013","format":"video","excerpt":"Ho aggiunto ieri su YouTube altre tre puntate di Oggi parliamo di libri. Con queste ho ultimato il gruppo delle puntate che avevo gi\u00e0 trascritto; prossimamente inizier\u00f2 a mettere quelle pi\u00f9 recenti. Seconda puntata, L'Eternauta Incursione nel mondo del fumetto, della puntata ho gi\u00e0 parlato qui. L'Eternauta mi ha dato\u2026","rel":"","context":"In &quot;Coordinate&quot;","block_context":{"text":"Coordinate","link":"http:\/\/www.robertosedda.it\/?cat=52"},"img":{"alt_text":"","src":"https:\/\/i0.wp.com\/img.youtube.com\/vi\/YEArVX5rwfw\/0.jpg?resize=350%2C200","width":350,"height":200},"classes":[]},{"id":2555,"url":"http:\/\/www.robertosedda.it\/?p=2555","url_meta":{"origin":7594,"position":5},"title":"La puntata peggiore","author":"Rufus","date":"15\/03\/2013","format":"video","excerpt":"Il cyberpunk a Oggi parliamo di libri Sulla puntata dedicata al cyberpunk, che ho messo in rete oggi, ho sentimenti ambivalenti. Quando l'ho ascoltata la prima volta ho deciso che era la puntata peggiore che avessi mai fatto, e la cosa era tanto pi\u00f9 dolorosa perch\u00e9 il cyberpunk, come sanno\u2026","rel":"","context":"In &quot;Coordinate&quot;","block_context":{"text":"Coordinate","link":"http:\/\/www.robertosedda.it\/?cat=52"},"img":{"alt_text":"","src":"https:\/\/i0.wp.com\/img.youtube.com\/vi\/u9uq5Q6eJ_g\/0.jpg?resize=350%2C200","width":350,"height":200},"classes":[]}],"_links":{"self":[{"href":"http:\/\/www.robertosedda.it\/index.php?rest_route=\/wp\/v2\/posts\/7594"}],"collection":[{"href":"http:\/\/www.robertosedda.it\/index.php?rest_route=\/wp\/v2\/posts"}],"about":[{"href":"http:\/\/www.robertosedda.it\/index.php?rest_route=\/wp\/v2\/types\/post"}],"author":[{"embeddable":true,"href":"http:\/\/www.robertosedda.it\/index.php?rest_route=\/wp\/v2\/users\/1"}],"replies":[{"embeddable":true,"href":"http:\/\/www.robertosedda.it\/index.php?rest_route=%2Fwp%2Fv2%2Fcomments&post=7594"}],"version-history":[{"count":8,"href":"http:\/\/www.robertosedda.it\/index.php?rest_route=\/wp\/v2\/posts\/7594\/revisions"}],"predecessor-version":[{"id":18822,"href":"http:\/\/www.robertosedda.it\/index.php?rest_route=\/wp\/v2\/posts\/7594\/revisions\/18822"}],"wp:featuredmedia":[{"embeddable":true,"href":"http:\/\/www.robertosedda.it\/index.php?rest_route=\/wp\/v2\/media\/18813"}],"wp:attachment":[{"href":"http:\/\/www.robertosedda.it\/index.php?rest_route=%2Fwp%2Fv2%2Fmedia&parent=7594"}],"wp:term":[{"taxonomy":"category","embeddable":true,"href":"http:\/\/www.robertosedda.it\/index.php?rest_route=%2Fwp%2Fv2%2Fcategories&post=7594"},{"taxonomy":"post_tag","embeddable":true,"href":"http:\/\/www.robertosedda.it\/index.php?rest_route=%2Fwp%2Fv2%2Ftags&post=7594"}],"curies":[{"name":"wp","href":"https:\/\/api.w.org\/{rel}","templated":true}]}}