{"id":7567,"date":"2014-05-30T10:09:44","date_gmt":"2014-05-30T08:09:44","guid":{"rendered":"http:\/\/www.robertosedda.it\/?p=7567"},"modified":"2014-09-03T15:37:00","modified_gmt":"2014-09-03T13:37:00","slug":"il-bookcrossing-dei-cinquantanni","status":"publish","type":"post","link":"http:\/\/www.robertosedda.it\/?p=7567","title":{"rendered":"Il bookcrossing dei cinquant&#8217;anni"},"content":{"rendered":"<p>Quando ho compiuto quarant&#8217;anni ho festeggiato facendo un\u00a0<em>bookcrossing<\/em> a casa mia.<\/p>\n<p>Adesso che <a title=\"E sono cinquanta!!!\" href=\"http:\/\/www.robertosedda.it\/?p=7308\">ne ho compiuto cinquanta<\/a>\u00a0ho deciso di mantenere la tradizione.<\/p>\n<p>E quindi l&#8217;8 giugno 2014, dalle 17, gli amici sono invitati a festeggiare i cinquant&#8217;anni del vecchio Rufus sulla terrazza, recentemente rimessa a nuovo.<\/p>\n<p><a href=\"https:\/\/i0.wp.com\/www.robertosedda.it\/wp-content\/uploads\/2014\/05\/Terrazzo.jpg\"><img data-attachment-id=\"7398\" data-permalink=\"http:\/\/www.robertosedda.it\/?attachment_id=7398\" data-orig-file=\"https:\/\/i0.wp.com\/www.robertosedda.it\/wp-content\/uploads\/2014\/05\/Terrazzo.jpg?fit=2064%2C1475\" data-orig-size=\"2064,1475\" data-comments-opened=\"1\" data-image-meta=\"{&quot;aperture&quot;:&quot;0&quot;,&quot;credit&quot;:&quot;&quot;,&quot;camera&quot;:&quot;&quot;,&quot;caption&quot;:&quot;&quot;,&quot;created_timestamp&quot;:&quot;0&quot;,&quot;copyright&quot;:&quot;&quot;,&quot;focal_length&quot;:&quot;0&quot;,&quot;iso&quot;:&quot;0&quot;,&quot;shutter_speed&quot;:&quot;0&quot;,&quot;title&quot;:&quot;&quot;}\" data-image-title=\"Terrazzo\" data-image-description=\"\" data-image-caption=\"\" data-medium-file=\"https:\/\/i0.wp.com\/www.robertosedda.it\/wp-content\/uploads\/2014\/05\/Terrazzo.jpg?fit=300%2C214\" data-large-file=\"https:\/\/i0.wp.com\/www.robertosedda.it\/wp-content\/uploads\/2014\/05\/Terrazzo.jpg?fit=510%2C364\" decoding=\"async\" loading=\"lazy\" class=\"aligncenter size-full wp-image-7398\" src=\"https:\/\/i0.wp.com\/www.robertosedda.it\/wp-content\/uploads\/2014\/05\/Terrazzo.jpg?resize=800%2C572\" alt=\"Terrazzo\" width=\"800\" height=\"572\" srcset=\"https:\/\/i0.wp.com\/www.robertosedda.it\/wp-content\/uploads\/2014\/05\/Terrazzo.jpg?w=2064 2064w, https:\/\/i0.wp.com\/www.robertosedda.it\/wp-content\/uploads\/2014\/05\/Terrazzo.jpg?resize=150%2C107 150w, https:\/\/i0.wp.com\/www.robertosedda.it\/wp-content\/uploads\/2014\/05\/Terrazzo.jpg?resize=300%2C214 300w, https:\/\/i0.wp.com\/www.robertosedda.it\/wp-content\/uploads\/2014\/05\/Terrazzo.jpg?resize=510%2C364 510w, https:\/\/i0.wp.com\/www.robertosedda.it\/wp-content\/uploads\/2014\/05\/Terrazzo.jpg?resize=700%2C500 700w, https:\/\/i0.wp.com\/www.robertosedda.it\/wp-content\/uploads\/2014\/05\/Terrazzo.jpg?w=1600 1600w\" sizes=\"(max-width: 800px) 100vw, 800px\" data-recalc-dims=\"1\" \/><\/a>Per chi non sapesse cos&#8217;\u00e8 un\u00a0<em>bookcrossing<\/em>, queste sono le regole:<\/p>\n<ol>\n<li>Mander\u00f2 un po&#8217; di inviti e far\u00f2 delle telefonate, ma se non siete contattati\u00a0personalmente non offendetevi e sentitevi invitati lo stesso. Tanto, se siete miei amici lo sapete, ecco, e se non mi facesse piacere vedervi non lo scriverei cos\u00ec pubblicamente sul\u00a0<em>blog<\/em>: \u00e8 la festa dei cinquant&#8217;anni e mi fa piacere riportare tutto e tutti a casa.<\/li>\n<li>Non voglio regali. Basta che veniate. Se proprio volete, portate qualcosa da mangiare o da bere, ma non sentitevi obbligati a bussare coi piedi[1]. Pi\u00f9 di ogni altra cosa mi fa piacere vedervi.<\/li>\n<li>Per\u00f2 portatevi un libro. Il libro lo abbandonerete al suo destino appena arrivati alla festa, e in cambio potrete prendervene un altro, portato da qualche altro ospite. Spero di riuscire a fare perfino una sezione bambini (spero&#8230;).<\/li>\n<li>Non sono ammessi scambi diretti: i libri si mettono nel mucchio all&#8217;inizio e si prendono dal mucchio alla fine.<\/li>\n<li>Non comprate apposta il libro da lasciare. Non \u00e8 necessario. Portate un libro vostro a cui pensate di poter rinunciare. Se poi proprio proprio lo volete <em>davvero<\/em>\u00a0comprare perch\u00e9 pensate che \u00e8 un libro che\u00a0<em>assolutamente<\/em> qualcun altro deve leggere e non volete separarvi dalla vostra copia, va bene. Per\u00f2 non \u00e8 necessario.<\/li>\n<li>Scusate se dico una cosa magari sgradevole: cos\u00ec come non \u00e8 necessario portare un libro nuovo, cos\u00ec non svuotatevi la\u00a0cantina e non portate le annate rilegate di\u00a0<em>Quattroruote\u00a0<\/em>del 1992.<\/li>\n<li>Se non vi ricordate dove abito, mandatemi una <em>mail<\/em>\u00a0o cercatemi su <em>Facebook<\/em>.<\/li>\n<li>Chi pu\u00f2 porti una macchina fotografica e faccia foto, molte foto, da pubblicare dove gli pare e quando gli pare, basta che le pubblichi. Quando sar\u00f2 vecchio mi piacer\u00e0 riguardare quelle vecchie foto e pensare quanto ero scemo.<\/li>\n<\/ol>\n<p><a href=\"https:\/\/i0.wp.com\/www.robertosedda.it\/wp-content\/uploads\/2014\/05\/Libro-Fabbricastorie.jpg\"><img data-attachment-id=\"7368\" data-permalink=\"http:\/\/www.robertosedda.it\/?attachment_id=7368\" data-orig-file=\"https:\/\/i0.wp.com\/www.robertosedda.it\/wp-content\/uploads\/2014\/05\/Libro-Fabbricastorie.jpg?fit=1600%2C1059\" data-orig-size=\"1600,1059\" data-comments-opened=\"1\" data-image-meta=\"{&quot;aperture&quot;:&quot;5.6&quot;,&quot;credit&quot;:&quot;&quot;,&quot;camera&quot;:&quot;NIKON D7000&quot;,&quot;caption&quot;:&quot;&quot;,&quot;created_timestamp&quot;:&quot;1335611542&quot;,&quot;copyright&quot;:&quot;&quot;,&quot;focal_length&quot;:&quot;105&quot;,&quot;iso&quot;:&quot;1250&quot;,&quot;shutter_speed&quot;:&quot;0.05&quot;,&quot;title&quot;:&quot;&quot;}\" data-image-title=\"Libro Fabbricastorie\" data-image-description=\"\" data-image-caption=\"\" data-medium-file=\"https:\/\/i0.wp.com\/www.robertosedda.it\/wp-content\/uploads\/2014\/05\/Libro-Fabbricastorie.jpg?fit=300%2C198\" data-large-file=\"https:\/\/i0.wp.com\/www.robertosedda.it\/wp-content\/uploads\/2014\/05\/Libro-Fabbricastorie.jpg?fit=510%2C337\" decoding=\"async\" loading=\"lazy\" class=\"aligncenter size-full wp-image-7368\" src=\"https:\/\/i0.wp.com\/www.robertosedda.it\/wp-content\/uploads\/2014\/05\/Libro-Fabbricastorie.jpg?resize=800%2C530\" alt=\"Libro Fabbricastorie\" width=\"800\" height=\"530\" srcset=\"https:\/\/i0.wp.com\/www.robertosedda.it\/wp-content\/uploads\/2014\/05\/Libro-Fabbricastorie.jpg?w=1600 1600w, https:\/\/i0.wp.com\/www.robertosedda.it\/wp-content\/uploads\/2014\/05\/Libro-Fabbricastorie.jpg?resize=150%2C99 150w, https:\/\/i0.wp.com\/www.robertosedda.it\/wp-content\/uploads\/2014\/05\/Libro-Fabbricastorie.jpg?resize=300%2C198 300w, https:\/\/i0.wp.com\/www.robertosedda.it\/wp-content\/uploads\/2014\/05\/Libro-Fabbricastorie.jpg?resize=510%2C337 510w, https:\/\/i0.wp.com\/www.robertosedda.it\/wp-content\/uploads\/2014\/05\/Libro-Fabbricastorie.jpg?resize=700%2C463 700w\" sizes=\"(max-width: 800px) 100vw, 800px\" data-recalc-dims=\"1\" \/><\/a>[1] Il riferimento \u00e8 a una vecchia barzelletta, in Sardegna attribuita ai carlofortini, chiss\u00e0 perch\u00e9&#8230;<\/p>\n<blockquote><p>Un carlofortino invita un amico a cena e gli spiega come arrivare a casa.<\/p>\n<p>\u00ab\u00c8 quella col cancello verde\u00bb, gli dice. \u00abIl cancello \u00e8 solo accostato, lo spingi col piede e si apre. Poi c&#8217;\u00e8 un vialetto e pu\u00f2 darsi che in mezzo ci sia il secchio con le ramaglie appena tagliate: scostalo col piede, non ti preoccupare, e prosegui. Fatto tutto il vialetto ci sono tre gradini e poi la porta di casa. Sui gradini magari c&#8217;\u00e8 il gatto che dorme, ma tu fai un po&#8217; di rumore col piede e vedrai che se ne va. Il campanello \u00e8 rotto ma tu dai un paio di colpi alla porta col piede, io ti sento e ti vengo ad aprire\u00bb.<\/p>\n<p>\u00abMa scusa: aprire il cancello col piede, spostare il secchio col piede, bussare col piede&#8230; Ma perch\u00e9 devo fare tutto coi piedi?!\u00bb<\/p>\n<p>\u00abEh! Non vorrai mica venire a mani vuote?!\u00bb.<\/p><\/blockquote>\n","protected":false},"excerpt":{"rendered":"<p>Quando ho compiuto quarant&#8217;anni ho festeggiato facendo un\u00a0bookcrossing a casa mia. Adesso che ne ho compiuto cinquanta\u00a0ho deciso di mantenere<\/p>\n","protected":false},"author":1,"featured_media":7398,"comment_status":"open","ping_status":"open","sticky":false,"template":"","format":"standard","meta":{"_mi_skip_tracking":false,"_monsterinsights_sitenote_active":false,"_monsterinsights_sitenote_note":"","_monsterinsights_sitenote_category":0,"jetpack_post_was_ever_published":false,"_jetpack_newsletter_access":"","jetpack_publicize_message":"","jetpack_is_tweetstorm":false,"jetpack_publicize_feature_enabled":true,"jetpack_social_post_already_shared":true,"jetpack_social_options":{"image_generator_settings":{"template":"highway","enabled":false}}},"categories":[52,86,53,17,16],"tags":[],"jetpack_publicize_connections":[],"jetpack_featured_media_url":"https:\/\/i0.wp.com\/www.robertosedda.it\/wp-content\/uploads\/2014\/05\/Terrazzo.jpg?fit=2064%2C1475","jetpack_sharing_enabled":true,"jetpack_shortlink":"https:\/\/wp.me\/p4jV2T-1Y3","jetpack_likes_enabled":true,"jetpack-related-posts":[{"id":8098,"url":"http:\/\/www.robertosedda.it\/?p=8098","url_meta":{"origin":7567,"position":0},"title":"Nuove foto del bookcrossing","author":"Rufus","date":"31\/07\/2014","format":"gallery","excerpt":"A distanza di diverse settimane dalla festa dei cinquant'anni mi ritrovo un altro po' di foto relative all'evento (una prima serie di foto \u00e8 gi\u00e0 state pubblicata tempo fa). Pubblico anche queste sebbene sia passato del tempo un po' perch\u00e9... s\u00ec, un po' perch\u00e9 magari qualcuno ci si riconosce e\u2026","rel":"","context":"In &quot;Coordinate&quot;","block_context":{"text":"Coordinate","link":"http:\/\/www.robertosedda.it\/?cat=52"},"img":{"alt_text":"","src":"https:\/\/i0.wp.com\/www.robertosedda.it\/wp-content\/uploads\/2014\/07\/Amici-1.jpg?resize=350%2C200","width":350,"height":200},"classes":[]},{"id":7643,"url":"http:\/\/www.robertosedda.it\/?p=7643","url_meta":{"origin":7567,"position":1},"title":"Le foto del bookcrossing!!","author":"Rufus","date":"11\/06\/2014","format":"gallery","excerpt":"Sul pi\u00f9 bello la mia macchina fotografica si \u00e8 scaricata, ma per fortuna c'erano altri che hanno abbondantemente supplito alle mie mancanze. Le foto sono dunque mie, di Cristiana Sedda, Alberto Pintus e Vania Statu, che ringrazio moltissimo. E grazie, grazie, grazie a tutti quelli che sono venuti - \u00e8\u2026","rel":"","context":"In &quot;Coordinate&quot;","block_context":{"text":"Coordinate","link":"http:\/\/www.robertosedda.it\/?cat=52"},"img":{"alt_text":"","src":"https:\/\/i0.wp.com\/www.robertosedda.it\/wp-content\/uploads\/2014\/06\/Segnalibri-commemorativi.jpg?fit=800%2C600&resize=350%2C200","width":350,"height":200,"srcset":"https:\/\/i0.wp.com\/www.robertosedda.it\/wp-content\/uploads\/2014\/06\/Segnalibri-commemorativi.jpg?fit=800%2C600&resize=350%2C200 1x, https:\/\/i0.wp.com\/www.robertosedda.it\/wp-content\/uploads\/2014\/06\/Segnalibri-commemorativi.jpg?fit=800%2C600&resize=700%2C400 2x"},"classes":[]},{"id":7308,"url":"http:\/\/www.robertosedda.it\/?p=7308","url_meta":{"origin":7567,"position":2},"title":"E sono cinquanta!!!","author":"Rufus","date":"13\/05\/2014","format":"gallery","excerpt":"Come molti sanno, il 10 maggio \u00e8 il mio compleanno e sabato ho compiuto cinquant'anni, cifra tonda. Devo dire che mi ritrovo molto in quello che ha scritto Marcello Sovjet Cadeddu, mio collega di universit\u00e0 e quasi coetaneo, che qualche giorno fa per i suoi cinquanta ha pubblicato su\u00a0Facebook\u00a0questa riflessione:\u2026","rel":"","context":"In &quot;Coordinate&quot;","block_context":{"text":"Coordinate","link":"http:\/\/www.robertosedda.it\/?cat=52"},"img":{"alt_text":"","src":"https:\/\/i0.wp.com\/www.robertosedda.it\/wp-content\/uploads\/2014\/05\/Rufus.jpg?fit=794%2C1200&resize=350%2C200","width":350,"height":200,"srcset":"https:\/\/i0.wp.com\/www.robertosedda.it\/wp-content\/uploads\/2014\/05\/Rufus.jpg?fit=794%2C1200&resize=350%2C200 1x, https:\/\/i0.wp.com\/www.robertosedda.it\/wp-content\/uploads\/2014\/05\/Rufus.jpg?fit=794%2C1200&resize=700%2C400 2x"},"classes":[]},{"id":8463,"url":"http:\/\/www.robertosedda.it\/?p=8463","url_meta":{"origin":7567,"position":3},"title":"Diceva Pino&#8230;","author":"Rufus","date":"19\/09\/2014","format":false,"excerpt":"Quando il Mitico Pino ha compiuto novant'anni ha scritto per le sue nipoti una specie di autobiografia. Se l'\u00e8 scritta da solo, lavorando con segretezza al\u00a0computer:\u00a0ho rivisto da poco le bozze, mettendo ordine nel suo PC: erano intitolate\u00a0Lavori del condominio\u00a0 in modo che a nessuno venisse in mente di aprirle\u2026","rel":"","context":"In &quot;Coordinate&quot;","block_context":{"text":"Coordinate","link":"http:\/\/www.robertosedda.it\/?cat=52"},"img":{"alt_text":"","src":"https:\/\/i0.wp.com\/www.robertosedda.it\/wp-content\/uploads\/2014\/09\/tonara-2010-119.jpg?fit=1200%2C900&resize=350%2C200","width":350,"height":200,"srcset":"https:\/\/i0.wp.com\/www.robertosedda.it\/wp-content\/uploads\/2014\/09\/tonara-2010-119.jpg?fit=1200%2C900&resize=350%2C200 1x, https:\/\/i0.wp.com\/www.robertosedda.it\/wp-content\/uploads\/2014\/09\/tonara-2010-119.jpg?fit=1200%2C900&resize=700%2C400 2x, https:\/\/i0.wp.com\/www.robertosedda.it\/wp-content\/uploads\/2014\/09\/tonara-2010-119.jpg?fit=1200%2C900&resize=1050%2C600 3x"},"classes":[]},{"id":8670,"url":"http:\/\/www.robertosedda.it\/?p=8670","url_meta":{"origin":7567,"position":4},"title":"Ancora foto dei cinquant&#8217;anni","author":"Rufus","date":"19\/10\/2014","format":"gallery","excerpt":"Maria Luisa e Christian mi hanno fatto pochi giorni fa un bellissimo regalo: un intero CD di foto della famosa festa dei cinquant'anni. Sono 147 foto e me le sono godute tutte, ricordandomi oltretutto pezzi che avevo dimenticato: abbiamo ballato Bella ciao dei Modena City Ramblers, per esempio, e l'avevo\u2026","rel":"","context":"In &quot;Coordinate&quot;","block_context":{"text":"Coordinate","link":"http:\/\/www.robertosedda.it\/?cat=52"},"img":{"alt_text":"","src":"https:\/\/i0.wp.com\/www.robertosedda.it\/wp-content\/uploads\/2014\/10\/DSCF4150.jpg?fit=1200%2C900&resize=350%2C200","width":350,"height":200,"srcset":"https:\/\/i0.wp.com\/www.robertosedda.it\/wp-content\/uploads\/2014\/10\/DSCF4150.jpg?fit=1200%2C900&resize=350%2C200 1x, https:\/\/i0.wp.com\/www.robertosedda.it\/wp-content\/uploads\/2014\/10\/DSCF4150.jpg?fit=1200%2C900&resize=700%2C400 2x, https:\/\/i0.wp.com\/www.robertosedda.it\/wp-content\/uploads\/2014\/10\/DSCF4150.jpg?fit=1200%2C900&resize=1050%2C600 3x"},"classes":[]},{"id":4407,"url":"http:\/\/www.robertosedda.it\/?p=4407","url_meta":{"origin":7567,"position":5},"title":"Non ho pi\u00f9 tempo","author":"Rufus","date":"05\/09\/2013","format":false,"excerpt":"Io sono nato nel 1964. Ricordo benissimo che quando avevo dieci anni, ero in quinta elementare\u00a0e non capivo niente, un pomeriggio entrai in cucina. Mia mamma stava dando da mangiare a uno dei passerotti caduti dal nido che avevamo salvato. Aveva una faccia agghiacciata e mi disse: \u00abSai che a\u2026","rel":"","context":"In &quot;Coordinate&quot;","block_context":{"text":"Coordinate","link":"http:\/\/www.robertosedda.it\/?cat=52"},"img":{"alt_text":"","src":"https:\/\/i0.wp.com\/www.robertosedda.it\/wp-content\/uploads\/2013\/07\/Scacchi2.jpg?fit=720%2C476&resize=350%2C200","width":350,"height":200,"srcset":"https:\/\/i0.wp.com\/www.robertosedda.it\/wp-content\/uploads\/2013\/07\/Scacchi2.jpg?fit=720%2C476&resize=350%2C200 1x, https:\/\/i0.wp.com\/www.robertosedda.it\/wp-content\/uploads\/2013\/07\/Scacchi2.jpg?fit=720%2C476&resize=700%2C400 2x"},"classes":[]}],"_links":{"self":[{"href":"http:\/\/www.robertosedda.it\/index.php?rest_route=\/wp\/v2\/posts\/7567"}],"collection":[{"href":"http:\/\/www.robertosedda.it\/index.php?rest_route=\/wp\/v2\/posts"}],"about":[{"href":"http:\/\/www.robertosedda.it\/index.php?rest_route=\/wp\/v2\/types\/post"}],"author":[{"embeddable":true,"href":"http:\/\/www.robertosedda.it\/index.php?rest_route=\/wp\/v2\/users\/1"}],"replies":[{"embeddable":true,"href":"http:\/\/www.robertosedda.it\/index.php?rest_route=%2Fwp%2Fv2%2Fcomments&post=7567"}],"version-history":[{"count":5,"href":"http:\/\/www.robertosedda.it\/index.php?rest_route=\/wp\/v2\/posts\/7567\/revisions"}],"predecessor-version":[{"id":8314,"href":"http:\/\/www.robertosedda.it\/index.php?rest_route=\/wp\/v2\/posts\/7567\/revisions\/8314"}],"wp:featuredmedia":[{"embeddable":true,"href":"http:\/\/www.robertosedda.it\/index.php?rest_route=\/wp\/v2\/media\/7398"}],"wp:attachment":[{"href":"http:\/\/www.robertosedda.it\/index.php?rest_route=%2Fwp%2Fv2%2Fmedia&parent=7567"}],"wp:term":[{"taxonomy":"category","embeddable":true,"href":"http:\/\/www.robertosedda.it\/index.php?rest_route=%2Fwp%2Fv2%2Fcategories&post=7567"},{"taxonomy":"post_tag","embeddable":true,"href":"http:\/\/www.robertosedda.it\/index.php?rest_route=%2Fwp%2Fv2%2Ftags&post=7567"}],"curies":[{"name":"wp","href":"https:\/\/api.w.org\/{rel}","templated":true}]}}