{"id":7540,"date":"2014-05-28T14:26:03","date_gmt":"2014-05-28T12:26:03","guid":{"rendered":"http:\/\/www.robertosedda.it\/?p=7540"},"modified":"2014-11-19T12:52:10","modified_gmt":"2014-11-19T11:52:10","slug":"figo-figo-figo-in-maniera-imbarazzante","status":"publish","type":"post","link":"http:\/\/www.robertosedda.it\/?p=7540","title":{"rendered":"Figo, figo, figo in maniera imbarazzante"},"content":{"rendered":"<p>Quello che segue \u00e8 il secondo dei tre articoli che, <a title=\"La filantropia razzista\" href=\"http:\/\/www.robertosedda.it\/?p=7522\">come ho raccontato ieri<\/a>, ho trovato su\u00a0<a href=\"http:\/\/www.theatlantic.com\"><em>The Atlantic<\/em><\/a> e che ho deciso di tradurre, tre articoli che, sebbene trattino di argomenti differenti, mi sono sembrati collegati da un filo rosso comune, tre differenti visioni di un certo tipo di correttezza politica.<\/p>\n<p>L&#8217;<a href=\"http:\/\/www.theatlantic.com\/business\/archive\/2014\/05\/toward-a-universal-theory-of-cool\/371510\/\">articolo originale<\/a>, intitolato\u00a0<em>Toward a universal theory of &#8216;&#8221;cool&#8221;<\/em>, \u00e8 stato scritto da Derek Thompson. Le foto e i video sono quelle che illustravano l&#8217;articolo originale. Thompson fa riferimento a sua volta a un articolo scientifico\u00a0verso il quale \u00e8 incluso il\u00a0<em>link<\/em>, e si tratta di una lettura aggiuntiva molto interessante.<\/p>\n<p>L&#8217;unica nota \u00e8 che si discute\u00a0di ci\u00f2 che in inglese americano \u00e8 definito\u00a0<em>cool<\/em>, un termine non facilmente traducibile in italiano. In inglese il significato base di &#8220;freddo&#8221;, &#8220;dotato di autocontrollo&#8221;, &#8220;persona che non pu\u00f2 essere facilmente messa in imbarazzo&#8221; si \u00e8 espanso fino a &#8220;tizio solido, roccioso, con\u00a0le palle&#8221;, &#8220;<em>leader<\/em>&#8220;, &#8220;degno di imitazione&#8221; e infine &#8220;ammirevole&#8221;, &#8220;fascinoso&#8221;. Avrei potuto usare fascino ma, considerato che \u00e8 una voce parzialmente gergale, ho scelto di tradurre con &#8220;figo&#8221; nella maggior parte delle occasioni.<\/p>\n<h2>Verso una Teoria Generale del &#8220;figo&#8221;<\/h2>\n<h3>di Derek Thompson<\/h3>\n<p><a href=\"https:\/\/i0.wp.com\/www.robertosedda.it\/wp-content\/uploads\/2014\/05\/james-dean.jpg\"><img data-attachment-id=\"7545\" data-permalink=\"http:\/\/www.robertosedda.it\/?attachment_id=7545\" data-orig-file=\"https:\/\/i0.wp.com\/www.robertosedda.it\/wp-content\/uploads\/2014\/05\/james-dean.jpg?fit=570%2C430\" data-orig-size=\"570,430\" data-comments-opened=\"1\" data-image-meta=\"{&quot;aperture&quot;:&quot;0&quot;,&quot;credit&quot;:&quot;&quot;,&quot;camera&quot;:&quot;&quot;,&quot;caption&quot;:&quot;&quot;,&quot;created_timestamp&quot;:&quot;0&quot;,&quot;copyright&quot;:&quot;&quot;,&quot;focal_length&quot;:&quot;0&quot;,&quot;iso&quot;:&quot;0&quot;,&quot;shutter_speed&quot;:&quot;0&quot;,&quot;title&quot;:&quot;&quot;}\" data-image-title=\"james dean\" data-image-description=\"\" data-image-caption=\"\" data-medium-file=\"https:\/\/i0.wp.com\/www.robertosedda.it\/wp-content\/uploads\/2014\/05\/james-dean.jpg?fit=300%2C226\" data-large-file=\"https:\/\/i0.wp.com\/www.robertosedda.it\/wp-content\/uploads\/2014\/05\/james-dean.jpg?fit=510%2C384\" decoding=\"async\" loading=\"lazy\" class=\"aligncenter size-full wp-image-7545\" src=\"https:\/\/i0.wp.com\/www.robertosedda.it\/wp-content\/uploads\/2014\/05\/james-dean.jpg?resize=570%2C430\" alt=\"james dean\" width=\"570\" height=\"430\" srcset=\"https:\/\/i0.wp.com\/www.robertosedda.it\/wp-content\/uploads\/2014\/05\/james-dean.jpg?w=570 570w, https:\/\/i0.wp.com\/www.robertosedda.it\/wp-content\/uploads\/2014\/05\/james-dean.jpg?resize=150%2C113 150w, https:\/\/i0.wp.com\/www.robertosedda.it\/wp-content\/uploads\/2014\/05\/james-dean.jpg?resize=300%2C226 300w, https:\/\/i0.wp.com\/www.robertosedda.it\/wp-content\/uploads\/2014\/05\/james-dean.jpg?resize=510%2C384 510w\" sizes=\"(max-width: 570px) 100vw, 570px\" data-recalc-dims=\"1\" \/><\/a>Che cosa rende qualcosa\u00a0<em>figo<\/em>? Quale principio semisommerso spiega non solo le campagne di\u00a0<em>marketing<\/em> della\u00a0<em>Harley Davidson<\/em>, <em>Apple <\/em>o\u00a0<em>Dos Equis<\/em> ma anche il fascino di\u00a0<em>cowboy<\/em>, James Dean e Jennifer Lawrence?<\/p>\n<p><a href=\"http:\/\/www.jcr-admin.org\/files\/pressPDFs\/051514145529_676680.pdf\">Un nuovo articolo nel <\/a><em><a href=\"http:\/\/www.jcr-admin.org\/files\/pressPDFs\/051514145529_676680.pdf\">Journal of Consumer Research<\/a><\/em>\u00a0prova a rispondere a quella che potrebbe essere una domanda impossibile studiando come le marche e le aziende diventano affascinati agli occhi\u00a0dei consumatori. E, con mia sorpresa, \u00e8 decentemente plausibile.<\/p>\n<p>Per capire la loro teoria di ci\u00f2 che \u00e8 figo, fate un confronto con un altro concetto potenzialmente indefinibile:\u00a0<em>humour<\/em>. Che co&#8217;\u00e8 che rende qualcosa divertente? Platone e Aristotele proposero quella che noi oggi chiamiamo la\u00a0<em>Teoria della superiorit\u00e0<\/em>. Fondamentalmente noi ridiamo delle sfortune degli altri, o quando ci sentiamo superiori. Questa teoria spiega lo\u00a0<em>humour<\/em> fisico, la maggior parte de\u00a0<em>I Griffin<\/em> e una barzelletta come questa:<\/p>\n<blockquote><p>Una donna sale su un autobus col suo bambino piccolo. Il guidatore dice: \u00abBleah, quello \u00e8 il bambino pi\u00f9 brutto che abbia mai visto!!\u00bb. La donna procede verso il retro dell&#8217;autobus e si siede, furente.\u00a0Dice all&#8217;uomo seduto a fianco a lei: \u00abIl guidatore mi ha appena insultato!\u00bb. E l&#8217;uomo risponde: \u00abAllora si alzi e vada a dirgliene quattro. Vada, vada pure, la scimmia gliela tengo io\u00bb.<\/p><\/blockquote>\n<p>Ma la\u00a0<em>Teoria della superiorit\u00e0<\/em> non spiega granch\u00e9 del perch\u00e9 riconosciamo certe altre battute come battute. Per esempio: \u00abCi sono due pesci. Uno dice all&#8217;altro: \u00abTi rivelo un segreto, ma mi raccomando: acqua in bocca!\u00bb [la battuta originale, intraducibile, era:\u00a0<em>There are two fish in a tank; one says: \u00abHow do you drive this thing?\u00bb<\/em>, NdRufus]. Le freddure sono divertenti (qualcuna almeno, teoricamente) per ragioni che vanno oltre la superiorit\u00e0. Necessitano di una teoria pi\u00f9 vasta. Come ha spiegato Shane Show sul\u00a0<em>New Yorker<\/em>, gli studiosi si stanno attestando su una teoria pi\u00f9 sofisticata, chiamata della\u00a0<em>Violazione benigna<\/em>.<\/p>\n<p>La <em>Violazione benigna<\/em> indica che le vostre aspettative sono stravolte &#8211; le freddure ovvie non sono divertenti &#8211; in modi che non comportano minacce o tristezza per gli ascoltatori. \u00abUn prete e un rabbino entrano in un caff\u00e8\u00a0e ordinano una birra\u00bb non \u00e8 una freddura;\u00a0\u00abUn prete e un rabbino entrano in un\u00a0caff\u00e8\u00a0e muoiono istantaneamente\u00bb non \u00e8 una freddura;\u00a0\u00abUn prete e un rabbino entrano in un\u00a0caff\u00e8&#8230; <em>splash!!<\/em>\u00bb\u00a0[<em>a priest and a rabbi walk into a bar\u00a0&#8211;\u00a0ouch!<\/em>, NdRufus] \u00e8 riconosciuta come una freddura (lasciamo perdere la sua qualit\u00e0) perch\u00e9 stravolge le nostre aspettative in un modo che non sembra minaccioso. Snow scrive:<\/p>\n<blockquote><p>La\u00a0<em>Violazione benigna spiega perch\u00e9 la visione inaspettata di un amico che cade dalle scale (una violazione di ci\u00f2 che ci si aspetta) \u00e8 divertente solo se l&#8217;amico non si fa male davvero (un risultato benigno). Spiega la formula cabarettistica\u00a0di Jerry Seinfeld che fa\u00a0notare le cose pi\u00f9 scandalose e volgari (violazione) nella vita di tutti i giorni (benigna) e la\u00a0comica abitudine di Sarah Silverman di rendere\u00a0argomenti di cattivo gusto (violazione) innocui (benigna) nei suoi monologhi. Spiega le freddure (violazioni benigne delle regole linguistiche) e il solletico (una minaccia fisica priva di pericolo reale).<\/em><\/p><\/blockquote>\n<p>Come lo\u00a0<em>humour\u00a0<\/em>e la bellezza, il fascino\u00a0sembra eludere\u00a0le definizioni. La letteratura ci dice che\u00a0il fascino \u00e8 soggettivo piuttosto che universale (gli\u00a0<em>U2<\/em> sono fighi?) e sappiamo che cambia col tempo (fumare \u00e8 figo?). Ma un nuovo articolo di Caleb Warren e Margaret C. Campbell utilizza una definizione pi\u00f9 restrittiva che \u00e8 sorprendentemente funzionante: \u00abIl fascino \u00e8 una caratteristica soggettiva e positiva di persone, marche, prodotti e mode che sono\u00a0<em>autonomi in maniera appropriata<\/em>\u00bb.<\/p>\n<p>Se <em>comico<\/em>\u00a0\u00e8 una violazione benigna delle aspettative,\u00a0<em>figo<\/em> \u00e8 una violazione contenuta di aspettative maligne.<\/p>\n<p>Figo vuol dire scostarsi dalle norme che consideriamo inutili, illegittime, o repressive &#8211; ma anche farlo in modi che sono limitati. L&#8217;inserzione\u00a0della\u00a0<em>Apple<\/em> del 1984 che diceva, essenzialmente, \u00abavete una scelta; non comprate <em>IBM<\/em>!\u00bb \u00e8 considerata una delle pubblicit\u00e0 pi\u00f9 fighe di tutti i tempi perch\u00e9 era, per usare le parole dei ricercatori, \u00abautonoma in maniera appropriata\u00bb. Ma una inserzione della\u00a0<em>Apple<\/em> del 1984 che avesse detto: \u00abavete una scelta; non pagate le tasse federali sul reddito!\u00bb non sarebbe figa, perch\u00e9 le tasse sono legittime; e una inserzione della\u00a0<em>Apple<\/em> del 1984 che avesse detto: \u00abbruciate la sede della\u00a0<em>IBM\u00a0<\/em>fino alle fondamenta!\u00bb non sarebbe figa, perch\u00e9 sarebbe eccessiva. Essere fighi richiede un po&#8217; di Riccioli d&#8217;Oro.<\/p>\n<div class=\"jetpack-video-wrapper\"><span class=\"embed-youtube\" style=\"text-align:center; display: block;\"><iframe class=\"youtube-player\" width=\"800\" height=\"450\" src=\"https:\/\/www.youtube.com\/embed\/R706isyDrqI?version=3&#038;rel=1&#038;showsearch=0&#038;showinfo=1&#038;iv_load_policy=1&#038;fs=1&#038;hl=it-IT&#038;autohide=2&#038;wmode=transparent\" allowfullscreen=\"true\" style=\"border:0;\" sandbox=\"allow-scripts allow-same-origin allow-popups allow-presentation\"><\/iframe><\/span><\/div>\n<p>Richiede anche qualcosa contro cui ci sia ragione di ribellarsi. Nella mia scuola superiore, come in molte scuole superiori, uno dei modi migliori per mostrare ai compagni di classe che eri figo era contravvenire\u00a0in modo creativo alle regole sull&#8217;abbigliamento. Violare un ordinamento repressivo sul vestire non \u00e8 forse figo per definizione quando si hanno quattordici anni? Penserei di s\u00ec. In uno studio citato dall&#8217;articolo di Warren e Campbell, ai partecipanti sono state proposte pubblicit\u00e0 che proponevano di rispettare o violare delle regole sull&#8217;abbigliamento. Alcuni sapevano che le regole esistevano per onorare un dittatore. Ad altri era stato\u00a0detto che onoravano i veterani di guerra. Sebbene entrambi i gruppi abbiano considerato violare le regole sul vestiario come un segno di autonomia, \u00e8 sembrato figo essere autonomi solo nel primo caso, sebbene\u00a0si discostassero da una regola che era palesemente assurda.<\/p>\n<p>Laddove la definizione di figo &#8211; iconoclastico, legittimo e limitato &#8211; si incaglia \u00e8 per me nel concetto di successo. Alcune persone che violano le regole ma non raggiungono il successo sono considerati degli sfigati e dei falliti. Per altri nel mondo degli affari &#8211; Bill Gates, Warren Buffett, Mark Zuckerberg &#8211; \u00e8 esattamente il loro successo emozionante, pi\u00f9 che la loro &#8220;limitata&#8221; &#8220;autonomia&#8221; che \u00e8 la vera fonte del loro fascino. Hanno\u00a0<em>raggiunto<\/em> qualcosa. Warren e Campbell potrebbero argomentare che la vera fonte del fattore di fascino di questi capi d&#8217;impresa \u00e8 che essi si sono misurati con norme preesistenti. Ma ogni impresa si confronta\u00a0con delle norme: o si creano nuove quote di mercato o le si sottrae. L&#8217;autonomia \u00e8 figa. Ma lo sono anche il potere e i soldi, anche quando creano o sostengono norme che gli iconoclasti vogliono distruggere.<\/p>\n<p>Una delle implicazioni pi\u00f9 interessanti di questa ricerca \u00e8 quel che vuol dire per il\u00a0<em>marketing<\/em> &#8211; in particolare quando si tenta di persuadere i giovani, che sono i pi\u00f9 presi dalla corsa a essere fighi. Per esempio, piuttosto che intimidire i consumatori adolescenti con sincere richieste di non fumare o guidare ubriachi, l&#8217;articolo raccomanda di allineare il comportamento negativo con un fallito\u00a0socialmente ben riconosciuto. In realt\u00e0 questa era la tesi dietro la famosa campagna <em>The truth<\/em> contro il fumo: associare il fumare degli adolescenti con il rispetto di un conformismo idiota. Nel 2010 l&#8217;<a href=\"http:\/\/ajph.aphapublications.org\/cgi\/content\/full\/95\/3\/425?maxtoshow=&amp;HITS=10&amp;hits=10&amp;RESULTFORMAT=1&amp;andorexacttitle=and&amp;titleabstract=smoking&amp;andorexacttitleabs=and&amp;andorexactfulltext=and&amp;searchid=1&amp;FIRSTINDEX=0&amp;sortspec=relevance&amp;fdate=\/\/&amp;tdate=\/\/&amp;resourcetype=HWCIT\">American Journal of Public Health<\/a>\u00a0ha pubblicato uno studio che concludeva che quelle pubblicit\u00e0 hanno significativamente ridotto il fumo fra gli adolescenti alla fine del secolo scorso. Ecco una cosa davvero figa.<\/p>\n<div class=\"jetpack-video-wrapper\"><span class=\"embed-youtube\" style=\"text-align:center; display: block;\"><iframe class=\"youtube-player\" width=\"800\" height=\"450\" src=\"https:\/\/www.youtube.com\/embed\/WvCH6lzjmgQ?version=3&#038;rel=1&#038;showsearch=0&#038;showinfo=1&#038;iv_load_policy=1&#038;fs=1&#038;hl=it-IT&#038;autohide=2&#038;wmode=transparent\" allowfullscreen=\"true\" style=\"border:0;\" sandbox=\"allow-scripts allow-same-origin allow-popups allow-presentation\"><\/iframe><\/span><\/div>\n","protected":false},"excerpt":{"rendered":"<p>Quello che segue \u00e8 il secondo dei tre articoli che, come ho raccontato ieri, ho trovato su\u00a0The Atlantic e che<\/p>\n","protected":false},"author":1,"featured_media":7545,"comment_status":"open","ping_status":"open","sticky":false,"template":"","format":"standard","meta":{"_mi_skip_tracking":false,"_monsterinsights_sitenote_active":false,"_monsterinsights_sitenote_note":"","_monsterinsights_sitenote_category":0,"jetpack_post_was_ever_published":false,"_jetpack_newsletter_access":"","jetpack_publicize_message":"","jetpack_is_tweetstorm":false,"jetpack_publicize_feature_enabled":true,"jetpack_social_post_already_shared":true,"jetpack_social_options":{"image_generator_settings":{"template":"highway","enabled":false}}},"categories":[52,55,77,17,16],"tags":[],"jetpack_publicize_connections":[],"jetpack_featured_media_url":"https:\/\/i0.wp.com\/www.robertosedda.it\/wp-content\/uploads\/2014\/05\/james-dean.jpg?fit=570%2C430","jetpack_sharing_enabled":true,"jetpack_shortlink":"https:\/\/wp.me\/p4jV2T-1XC","jetpack_likes_enabled":true,"jetpack-related-posts":[{"id":5356,"url":"http:\/\/www.robertosedda.it\/?p=5356","url_meta":{"origin":7540,"position":0},"title":"Cosa c&#8217;\u00e8 nel bagagliaio della Ford Figo?","author":"Rufus","date":"10\/12\/2013","format":false,"excerpt":"Damigelle in pericolo?! Sta girando di nuovo sul web e in particolare su Facebook una notizia che risale in realt\u00e0 a marzo 2013 e che aveva suscitato parecchie perplessit\u00e0. La notizia riguarda una campagna pubblicitaria, ideata ma mai concretamente utilizzata, per la Ford Figo. La Figo \u00e8 un modello sviluppato\u2026","rel":"","context":"In &quot;Coordinate&quot;","block_context":{"text":"Coordinate","link":"http:\/\/www.robertosedda.it\/?cat=52"},"img":{"alt_text":"","src":"https:\/\/i0.wp.com\/www.robertosedda.it\/wp-content\/uploads\/2013\/12\/Pulp-magazine-cover.jpg?fit=600%2C844&resize=350%2C200","width":350,"height":200},"classes":[]},{"id":12581,"url":"http:\/\/www.robertosedda.it\/?p=12581","url_meta":{"origin":7540,"position":1},"title":"L&#8217;inarrivabile forza di volont\u00e0 del sottoscritto","author":"Rufus","date":"28\/09\/2016","format":false,"excerpt":"Sar\u00e0 anche figo organizzate feste e inaugurazioni di Banca Etica, ma dopo tutto settembre senza mai riuscire a andare al mare francamente non ne potevo pi\u00f9. Gi\u00e0. Poi ho scoperto che il tour di Panorama presenta oggi a Cagliari due improbabili convegni su banche e credito e il senso del\u2026","rel":"","context":"In &quot;Coordinate&quot;","block_context":{"text":"Coordinate","link":"http:\/\/www.robertosedda.it\/?cat=52"},"img":{"alt_text":"","src":"https:\/\/i0.wp.com\/www.robertosedda.it\/wp-content\/uploads\/2016\/09\/20160928_172428-1.jpg?fit=1200%2C900&resize=350%2C200","width":350,"height":200,"srcset":"https:\/\/i0.wp.com\/www.robertosedda.it\/wp-content\/uploads\/2016\/09\/20160928_172428-1.jpg?fit=1200%2C900&resize=350%2C200 1x, https:\/\/i0.wp.com\/www.robertosedda.it\/wp-content\/uploads\/2016\/09\/20160928_172428-1.jpg?fit=1200%2C900&resize=700%2C400 2x, https:\/\/i0.wp.com\/www.robertosedda.it\/wp-content\/uploads\/2016\/09\/20160928_172428-1.jpg?fit=1200%2C900&resize=1050%2C600 3x"},"classes":[]},{"id":14330,"url":"http:\/\/www.robertosedda.it\/?p=14330","url_meta":{"origin":7540,"position":2},"title":"I colori medievali","author":"Rufus","date":"23\/11\/2017","format":false,"excerpt":"Su questo blog abbiamo gi\u00e0 parlato di percezione dei colori differente a seconda delle diverse epoche e culture. Ieri ho trovato sul blog della studiosa inglese Kate Thomas For the Wynn un articolo che sposta l'argomento da Omero agli Anglo-Sassoni e l'ho trovato delizioso, cos\u00ec ho deciso di tradurlo. L'articolo\u2026","rel":"","context":"In &quot;Antropologia&quot;","block_context":{"text":"Antropologia","link":"http:\/\/www.robertosedda.it\/?cat=97"},"img":{"alt_text":"","src":"https:\/\/i0.wp.com\/www.robertosedda.it\/wp-content\/uploads\/2017\/11\/Arcobaleno-inglese-2.png?fit=712%2C471&resize=350%2C200","width":350,"height":200,"srcset":"https:\/\/i0.wp.com\/www.robertosedda.it\/wp-content\/uploads\/2017\/11\/Arcobaleno-inglese-2.png?fit=712%2C471&resize=350%2C200 1x, https:\/\/i0.wp.com\/www.robertosedda.it\/wp-content\/uploads\/2017\/11\/Arcobaleno-inglese-2.png?fit=712%2C471&resize=700%2C400 2x"},"classes":[]},{"id":8189,"url":"http:\/\/www.robertosedda.it\/?p=8189","url_meta":{"origin":7540,"position":3},"title":"Quegli stalker sul mio sito","author":"Rufus","date":"11\/08\/2014","format":false,"excerpt":"Ho iniziato a pubblicare articoli sul blog a settembre 2012, quindi ogni anno quando arriva agosto mi guardo un po' le statistiche che Google e Wordpress mi mettono a disposizione. Ovviamente non \u00e8 che tenga il blog per raggiungere la notoriet\u00e0 mondiale, vendere pubblicit\u00e0 e diventare ricco sfondato, quindi l'attenzione\u2026","rel":"","context":"In &quot;Coordinate&quot;","block_context":{"text":"Coordinate","link":"http:\/\/www.robertosedda.it\/?cat=52"},"img":{"alt_text":"","src":"https:\/\/i0.wp.com\/www.robertosedda.it\/wp-content\/uploads\/2013\/12\/Katniss-Everdeen.jpg?fit=434%2C600&resize=350%2C200","width":350,"height":200},"classes":[]},{"id":14029,"url":"http:\/\/www.robertosedda.it\/?p=14029","url_meta":{"origin":7540,"position":4},"title":"C&#8217;\u00e8 speranza per l&#8217;arte sulla linea P","author":"Rufus","date":"31\/07\/2017","format":false,"excerpt":"Qualche giorno fa tornavo dal mare con l'autobus e avevo dietro di me due ragazzi poco sopra i vent'anni che discutevano di vacanze. Essendo ragazzi poco sopra i vent'anni il dibattito riguardava temi come se vai in vacanza da solo e sei impegnato poi magari l\u00ec ti capita una situazione\u2026","rel":"","context":"In &quot;Coordinate&quot;","block_context":{"text":"Coordinate","link":"http:\/\/www.robertosedda.it\/?cat=52"},"img":{"alt_text":"","src":"https:\/\/i0.wp.com\/www.robertosedda.it\/wp-content\/uploads\/2017\/07\/Galleria_darte_CA.jpg?fit=900%2C1200&resize=350%2C200","width":350,"height":200,"srcset":"https:\/\/i0.wp.com\/www.robertosedda.it\/wp-content\/uploads\/2017\/07\/Galleria_darte_CA.jpg?fit=900%2C1200&resize=350%2C200 1x, https:\/\/i0.wp.com\/www.robertosedda.it\/wp-content\/uploads\/2017\/07\/Galleria_darte_CA.jpg?fit=900%2C1200&resize=700%2C400 2x"},"classes":[]},{"id":19572,"url":"http:\/\/www.robertosedda.it\/?p=19572","url_meta":{"origin":7540,"position":5},"title":"L&#8217;incompetenza probabile di Dunning e Kruger","author":"Rufus","date":"17\/05\/2022","format":false,"excerpt":"Il fidato aggregatore di notizie mi ha proposto, qualche giorno fa, un articolo di Blair Fix su un blog chiamato Economics from the top down che demolisce (punta a demolire) il cosiddetto effetto Dunning-Kruger, perlomeno nella forma con cui \u00e8 stato espresso nell'articolo scientifico originario. Per coloro che negli ultimi\u2026","rel":"","context":"In &quot;Coordinate&quot;","block_context":{"text":"Coordinate","link":"http:\/\/www.robertosedda.it\/?cat=52"},"img":{"alt_text":"","src":"https:\/\/i0.wp.com\/www.robertosedda.it\/wp-content\/uploads\/2022\/04\/Effetto_Dunning-Kruger.png?fit=1024%2C768&resize=350%2C200","width":350,"height":200,"srcset":"https:\/\/i0.wp.com\/www.robertosedda.it\/wp-content\/uploads\/2022\/04\/Effetto_Dunning-Kruger.png?fit=1024%2C768&resize=350%2C200 1x, https:\/\/i0.wp.com\/www.robertosedda.it\/wp-content\/uploads\/2022\/04\/Effetto_Dunning-Kruger.png?fit=1024%2C768&resize=700%2C400 2x"},"classes":[]}],"_links":{"self":[{"href":"http:\/\/www.robertosedda.it\/index.php?rest_route=\/wp\/v2\/posts\/7540"}],"collection":[{"href":"http:\/\/www.robertosedda.it\/index.php?rest_route=\/wp\/v2\/posts"}],"about":[{"href":"http:\/\/www.robertosedda.it\/index.php?rest_route=\/wp\/v2\/types\/post"}],"author":[{"embeddable":true,"href":"http:\/\/www.robertosedda.it\/index.php?rest_route=\/wp\/v2\/users\/1"}],"replies":[{"embeddable":true,"href":"http:\/\/www.robertosedda.it\/index.php?rest_route=%2Fwp%2Fv2%2Fcomments&post=7540"}],"version-history":[{"count":9,"href":"http:\/\/www.robertosedda.it\/index.php?rest_route=\/wp\/v2\/posts\/7540\/revisions"}],"predecessor-version":[{"id":8926,"href":"http:\/\/www.robertosedda.it\/index.php?rest_route=\/wp\/v2\/posts\/7540\/revisions\/8926"}],"wp:featuredmedia":[{"embeddable":true,"href":"http:\/\/www.robertosedda.it\/index.php?rest_route=\/wp\/v2\/media\/7545"}],"wp:attachment":[{"href":"http:\/\/www.robertosedda.it\/index.php?rest_route=%2Fwp%2Fv2%2Fmedia&parent=7540"}],"wp:term":[{"taxonomy":"category","embeddable":true,"href":"http:\/\/www.robertosedda.it\/index.php?rest_route=%2Fwp%2Fv2%2Fcategories&post=7540"},{"taxonomy":"post_tag","embeddable":true,"href":"http:\/\/www.robertosedda.it\/index.php?rest_route=%2Fwp%2Fv2%2Ftags&post=7540"}],"curies":[{"name":"wp","href":"https:\/\/api.w.org\/{rel}","templated":true}]}}