{"id":7487,"date":"2014-05-20T18:08:29","date_gmt":"2014-05-20T16:08:29","guid":{"rendered":"http:\/\/www.robertosedda.it\/?p=7487"},"modified":"2014-05-20T18:08:29","modified_gmt":"2014-05-20T16:08:29","slug":"cose-che-si-scoprono-facendosi-consigliare-libri","status":"publish","type":"post","link":"http:\/\/www.robertosedda.it\/?p=7487","title":{"rendered":"Cose che si scoprono facendosi consigliare libri"},"content":{"rendered":"<h2><em>Io non ho paura\u00a0<\/em>(Niccol\u00f2 Ammaniti, <em>Einaudi<\/em> 2001) a\u00a0<em>Oggi parliamo di libri<\/em><\/h2>\n<div class=\"jetpack-video-wrapper\"><span class=\"embed-youtube\" style=\"text-align:center; display: block;\"><iframe class=\"youtube-player\" width=\"800\" height=\"450\" src=\"https:\/\/www.youtube.com\/embed\/6K9kX454kQA?version=3&#038;rel=1&#038;showsearch=0&#038;showinfo=1&#038;iv_load_policy=1&#038;fs=1&#038;hl=it-IT&#038;autohide=2&#038;wmode=transparent\" allowfullscreen=\"true\" style=\"border:0;\" sandbox=\"allow-scripts allow-same-origin allow-popups allow-presentation\"><\/iframe><\/span><\/div>\n<p>Con\u00a0<em>Io non ho paura<\/em>, come avrete sentito, ho avviato un nuovo ciclo di puntate di\u00a0<em>Oggi parliamo di libri<\/em>, in cui presento di volta in volta il &#8220;libro del cuore&#8221; di diversi colleghi collaboratori della radio.<\/p>\n<p>\u00c8 un ciclo di puntate che mi pone non poche difficolt\u00e0, perch\u00e9 mi obbliga a uscire dal confortevole recinto della letteratura di genere nel quale mi sento del tutto a mio agio, e mi costringe a parlare talvolta di libri che ho dovuto leggere per l&#8217;occasione e sui quali non mi sento particolarmente sicuro.<\/p>\n<p>Per\u00f2 \u00e8 anche un ciclo di puntate divertente in cui ho fatto delle belle scoperte, non solo nel senso di libri e autori che non avevo mai frequentato ma anche perch\u00e9 scopro delle idee, dei collegamenti\u00a0e delle\u00a0convergenze che altrimenti non mi sarebbero mai venuti in mente.<\/p>\n<p><em>Io non ho paura<\/em> \u00e8 un caso appropriato: sia per l&#8217;insicurezza che credo traspaia in un paio di momenti della puntata, sia per le scoperte, nel caso specifico due cose che si ripresenteranno\u00a0anche altre\u00a0volte in tutto il ciclo di trasmissioni.<\/p>\n<p>La prima \u00e8 il concetto di\u00a0<em>libro generazionale<\/em>: non c&#8217;\u00e8 da stupirsi, tutto sommato, se si considera che ho chiesto a ciascuno quale fosse il suo libro preferito, e i libri che piacciono tanto alle persone sono per forza espressivi di una condizione di vita che si divide con altri e che dipende dal tempo in cui si \u00e8 inseriti; \u00e8 anche probabile che sul concetto mi sia dilungato fin troppo in trasmissione: per\u00f2 \u00e8 stata una scoperta interessante e credo che sia una chiave interpretativa pi\u00f9 che corretta\u00a0con cui guardare a <em>Io non ho paura<\/em>, per come Ammaniti usa il romanzo per voltarsi indietro verso gli anni &#8217;70.<\/p>\n<p>L&#8217;altro tema che mi ha molto colpito \u00e8 la considerazione di come molto dell&#8217;armamentario critico che si utilizza per la letteratura di genere sia appropriato anche per un romanzo\u00a0assolutamente<em> mainstream<\/em> come questo: buona parte delle <a title=\"L\u2019isola del tesoro\" href=\"http:\/\/www.robertosedda.it\/?p=2910\">cose che ho detto o riflettuto a suo tempo su Stevenson<\/a> &#8211; e che andrebbero benissimo per\u00a0tanta\u00a0letteratura avventurosa, per esempio &#8211;\u00a0\u00a0sono perfettamente applicabili anche a\u00a0<em>Io non ho paura<\/em>. In parte dipende, naturalmente, dallo sforzo intenzionale di Ammaniti di fare letteratura popolare (anzi:\u00a0<em>pop<\/em>), ma il tema non \u00e8 solo questo e limitare cos\u00ec il discorso sarebbe ingenuo e fin troppo limitante: casomai il tema \u00e8 legato alla potenza dei materiali narrativi con i quali si costruisce la letteratura avventurosa\u00a0(in\u00a0<em>Io non ho paura<\/em> ricompaiono il tema del doppio, la fascinazione del male, il passaggio d&#8217;et\u00e0&#8230;): poi \u00e8 chiaro che nel caso di uno scrittore a tutto tondo come Ammaniti la pura resa letteraria \u00e8 molto migliore di quella di altri scirttori pi\u00f9 industriali, o ripetitivi.<\/p>\n<p>Mi sono anche divertito abbastanza, nella puntata, a rievocare la dimenticata\u00a0polemica letteraria sugli\u00a0<em>scrittori cannibali\u00a0<\/em>(o\u00a0<em>pulp<\/em>), una polemica che avevo seguito negli anni &#8217;90 trovandola del tutto pretestuosa &#8211; al tempo\u00a0<em>Dylan Dog<\/em>, per dire, usciva da almeno dieci anni e aveva ampiamente sdoganato\u00a0<em>horror<\/em>,\u00a0<em>gore<\/em> e\u00a0<em>splatter<\/em>\u00a0 e nel poliziesco John Woo e la violenza dei film di Hong Kong aveva gi\u00e0 un seguito ben definito, altro che Tarantino\u00a0&#8211; e che ancora pi\u00f9 bizzarra appare se rievocata adesso a distanza di vent&#8217;anni.<\/p>\n<p>Durante la puntata abbiamo usato come pausa musicale\u00a0<em>Vieni a ballare in Puglia<\/em> di Caparezza.<\/p>\n<div class=\"jetpack-video-wrapper\"><span class=\"embed-youtube\" style=\"text-align:center; display: block;\"><iframe class=\"youtube-player\" width=\"800\" height=\"450\" src=\"https:\/\/www.youtube.com\/embed\/YdVaHCCxHMw?version=3&#038;rel=1&#038;showsearch=0&#038;showinfo=1&#038;iv_load_policy=1&#038;fs=1&#038;hl=it-IT&#038;autohide=2&#038;wmode=transparent\" allowfullscreen=\"true\" style=\"border:0;\" sandbox=\"allow-scripts allow-same-origin allow-popups allow-presentation\"><\/iframe><\/span><\/div>\n","protected":false},"excerpt":{"rendered":"<p>Io non ho paura\u00a0(Niccol\u00f2 Ammaniti, Einaudi 2001) a\u00a0Oggi parliamo di libri Con\u00a0Io non ho paura, come avrete sentito, ho avviato<\/p>\n","protected":false},"author":1,"featured_media":0,"comment_status":"open","ping_status":"open","sticky":false,"template":"","format":"video","meta":{"_mi_skip_tracking":false,"_monsterinsights_sitenote_active":false,"_monsterinsights_sitenote_note":"","_monsterinsights_sitenote_category":0,"jetpack_post_was_ever_published":false,"_jetpack_newsletter_access":"","jetpack_publicize_message":"Cose che si scoprono facendosi consigliare libri - come \"Io non ho paura\" di Ammaniti, per esempio","jetpack_is_tweetstorm":false,"jetpack_publicize_feature_enabled":true,"jetpack_social_post_already_shared":true,"jetpack_social_options":{"image_generator_settings":{"template":"highway","enabled":false}}},"categories":[52,56,13,68,12],"tags":[],"jetpack_publicize_connections":[],"jetpack_featured_media_url":"","jetpack_sharing_enabled":true,"jetpack_shortlink":"https:\/\/wp.me\/p4jV2T-1WL","jetpack_likes_enabled":true,"jetpack-related-posts":[{"id":11945,"url":"http:\/\/www.robertosedda.it\/?p=11945","url_meta":{"origin":7487,"position":0},"title":"Oggi parliamo di libri arriva all&#8217;Ottocento","author":"Rufus","date":"11\/05\/2016","format":false,"excerpt":"Sono abbastanza soddisfatto della puntata di Oggi parliamo di libri con cui ho aperto l'ultimo, lungo, ciclo di trasmissioni della stagione (\u00e8 ormai chiaro che non riuscir\u00f2 a parlare del teatro del '900). http:\/\/www.radiokalaritana.it\/audio\/download\/LIB-S04E25-Il_teatro_nel_1800-20160317.mp3 Il teatro nell'800 Non \u00e8 che sempre bisogna dire cose straordinarie (infatti io non ci riesco\u2026","rel":"","context":"In &quot;Coordinate&quot;","block_context":{"text":"Coordinate","link":"http:\/\/www.robertosedda.it\/?cat=52"},"img":{"alt_text":"","src":"https:\/\/i0.wp.com\/www.robertosedda.it\/wp-content\/uploads\/2016\/05\/Hobsbawm-Et\u00e0-rivoluzione-e1683811506646.jpg?fit=750%2C1088&resize=350%2C200","width":350,"height":200,"srcset":"https:\/\/i0.wp.com\/www.robertosedda.it\/wp-content\/uploads\/2016\/05\/Hobsbawm-Et\u00e0-rivoluzione-e1683811506646.jpg?fit=750%2C1088&resize=350%2C200 1x, https:\/\/i0.wp.com\/www.robertosedda.it\/wp-content\/uploads\/2016\/05\/Hobsbawm-Et\u00e0-rivoluzione-e1683811506646.jpg?fit=750%2C1088&resize=700%2C400 2x"},"classes":[]},{"id":11590,"url":"http:\/\/www.robertosedda.it\/?p=11590","url_meta":{"origin":7487,"position":1},"title":"La commedia dell&#8217;arte a Oggi parliamo di libri","author":"Rufus","date":"23\/02\/2016","format":false,"excerpt":"http:\/\/www.radiokalaritana.it\/audio\/LIB-S04E16-La_commedia_de_arte-20160114.mp3 La commedia dell'arte \u00c8 un po' che non riepilogo qui sul\u00a0blog le varie puntate di Oggi parliamo di libri. Dopo il ciclo dedicato a Shakespeare\u00a0avevo previsto di presentare Gozzi e Goldoni, ma nel preparare le puntate mi sono reso conto che affrontare direttamente questi due non si poteva: mi\u2026","rel":"","context":"In &quot;Coordinate&quot;","block_context":{"text":"Coordinate","link":"http:\/\/www.robertosedda.it\/?cat=52"},"img":{"alt_text":"","src":"https:\/\/i0.wp.com\/www.robertosedda.it\/wp-content\/uploads\/2016\/02\/Enrico-Bonavera.jpg?fit=848%2C1200&resize=350%2C200","width":350,"height":200,"srcset":"https:\/\/i0.wp.com\/www.robertosedda.it\/wp-content\/uploads\/2016\/02\/Enrico-Bonavera.jpg?fit=848%2C1200&resize=350%2C200 1x, https:\/\/i0.wp.com\/www.robertosedda.it\/wp-content\/uploads\/2016\/02\/Enrico-Bonavera.jpg?fit=848%2C1200&resize=700%2C400 2x"},"classes":[]},{"id":3424,"url":"http:\/\/www.robertosedda.it\/?p=3424","url_meta":{"origin":7487,"position":2},"title":"I gialli di cui parler\u00f2 (se voi me li consigliate)","author":"Rufus","date":"04\/06\/2013","format":false,"excerpt":"Mentre Oggi parliamo di libri del 2012\/2013 si avvia alla conclusione (per l'estate ci fermiamo) mi \u00e8 venuta voglia di dedicare un po' di tempo a progettare la prossima stagione, lavoro per il quale chiedo aiuto a voi, affezionati lettori. Dedicher\u00f2 sicuramente un ciclo di puntate ai gialli. Ho messo\u2026","rel":"","context":"In &quot;Coordinate&quot;","block_context":{"text":"Coordinate","link":"http:\/\/www.robertosedda.it\/?cat=52"},"img":{"alt_text":"","src":"https:\/\/i0.wp.com\/www.robertosedda.it\/wp-content\/uploads\/2012\/11\/92_1334481194.jpg?fit=447%2C335&resize=350%2C200","width":350,"height":200},"classes":[]},{"id":12472,"url":"http:\/\/www.robertosedda.it\/?p=12472","url_meta":{"origin":7487,"position":3},"title":"Cos\u00ec fin\u00ec Oggi parliamo di libri","author":"Rufus","date":"06\/09\/2016","format":false,"excerpt":"Trovate qui sotto l'ultima puntata della stagione 2015\/2016 di\u00a0Oggi parliamo di libri, dedicata a\u00a0Liol\u00e0\u00a0di Pirandello: si tratta anche dell'ultima puntata in generale della trasmissione, perch\u00e9 per l'anno prossimo mi piacerebbe molto che venisse accettata la mia proposta di parlare di giochi\u00a0(se si parte si parte ad ottobre, ma mi pare\u2026","rel":"","context":"In &quot;Coordinate&quot;","block_context":{"text":"Coordinate","link":"http:\/\/www.robertosedda.it\/?cat=52"},"img":{"alt_text":"","src":"https:\/\/i0.wp.com\/www.robertosedda.it\/wp-content\/uploads\/2016\/09\/Oggi-parliamo-di-libri-1.jpg?fit=480%2C360&resize=350%2C200","width":350,"height":200},"classes":[]},{"id":10888,"url":"http:\/\/www.robertosedda.it\/?p=10888","url_meta":{"origin":7487,"position":4},"title":"Come detto, teatro","author":"Rufus","date":"24\/09\/2015","format":"video","excerpt":"http:\/\/www.radiokalaritana.it\/audio\/LIB-S04E01-Le_opere_teatrali-20150917.mp3 Parlare di teatro (Oggi parliamo di libri, 17\/09\/2015) La presenza del\u00a0podcast mi permette di riproporre qui sul blog\u00a0le puntate di\u00a0Oggi parliamo di libri\u00a0in maniera pi\u00f9 puntuale: questa \u00e8 la prima, andata in onda la settimana scorsa, e la sua pubblicazione vale anche come invito ad ascoltare la seconda, questa\u2026","rel":"","context":"In &quot;Coordinate&quot;","block_context":{"text":"Coordinate","link":"http:\/\/www.robertosedda.it\/?cat=52"},"img":{"alt_text":"","src":"","width":0,"height":0},"classes":[]},{"id":6599,"url":"http:\/\/www.robertosedda.it\/?p=6599","url_meta":{"origin":7487,"position":5},"title":"Sono di nuovo alla caccia di suggerimenti musicali: fatevi avanti!","author":"Rufus","date":"27\/02\/2014","format":"video","excerpt":"A met\u00e0 marzo inizier\u00f2 un nuovo ciclo di trasmissioni di Oggi parliamo di libri in cui parler\u00f2 dei libri del cuore di tutti noi che lavoriamo alla radio: tecnici, giornalisti e tutti quelli che curano i programmi dedicati alla comunicazione, i viaggi, la salute, l'arte sacra e cos\u00ec via e\u2026","rel":"","context":"In &quot;Coordinate&quot;","block_context":{"text":"Coordinate","link":"http:\/\/www.robertosedda.it\/?cat=52"},"img":{"alt_text":"","src":"https:\/\/i0.wp.com\/img.youtube.com\/vi\/7dtn9Gk4Q_E\/0.jpg?resize=350%2C200","width":350,"height":200},"classes":[]}],"_links":{"self":[{"href":"http:\/\/www.robertosedda.it\/index.php?rest_route=\/wp\/v2\/posts\/7487"}],"collection":[{"href":"http:\/\/www.robertosedda.it\/index.php?rest_route=\/wp\/v2\/posts"}],"about":[{"href":"http:\/\/www.robertosedda.it\/index.php?rest_route=\/wp\/v2\/types\/post"}],"author":[{"embeddable":true,"href":"http:\/\/www.robertosedda.it\/index.php?rest_route=\/wp\/v2\/users\/1"}],"replies":[{"embeddable":true,"href":"http:\/\/www.robertosedda.it\/index.php?rest_route=%2Fwp%2Fv2%2Fcomments&post=7487"}],"version-history":[{"count":1,"href":"http:\/\/www.robertosedda.it\/index.php?rest_route=\/wp\/v2\/posts\/7487\/revisions"}],"predecessor-version":[{"id":7488,"href":"http:\/\/www.robertosedda.it\/index.php?rest_route=\/wp\/v2\/posts\/7487\/revisions\/7488"}],"wp:attachment":[{"href":"http:\/\/www.robertosedda.it\/index.php?rest_route=%2Fwp%2Fv2%2Fmedia&parent=7487"}],"wp:term":[{"taxonomy":"category","embeddable":true,"href":"http:\/\/www.robertosedda.it\/index.php?rest_route=%2Fwp%2Fv2%2Fcategories&post=7487"},{"taxonomy":"post_tag","embeddable":true,"href":"http:\/\/www.robertosedda.it\/index.php?rest_route=%2Fwp%2Fv2%2Ftags&post=7487"}],"curies":[{"name":"wp","href":"https:\/\/api.w.org\/{rel}","templated":true}]}}