{"id":7479,"date":"2014-05-20T11:10:06","date_gmt":"2014-05-20T09:10:06","guid":{"rendered":"http:\/\/www.robertosedda.it\/?p=7479"},"modified":"2014-05-20T11:10:06","modified_gmt":"2014-05-20T09:10:06","slug":"due-parole-sulle-elezioni-europee","status":"publish","type":"post","link":"http:\/\/www.robertosedda.it\/?p=7479","title":{"rendered":"Due parole sulle elezioni europee"},"content":{"rendered":"<p><img data-attachment-id=\"4247\" data-permalink=\"http:\/\/www.robertosedda.it\/?attachment_id=4247\" data-orig-file=\"https:\/\/i0.wp.com\/www.robertosedda.it\/wp-content\/uploads\/2013\/08\/stay-angry-don-t-let-the-bastards-grind-you-down.png?fit=600%2C700\" data-orig-size=\"600,700\" data-comments-opened=\"1\" data-image-meta=\"{&quot;aperture&quot;:&quot;0&quot;,&quot;credit&quot;:&quot;&quot;,&quot;camera&quot;:&quot;&quot;,&quot;caption&quot;:&quot;&quot;,&quot;created_timestamp&quot;:&quot;0&quot;,&quot;copyright&quot;:&quot;&quot;,&quot;focal_length&quot;:&quot;0&quot;,&quot;iso&quot;:&quot;0&quot;,&quot;shutter_speed&quot;:&quot;0&quot;,&quot;title&quot;:&quot;&quot;}\" data-image-title=\"stay-angry-don-t-let-the-bastards-grind-you-down\" data-image-description=\"\" data-image-caption=\"\" data-medium-file=\"https:\/\/i0.wp.com\/www.robertosedda.it\/wp-content\/uploads\/2013\/08\/stay-angry-don-t-let-the-bastards-grind-you-down.png?fit=257%2C300\" data-large-file=\"https:\/\/i0.wp.com\/www.robertosedda.it\/wp-content\/uploads\/2013\/08\/stay-angry-don-t-let-the-bastards-grind-you-down.png?fit=510%2C595\" decoding=\"async\" loading=\"lazy\" class=\"alignleft wp-image-4247 size-medium\" src=\"https:\/\/i0.wp.com\/www.robertosedda.it\/wp-content\/uploads\/2013\/08\/stay-angry-don-t-let-the-bastards-grind-you-down.png?resize=257%2C300\" alt=\"stay-angry-don-t-let-the-bastards-grind-you-down\" width=\"257\" height=\"300\" srcset=\"https:\/\/i0.wp.com\/www.robertosedda.it\/wp-content\/uploads\/2013\/08\/stay-angry-don-t-let-the-bastards-grind-you-down.png?resize=257%2C300 257w, https:\/\/i0.wp.com\/www.robertosedda.it\/wp-content\/uploads\/2013\/08\/stay-angry-don-t-let-the-bastards-grind-you-down.png?w=600 600w\" sizes=\"(max-width: 257px) 100vw, 257px\" data-recalc-dims=\"1\" \/>Sono abbastanza disturbato dal modo con il quale il dibattito elettorale in vista delle prossime europee si sta focalizzando esclusivamente su tematiche politiche nazionali.<\/p>\n<p>La causa \u00e8, ovviamente, nella polarizzazione della polemica fra le posizioni di <em>PD<\/em> e <em>M5S<\/em>, che competono per il primato in una logica tutta interna che sposta l&#8217;attenzione, sostanzialmente, sui destini del Governo e sulla possibilit\u00e0 o meno di uno scioglimento del Parlamento e di nuove elezioni.<\/p>\n<p>\u00c8 una competizione politica che trovo di scarsissimo interesse. Prima di tutto perch\u00e9, fra ladroni e nazisti, si mette in scena un teatrino che spesso si \u00e8 visto negli ultimi vent&#8217;anni, solo con Berlusconi al posto di Grillo. Diciamolo chiaramente:\u00a0l&#8217;alzare il rumore nella campagna elettorale, l&#8217;inseguire ossessivamente le battute e le\u00a0<em>gaffe<\/em> dell&#8217;avversario, o il mettere in piazza scandali e scandaletti, non \u00e8 polemica politica: \u00e8 collaborazione. <a href=\"https:\/\/i0.wp.com\/www.robertosedda.it\/wp-content\/uploads\/2014\/05\/Feudalesimo-e-libert\u00e0-2.jpg\"><img data-attachment-id=\"7482\" data-permalink=\"http:\/\/www.robertosedda.it\/?attachment_id=7482\" data-orig-file=\"https:\/\/i0.wp.com\/www.robertosedda.it\/wp-content\/uploads\/2014\/05\/Feudalesimo-e-libert\u00e0-2.jpg?fit=678%2C960\" data-orig-size=\"678,960\" data-comments-opened=\"1\" data-image-meta=\"{&quot;aperture&quot;:&quot;0&quot;,&quot;credit&quot;:&quot;&quot;,&quot;camera&quot;:&quot;&quot;,&quot;caption&quot;:&quot;&quot;,&quot;created_timestamp&quot;:&quot;0&quot;,&quot;copyright&quot;:&quot;&quot;,&quot;focal_length&quot;:&quot;0&quot;,&quot;iso&quot;:&quot;0&quot;,&quot;shutter_speed&quot;:&quot;0&quot;,&quot;title&quot;:&quot;&quot;}\" data-image-title=\"Feudalesimo e libert\u00e0 2\" data-image-description=\"\" data-image-caption=\"\" data-medium-file=\"https:\/\/i0.wp.com\/www.robertosedda.it\/wp-content\/uploads\/2014\/05\/Feudalesimo-e-libert\u00e0-2.jpg?fit=211%2C300\" data-large-file=\"https:\/\/i0.wp.com\/www.robertosedda.it\/wp-content\/uploads\/2014\/05\/Feudalesimo-e-libert\u00e0-2.jpg?fit=510%2C722\" decoding=\"async\" loading=\"lazy\" class=\"alignright size-medium wp-image-7482\" src=\"https:\/\/i0.wp.com\/www.robertosedda.it\/wp-content\/uploads\/2014\/05\/Feudalesimo-e-libert\u00e0-2.jpg?resize=211%2C300\" alt=\"Feudalesimo e libert\u00e0 2\" width=\"211\" height=\"300\" srcset=\"https:\/\/i0.wp.com\/www.robertosedda.it\/wp-content\/uploads\/2014\/05\/Feudalesimo-e-libert\u00e0-2.jpg?resize=211%2C300 211w, https:\/\/i0.wp.com\/www.robertosedda.it\/wp-content\/uploads\/2014\/05\/Feudalesimo-e-libert\u00e0-2.jpg?resize=105%2C150 105w, https:\/\/i0.wp.com\/www.robertosedda.it\/wp-content\/uploads\/2014\/05\/Feudalesimo-e-libert\u00e0-2.jpg?resize=510%2C722 510w, https:\/\/i0.wp.com\/www.robertosedda.it\/wp-content\/uploads\/2014\/05\/Feudalesimo-e-libert\u00e0-2.jpg?w=678 678w\" sizes=\"(max-width: 211px) 100vw, 211px\" data-recalc-dims=\"1\" \/><\/a>Serve a polarizzare il proprio elettorato e <em>contemporaneamente<\/em> legittima\u00a0l&#8217;avversario, nella misura in cui presenta il gioco politico come alternativa secca: o me o lui. D&#8217;Alema e il peggio del Partito Democratico &#8211; ma anche tanti altri &#8211; sono sopravvissuti per anni perch\u00e9 dall&#8217;altra parte c&#8217;era Berlusconi. Renzi agita adesso lo spauracchio del Grillo nazista in maniera assolutamente identica. Sono armi di distrazione di massa. Grillo sa benissimo che la tattica del muro contro muro a oltranza non indebolisce il sistema dei partiti: casomai lo coagula. Non gli importa nella misura in cui gli permette di rafforzare anche la sua base elettorale e dissimulare le sue debolezze interne. Non \u00e8 diverso da quando Berlusconi gridava: \u00abComunisti!!\u00bb. Sono-armi-di-distrazione-di-massa.<\/p>\n<p>\u00c8\u00a0uno spettacolo tante volte messo in scena in Italia, e con esiti cos\u00ec disastrosi, che desta sconcerto come persone avvertite e intelligenti, che magari fino a una settimana fa non intendevano votare, sentano adesso il bisogno di recarsi in maniera impellente al seggio, perch\u00e9 c&#8217;\u00e8 un&#8217;emergenza democratica e occorre fare argine ai fascisti, o perch\u00e9 la cupola dell&#8217;<em>Expo\u00a0<\/em>una buona volta va messa in galera e gettata la chiave.<\/p>\n<p><a href=\"https:\/\/i0.wp.com\/www.robertosedda.it\/wp-content\/uploads\/2014\/05\/Feudalesimo-e-libert\u00e0-3.jpg\"><img data-attachment-id=\"7483\" data-permalink=\"http:\/\/www.robertosedda.it\/?attachment_id=7483\" data-orig-file=\"https:\/\/i0.wp.com\/www.robertosedda.it\/wp-content\/uploads\/2014\/05\/Feudalesimo-e-libert\u00e0-3.jpg?fit=678%2C960\" data-orig-size=\"678,960\" data-comments-opened=\"1\" data-image-meta=\"{&quot;aperture&quot;:&quot;0&quot;,&quot;credit&quot;:&quot;&quot;,&quot;camera&quot;:&quot;&quot;,&quot;caption&quot;:&quot;&quot;,&quot;created_timestamp&quot;:&quot;0&quot;,&quot;copyright&quot;:&quot;&quot;,&quot;focal_length&quot;:&quot;0&quot;,&quot;iso&quot;:&quot;0&quot;,&quot;shutter_speed&quot;:&quot;0&quot;,&quot;title&quot;:&quot;&quot;}\" data-image-title=\"Feudalesimo e libert\u00e0 3\" data-image-description=\"\" data-image-caption=\"\" data-medium-file=\"https:\/\/i0.wp.com\/www.robertosedda.it\/wp-content\/uploads\/2014\/05\/Feudalesimo-e-libert\u00e0-3.jpg?fit=211%2C300\" data-large-file=\"https:\/\/i0.wp.com\/www.robertosedda.it\/wp-content\/uploads\/2014\/05\/Feudalesimo-e-libert\u00e0-3.jpg?fit=510%2C722\" decoding=\"async\" loading=\"lazy\" class=\"alignleft size-medium wp-image-7483\" src=\"https:\/\/i0.wp.com\/www.robertosedda.it\/wp-content\/uploads\/2014\/05\/Feudalesimo-e-libert\u00e0-3.jpg?resize=211%2C300\" alt=\"Feudalesimo e libert\u00e0 3\" width=\"211\" height=\"300\" srcset=\"https:\/\/i0.wp.com\/www.robertosedda.it\/wp-content\/uploads\/2014\/05\/Feudalesimo-e-libert\u00e0-3.jpg?resize=211%2C300 211w, https:\/\/i0.wp.com\/www.robertosedda.it\/wp-content\/uploads\/2014\/05\/Feudalesimo-e-libert\u00e0-3.jpg?resize=105%2C150 105w, https:\/\/i0.wp.com\/www.robertosedda.it\/wp-content\/uploads\/2014\/05\/Feudalesimo-e-libert\u00e0-3.jpg?resize=510%2C722 510w, https:\/\/i0.wp.com\/www.robertosedda.it\/wp-content\/uploads\/2014\/05\/Feudalesimo-e-libert\u00e0-3.jpg?w=678 678w\" sizes=\"(max-width: 211px) 100vw, 211px\" data-recalc-dims=\"1\" \/><\/a>Francamente a me di entrare nel gregge, da una parte o dall&#8217;altra, non interessa. Viene in mente Brecht:<\/p>\n<blockquote>\n<p class=\"Stile3\" style=\"color: rgb(0, 0, 0); text-align: left;\" align=\"center\">Al momento di marciare<br \/>\nmolti non sanno<br \/>\nche alla loro testa marcia il nemico.<\/p>\n<p>La voce che li comanda<br \/>\n\u00e8 la voce del loro nemico.<\/p>\n<p>E chi parla del nemico<br \/>\n\u00e8 lui stesso il nemico.<\/p>\n<\/blockquote>\n<p class=\"Stile3\" style=\"color: rgb(0, 0, 0); text-align: left;\" align=\"center\">Ma soprattutto trovo la strumentalizzazione del dibattito elettorale in chiave nazionale <em>davvero\u00a0<\/em>disturbante perch\u00e9 queste elezioni europee sono importanti. Per l&#8217;Europa, non per l&#8217;Italia. Sono elezioni in cui, in parte, si arriva con nuove regole e in cui \u00e8 prevista l&#8217;elezione diretta del Presidente della Commissione Europea, il che non \u00e8 proprio poco. Ma soprattutto sono le prime elezioni dopo la crisi. Dopo che sono state implementate politiche econo<a href=\"https:\/\/i0.wp.com\/www.robertosedda.it\/wp-content\/uploads\/2014\/05\/Feudalesimo-e-libert\u00e0-1.jpg\"><img data-attachment-id=\"7481\" data-permalink=\"http:\/\/www.robertosedda.it\/?attachment_id=7481\" data-orig-file=\"https:\/\/i0.wp.com\/www.robertosedda.it\/wp-content\/uploads\/2014\/05\/Feudalesimo-e-libert\u00e0-1.jpg?fit=679%2C960\" data-orig-size=\"679,960\" data-comments-opened=\"1\" data-image-meta=\"{&quot;aperture&quot;:&quot;0&quot;,&quot;credit&quot;:&quot;&quot;,&quot;camera&quot;:&quot;&quot;,&quot;caption&quot;:&quot;&quot;,&quot;created_timestamp&quot;:&quot;0&quot;,&quot;copyright&quot;:&quot;&quot;,&quot;focal_length&quot;:&quot;0&quot;,&quot;iso&quot;:&quot;0&quot;,&quot;shutter_speed&quot;:&quot;0&quot;,&quot;title&quot;:&quot;&quot;}\" data-image-title=\"Feudalesimo e libert\u00e0 1\" data-image-description=\"\" data-image-caption=\"\" data-medium-file=\"https:\/\/i0.wp.com\/www.robertosedda.it\/wp-content\/uploads\/2014\/05\/Feudalesimo-e-libert\u00e0-1.jpg?fit=212%2C300\" data-large-file=\"https:\/\/i0.wp.com\/www.robertosedda.it\/wp-content\/uploads\/2014\/05\/Feudalesimo-e-libert\u00e0-1.jpg?fit=510%2C721\" decoding=\"async\" loading=\"lazy\" class=\"alignright wp-image-7481 size-medium\" src=\"https:\/\/i0.wp.com\/www.robertosedda.it\/wp-content\/uploads\/2014\/05\/Feudalesimo-e-libert\u00e0-1.jpg?resize=212%2C300\" alt=\"Feudalesimo e libert\u00e0 1\" width=\"212\" height=\"300\" srcset=\"https:\/\/i0.wp.com\/www.robertosedda.it\/wp-content\/uploads\/2014\/05\/Feudalesimo-e-libert\u00e0-1.jpg?resize=212%2C300 212w, https:\/\/i0.wp.com\/www.robertosedda.it\/wp-content\/uploads\/2014\/05\/Feudalesimo-e-libert\u00e0-1.jpg?resize=106%2C150 106w, https:\/\/i0.wp.com\/www.robertosedda.it\/wp-content\/uploads\/2014\/05\/Feudalesimo-e-libert\u00e0-1.jpg?resize=510%2C721 510w, https:\/\/i0.wp.com\/www.robertosedda.it\/wp-content\/uploads\/2014\/05\/Feudalesimo-e-libert\u00e0-1.jpg?w=679 679w\" sizes=\"(max-width: 212px) 100vw, 212px\" data-recalc-dims=\"1\" \/><\/a>miche e sociali che l&#8217;Europa<br \/>\nnon aveva mai visto e che sono il\u00a0<em>contrario<\/em> di ci\u00f2 che sempre si era pensato che l&#8217;Europa rappresentasse: buon governo, sicurezza sociale, rispetto dei diritti, coesione interna.<\/p>\n<p class=\"Stile3\" style=\"color: rgb(0, 0, 0); text-align: left;\" align=\"center\">Sono elezioni che si collocano dentro una lotta epocale &#8211; non c&#8217;\u00e8 altra parola &#8211; sul destino dell&#8217;Europa.\u00a0Sono elezioni in cui il nemico, per usare l&#8217;espressione del vecchio Brecht, \u00e8 molto chiaro:\u00a0sono le vecchie aristocrazie del capitale e\u00a0le nuove aristocrazie della finanza. Le logiche di asservimento globali e le tecnocrazie che le rappresentano.<\/p>\n<p class=\"Stile3\" style=\"color: rgb(0, 0, 0); text-align: left;\" align=\"center\">Al loro confronto il comico genovese e il piacione fiorentino, lo ammetterete, non meritano tanta attenzione.<\/p>\n","protected":false},"excerpt":{"rendered":"<p>Sono abbastanza disturbato dal modo con il quale il dibattito elettorale in vista delle prossime europee si sta focalizzando esclusivamente<\/p>\n","protected":false},"author":1,"featured_media":7481,"comment_status":"open","ping_status":"open","sticky":false,"template":"","format":"standard","meta":{"_mi_skip_tracking":false,"_monsterinsights_sitenote_active":false,"_monsterinsights_sitenote_note":"","_monsterinsights_sitenote_category":0,"jetpack_post_was_ever_published":false,"_jetpack_newsletter_access":"","jetpack_publicize_message":"","jetpack_is_tweetstorm":false,"jetpack_publicize_feature_enabled":true,"jetpack_social_post_already_shared":true,"jetpack_social_options":{"image_generator_settings":{"template":"highway","enabled":false}}},"categories":[52,57,17,59,16],"tags":[],"jetpack_publicize_connections":[],"jetpack_featured_media_url":"https:\/\/i0.wp.com\/www.robertosedda.it\/wp-content\/uploads\/2014\/05\/Feudalesimo-e-libert\u00e0-1.jpg?fit=679%2C960","jetpack_sharing_enabled":true,"jetpack_shortlink":"https:\/\/wp.me\/p4jV2T-1WD","jetpack_likes_enabled":true,"jetpack-related-posts":[{"id":6134,"url":"http:\/\/www.robertosedda.it\/?p=6134","url_meta":{"origin":7479,"position":0},"title":"Troppa poca Europa nella campagna elettorale","author":"Rufus","date":"03\/02\/2014","format":false,"excerpt":"A causa della campagna elettorale, dei vari impegni, del freddo e dell'influenza sono gi\u00e0 due settimane che il gruppo dei blogger del luned\u00ec non riesce a produrre il consueto articolo. Quello che segue \u00e8 stato inviato ma non discusso la settimana scorsa (peraltro io ho smesso da un po' di\u2026","rel":"","context":"In &quot;Coordinate&quot;","block_context":{"text":"Coordinate","link":"http:\/\/www.robertosedda.it\/?cat=52"},"img":{"alt_text":"","src":"https:\/\/i0.wp.com\/www.robertosedda.it\/wp-content\/uploads\/2014\/02\/Flag_of_Europe.svg.png?fit=1200%2C800&resize=350%2C200","width":350,"height":200,"srcset":"https:\/\/i0.wp.com\/www.robertosedda.it\/wp-content\/uploads\/2014\/02\/Flag_of_Europe.svg.png?fit=1200%2C800&resize=350%2C200 1x, https:\/\/i0.wp.com\/www.robertosedda.it\/wp-content\/uploads\/2014\/02\/Flag_of_Europe.svg.png?fit=1200%2C800&resize=700%2C400 2x, https:\/\/i0.wp.com\/www.robertosedda.it\/wp-content\/uploads\/2014\/02\/Flag_of_Europe.svg.png?fit=1200%2C800&resize=1050%2C600 3x"},"classes":[]},{"id":5896,"url":"http:\/\/www.robertosedda.it\/?p=5896","url_meta":{"origin":7479,"position":1},"title":"Campagna elettorale for dummies","author":"Rufus","date":"23\/01\/2014","format":false,"excerpt":"In epoca di elezioni diventa pi\u00f9 difficile scrivere di politica per chi, come me, si \u00e8 sempre ripromesso di non dire mai per chi vota. Il che un po' in questi giorni mi pesa, perch\u00e9 ho delle cose \"di politica\" da dire e non \u00e8 facile destreggiarsi. Ci provo. Una\u2026","rel":"","context":"In &quot;Coordinate&quot;","block_context":{"text":"Coordinate","link":"http:\/\/www.robertosedda.it\/?cat=52"},"img":{"alt_text":"","src":"https:\/\/i0.wp.com\/www.robertosedda.it\/wp-content\/uploads\/2014\/01\/Elezioni-per-dummies.jpg?fit=319%2C400&resize=350%2C200","width":350,"height":200},"classes":[]},{"id":6944,"url":"http:\/\/www.robertosedda.it\/?p=6944","url_meta":{"origin":7479,"position":2},"title":"Votare o no? Almeno dite la vostra idea di Europa, per\u00f2","author":"Rufus","date":"10\/04\/2014","format":false,"excerpt":"A costo di dare un dolore al mio amico Alberto Pintus, devo dire che non trovo particolarmente convincenti le posizioni di coloro che suggeriscono che, poich\u00e9 la Sardegna \u00e8 rimasta nel collegio unico con la Sicilia per le elezioni europee, allora \u00e8 opportuno astenersi e non partecipare alla prossima tornata\u2026","rel":"","context":"In &quot;Coordinate&quot;","block_context":{"text":"Coordinate","link":"http:\/\/www.robertosedda.it\/?cat=52"},"img":{"alt_text":"","src":"https:\/\/i0.wp.com\/www.robertosedda.it\/wp-content\/uploads\/2014\/04\/Francesca-Barracciu-211x300.jpg?resize=350%2C200","width":350,"height":200},"classes":[]},{"id":6560,"url":"http:\/\/www.robertosedda.it\/?p=6560","url_meta":{"origin":7479,"position":3},"title":"Elezione del Comitato Etico: un&#8217;opinione","author":"Rufus","date":"24\/02\/2014","format":false,"excerpt":"Alla prossima Assemblea di Banca popolare Etica sar\u00e0 rinnovato il nostro comitato etico, che ha esaurito il suo mandato triennale. Con gli altri Referenti dei soci delle cinque Aree in cui \u00e8 divisa la banca ho sottoscritto un documento per provare a indirizzare il dibattito elettorale nella direzione secondo noi\u2026","rel":"","context":"In &quot;Banche e finanza&quot;","block_context":{"text":"Banche e finanza","link":"http:\/\/www.robertosedda.it\/?cat=72"},"img":{"alt_text":"","src":"https:\/\/i0.wp.com\/www.robertosedda.it\/wp-content\/uploads\/2014\/02\/Banca-Etica-15-anni.jpg?fit=510%2C250&resize=350%2C200","width":350,"height":200},"classes":[]},{"id":5831,"url":"http:\/\/www.robertosedda.it\/?p=5831","url_meta":{"origin":7479,"position":4},"title":"Elezioni: quell&#8217;onda che viene e che va","author":"Rufus","date":"11\/01\/2014","format":"video","excerpt":"Mi dice un amico: \u00abSai, Tizio si candida con noi\u00bb. \u00abE chi sarebbe?\u00bb. \u00bbUno che prima era uno importante di un altro partito\u00bb. \u00abUhm\u00bb, dico. E lui: \u00abPiuttosto, hai sentito di Caio?\u00bb. \u00abNo, chi \u00e8?\u00bb. \u00abUno che prima era nel partito tale e adesso \u00e8 andato nel partito talaltro perch\u00e9\u2026","rel":"","context":"In &quot;Coordinate&quot;","block_context":{"text":"Coordinate","link":"http:\/\/www.robertosedda.it\/?cat=52"},"img":{"alt_text":"","src":"https:\/\/i0.wp.com\/img.youtube.com\/vi\/PC9tgxm9BMM\/0.jpg?resize=350%2C200","width":350,"height":200},"classes":[]},{"id":6491,"url":"http:\/\/www.robertosedda.it\/?p=6491","url_meta":{"origin":7479,"position":5},"title":"Mi espongo alla berlina: elezioni regionali","author":"Rufus","date":"18\/02\/2014","format":false,"excerpt":"Ai bei vecchi tempi di it.arti.cinema si usava il tag \"miespongoallaberlina\" per introdurre post in cui si lodavano film universalmente considerati brutti o si facevano altre cose estremamente imprudenti. Lo metto come titolo a questo articolo perch\u00e9 sto per fare una cosa che davvero non si dovrebbe fare: commentare i\u2026","rel":"","context":"In &quot;Coordinate&quot;","block_context":{"text":"Coordinate","link":"http:\/\/www.robertosedda.it\/?cat=52"},"img":{"alt_text":"","src":"https:\/\/i0.wp.com\/www.robertosedda.it\/wp-content\/uploads\/2014\/02\/Vittoria-Pigliaru.jpg?fit=960%2C637&resize=350%2C200","width":350,"height":200,"srcset":"https:\/\/i0.wp.com\/www.robertosedda.it\/wp-content\/uploads\/2014\/02\/Vittoria-Pigliaru.jpg?fit=960%2C637&resize=350%2C200 1x, https:\/\/i0.wp.com\/www.robertosedda.it\/wp-content\/uploads\/2014\/02\/Vittoria-Pigliaru.jpg?fit=960%2C637&resize=700%2C400 2x"},"classes":[]}],"_links":{"self":[{"href":"http:\/\/www.robertosedda.it\/index.php?rest_route=\/wp\/v2\/posts\/7479"}],"collection":[{"href":"http:\/\/www.robertosedda.it\/index.php?rest_route=\/wp\/v2\/posts"}],"about":[{"href":"http:\/\/www.robertosedda.it\/index.php?rest_route=\/wp\/v2\/types\/post"}],"author":[{"embeddable":true,"href":"http:\/\/www.robertosedda.it\/index.php?rest_route=\/wp\/v2\/users\/1"}],"replies":[{"embeddable":true,"href":"http:\/\/www.robertosedda.it\/index.php?rest_route=%2Fwp%2Fv2%2Fcomments&post=7479"}],"version-history":[{"count":3,"href":"http:\/\/www.robertosedda.it\/index.php?rest_route=\/wp\/v2\/posts\/7479\/revisions"}],"predecessor-version":[{"id":7485,"href":"http:\/\/www.robertosedda.it\/index.php?rest_route=\/wp\/v2\/posts\/7479\/revisions\/7485"}],"wp:featuredmedia":[{"embeddable":true,"href":"http:\/\/www.robertosedda.it\/index.php?rest_route=\/wp\/v2\/media\/7481"}],"wp:attachment":[{"href":"http:\/\/www.robertosedda.it\/index.php?rest_route=%2Fwp%2Fv2%2Fmedia&parent=7479"}],"wp:term":[{"taxonomy":"category","embeddable":true,"href":"http:\/\/www.robertosedda.it\/index.php?rest_route=%2Fwp%2Fv2%2Fcategories&post=7479"},{"taxonomy":"post_tag","embeddable":true,"href":"http:\/\/www.robertosedda.it\/index.php?rest_route=%2Fwp%2Fv2%2Ftags&post=7479"}],"curies":[{"name":"wp","href":"https:\/\/api.w.org\/{rel}","templated":true}]}}