{"id":7471,"date":"2014-05-19T11:45:42","date_gmt":"2014-05-19T09:45:42","guid":{"rendered":"http:\/\/www.robertosedda.it\/?p=7471"},"modified":"2021-05-27T11:28:35","modified_gmt":"2021-05-27T09:28:35","slug":"sexy-e-drammatico","status":"publish","type":"post","link":"http:\/\/www.robertosedda.it\/?p=7471","title":{"rendered":"Sexy e drammatico"},"content":{"rendered":"<p><a title=\"Aiutiamo la Norvegia\" href=\"http:\/\/www.robertosedda.it\/?p=1438\">\u00c8\u00a0da un po&#8217; che seguo i video pi\u00f9 o meno virali, pi\u00f9 o meno ricchi di\u00a0<em>testimonial<\/em> famosi che vengono prodotti dalle varie <em>ONG<\/em> per sostenere la loro raccolta fondi<\/a>. Spesso sono molto belli, spesso molto appropriati, per\u00f2 c&#8217;\u00e8 spesso anche un sottofondo ambiguo, che \u00e8 evidenziato, per esempio, dalla controversia di qualche mese fa fra l&#8217;<em>Oxfam<\/em> e Scarlett Johansson.<\/p>\n<p>Un buon esempio di ambiguit\u00e0 \u00e8 il video che ho visto oggi segnalato su\u00a0<em>Facebook<\/em>, prodotto da\u00a0<em>Save the children USA<\/em> (un&#8217;organizzazione per la quale ho molta stima, per inciso, soprattutto per le &#8211; belle &#8211; persone che compongono il gruppo di Cagliari).<\/p>\n<div class=\"jetpack-video-wrapper\"><span class=\"embed-youtube\" style=\"text-align:center; display: block;\"><iframe class=\"youtube-player\" width=\"800\" height=\"450\" src=\"https:\/\/www.youtube.com\/embed\/bOXMKEnra8w?version=3&#038;rel=1&#038;showsearch=0&#038;showinfo=1&#038;iv_load_policy=1&#038;fs=1&#038;hl=it-IT&#038;autohide=2&#038;wmode=transparent\" allowfullscreen=\"true\" style=\"border:0;\" sandbox=\"allow-scripts allow-same-origin allow-popups allow-presentation\"><\/iframe><\/span><\/div>\n<p>Il video gioca intelligentemente sul fatto che ci sono tragedie che lasciano senza parole, o perlomeno, per le quali <em>certe<\/em> parole sono palesemente inadeguate. Il video \u00e8 senz&#8217;altro efficace, va a segno e certamente, per effetto della presenza di una serie di icone <em>glamour<\/em>, attira e avr\u00e0 una buona diffusione.<\/p>\n<p>Il problema, per\u00f2, \u00e8 <em>esattamente<\/em>\u00a0quello della presenza del sottofondo\u00a0<em>sexy<\/em>. Il quale appare efficace ma pretestuoso, considerato che si poteva costruire lo stesso effetto in molti altri modi;\u00a0immaginate, per esempio, se si fossero radunati una serie di attori per leggere dei messaggi augurali per la festa della mamma: dopo un po&#8217; di frasi degne dei cioccolatini <em>Perugina<\/em>\u00a0come nello <em>spot<\/em> reale cominciano a comparire frasi legate all&#8217;emergenza umanitaria;\u00a0la struttura dello <em>spot<\/em> sarebbe rimasta la stessa, ma\u00a0l&#8217;ambiguit\u00e0 sarebbe stata molto minore.<\/p>\n<p>L&#8217;uso dell&#8217;immaginario\u00a0<em>sexy<\/em>, cio\u00e8, \u00e8\u00a0<em>sia<\/em> segno di efficacia e di capacit\u00e0 provocatoria, e\u00a0<em>contemporaneamente<\/em> elemento di contraddittoriet\u00e0, nel senso che ci si fa forti della stessa dimensione che si vuole criticare: mi ha colpito, osservando lo <em>spot<\/em>, quanto le cose che si possono dire in merito siano speculari al dibattito legato alla foto in costume da bagno di Paola Bacchiddu, la responsabile della comunicazione della lista\u00a0<em>Tsipras<\/em>. Un segno che il tema \u00a0ricorrente e che una soluzione definitiva e complessivamente accettata, in fondo, ancora non c&#8217;\u00e8 (anche se <a title=\"Due o tre cose che penso del mettere in scena futuri distopici \u2013 1\" href=\"http:\/\/www.robertosedda.it\/?p=7235\">io la mia opinione ce l&#8217;ho<\/a>).<\/p>\n","protected":false},"excerpt":{"rendered":"<p>\u00c8\u00a0da un po&#8217; che seguo i video pi\u00f9 o meno virali, pi\u00f9 o meno ricchi di\u00a0testimonial famosi che vengono prodotti<\/p>\n","protected":false},"author":1,"featured_media":18715,"comment_status":"open","ping_status":"open","sticky":false,"template":"","format":"video","meta":{"_mi_skip_tracking":false,"_monsterinsights_sitenote_active":false,"_monsterinsights_sitenote_note":"","_monsterinsights_sitenote_category":0,"jetpack_post_was_ever_published":false,"_jetpack_newsletter_access":"","jetpack_publicize_message":"","jetpack_is_tweetstorm":false,"jetpack_publicize_feature_enabled":true,"jetpack_social_post_already_shared":true,"jetpack_social_options":{"image_generator_settings":{"template":"highway","enabled":false}}},"categories":[52,55,77,17,16],"tags":[],"jetpack_publicize_connections":[],"jetpack_featured_media_url":"https:\/\/i0.wp.com\/www.robertosedda.it\/wp-content\/uploads\/2014\/05\/Sexy-model-Save.png?fit=958%2C531","jetpack_sharing_enabled":true,"jetpack_shortlink":"https:\/\/wp.me\/p4jV2T-1Wv","jetpack_likes_enabled":true,"jetpack-related-posts":[{"id":5078,"url":"http:\/\/www.robertosedda.it\/?p=5078","url_meta":{"origin":7471,"position":0},"title":"C&#8217;\u00e8 flashmob e flashmob","author":"Rufus","date":"22\/11\/2013","format":"video","excerpt":"Da un po' di tempo gir\u00e0 su Facebook un filmato che \u00e8 introdotto pi\u00f9 o meno da frasi come queste: \u00abGuardate cosa fa questa bambina e che sorpresa riceve in cambio di una monetina a\u00a0un musicista di strada. La moneta meglio spesa della storia\u00bb. Ora, a me c'era qualcosa che\u2026","rel":"","context":"In &quot;Coordinate&quot;","block_context":{"text":"Coordinate","link":"http:\/\/www.robertosedda.it\/?cat=52"},"img":{"alt_text":"","src":"https:\/\/i0.wp.com\/img.youtube.com\/vi\/GBaHPND2QJg\/0.jpg?resize=350%2C200","width":350,"height":200},"classes":[]},{"id":12715,"url":"http:\/\/www.robertosedda.it\/?p=12715","url_meta":{"origin":7471,"position":1},"title":"Segnalazioni necessarie &#8211; 3 (e anniversari)","author":"Rufus","date":"25\/10\/2016","format":"video","excerpt":"Come spesso ripete il mio socio Andrea Assorgia, \u00abWikipedia va sostenuta\u00bb (chiss\u00e0 perch\u00e9 sembra sempre pi\u00f9 facile versare una piccola quota per altre emergenze, e meno facile per Wiki). La settimana scorsa era in corso uno dei periodici momenti di raccolta: vedo ora che non c'\u00e8 pi\u00f9, ma \u00e8 sempre\u2026","rel":"","context":"In &quot;Coordinate&quot;","block_context":{"text":"Coordinate","link":"http:\/\/www.robertosedda.it\/?cat=52"},"img":{"alt_text":"","src":"https:\/\/i0.wp.com\/www.robertosedda.it\/wp-content\/uploads\/2016\/10\/Wikipedia.jpg?resize=350%2C200","width":350,"height":200,"srcset":"https:\/\/i0.wp.com\/www.robertosedda.it\/wp-content\/uploads\/2016\/10\/Wikipedia.jpg?resize=350%2C200 1x, https:\/\/i0.wp.com\/www.robertosedda.it\/wp-content\/uploads\/2016\/10\/Wikipedia.jpg?resize=700%2C400 2x, https:\/\/i0.wp.com\/www.robertosedda.it\/wp-content\/uploads\/2016\/10\/Wikipedia.jpg?resize=1050%2C600 3x, https:\/\/i0.wp.com\/www.robertosedda.it\/wp-content\/uploads\/2016\/10\/Wikipedia.jpg?resize=1400%2C800 4x"},"classes":[]},{"id":10145,"url":"http:\/\/www.robertosedda.it\/?p=10145","url_meta":{"origin":7471,"position":2},"title":"I libretti d&#8217;opera a Oggi parliamo di libri","author":"Rufus","date":"28\/04\/2015","format":"video","excerpt":"Ho messo oggi in linea la puntata di\u00a0Oggi parliamo di libri dedicata ai libretti d'opera, una puntata un poco anomala perch\u00e9 l'argomento era in fondo abbastanza sfuggente. https:\/\/www.youtube.com\/watch?v=e48viAGu9TY Nella mia tradizione familiare - come credo in tante altre famiglie borghesi solidamente ancorate, ehm, all'Ottocento - si sono\u00a0sempre usati modi di\u2026","rel":"","context":"In &quot;Cappe e spade&quot;","block_context":{"text":"Cappe e spade","link":"http:\/\/www.robertosedda.it\/?cat=70"},"img":{"alt_text":"","src":"https:\/\/i0.wp.com\/img.youtube.com\/vi\/NxqlTQ6lT0U\/0.jpg?resize=350%2C200","width":350,"height":200},"classes":[]},{"id":7791,"url":"http:\/\/www.robertosedda.it\/?p=7791","url_meta":{"origin":7471,"position":3},"title":"Volte che sono contento di me","author":"Rufus","date":"16\/06\/2014","format":"video","excerpt":"La fine \u00e8 il mio inizio (Tiziano Terzani,\u00a0Longanesi 2006) Ho affrontato la puntata su\u00a0La fine \u00e8 il mio inizio\u00a0di Oggi parliamo di libri\u00a0con alcune perplessit\u00e0. A fronte di tante cose interessanti (in particolare quelle di cui ho poi parlato in trasmissione, il Vietnam, il percorso di crescita e di riflessione\u2026","rel":"","context":"In &quot;Biografie&quot;","block_context":{"text":"Biografie","link":"http:\/\/www.robertosedda.it\/?cat=83"},"img":{"alt_text":"","src":"https:\/\/i0.wp.com\/www.robertosedda.it\/wp-content\/uploads\/2014\/06\/Terzani.png?fit=757%2C425&resize=350%2C200","width":350,"height":200,"srcset":"https:\/\/i0.wp.com\/www.robertosedda.it\/wp-content\/uploads\/2014\/06\/Terzani.png?fit=757%2C425&resize=350%2C200 1x, https:\/\/i0.wp.com\/www.robertosedda.it\/wp-content\/uploads\/2014\/06\/Terzani.png?fit=757%2C425&resize=700%2C400 2x"},"classes":[]},{"id":13308,"url":"http:\/\/www.robertosedda.it\/?p=13308","url_meta":{"origin":7471,"position":4},"title":"Petizione per l&#8217;uso pi\u00f9 ampio del termine faccendiere","author":"Rufus","date":"23\/02\/2017","format":false,"excerpt":"Sento spesso parlare\u00a0di uno che viene definito\u00a0blogger. Ieri\u00a0mi viene la curiosit\u00e0 di leggere qualcosa di suo. Ultimo articolo: 2015. Frequenza di scrittura, in precedenza: due, forse tre articoli al mese. Boh. Sento parlare di uno che \u00e8 esperto di\u00a0startup, un CEO di qualcosa, penso. Ha fondato una societ\u00e0 che \u00e8\u2026","rel":"","context":"In &quot;Coordinate&quot;","block_context":{"text":"Coordinate","link":"http:\/\/www.robertosedda.it\/?cat=52"},"img":{"alt_text":"","src":"https:\/\/i0.wp.com\/www.robertosedda.it\/wp-content\/uploads\/2017\/02\/Startup.jpg?fit=500%2C322&resize=350%2C200","width":350,"height":200},"classes":[]},{"id":4046,"url":"http:\/\/www.robertosedda.it\/?p=4046","url_meta":{"origin":7471,"position":5},"title":"Corto Maltese e i suoi valori","author":"Rufus","date":"17\/07\/2013","format":"video","excerpt":"Non sono convintissimo della puntata: la premessa, in cui parlo del progressivo \"esaurimento\" del genere avventuroso fino al rischio della sua sclerotizzazione (diciamo la parte fino alla pausa musicale) \u00e8 uscita pi\u00f9 o meno come volevo, ma la seconda parte, cio\u00e8 esattamente quella che riguardava Corto, \u00e8 andata molto meno\u2026","rel":"","context":"In &quot;Cappe e spade&quot;","block_context":{"text":"Cappe e spade","link":"http:\/\/www.robertosedda.it\/?cat=70"},"img":{"alt_text":"","src":"https:\/\/i0.wp.com\/img.youtube.com\/vi\/llOp1pyA3NA\/0.jpg?resize=350%2C200","width":350,"height":200},"classes":[]}],"_links":{"self":[{"href":"http:\/\/www.robertosedda.it\/index.php?rest_route=\/wp\/v2\/posts\/7471"}],"collection":[{"href":"http:\/\/www.robertosedda.it\/index.php?rest_route=\/wp\/v2\/posts"}],"about":[{"href":"http:\/\/www.robertosedda.it\/index.php?rest_route=\/wp\/v2\/types\/post"}],"author":[{"embeddable":true,"href":"http:\/\/www.robertosedda.it\/index.php?rest_route=\/wp\/v2\/users\/1"}],"replies":[{"embeddable":true,"href":"http:\/\/www.robertosedda.it\/index.php?rest_route=%2Fwp%2Fv2%2Fcomments&post=7471"}],"version-history":[{"count":9,"href":"http:\/\/www.robertosedda.it\/index.php?rest_route=\/wp\/v2\/posts\/7471\/revisions"}],"predecessor-version":[{"id":18727,"href":"http:\/\/www.robertosedda.it\/index.php?rest_route=\/wp\/v2\/posts\/7471\/revisions\/18727"}],"wp:featuredmedia":[{"embeddable":true,"href":"http:\/\/www.robertosedda.it\/index.php?rest_route=\/wp\/v2\/media\/18715"}],"wp:attachment":[{"href":"http:\/\/www.robertosedda.it\/index.php?rest_route=%2Fwp%2Fv2%2Fmedia&parent=7471"}],"wp:term":[{"taxonomy":"category","embeddable":true,"href":"http:\/\/www.robertosedda.it\/index.php?rest_route=%2Fwp%2Fv2%2Fcategories&post=7471"},{"taxonomy":"post_tag","embeddable":true,"href":"http:\/\/www.robertosedda.it\/index.php?rest_route=%2Fwp%2Fv2%2Ftags&post=7471"}],"curies":[{"name":"wp","href":"https:\/\/api.w.org\/{rel}","templated":true}]}}