{"id":7441,"date":"2014-05-16T20:03:47","date_gmt":"2014-05-16T18:03:47","guid":{"rendered":"http:\/\/www.robertosedda.it\/?p=7441"},"modified":"2018-02-06T10:03:56","modified_gmt":"2018-02-06T09:03:56","slug":"gialli-al-femminile-una-ragazzina-lo-sai-che-io-son-per-te","status":"publish","type":"post","link":"http:\/\/www.robertosedda.it\/?p=7441","title":{"rendered":"Gialli al femminile: \u00abuna ragazzina lo sai che io son per te\u00bb"},"content":{"rendered":"<p>Prima di tutto credo di dover spiegare il titolo: il riferimento \u00e8 a una canzone di Sylvie Vartan dell&#8217;epoca della mia infanzia, <em>Come un ragazzo<\/em><\/p>\n<div class=\"jetpack-video-wrapper\"><span class=\"embed-youtube\" style=\"text-align:center; display: block;\"><iframe loading=\"lazy\" class=\"youtube-player\" width=\"800\" height=\"450\" src=\"https:\/\/www.youtube.com\/embed\/cllAhRvHk3s?version=3&#038;rel=1&#038;showsearch=0&#038;showinfo=1&#038;iv_load_policy=1&#038;fs=1&#038;hl=it-IT&#038;autohide=2&#038;wmode=transparent\" allowfullscreen=\"true\" style=\"border:0;\" sandbox=\"allow-scripts allow-same-origin allow-popups allow-presentation\"><\/iframe><\/span><\/div>\n<h2>Sara Paretsky, Linda Barnes e Sue Grafton<\/h2>\n<p>La puntata di <em>Oggi parliamo di libri<\/em> trasmessa nella settimana dell&#8217;8 marzo era dedicata, con un accostamento forse banale, a presentare una serie di gialliste i cui romanzi hanno tutti protagoniste femminili. Era una puntata che avevo deciso di fare gi\u00e0 dall&#8217;inizio del ciclo, ma man mano mi sono trovato sempre pi\u00f9 in imbarazzo e sempre meno convinto della qualit\u00e0 dei gialli che avrei dovuto consigliare. Alla fine ne \u00e8 uscito fuori un compromesso forse non soddisfacente, e spero qui sul <em>blog<\/em> di riuscire a spiegarmi bene.<\/p>\n<div class=\"jetpack-video-wrapper\"><span class=\"embed-youtube\" style=\"text-align:center; display: block;\"><iframe loading=\"lazy\" class=\"youtube-player\" width=\"800\" height=\"450\" src=\"https:\/\/www.youtube.com\/embed\/vjxNohrYgOI?version=3&#038;rel=1&#038;showsearch=0&#038;showinfo=1&#038;iv_load_policy=1&#038;fs=1&#038;hl=it-IT&#038;autohide=2&#038;wmode=transparent\" allowfullscreen=\"true\" style=\"border:0;\" sandbox=\"allow-scripts allow-same-origin allow-popups allow-presentation\"><\/iframe><\/span><\/div>\n<p>Delle cose dette nella prima parte della trasmissione rimango abbastanza convinto e sostanzialmente non ho grandi osservazioni. Dopo la puntata in realt\u00e0 mi \u00e8 un po&#8217; venuto un dubbio sul passaggio in cui dico che l&#8217;irrompere sulla scena della letteratura di genere americana di una serie di gialliste (alle tre citate si potrebbe tranquillamente aggiungere anche Patricia Cornwell con la sua Kay Scarpetta e varie altre minori) non ha comportato, <a title=\"La mano sinistra delle tenebre\" href=\"http:\/\/www.robertosedda.it\/?p=2398\">come per il <em>fantasy<\/em><\/a>, uno sforzo maggiore di consapevolezza, di riflessione, di costruzione tramite l&#8217;enigma criminale di metafore sulla vita sociale. Credo che sia un&#8217;affermazione corretta, ma riascoltandomi la trovo troppo poco problematica: dico sostanzialmente che il genere era gi\u00e0 maturo e quindi non c&#8217;era bisogno di problematizzarlo ulteriormente. Pu\u00f2 essere: ma l&#8217;avvento di un punto di vista femminile avrebbe <em>comunque<\/em> dovuto offrire prospettive nuove in ogni caso, cosa che non mi pare sia avvenuta. Del resto ho gi\u00e0 avuto modo di dire, <a title=\"La poco convincente visione del mondo di Alicia Gimenez-Bartlett\" href=\"http:\/\/www.robertosedda.it\/?p=7289\">commentando i gialli di Alicia Gimenez-Bartlett<\/a>, che in alcuni casi la critica sociale si\u00a0\u00e8 fatta\u00a0casomai pi\u00f9 banale, non pi\u00f9 ficcante, e lo stesso vale per un&#8217;altra giallista lanciata da Sellerio, Esmahan Aykol.<\/p>\n<p>Trascurando il fatto che avrei dovuto sicuramente essere pi\u00f9 preparato per la puntata (non ho riletto recentemente niente delle tre autrici) non ho molte perplessit\u00e0 neanche su quello che ho detto nella seconda parte: tutto sommato ciascuna affermazione \u00e8 corretta. Il problema \u00e8, casomai, quel che <em>non<\/em> ho detto, e cio\u00e8 che pu\u00f2 darsi che queste tre gialliste siano brave, interessanti e coinvolgenti, pu\u00f2 darsi che ci si possa affezionare a una delle protagoniste (a me Carlotta Carlyle piace molto)\u00a0 ma il genere della &#8220;investigatrice donna&#8221; \u00e8, per quel che ne capisco e quel che ho letto, un genere caduco e complessivamente sterile, perch\u00e9 troppo, davvero troppo legato alla percezione delle esigenze del pubblico\u00a0 e alla volont\u00e0 di dargli <em>esattamente<\/em> quello che desidera, fino al <em>fan service<\/em>.<\/p>\n<p>Dei due tipi di <em>fan service<\/em> che ho citato in trasmissione la caratterizzazione (o <em>sovra<\/em>-caratterizzazione) della protagonista \u00e8 quella meno problematica, anche perch\u00e9 lo fanno anche gli autori maschi almeno da quando tutti hanno cominciato a formarsi nei corsi di comunicazione e di scrittura creativa. In autrici come la Gimenez-Bartlett o la Aykol diventa particolarmente fastidioso perch\u00e9 parte della caratterizzazione \u00e8 ottenuta anche con la continua espressione, da parte della protagonista, della propria visione del mondo, ma \u00e8 un problema minore. Quello che davvero non mi fa apprezzare il genere \u00e8 la dimensione sentimentale, sulla quale in trasmissione ho un po&#8217; glissato, anche perch\u00e9 non avevo tempo, dopo che gi\u00e0 avevo rimandato a momenti migliori lo stesso tema nella puntata su Petra Delicado.<\/p>\n<p>Ho qualche volta l&#8217;impressione che in realt\u00e0 questo tipo di gialli, come la letteratura <em>urban fantasy<\/em>, non siano altro che una specie di letteratura rosa sotto mentite spoglie, e davvero mi chiedo se il pubblico femminile sia <em>proprio<\/em> cos\u00ec: possibile che <em>per forza<\/em> una investigatrice donna debba non solo avere una storia d&#8217;amore nel romanzo ma anche che questa storia debba essere complicata e controversa, altrimenti le lettrici non si immedesimano o, peggio ancora, sembra loro che l&#8217;intreccio manchi di una parte essenziale?<\/p>\n<p>Pu\u00f2 darsi che io sia troppo duro e che sottovaluti, per esempio, la quantit\u00e0 di <em>fan service<\/em> ammannito al pubblico maschile dalle brune ballerine zingariane in Conan o da cose del genere; ho riletto da poco una serie di romanzi <em>fantasy<\/em> della mia giovinezza e sono rimasto stupito di quanto siano debitori a un immaginario maschile adolescenziale: c&#8217;\u00e8 una sovrabbondanza di donne formose oppure di eteree principesse in pericolo, e i personaggi femminili non sembrano conoscere molte altre caratterizzazioni. Pu\u00f2 essere, per\u00f2 non sono del tutto convinto, perch\u00e9 il problema \u00e8 che la dimensione sentimentale in questi gialli <em>nega<\/em> una delle premesse narrative: abbiamo delle donne autonome, dure, che fanno un lavoro pericoloso e che sanno badare a se stesse in ogni situazione&#8230; <em>tranne<\/em> che negli affari di cuore, nei quali sono<em> tutte<\/em> uniformemente vulnerabili. \u00c8 proprio come nella canzone della Vartan<\/p>\n<blockquote><p>Come un ragazzo per la citt\u00e0<br \/>\ncammino e vado di qua e di la<br \/>\nnon ho paura di gente che<br \/>\nce l&#8217;ha con me.<\/p>\n<p>Per\u00f2<br \/>\nuna ragazzina<br \/>\nsar\u00f2<br \/>\nsempre accanto a te.<br \/>\nE tu<br \/>\ntutto quel che vuoi<br \/>\nlo sai<br \/>\nche puoi far di me<\/p><\/blockquote>\n<p>e mi pare un po&#8217; troppo. Del resto \u00e8 interessante che trent&#8217;anni dopo la Nannini, nel brano che abbiamo usato come pausa musicale, <em>Avventuriera<\/em>, esprima tutto sommato lo stesso concetto:<\/p>\n<div class=\"jetpack-video-wrapper\"><span class=\"embed-youtube\" style=\"text-align:center; display: block;\"><iframe loading=\"lazy\" class=\"youtube-player\" width=\"800\" height=\"450\" src=\"https:\/\/www.youtube.com\/embed\/ZEIvyCVI8qc?version=3&#038;rel=1&#038;showsearch=0&#038;showinfo=1&#038;iv_load_policy=1&#038;fs=1&#038;hl=it-IT&#038;autohide=2&#038;wmode=transparent\" allowfullscreen=\"true\" style=\"border:0;\" sandbox=\"allow-scripts allow-same-origin allow-popups allow-presentation\"><\/iframe><\/span><\/div>\n<p>Naturalmente la condizione di queste donne pu\u00f2 essere considerata <em>esattamente<\/em> analoga a quella delle loro lettrici: che magari sono lavoratrici, hanno ruoli sociali importanti e contemporaneamente devono far quadrare la vita familiare, mandare avanti la casa, badare ai figli, pulire il bagno e fare la spesa; solo che \u00e8 un curioso capovolgimento, questo: il piccolo impiegato degli anni &#8217;20 leggeva John Carter di Marte per evadere con lui, la lettrice americana degli anni &#8217;80, &#8217;90 o 2000, invece, vuole rinchiudere le sue eroine letterarie nella sua stessa prigione.<\/p>\n","protected":false},"excerpt":{"rendered":"<p>Prima di tutto credo di dover spiegare il titolo: il riferimento \u00e8 a una canzone di Sylvie Vartan dell&#8217;epoca della<\/p>\n","protected":false},"author":1,"featured_media":0,"comment_status":"open","ping_status":"open","sticky":false,"template":"","format":"video","meta":{"_mi_skip_tracking":false,"_monsterinsights_sitenote_active":false,"_monsterinsights_sitenote_note":"","_monsterinsights_sitenote_category":0,"jetpack_post_was_ever_published":false,"_jetpack_newsletter_access":"","jetpack_publicize_message":"","jetpack_is_tweetstorm":false,"jetpack_publicize_feature_enabled":true,"jetpack_social_post_already_shared":true,"jetpack_social_options":{"image_generator_settings":{"template":"highway","enabled":false}}},"categories":[52,56,13,68,12],"tags":[],"jetpack_publicize_connections":[],"jetpack_featured_media_url":"","jetpack_sharing_enabled":true,"jetpack_shortlink":"https:\/\/wp.me\/p4jV2T-1W1","jetpack_likes_enabled":true,"jetpack-related-posts":[{"id":7289,"url":"http:\/\/www.robertosedda.it\/?p=7289","url_meta":{"origin":7441,"position":0},"title":"La poco convincente visione del mondo di Alicia Gimenez-Bartlett","author":"Rufus","date":"07\/05\/2014","format":"video","excerpt":"Sono finalmente giunto in possesso dei file delle ultime puntate di Oggi parliamo di libri e ho ricominciato a caricarle sul mio canale Youtube. Ho iniziato con la ventunesima puntata, che era dedicata ai gialli con protagonista Petra Delicado, di Alicia Gimenez-Bartlett. http:\/\/www.youtube.com\/watch?v=-SyNLB7irCQ Se avete ascoltato la puntata vi sarete\u2026","rel":"","context":"In &quot;Coordinate&quot;","block_context":{"text":"Coordinate","link":"http:\/\/www.robertosedda.it\/?cat=52"},"img":{"alt_text":"","src":"https:\/\/i0.wp.com\/www.robertosedda.it\/wp-content\/uploads\/2014\/05\/Petra-Delicado.jpg?fit=224%2C313&resize=350%2C200","width":350,"height":200},"classes":[]},{"id":4594,"url":"http:\/\/www.robertosedda.it\/?p=4594","url_meta":{"origin":7441,"position":1},"title":"La musica che metter\u00f2, se me la consigliate","author":"Rufus","date":"10\/10\/2013","format":false,"excerpt":"Sono ripartite su Radio Kalaritana le trasmissioni di Oggi parliamo di libri. Ok, breve riassunto pubblicitario: vado in onda il gioved\u00ec alle 19,10 e in replica il venerd\u00ec alle 8,30 del mattino sui 97.5 FM (o in streaming). La trasmissione ha anche una sua pagina Facebook che dopo la pausa\u2026","rel":"","context":"In &quot;Coordinate&quot;","block_context":{"text":"Coordinate","link":"http:\/\/www.robertosedda.it\/?cat=52"},"img":{"alt_text":"","src":"https:\/\/i0.wp.com\/www.robertosedda.it\/wp-content\/uploads\/2013\/03\/535033_144686819023383_216259237_n.jpg?fit=960%2C960&resize=350%2C200","width":350,"height":200,"srcset":"https:\/\/i0.wp.com\/www.robertosedda.it\/wp-content\/uploads\/2013\/03\/535033_144686819023383_216259237_n.jpg?fit=960%2C960&resize=350%2C200 1x, https:\/\/i0.wp.com\/www.robertosedda.it\/wp-content\/uploads\/2013\/03\/535033_144686819023383_216259237_n.jpg?fit=960%2C960&resize=700%2C400 2x"},"classes":[]},{"id":6519,"url":"http:\/\/www.robertosedda.it\/?p=6519","url_meta":{"origin":7441,"position":2},"title":"Bustianu e Marcello Fois","author":"Rufus","date":"20\/02\/2014","format":"video","excerpt":"Ho dedicato una puntata a Bustianu e ai gialli di ambientazione ottocentesca di Marcello Fois, Sempre caro, Sangue dal cielo e L'altro mondo con qualche esitazione e una sicurezza. La sicurezza era che il brano musicale scelto per l'intermezzo era uno dei migliori di tutte le puntate: Fin da quando\u2026","rel":"","context":"In &quot;Coordinate&quot;","block_context":{"text":"Coordinate","link":"http:\/\/www.robertosedda.it\/?cat=52"},"img":{"alt_text":"","src":"https:\/\/i0.wp.com\/img.youtube.com\/vi\/p6OI5M5DYWw\/0.jpg?resize=350%2C200","width":350,"height":200},"classes":[]},{"id":2398,"url":"http:\/\/www.robertosedda.it\/?p=2398","url_meta":{"origin":7441,"position":3},"title":"La mano sinistra delle tenebre","author":"Rufus","date":"01\/03\/2013","format":"video","excerpt":"Ho messo in linea una nuova puntata di Oggi parliamo di libri, quella dedicata a La mano sinistra delle tenebre di Ursula K. LeGuin. Riascoltando la puntata mi accorgo, come gi\u00e0 subito dopo la trasmissione, che ho fatto un bel po' di pasticci terminologici, in una occasione in cui scegliere\u2026","rel":"","context":"In &quot;Coordinate&quot;","block_context":{"text":"Coordinate","link":"http:\/\/www.robertosedda.it\/?cat=52"},"img":{"alt_text":"","src":"https:\/\/i0.wp.com\/www.robertosedda.it\/wp-content\/uploads\/2013\/03\/WeirdTales-Feb36-205x300.jpg?resize=350%2C200","width":350,"height":200},"classes":[]},{"id":5750,"url":"http:\/\/www.robertosedda.it\/?p=5750","url_meta":{"origin":7441,"position":4},"title":"Il commissario Montalbano a &#8220;Oggi parliamo di libri&#8221;","author":"Rufus","date":"04\/01\/2014","format":"video","excerpt":"Ed ecco a voi la non puntata di Oggi parliamo di libri: una puntata sulla quale non ho molto da segnalare, se non che a un certo punto mi sono perso e, dopo aver annunciato che avrei fatto notare tre cose su Camilleri in riferimento al successo arrivato tardivamente, poi\u2026","rel":"","context":"In &quot;Coordinate&quot;","block_context":{"text":"Coordinate","link":"http:\/\/www.robertosedda.it\/?cat=52"},"img":{"alt_text":"","src":"https:\/\/i0.wp.com\/img.youtube.com\/vi\/YLqPp9mtKIM\/0.jpg?resize=350%2C200","width":350,"height":200},"classes":[]},{"id":5916,"url":"http:\/\/www.robertosedda.it\/?p=5916","url_meta":{"origin":7441,"position":5},"title":"A Natale si \u00e8 tutti pi\u00f9 buoni","author":"Rufus","date":"22\/01\/2014","format":"video","excerpt":"Ho messo in linea oggi la puntata sui gialli di Natale di Oggi parliamo di libri, una puntata su cui strano a dirsi non ho molto da dire e ancor pi\u00f9 strano a dirsi in cui non ho fatto grandi errori. L'unica osservazione che faccio \u00e8 quella di indicare il\u2026","rel":"","context":"In &quot;Coordinate&quot;","block_context":{"text":"Coordinate","link":"http:\/\/www.robertosedda.it\/?cat=52"},"img":{"alt_text":"","src":"https:\/\/i0.wp.com\/www.robertosedda.it\/wp-content\/uploads\/2013\/12\/Bad_Santa_by_artist_kerembeyit.jpg?fit=750%2C1053&resize=350%2C200","width":350,"height":200,"srcset":"https:\/\/i0.wp.com\/www.robertosedda.it\/wp-content\/uploads\/2013\/12\/Bad_Santa_by_artist_kerembeyit.jpg?fit=750%2C1053&resize=350%2C200 1x, https:\/\/i0.wp.com\/www.robertosedda.it\/wp-content\/uploads\/2013\/12\/Bad_Santa_by_artist_kerembeyit.jpg?fit=750%2C1053&resize=700%2C400 2x"},"classes":[]}],"_links":{"self":[{"href":"http:\/\/www.robertosedda.it\/index.php?rest_route=\/wp\/v2\/posts\/7441"}],"collection":[{"href":"http:\/\/www.robertosedda.it\/index.php?rest_route=\/wp\/v2\/posts"}],"about":[{"href":"http:\/\/www.robertosedda.it\/index.php?rest_route=\/wp\/v2\/types\/post"}],"author":[{"embeddable":true,"href":"http:\/\/www.robertosedda.it\/index.php?rest_route=\/wp\/v2\/users\/1"}],"replies":[{"embeddable":true,"href":"http:\/\/www.robertosedda.it\/index.php?rest_route=%2Fwp%2Fv2%2Fcomments&post=7441"}],"version-history":[{"count":21,"href":"http:\/\/www.robertosedda.it\/index.php?rest_route=\/wp\/v2\/posts\/7441\/revisions"}],"predecessor-version":[{"id":14633,"href":"http:\/\/www.robertosedda.it\/index.php?rest_route=\/wp\/v2\/posts\/7441\/revisions\/14633"}],"wp:attachment":[{"href":"http:\/\/www.robertosedda.it\/index.php?rest_route=%2Fwp%2Fv2%2Fmedia&parent=7441"}],"wp:term":[{"taxonomy":"category","embeddable":true,"href":"http:\/\/www.robertosedda.it\/index.php?rest_route=%2Fwp%2Fv2%2Fcategories&post=7441"},{"taxonomy":"post_tag","embeddable":true,"href":"http:\/\/www.robertosedda.it\/index.php?rest_route=%2Fwp%2Fv2%2Ftags&post=7441"}],"curies":[{"name":"wp","href":"https:\/\/api.w.org\/{rel}","templated":true}]}}