{"id":7433,"date":"2014-05-16T13:30:38","date_gmt":"2014-05-16T11:30:38","guid":{"rendered":"http:\/\/www.robertosedda.it\/?p=7433"},"modified":"2015-05-20T10:45:19","modified_gmt":"2015-05-20T08:45:19","slug":"nostalgia-canaglia","status":"publish","type":"post","link":"http:\/\/www.robertosedda.it\/?p=7433","title":{"rendered":"Nostalgia canaglia"},"content":{"rendered":"<p><a href=\"https:\/\/i0.wp.com\/www.robertosedda.it\/wp-content\/uploads\/2014\/05\/gioCAgliari.jpg.jpg\"><img data-attachment-id=\"7436\" data-permalink=\"http:\/\/www.robertosedda.it\/?attachment_id=7436\" data-orig-file=\"https:\/\/i0.wp.com\/www.robertosedda.it\/wp-content\/uploads\/2014\/05\/gioCAgliari.jpg.jpg?fit=1290%2C621\" data-orig-size=\"1290,621\" data-comments-opened=\"1\" data-image-meta=\"{&quot;aperture&quot;:&quot;0&quot;,&quot;credit&quot;:&quot;&quot;,&quot;camera&quot;:&quot;&quot;,&quot;caption&quot;:&quot;&quot;,&quot;created_timestamp&quot;:&quot;0&quot;,&quot;copyright&quot;:&quot;&quot;,&quot;focal_length&quot;:&quot;0&quot;,&quot;iso&quot;:&quot;0&quot;,&quot;shutter_speed&quot;:&quot;0&quot;,&quot;title&quot;:&quot;&quot;}\" data-image-title=\"gioCAgliari.jpg\" data-image-description=\"\" data-image-caption=\"\" data-medium-file=\"https:\/\/i0.wp.com\/www.robertosedda.it\/wp-content\/uploads\/2014\/05\/gioCAgliari.jpg.jpg?fit=300%2C144\" data-large-file=\"https:\/\/i0.wp.com\/www.robertosedda.it\/wp-content\/uploads\/2014\/05\/gioCAgliari.jpg.jpg?fit=510%2C245\" decoding=\"async\" loading=\"lazy\" class=\"aligncenter size-full wp-image-7436\" src=\"https:\/\/i0.wp.com\/www.robertosedda.it\/wp-content\/uploads\/2014\/05\/gioCAgliari.jpg.jpg?resize=800%2C385\" alt=\"gioCAgliari.jpg\" width=\"800\" height=\"385\" srcset=\"https:\/\/i0.wp.com\/www.robertosedda.it\/wp-content\/uploads\/2014\/05\/gioCAgliari.jpg.jpg?w=1290 1290w, https:\/\/i0.wp.com\/www.robertosedda.it\/wp-content\/uploads\/2014\/05\/gioCAgliari.jpg.jpg?resize=150%2C72 150w, https:\/\/i0.wp.com\/www.robertosedda.it\/wp-content\/uploads\/2014\/05\/gioCAgliari.jpg.jpg?resize=300%2C144 300w, https:\/\/i0.wp.com\/www.robertosedda.it\/wp-content\/uploads\/2014\/05\/gioCAgliari.jpg.jpg?resize=510%2C245 510w, https:\/\/i0.wp.com\/www.robertosedda.it\/wp-content\/uploads\/2014\/05\/gioCAgliari.jpg.jpg?resize=700%2C336 700w\" sizes=\"(max-width: 800px) 100vw, 800px\" data-recalc-dims=\"1\" \/><\/a><a href=\"http:\/\/www.robertosedda.it\/wp-content\/uploads\/2014\/05\/gioCAgliari.jpg.jpg\"><\/a><\/p>\n","protected":false},"excerpt":{"rendered":"","protected":false},"author":1,"featured_media":7436,"comment_status":"open","ping_status":"open","sticky":false,"template":"","format":"image","meta":{"_mi_skip_tracking":false,"_monsterinsights_sitenote_active":false,"_monsterinsights_sitenote_note":"","_monsterinsights_sitenote_category":0,"jetpack_post_was_ever_published":false,"_jetpack_newsletter_access":"","jetpack_publicize_message":"","jetpack_is_tweetstorm":false,"jetpack_publicize_feature_enabled":true,"jetpack_social_post_already_shared":true,"jetpack_social_options":{"image_generator_settings":{"template":"highway","enabled":false}}},"categories":[52,49,55,77,12],"tags":[],"jetpack_publicize_connections":[],"jetpack_featured_media_url":"https:\/\/i0.wp.com\/www.robertosedda.it\/wp-content\/uploads\/2014\/05\/gioCAgliari.jpg.jpg?fit=1290%2C621","jetpack_sharing_enabled":true,"jetpack_shortlink":"https:\/\/wp.me\/p4jV2T-1VT","jetpack_likes_enabled":true,"jetpack-related-posts":[{"id":5222,"url":"http:\/\/www.robertosedda.it\/?p=5222","url_meta":{"origin":7433,"position":0},"title":"Le foto di Scirarindi 2013","author":"Rufus","date":"02\/12\/2013","format":"gallery","excerpt":"Ci siamo divertiti parecchio e stancati molto di pi\u00f9. Ci sarebbero un po' di cose da discutere, e che nei corridoi sono state molto discusse (Herbalife al festival della sostenibilit\u00e0?! Davvero?? ma la risposta \u00e8 molto meno socntata di quel che potrebbe sembrare...) ma quello sar\u00e0 il tema di domani\u2026","rel":"","context":"In &quot;Coordinate&quot;","block_context":{"text":"Coordinate","link":"http:\/\/www.robertosedda.it\/?cat=52"},"img":{"alt_text":"","src":"https:\/\/i0.wp.com\/www.robertosedda.it\/wp-content\/uploads\/2013\/12\/2013-12-01-19.36.27-e1638449402367.jpg?fit=900%2C1200&resize=350%2C200","width":350,"height":200,"srcset":"https:\/\/i0.wp.com\/www.robertosedda.it\/wp-content\/uploads\/2013\/12\/2013-12-01-19.36.27-e1638449402367.jpg?fit=900%2C1200&resize=350%2C200 1x, https:\/\/i0.wp.com\/www.robertosedda.it\/wp-content\/uploads\/2013\/12\/2013-12-01-19.36.27-e1638449402367.jpg?fit=900%2C1200&resize=700%2C400 2x"},"classes":[]},{"id":11067,"url":"http:\/\/www.robertosedda.it\/?p=11067","url_meta":{"origin":7433,"position":1},"title":"Anche io, da tempo&#8230;","author":"Rufus","date":"22\/10\/2015","format":"video","excerpt":"Oggi \u00e8 una\u00a0giornata mondiale di mobilitaizone per la finanza etica. Pubblico il video della\u00a0GABV,\u00a0l'alleanza globale della finanza etica (banking on values, \"costruire\/fare banca sui valori\",\u00a0banking in inglese ha pi\u00f9 sfumature). Siamo tutti banchieri...","rel":"","context":"In &quot;Coordinate&quot;","block_context":{"text":"Coordinate","link":"http:\/\/www.robertosedda.it\/?cat=52"},"img":{"alt_text":"","src":"https:\/\/i0.wp.com\/img.youtube.com\/vi\/lySGHCjqoPQ\/0.jpg?resize=350%2C200","width":350,"height":200},"classes":[]},{"id":3627,"url":"http:\/\/www.robertosedda.it\/?p=3627","url_meta":{"origin":7433,"position":2},"title":"Da un teaser su Cagliari all&#8217;altro","author":"Rufus","date":"21\/06\/2013","format":"video","excerpt":"Ieri, mentre preparavo la recensione della Cagliari Unofficial Guide, ho trovato un video che voglio farvi vedere. \u00c8 una pubblicit\u00e0 (si scopre a met\u00e0 del video) ma prima di tutto \u00e8 una descrizione di Cagliari a uso turisti, secondo me tra l'altro fatta piuttosto bene, divertente e accattivante. Ma quello\u2026","rel":"","context":"In &quot;Coordinate&quot;","block_context":{"text":"Coordinate","link":"http:\/\/www.robertosedda.it\/?cat=52"},"img":{"alt_text":"","src":"https:\/\/i0.wp.com\/www.robertosedda.it\/wp-content\/uploads\/2013\/06\/Teaser-Cagliari.png?fit=1200%2C673&resize=350%2C200","width":350,"height":200,"srcset":"https:\/\/i0.wp.com\/www.robertosedda.it\/wp-content\/uploads\/2013\/06\/Teaser-Cagliari.png?fit=1200%2C673&resize=350%2C200 1x, https:\/\/i0.wp.com\/www.robertosedda.it\/wp-content\/uploads\/2013\/06\/Teaser-Cagliari.png?fit=1200%2C673&resize=700%2C400 2x, https:\/\/i0.wp.com\/www.robertosedda.it\/wp-content\/uploads\/2013\/06\/Teaser-Cagliari.png?fit=1200%2C673&resize=1050%2C600 3x"},"classes":[]},{"id":19440,"url":"http:\/\/www.robertosedda.it\/?p=19440","url_meta":{"origin":7433,"position":3},"title":"\u00c8 sempre tempo di minimarketing","author":"Rufus","date":"05\/04\/2022","format":false,"excerpt":"Vale la pena di seguire la sempre interessante newsletter di minimarketing di Gianluca Diegoli. Considerato che sono secoli che non la consiglio, approfitto della non-recensione di un film interessante - applicato al marketing.","rel":"","context":"In &quot;Coordinate&quot;","block_context":{"text":"Coordinate","link":"http:\/\/www.robertosedda.it\/?cat=52"},"img":{"alt_text":"","src":"https:\/\/i0.wp.com\/www.robertosedda.it\/wp-content\/uploads\/2022\/04\/Diegoli.jpg?fit=787%2C397&resize=350%2C200","width":350,"height":200,"srcset":"https:\/\/i0.wp.com\/www.robertosedda.it\/wp-content\/uploads\/2022\/04\/Diegoli.jpg?fit=787%2C397&resize=350%2C200 1x, https:\/\/i0.wp.com\/www.robertosedda.it\/wp-content\/uploads\/2022\/04\/Diegoli.jpg?fit=787%2C397&resize=700%2C400 2x"},"classes":[]},{"id":8535,"url":"http:\/\/www.robertosedda.it\/?p=8535","url_meta":{"origin":7433,"position":4},"title":"L&#8217;ultima puntata di &#8220;Oggi parliamo di libri&#8221; (dell&#8217;anno scorso)","author":"Rufus","date":"02\/10\/2014","format":"video","excerpt":"Ho messo in linea oggi l'ultima puntata della scorsa stagione di Oggi parliamo di libri, andata in onda a fine maggio e quindi ormai vetusta. \u00c8 stata una puntata abbastanza strana, come avrete sentito: si intuisce l'imbarazzo di essermi incamminato su un'idea di argomento da trattare in commissione - i\u2026","rel":"","context":"In &quot;Coordinate&quot;","block_context":{"text":"Coordinate","link":"http:\/\/www.robertosedda.it\/?cat=52"},"img":{"alt_text":"","src":"https:\/\/i0.wp.com\/img.youtube.com\/vi\/7tzycI2ao-0\/0.jpg?resize=350%2C200","width":350,"height":200},"classes":[]},{"id":14260,"url":"http:\/\/www.robertosedda.it\/?p=14260","url_meta":{"origin":7433,"position":5},"title":"Il lavoro che vogliamo","author":"Rufus","date":"30\/10\/2017","format":"video","excerpt":"Nei giorni scorsi ho partecipato alla 48\u00aa Settimana Sociale dei Cattollci Italiani, che si \u00e8 tenuta qui a Cagliari e che era dedicata ai temi del lavoro. Durante il congresso \u00e8 stato anche proiettato il film di Andrea Salvadore che trovate qui sotto, intitolato Il lavoro che vogliamo. Mi sembra\u2026","rel":"","context":"In &quot;Coordinate&quot;","block_context":{"text":"Coordinate","link":"http:\/\/www.robertosedda.it\/?cat=52"},"img":{"alt_text":"","src":"https:\/\/i0.wp.com\/img.youtube.com\/vi\/p-jvw1lEwnQ\/0.jpg?resize=350%2C200","width":350,"height":200},"classes":[]}],"_links":{"self":[{"href":"http:\/\/www.robertosedda.it\/index.php?rest_route=\/wp\/v2\/posts\/7433"}],"collection":[{"href":"http:\/\/www.robertosedda.it\/index.php?rest_route=\/wp\/v2\/posts"}],"about":[{"href":"http:\/\/www.robertosedda.it\/index.php?rest_route=\/wp\/v2\/types\/post"}],"author":[{"embeddable":true,"href":"http:\/\/www.robertosedda.it\/index.php?rest_route=\/wp\/v2\/users\/1"}],"replies":[{"embeddable":true,"href":"http:\/\/www.robertosedda.it\/index.php?rest_route=%2Fwp%2Fv2%2Fcomments&post=7433"}],"version-history":[{"count":3,"href":"http:\/\/www.robertosedda.it\/index.php?rest_route=\/wp\/v2\/posts\/7433\/revisions"}],"predecessor-version":[{"id":10230,"href":"http:\/\/www.robertosedda.it\/index.php?rest_route=\/wp\/v2\/posts\/7433\/revisions\/10230"}],"wp:featuredmedia":[{"embeddable":true,"href":"http:\/\/www.robertosedda.it\/index.php?rest_route=\/wp\/v2\/media\/7436"}],"wp:attachment":[{"href":"http:\/\/www.robertosedda.it\/index.php?rest_route=%2Fwp%2Fv2%2Fmedia&parent=7433"}],"wp:term":[{"taxonomy":"category","embeddable":true,"href":"http:\/\/www.robertosedda.it\/index.php?rest_route=%2Fwp%2Fv2%2Fcategories&post=7433"},{"taxonomy":"post_tag","embeddable":true,"href":"http:\/\/www.robertosedda.it\/index.php?rest_route=%2Fwp%2Fv2%2Ftags&post=7433"}],"curies":[{"name":"wp","href":"https:\/\/api.w.org\/{rel}","templated":true}]}}