{"id":736,"date":"2012-08-24T00:44:31","date_gmt":"2012-08-23T22:44:31","guid":{"rendered":"http:\/\/www.robertosedda.it\/?p=736"},"modified":"2012-08-24T13:58:48","modified_gmt":"2012-08-24T11:58:48","slug":"hulk","status":"publish","type":"post","link":"http:\/\/www.robertosedda.it\/?p=736","title":{"rendered":"Hulk"},"content":{"rendered":"<p><a href=\"https:\/\/i0.wp.com\/www.robertosedda.it\/wp-content\/uploads\/2012\/08\/56_1.jpg\"><img data-attachment-id=\"740\" data-permalink=\"http:\/\/www.robertosedda.it\/?attachment_id=740\" data-orig-file=\"https:\/\/i0.wp.com\/www.robertosedda.it\/wp-content\/uploads\/2012\/08\/56_1.jpg?fit=300%2C226\" data-orig-size=\"300,226\" data-comments-opened=\"1\" data-image-meta=\"{&quot;aperture&quot;:&quot;0&quot;,&quot;credit&quot;:&quot;&quot;,&quot;camera&quot;:&quot;&quot;,&quot;caption&quot;:&quot;&quot;,&quot;created_timestamp&quot;:&quot;0&quot;,&quot;copyright&quot;:&quot;&quot;,&quot;focal_length&quot;:&quot;0&quot;,&quot;iso&quot;:&quot;0&quot;,&quot;shutter_speed&quot;:&quot;0&quot;,&quot;title&quot;:&quot;&quot;}\" data-image-title=\"56_1\" data-image-description=\"\" data-image-caption=\"\" data-medium-file=\"https:\/\/i0.wp.com\/www.robertosedda.it\/wp-content\/uploads\/2012\/08\/56_1.jpg?fit=300%2C226\" data-large-file=\"https:\/\/i0.wp.com\/www.robertosedda.it\/wp-content\/uploads\/2012\/08\/56_1.jpg?fit=300%2C226\" decoding=\"async\" loading=\"lazy\" class=\"alignleft size-full wp-image-740\" title=\"56_1\" src=\"https:\/\/i0.wp.com\/www.robertosedda.it\/wp-content\/uploads\/2012\/08\/56_1.jpg?resize=300%2C226\" alt=\"\" width=\"300\" height=\"226\" data-recalc-dims=\"1\" \/><\/a>Ang Lee firma un film reazionario e molto cupo che tradisce allegramente il fumetto (che in fondo era il pi\u00f9 casinista, antimilitarista e (diciamolo) psichedelico di tutta la prima produzione <em>Marvel),<\/em> trasformandolo in qualcosa che sta a met\u00e0 fra King Kong e Frankenstein.<\/p>\n<p>C&#8217;\u00e8 troppo di tutto, in questo film, veramente troppo, tranne l&#8217;unica cosa che doveva essere necessaria, e cio\u00e9 i monologhi di Hulk, i quali nel fumetto rappresentano il &#8220;punto di vista&#8221; e forniscono contemporaneamente il <em>pathos<\/em> e il senso dell&#8217;alienazione. Qui Hulk non<br \/>\nparla mai, e il punto di vista si perde, perch\u00e9 nessuno degli altri personaggi \u00e8 in grado di fornirlo.<\/p>\n<p>C&#8217;\u00e8 talmente troppo di tutto che ci sono buchi nella sceneggiatura di cui lo spettatore si stupisce: sono tanto comodi e ampi che possibile che il gigante verde non li abbia usati per eclissarsi?<\/p>\n<p><a href=\"https:\/\/i0.wp.com\/www.robertosedda.it\/wp-content\/uploads\/2012\/08\/56_3.jpg\"><img data-attachment-id=\"738\" data-permalink=\"http:\/\/www.robertosedda.it\/?attachment_id=738\" data-orig-file=\"https:\/\/i0.wp.com\/www.robertosedda.it\/wp-content\/uploads\/2012\/08\/56_3.jpg?fit=350%2C338\" data-orig-size=\"350,338\" data-comments-opened=\"1\" data-image-meta=\"{&quot;aperture&quot;:&quot;0&quot;,&quot;credit&quot;:&quot;&quot;,&quot;camera&quot;:&quot;&quot;,&quot;caption&quot;:&quot;&quot;,&quot;created_timestamp&quot;:&quot;0&quot;,&quot;copyright&quot;:&quot;&quot;,&quot;focal_length&quot;:&quot;0&quot;,&quot;iso&quot;:&quot;0&quot;,&quot;shutter_speed&quot;:&quot;0&quot;,&quot;title&quot;:&quot;&quot;}\" data-image-title=\"56_3\" data-image-description=\"\" data-image-caption=\"\" data-medium-file=\"https:\/\/i0.wp.com\/www.robertosedda.it\/wp-content\/uploads\/2012\/08\/56_3.jpg?fit=300%2C289\" data-large-file=\"https:\/\/i0.wp.com\/www.robertosedda.it\/wp-content\/uploads\/2012\/08\/56_3.jpg?fit=350%2C338\" decoding=\"async\" loading=\"lazy\" class=\"alignright size-medium wp-image-738\" title=\"56_3\" src=\"https:\/\/i0.wp.com\/www.robertosedda.it\/wp-content\/uploads\/2012\/08\/56_3.jpg?resize=300%2C289\" alt=\"\" width=\"300\" height=\"289\" srcset=\"https:\/\/i0.wp.com\/www.robertosedda.it\/wp-content\/uploads\/2012\/08\/56_3.jpg?resize=300%2C289 300w, https:\/\/i0.wp.com\/www.robertosedda.it\/wp-content\/uploads\/2012\/08\/56_3.jpg?w=350 350w\" sizes=\"(max-width: 300px) 100vw, 300px\" data-recalc-dims=\"1\" \/><\/a>Girato meravigliosamente in maniera fastidiosamente insistita, forse gioca la carta dello <em>split-screen<\/em> per rendere l&#8217;idea delle tavole del fumetto. Per la verit\u00e0 non sembra un&#8217;idea azzeccata.<\/p>\n<p>C&#8217;\u00e8 talmente troppo di tutto che probabilmente <em>Hulk<\/em> \u00e8 alla fine un film pi\u00f9 riuscito di quanto sembri, e magari fra 10 anni non susciter\u00e0 pi\u00f9 discussioni di quante non ne susciti oggi, poniamo, <em>Batman I<\/em>. E in ogni caso varr\u00e0 sempre la pena di vederlo per Jennifer Connelly, meravigliosa.<\/p>\n","protected":false},"excerpt":{"rendered":"<p>Ang Lee firma un film reazionario e molto cupo che tradisce allegramente il fumetto (che in fondo era il pi\u00f9<\/p>\n","protected":false},"author":1,"featured_media":740,"comment_status":"open","ping_status":"open","sticky":false,"template":"","format":"standard","meta":{"_mi_skip_tracking":false,"_monsterinsights_sitenote_active":false,"_monsterinsights_sitenote_note":"","_monsterinsights_sitenote_category":0,"jetpack_post_was_ever_published":false,"_jetpack_newsletter_access":"","jetpack_publicize_message":"","jetpack_is_tweetstorm":false,"jetpack_publicize_feature_enabled":true,"jetpack_social_post_already_shared":false,"jetpack_social_options":{"image_generator_settings":{"template":"highway","enabled":false}}},"categories":[70,52,14,56,12],"tags":[],"jetpack_publicize_connections":[],"jetpack_featured_media_url":"https:\/\/i0.wp.com\/www.robertosedda.it\/wp-content\/uploads\/2012\/08\/56_1.jpg?fit=300%2C226","jetpack_sharing_enabled":true,"jetpack_shortlink":"https:\/\/wp.me\/s4jV2T-hulk","jetpack_likes_enabled":true,"jetpack-related-posts":[{"id":8500,"url":"http:\/\/www.robertosedda.it\/?p=8500","url_meta":{"origin":736,"position":0},"title":"Dieci fumetti da leggere almeno una volta nella vita","author":"Rufus","date":"30\/09\/2014","format":false,"excerpt":"Il mio amico Giovanni Piredda, copiando un'idea di un altro comune amico, Graziano Montanini, mi ha inserito in quella che lui ritiene la catena definitiva, nella quale mi tocca di indicare dieci fumetti \"che\u00a0si dovrebbe provare a leggere\". Per essere una catena (in realt\u00e0 finta, fintissima, perch\u00e9 non va avanti\u2026","rel":"","context":"In &quot;Coordinate&quot;","block_context":{"text":"Coordinate","link":"http:\/\/www.robertosedda.it\/?cat=52"},"img":{"alt_text":"","src":"https:\/\/i0.wp.com\/www.robertosedda.it\/wp-content\/uploads\/2014\/09\/Corto-Maltese-comodo.jpg?fit=625%2C309&resize=350%2C200","width":350,"height":200},"classes":[]},{"id":15688,"url":"http:\/\/www.robertosedda.it\/?p=15688","url_meta":{"origin":736,"position":1},"title":"Irruzioni e rotture non riuscite","author":"Rufus","date":"25\/09\/2018","format":"video","excerpt":"https:\/\/www.youtube.com\/watch?v=k_Opj9MVQgI La profezia dell'armadillo (Emanuele Scaringi, Italia 2018) Sono andato a vedere la settimana scorsa\u00a0La profezia dell'armadillo, tratto dal primo fortunatissimo libro di\u00a0Zerocalcare. Non avevo letto il libro e prima di fare la recensione del film mi sono voluto togliere il dubbio e me lo sono comprato e letto. \u00c8\u2026","rel":"","context":"In &quot;Coordinate&quot;","block_context":{"text":"Coordinate","link":"http:\/\/www.robertosedda.it\/?cat=52"},"img":{"alt_text":"","src":"https:\/\/i0.wp.com\/www.robertosedda.it\/wp-content\/uploads\/2018\/09\/Profezia-delllarmadillo.jpeg?fit=1200%2C605&resize=350%2C200","width":350,"height":200,"srcset":"https:\/\/i0.wp.com\/www.robertosedda.it\/wp-content\/uploads\/2018\/09\/Profezia-delllarmadillo.jpeg?fit=1200%2C605&resize=350%2C200 1x, https:\/\/i0.wp.com\/www.robertosedda.it\/wp-content\/uploads\/2018\/09\/Profezia-delllarmadillo.jpeg?fit=1200%2C605&resize=700%2C400 2x, https:\/\/i0.wp.com\/www.robertosedda.it\/wp-content\/uploads\/2018\/09\/Profezia-delllarmadillo.jpeg?fit=1200%2C605&resize=1050%2C600 3x"},"classes":[]},{"id":733,"url":"http:\/\/www.robertosedda.it\/?p=733","url_meta":{"origin":736,"position":2},"title":"Batman begins","author":"Rufus","date":"24\/08\/2012","format":false,"excerpt":"Di solito quello che si chiede a un fumetto \u00e8 che abbia dei buoni personaggi e una trama interessante (o una storia originale). Pochi, o solo i fanatici, notano se le soluzioni grafiche sono semplicemente buone o grandiose; pochi vanno oltre la generica impressione se il fumetto sia ben disegnato\u2026","rel":"","context":"In &quot;Cappe e spade&quot;","block_context":{"text":"Cappe e spade","link":"http:\/\/www.robertosedda.it\/?cat=70"},"img":{"alt_text":"","src":"","width":0,"height":0},"classes":[]},{"id":8260,"url":"http:\/\/www.robertosedda.it\/?p=8260","url_meta":{"origin":736,"position":3},"title":"Un evento di tanto tempo fa","author":"Rufus","date":"25\/08\/2014","format":false,"excerpt":"Stavo scrivendo una recensione di un paio di letture recenti di fumetti quando improvvisamente mi sono reso conto che per parlare di\u00a0Julia avrei dovuto raccontare cosa ne pensavo tanto tempo fa e perch\u00e9 ho smesso di leggerlo: tutte cose che mi avrebbero portato un po' lontano. Poi mi sono ricordato\u2026","rel":"","context":"In &quot;Biografie&quot;","block_context":{"text":"Biografie","link":"http:\/\/www.robertosedda.it\/?cat=83"},"img":{"alt_text":"","src":"https:\/\/i0.wp.com\/www.robertosedda.it\/wp-content\/uploads\/2014\/08\/Julia-Bonelli.jpg?fit=292%2C407&resize=350%2C200","width":350,"height":200},"classes":[]},{"id":4751,"url":"http:\/\/www.robertosedda.it\/?p=4751","url_meta":{"origin":736,"position":4},"title":"Fumetti da non perdere (e no)","author":"Rufus","date":"22\/10\/2013","format":false,"excerpt":"Una segnalazione su un'uscita in edicola imperdibile per tutti gli appassionati di fumetti e un paio di altri aggiornamenti. Ma andiamo con ordine: Almanacco dell'Avventura Bonelli 2014 L'Almanacco \u00e8 dedicato a due artisti scomparsi relativamente di recente: Sergio Toppi, uno dei pi\u00f9 grandi illustratori, disegnatori e sceneggiatori italiani, e Decio\u2026","rel":"","context":"In &quot;Cappe e spade&quot;","block_context":{"text":"Cappe e spade","link":"http:\/\/www.robertosedda.it\/?cat=70"},"img":{"alt_text":"","src":"https:\/\/i0.wp.com\/www.robertosedda.it\/wp-content\/uploads\/2013\/10\/Almanacco-avventura-Bonelli-2014.jpg?fit=381%2C502&resize=350%2C200","width":350,"height":200},"classes":[]},{"id":2188,"url":"http:\/\/www.robertosedda.it\/?p=2188","url_meta":{"origin":736,"position":5},"title":"Altre tre puntate di &#8220;Oggi parliamo di libri&#8221; in linea","author":"Rufus","date":"08\/02\/2013","format":"video","excerpt":"Ho aggiunto ieri su YouTube altre tre puntate di Oggi parliamo di libri. Con queste ho ultimato il gruppo delle puntate che avevo gi\u00e0 trascritto; prossimamente inizier\u00f2 a mettere quelle pi\u00f9 recenti. Seconda puntata, L'Eternauta Incursione nel mondo del fumetto, della puntata ho gi\u00e0 parlato qui. L'Eternauta mi ha dato\u2026","rel":"","context":"In &quot;Coordinate&quot;","block_context":{"text":"Coordinate","link":"http:\/\/www.robertosedda.it\/?cat=52"},"img":{"alt_text":"","src":"https:\/\/i0.wp.com\/img.youtube.com\/vi\/YEArVX5rwfw\/0.jpg?resize=350%2C200","width":350,"height":200},"classes":[]}],"_links":{"self":[{"href":"http:\/\/www.robertosedda.it\/index.php?rest_route=\/wp\/v2\/posts\/736"}],"collection":[{"href":"http:\/\/www.robertosedda.it\/index.php?rest_route=\/wp\/v2\/posts"}],"about":[{"href":"http:\/\/www.robertosedda.it\/index.php?rest_route=\/wp\/v2\/types\/post"}],"author":[{"embeddable":true,"href":"http:\/\/www.robertosedda.it\/index.php?rest_route=\/wp\/v2\/users\/1"}],"replies":[{"embeddable":true,"href":"http:\/\/www.robertosedda.it\/index.php?rest_route=%2Fwp%2Fv2%2Fcomments&post=736"}],"version-history":[{"count":3,"href":"http:\/\/www.robertosedda.it\/index.php?rest_route=\/wp\/v2\/posts\/736\/revisions"}],"predecessor-version":[{"id":742,"href":"http:\/\/www.robertosedda.it\/index.php?rest_route=\/wp\/v2\/posts\/736\/revisions\/742"}],"wp:featuredmedia":[{"embeddable":true,"href":"http:\/\/www.robertosedda.it\/index.php?rest_route=\/wp\/v2\/media\/740"}],"wp:attachment":[{"href":"http:\/\/www.robertosedda.it\/index.php?rest_route=%2Fwp%2Fv2%2Fmedia&parent=736"}],"wp:term":[{"taxonomy":"category","embeddable":true,"href":"http:\/\/www.robertosedda.it\/index.php?rest_route=%2Fwp%2Fv2%2Fcategories&post=736"},{"taxonomy":"post_tag","embeddable":true,"href":"http:\/\/www.robertosedda.it\/index.php?rest_route=%2Fwp%2Fv2%2Ftags&post=736"}],"curies":[{"name":"wp","href":"https:\/\/api.w.org\/{rel}","templated":true}]}}