{"id":7308,"date":"2014-05-13T10:03:25","date_gmt":"2014-05-13T08:03:25","guid":{"rendered":"http:\/\/www.robertosedda.it\/?p=7308"},"modified":"2021-05-17T09:35:11","modified_gmt":"2021-05-17T07:35:11","slug":"e-sono-cinquanta","status":"publish","type":"post","link":"http:\/\/www.robertosedda.it\/?p=7308","title":{"rendered":"E sono cinquanta!!!"},"content":{"rendered":"<p>Come molti sanno, il 10 maggio \u00e8 il mio compleanno e sabato ho compiuto cinquant&#8217;anni, cifra tonda. Devo dire che mi ritrovo molto in quello che ha scritto <a href=\"http:\/\/marcellosovjetcadeddu.wordpress.com\/\">Marcello <em>Sovjet<\/em> Cadeddu<\/a>, mio collega di universit\u00e0 e quasi coetaneo, che qualche giorno fa per i suoi cinquanta ha pubblicato su&nbsp;<em>Facebook&nbsp;<\/em>questa riflessione:<\/p>\n<blockquote><p><span style=\"color: #37404e;\">Sono sposato con una donna che amo e stimo (cosa non scontata);<\/span><br style=\"color: #37404e;\"\/><span style=\"color: #37404e;\">Vado d&#8217;accordo con i miei genitori e i miei fratelli e sorella (cosa non scontata);<\/span><br style=\"color: #37404e;\"\/><span style=\"color: #37404e;\">Vado d&#8217;accordo con i miei suoceri e i miei cognati (cosa non scontata);<\/span><br style=\"color: #37404e;\"\/><span style=\"color: #37404e;\">Ho amici a cui voglio bene e che mi vogliono bene (cosa non scontata);<\/span><br style=\"color: #37404e;\"\/><span style=\"color: #37404e;\">Sono stimato da persone degne di stima (cosa non scontata);<\/span><br style=\"color: #37404e;\"\/><span style=\"color: #37404e;\">Svolgo un lavoro coerente con i miei studi e interessi e &#8220;sicuro&#8221; per ora (cosa non scontata);<\/span><br style=\"color: #37404e;\"\/><span style=\"color: #37404e;\">Mi piace leggere e ho moltissimi libri (cosa non scontata);<\/span><br style=\"color: #37404e;\"\/><span style=\"color: #37404e;\">Mi piace suonare e ho quattro chitarre &#8211; di cui una a 12 corde &#8211; e un ukulele (cosa non scontata).<\/span><br style=\"color: #37404e;\"\/><span style=\"color: #37404e;\">Diciamo che i primi 50 anni sono stati positivi!<\/span><\/p><\/blockquote>\n<p>C&#8217;\u00e8 qualche differenza, ma mi ritrovo. Poi naturalmente proprio il giorno del compleanno mi \u00e8 venuta una lombalgia da paura, tutti mi hanno simpaticamente detto: \u00ab\u00c8 la vecchiaia&#8230;\u00bb e qualche pensiero un po&#8217; cos\u00ec ti viene.<\/p>\n<p>Per coccolarmi un po&#8217; &#8211; come insegna Duccio Demetrio l&#8217;autobiografia \u00e8 un percorso di cura di s\u00e9 &#8211; sono andato a rivedere un po&#8217; di foto, sia conservate nei recessi del computer che in vecchie scatole polverose.<\/p>\n<p>Per autofesteggiarmi le pubblico qui, anche come forma di ringraziamento verso quelli che mi vogliono bene. Non \u00e8 e non pu\u00f2 essere un elenco di&nbsp;<em>tutti<\/em> quelli che hanno contato e che contano tutt&#8217;ora, perch\u00e9 semplicemente di alcuni non ho le foto (non ne ho trovato nessuna di me con mio padre, per esempio); in pi\u00f9 ho deciso di pubblicare solo foto in cui ci fossi anch&#8217;io (\u00e8 il&nbsp;<em>mio <\/em>compleanno, dopotutto) e questo ha ridotto ulteriormente la scelta.<\/p>\n<p>\u00c8 un campione significativo, diciamo. Chi c&#8217;\u00e8 si assume l&#8217;onere di rappresentare anche tutti gli altri. Grazie a tutti quelli che ci sono stati. \u00c8 stato un bel viaggio, sinora, ed \u00e8 stato bello farlo con voi.<\/p>\n<p>P.S. Non ho messo didascalie, ma se qualcuno vuole commentare (con frasi tipo: \u00abCome sei venuto bene in questa foto!\u00bb) o chiedere spiegazioni, dove sono state scattate, quando, chi \u00e8 il tale o talaltro, mi fa piacere.<\/p>\n<div class=\"tiled-gallery type-rectangular tiled-gallery-unresized\" data-original-width=\"800\" data-carousel-extra='{&quot;blog_id&quot;:1,&quot;permalink&quot;:&quot;http:\\\/\\\/www.robertosedda.it\\\/?p=7308&quot;,&quot;likes_blog_id&quot;:63852863}' itemscope itemtype=\"http:\/\/schema.org\/ImageGallery\" > <div class=\"gallery-row\" style=\"width: 800px; height: 664px;\" data-original-width=\"800\" data-original-height=\"664\" > <div class=\"gallery-group images-3\" style=\"width: 301px; height: 664px;\" data-original-width=\"301\" data-original-height=\"664\" > <div class=\"tiled-gallery-item tiled-gallery-item-large\" itemprop=\"associatedMedia\" itemscope itemtype=\"http:\/\/schema.org\/ImageObject\"> <a href=\"https:\/\/i0.wp.com\/www.robertosedda.it\/wp-content\/uploads\/2014\/05\/1992.jpg\" border=\"0\" itemprop=\"url\"> <meta itemprop=\"width\" content=\"297\"> <meta itemprop=\"height\" content=\"202\"> <img data-attachment-id=\"7309\" data-orig-file=\"http:\/\/www.robertosedda.it\/wp-content\/uploads\/2014\/05\/1992.jpg\" data-orig-size=\"1760,1196\" data-comments-opened=\"1\" data-image-meta=\"{&quot;aperture&quot;:&quot;0&quot;,&quot;credit&quot;:&quot;&quot;,&quot;camera&quot;:&quot;&quot;,&quot;caption&quot;:&quot;&quot;,&quot;created_timestamp&quot;:&quot;0&quot;,&quot;copyright&quot;:&quot;&quot;,&quot;focal_length&quot;:&quot;0&quot;,&quot;iso&quot;:&quot;0&quot;,&quot;shutter_speed&quot;:&quot;0&quot;,&quot;title&quot;:&quot;&quot;}\" data-image-title=\"1992\" data-image-description=\"\" data-medium-file=\"https:\/\/i0.wp.com\/www.robertosedda.it\/wp-content\/uploads\/2014\/05\/1992.jpg?fit=300%2C203\" data-large-file=\"https:\/\/i0.wp.com\/www.robertosedda.it\/wp-content\/uploads\/2014\/05\/1992.jpg?fit=510%2C346\" src=\"https:\/\/i0.wp.com\/www.robertosedda.it\/wp-content\/uploads\/2014\/05\/1992.jpg?w=297&#038;h=202\" width=\"297\" height=\"202\" data-original-width=\"297\" data-original-height=\"202\" itemprop=\"http:\/\/schema.org\/image\" title=\"1992\" alt=\"1992\" style=\"width: 297px; height: 202px;\" \/> <\/a> <\/div> <div class=\"tiled-gallery-item tiled-gallery-item-large\" itemprop=\"associatedMedia\" itemscope itemtype=\"http:\/\/schema.org\/ImageObject\"> <a href=\"https:\/\/i0.wp.com\/www.robertosedda.it\/wp-content\/uploads\/2014\/05\/da-agosto-08-a-agosto-09-090.jpg\" border=\"0\" itemprop=\"url\"> <meta itemprop=\"width\" content=\"297\"> <meta itemprop=\"height\" content=\"222\"> <img data-attachment-id=\"7347\" data-orig-file=\"http:\/\/www.robertosedda.it\/wp-content\/uploads\/2014\/05\/da-agosto-08-a-agosto-09-090.jpg\" data-orig-size=\"1600,1200\" data-comments-opened=\"1\" data-image-meta=\"{&quot;aperture&quot;:&quot;4.8&quot;,&quot;credit&quot;:&quot;&quot;,&quot;camera&quot;:&quot;E3700&quot;,&quot;caption&quot;:&quot;&quot;,&quot;created_timestamp&quot;:&quot;1249994846&quot;,&quot;copyright&quot;:&quot;&quot;,&quot;focal_length&quot;:&quot;5.4&quot;,&quot;iso&quot;:&quot;71&quot;,&quot;shutter_speed&quot;:&quot;0.0019600156801254&quot;,&quot;title&quot;:&quot;&quot;}\" data-image-title=\"Rifugio Bruncu Spina\" data-image-description=\"\" data-medium-file=\"https:\/\/i0.wp.com\/www.robertosedda.it\/wp-content\/uploads\/2014\/05\/da-agosto-08-a-agosto-09-090.jpg?fit=300%2C225\" data-large-file=\"https:\/\/i0.wp.com\/www.robertosedda.it\/wp-content\/uploads\/2014\/05\/da-agosto-08-a-agosto-09-090.jpg?fit=510%2C382\" src=\"https:\/\/i0.wp.com\/www.robertosedda.it\/wp-content\/uploads\/2014\/05\/da-agosto-08-a-agosto-09-090.jpg?w=297&#038;h=222\" width=\"297\" height=\"222\" data-original-width=\"297\" data-original-height=\"222\" itemprop=\"http:\/\/schema.org\/image\" title=\"Rifugio Bruncu Spina\" alt=\"Rifugio Bruncu Spina\" style=\"width: 297px; height: 222px;\" \/> <\/a> <\/div> <div class=\"tiled-gallery-item tiled-gallery-item-large\" itemprop=\"associatedMedia\" itemscope itemtype=\"http:\/\/schema.org\/ImageObject\"> <a href=\"https:\/\/i0.wp.com\/www.robertosedda.it\/wp-content\/uploads\/2014\/05\/A-Bonaria.jpg\" border=\"0\" itemprop=\"url\"> <meta itemprop=\"width\" content=\"297\"> <meta itemprop=\"height\" content=\"228\"> <img data-attachment-id=\"7312\" data-orig-file=\"http:\/\/www.robertosedda.it\/wp-content\/uploads\/2014\/05\/A-Bonaria.jpg\" data-orig-size=\"1544,1189\" data-comments-opened=\"1\" data-image-meta=\"{&quot;aperture&quot;:&quot;0&quot;,&quot;credit&quot;:&quot;&quot;,&quot;camera&quot;:&quot;&quot;,&quot;caption&quot;:&quot;&quot;,&quot;created_timestamp&quot;:&quot;0&quot;,&quot;copyright&quot;:&quot;&quot;,&quot;focal_length&quot;:&quot;0&quot;,&quot;iso&quot;:&quot;0&quot;,&quot;shutter_speed&quot;:&quot;0&quot;,&quot;title&quot;:&quot;&quot;}\" data-image-title=\"A Bonaria\" data-image-description=\"\" data-medium-file=\"https:\/\/i0.wp.com\/www.robertosedda.it\/wp-content\/uploads\/2014\/05\/A-Bonaria.jpg?fit=300%2C231\" data-large-file=\"https:\/\/i0.wp.com\/www.robertosedda.it\/wp-content\/uploads\/2014\/05\/A-Bonaria.jpg?fit=510%2C392\" src=\"https:\/\/i0.wp.com\/www.robertosedda.it\/wp-content\/uploads\/2014\/05\/A-Bonaria.jpg?w=297&#038;h=228\" width=\"297\" height=\"228\" data-original-width=\"297\" data-original-height=\"228\" itemprop=\"http:\/\/schema.org\/image\" title=\"A Bonaria\" alt=\"A Bonaria\" style=\"width: 297px; height: 228px;\" \/> <\/a> <\/div> <\/div> <!-- close group --> <div class=\"gallery-group images-1\" style=\"width: 499px; height: 664px;\" data-original-width=\"499\" data-original-height=\"664\" > <div class=\"tiled-gallery-item tiled-gallery-item-large\" itemprop=\"associatedMedia\" itemscope itemtype=\"http:\/\/schema.org\/ImageObject\"> <a href=\"https:\/\/i0.wp.com\/www.robertosedda.it\/wp-content\/uploads\/2014\/05\/Loreto.jpg\" border=\"0\" itemprop=\"url\"> <meta itemprop=\"width\" content=\"495\"> <meta itemprop=\"height\" content=\"660\"> <img data-attachment-id=\"7371\" data-orig-file=\"http:\/\/www.robertosedda.it\/wp-content\/uploads\/2014\/05\/Loreto.jpg\" data-orig-size=\"1242,1656\" data-comments-opened=\"1\" data-image-meta=\"{&quot;aperture&quot;:&quot;9.5&quot;,&quot;credit&quot;:&quot;&quot;,&quot;camera&quot;:&quot;KODAK CX6330 ZOOM DIGITAL CAMERA&quot;,&quot;caption&quot;:&quot;&quot;,&quot;created_timestamp&quot;:&quot;1094379989&quot;,&quot;copyright&quot;:&quot;&quot;,&quot;focal_length&quot;:&quot;16.8&quot;,&quot;iso&quot;:&quot;0&quot;,&quot;shutter_speed&quot;:&quot;0.0028571428571429&quot;,&quot;title&quot;:&quot;&quot;}\" data-image-title=\"Loreto\" data-image-description=\"\" data-medium-file=\"https:\/\/i0.wp.com\/www.robertosedda.it\/wp-content\/uploads\/2014\/05\/Loreto.jpg?fit=225%2C300\" data-large-file=\"https:\/\/i0.wp.com\/www.robertosedda.it\/wp-content\/uploads\/2014\/05\/Loreto.jpg?fit=510%2C680\" src=\"https:\/\/i0.wp.com\/www.robertosedda.it\/wp-content\/uploads\/2014\/05\/Loreto.jpg?w=495&#038;h=660\" width=\"495\" height=\"660\" data-original-width=\"495\" data-original-height=\"660\" itemprop=\"http:\/\/schema.org\/image\" title=\"Loreto\" alt=\"Loreto\" style=\"width: 495px; height: 660px;\" \/> <\/a> <\/div> <\/div> <!-- close group --> <\/div> <!-- close row --> <div class=\"gallery-row\" style=\"width: 800px; height: 715px;\" data-original-width=\"800\" data-original-height=\"715\" > <div class=\"gallery-group images-1\" style=\"width: 478px; height: 715px;\" data-original-width=\"478\" data-original-height=\"715\" > <div class=\"tiled-gallery-item tiled-gallery-item-large\" itemprop=\"associatedMedia\" itemscope itemtype=\"http:\/\/schema.org\/ImageObject\"> <a href=\"https:\/\/i0.wp.com\/www.robertosedda.it\/wp-content\/uploads\/2014\/05\/Buffone.jpg\" border=\"0\" itemprop=\"url\"> <meta itemprop=\"width\" content=\"474\"> <meta itemprop=\"height\" content=\"711\"> <img data-attachment-id=\"7331\" data-orig-file=\"http:\/\/www.robertosedda.it\/wp-content\/uploads\/2014\/05\/Buffone.jpg\" data-orig-size=\"1184,1776\" data-comments-opened=\"1\" data-image-meta=\"{&quot;aperture&quot;:&quot;0&quot;,&quot;credit&quot;:&quot;&quot;,&quot;camera&quot;:&quot;&quot;,&quot;caption&quot;:&quot;&quot;,&quot;created_timestamp&quot;:&quot;0&quot;,&quot;copyright&quot;:&quot;&quot;,&quot;focal_length&quot;:&quot;0&quot;,&quot;iso&quot;:&quot;0&quot;,&quot;shutter_speed&quot;:&quot;0&quot;,&quot;title&quot;:&quot;&quot;}\" data-image-title=\"Buffone\" data-image-description=\"\" data-medium-file=\"https:\/\/i0.wp.com\/www.robertosedda.it\/wp-content\/uploads\/2014\/05\/Buffone.jpg?fit=200%2C300\" data-large-file=\"https:\/\/i0.wp.com\/www.robertosedda.it\/wp-content\/uploads\/2014\/05\/Buffone.jpg?fit=510%2C765\" src=\"https:\/\/i0.wp.com\/www.robertosedda.it\/wp-content\/uploads\/2014\/05\/Buffone.jpg?w=474&#038;h=711\" width=\"474\" height=\"711\" data-original-width=\"474\" data-original-height=\"711\" itemprop=\"http:\/\/schema.org\/image\" title=\"Buffone\" alt=\"Buffone\" style=\"width: 474px; height: 711px;\" \/> <\/a> <\/div> <\/div> <!-- close group --> <div class=\"gallery-group images-3\" style=\"width: 322px; height: 715px;\" data-original-width=\"322\" data-original-height=\"715\" > <div class=\"tiled-gallery-item tiled-gallery-item-large\" itemprop=\"associatedMedia\" itemscope itemtype=\"http:\/\/schema.org\/ImageObject\"> <a href=\"https:\/\/i0.wp.com\/www.robertosedda.it\/wp-content\/uploads\/2014\/05\/Ritorno-Gradara.jpg\" border=\"0\" itemprop=\"url\"> <meta itemprop=\"width\" content=\"318\"> <meta itemprop=\"height\" content=\"227\"> <img data-attachment-id=\"7388\" data-orig-file=\"http:\/\/www.robertosedda.it\/wp-content\/uploads\/2014\/05\/Ritorno-Gradara.jpg\" data-orig-size=\"960,684\" data-comments-opened=\"1\" data-image-meta=\"{&quot;aperture&quot;:&quot;0&quot;,&quot;credit&quot;:&quot;&quot;,&quot;camera&quot;:&quot;&quot;,&quot;caption&quot;:&quot;&quot;,&quot;created_timestamp&quot;:&quot;0&quot;,&quot;copyright&quot;:&quot;&quot;,&quot;focal_length&quot;:&quot;0&quot;,&quot;iso&quot;:&quot;0&quot;,&quot;shutter_speed&quot;:&quot;0&quot;,&quot;title&quot;:&quot;&quot;}\" data-image-title=\"Ritorno Gradara\" data-image-description=\"\" data-medium-file=\"https:\/\/i0.wp.com\/www.robertosedda.it\/wp-content\/uploads\/2014\/05\/Ritorno-Gradara.jpg?fit=300%2C213\" data-large-file=\"https:\/\/i0.wp.com\/www.robertosedda.it\/wp-content\/uploads\/2014\/05\/Ritorno-Gradara.jpg?fit=510%2C363\" src=\"https:\/\/i0.wp.com\/www.robertosedda.it\/wp-content\/uploads\/2014\/05\/Ritorno-Gradara.jpg?w=318&#038;h=227\" width=\"318\" height=\"227\" data-original-width=\"318\" data-original-height=\"227\" itemprop=\"http:\/\/schema.org\/image\" title=\"Ritorno Gradara\" alt=\"Ritorno Gradara\" style=\"width: 318px; height: 227px;\" \/> <\/a> <\/div> <div class=\"tiled-gallery-item tiled-gallery-item-large\" itemprop=\"associatedMedia\" itemscope itemtype=\"http:\/\/schema.org\/ImageObject\"> <a href=\"https:\/\/i0.wp.com\/www.robertosedda.it\/wp-content\/uploads\/2014\/05\/Scacchi.jpg\" border=\"0\" itemprop=\"url\"> <meta itemprop=\"width\" content=\"318\"> <meta itemprop=\"height\" content=\"238\"> <img data-attachment-id=\"7393\" data-orig-file=\"http:\/\/www.robertosedda.it\/wp-content\/uploads\/2014\/05\/Scacchi.jpg\" data-orig-size=\"1600,1200\" data-comments-opened=\"1\" data-image-meta=\"{&quot;aperture&quot;:&quot;2.8&quot;,&quot;credit&quot;:&quot;&quot;,&quot;camera&quot;:&quot;F8035&quot;,&quot;caption&quot;:&quot;&quot;,&quot;created_timestamp&quot;:&quot;1252850963&quot;,&quot;copyright&quot;:&quot;&quot;,&quot;focal_length&quot;:&quot;5.7&quot;,&quot;iso&quot;:&quot;104&quot;,&quot;shutter_speed&quot;:&quot;0.015625&quot;,&quot;title&quot;:&quot;YASHICA Digital Camera&quot;}\" data-image-title=\"Scacchi\" data-image-description=\"\" data-medium-file=\"https:\/\/i0.wp.com\/www.robertosedda.it\/wp-content\/uploads\/2014\/05\/Scacchi.jpg?fit=300%2C225\" data-large-file=\"https:\/\/i0.wp.com\/www.robertosedda.it\/wp-content\/uploads\/2014\/05\/Scacchi.jpg?fit=510%2C382\" src=\"https:\/\/i0.wp.com\/www.robertosedda.it\/wp-content\/uploads\/2014\/05\/Scacchi.jpg?w=318&#038;h=238\" width=\"318\" height=\"238\" data-original-width=\"318\" data-original-height=\"238\" itemprop=\"http:\/\/schema.org\/image\" title=\"Scacchi\" alt=\"Scacchi\" style=\"width: 318px; height: 238px;\" \/> <\/a> <\/div> <div class=\"tiled-gallery-item tiled-gallery-item-large\" itemprop=\"associatedMedia\" itemscope itemtype=\"http:\/\/schema.org\/ImageObject\"> <a href=\"https:\/\/i0.wp.com\/www.robertosedda.it\/wp-content\/uploads\/2014\/05\/Nuove-Officine.jpg\" border=\"0\" itemprop=\"url\"> <meta itemprop=\"width\" content=\"318\"> <meta itemprop=\"height\" content=\"238\"> <img data-attachment-id=\"7378\" data-orig-file=\"http:\/\/www.robertosedda.it\/wp-content\/uploads\/2014\/05\/Nuove-Officine.jpg\" data-orig-size=\"1600,1200\" data-comments-opened=\"1\" data-image-meta=\"{&quot;aperture&quot;:&quot;3.6&quot;,&quot;credit&quot;:&quot;&quot;,&quot;camera&quot;:&quot;L-300&quot;,&quot;caption&quot;:&quot;&quot;,&quot;created_timestamp&quot;:&quot;1193237205&quot;,&quot;copyright&quot;:&quot;&quot;,&quot;focal_length&quot;:&quot;9.68&quot;,&quot;iso&quot;:&quot;100&quot;,&quot;shutter_speed&quot;:&quot;0.0237&quot;,&quot;title&quot;:&quot;EPSON DSC picture&quot;}\" data-image-title=\"Nuove Officine\" data-image-description=\"\" data-medium-file=\"https:\/\/i0.wp.com\/www.robertosedda.it\/wp-content\/uploads\/2014\/05\/Nuove-Officine.jpg?fit=300%2C225\" data-large-file=\"https:\/\/i0.wp.com\/www.robertosedda.it\/wp-content\/uploads\/2014\/05\/Nuove-Officine.jpg?fit=510%2C382\" src=\"https:\/\/i0.wp.com\/www.robertosedda.it\/wp-content\/uploads\/2014\/05\/Nuove-Officine.jpg?w=318&#038;h=238\" width=\"318\" height=\"238\" data-original-width=\"318\" data-original-height=\"238\" itemprop=\"http:\/\/schema.org\/image\" title=\"Nuove Officine\" alt=\"Nuove Officine\" style=\"width: 318px; height: 238px;\" \/> <\/a> <\/div> <\/div> <!-- close group --> <\/div> <!-- close row --> <div class=\"gallery-row\" style=\"width: 800px; height: 565px;\" data-original-width=\"800\" data-original-height=\"565\" > <div class=\"gallery-group images-1\" style=\"width: 425px; height: 565px;\" data-original-width=\"425\" data-original-height=\"565\" > <div class=\"tiled-gallery-item tiled-gallery-item-large\" itemprop=\"associatedMedia\" itemscope itemtype=\"http:\/\/schema.org\/ImageObject\"> <a href=\"https:\/\/i0.wp.com\/www.robertosedda.it\/wp-content\/uploads\/2014\/05\/Abbronzato-2.jpg\" border=\"0\" itemprop=\"url\"> <meta itemprop=\"width\" content=\"421\"> <meta itemprop=\"height\" content=\"561\"> <img data-attachment-id=\"7311\" data-orig-file=\"http:\/\/www.robertosedda.it\/wp-content\/uploads\/2014\/05\/Abbronzato-2.jpg\" data-orig-size=\"1200,1600\" data-comments-opened=\"1\" data-image-meta=\"{&quot;aperture&quot;:&quot;4.8&quot;,&quot;credit&quot;:&quot;&quot;,&quot;camera&quot;:&quot;E3700&quot;,&quot;caption&quot;:&quot;&quot;,&quot;created_timestamp&quot;:&quot;1124131706&quot;,&quot;copyright&quot;:&quot;&quot;,&quot;focal_length&quot;:&quot;5.4&quot;,&quot;iso&quot;:&quot;50&quot;,&quot;shutter_speed&quot;:&quot;0.0069832402234637&quot;,&quot;title&quot;:&quot;&quot;}\" data-image-title=\"Abbronzato 2\" data-image-description=\"\" data-medium-file=\"https:\/\/i0.wp.com\/www.robertosedda.it\/wp-content\/uploads\/2014\/05\/Abbronzato-2.jpg?fit=225%2C300\" data-large-file=\"https:\/\/i0.wp.com\/www.robertosedda.it\/wp-content\/uploads\/2014\/05\/Abbronzato-2.jpg?fit=510%2C680\" src=\"https:\/\/i0.wp.com\/www.robertosedda.it\/wp-content\/uploads\/2014\/05\/Abbronzato-2.jpg?w=421&#038;h=561\" width=\"421\" height=\"561\" data-original-width=\"421\" data-original-height=\"561\" itemprop=\"http:\/\/schema.org\/image\" title=\"Abbronzato 2\" alt=\"Abbronzato 2\" style=\"width: 421px; height: 561px;\" \/> <\/a> <\/div> <\/div> <!-- close group --> <div class=\"gallery-group images-2\" style=\"width: 375px; height: 565px;\" data-original-width=\"375\" data-original-height=\"565\" > <div class=\"tiled-gallery-item tiled-gallery-item-large\" itemprop=\"associatedMedia\" itemscope itemtype=\"http:\/\/schema.org\/ImageObject\"> <a href=\"https:\/\/i0.wp.com\/www.robertosedda.it\/wp-content\/uploads\/2014\/05\/Carloforte.jpg\" border=\"0\" itemprop=\"url\"> <meta itemprop=\"width\" content=\"371\"> <meta itemprop=\"height\" content=\"278\"> <img data-attachment-id=\"7334\" data-orig-file=\"http:\/\/www.robertosedda.it\/wp-content\/uploads\/2014\/05\/Carloforte.jpg\" data-orig-size=\"1600,1200\" data-comments-opened=\"1\" data-image-meta=\"{&quot;aperture&quot;:&quot;0&quot;,&quot;credit&quot;:&quot;&quot;,&quot;camera&quot;:&quot;&quot;,&quot;caption&quot;:&quot;&quot;,&quot;created_timestamp&quot;:&quot;0&quot;,&quot;copyright&quot;:&quot;&quot;,&quot;focal_length&quot;:&quot;0&quot;,&quot;iso&quot;:&quot;0&quot;,&quot;shutter_speed&quot;:&quot;0&quot;,&quot;title&quot;:&quot;&quot;}\" data-image-title=\"Carloforte\" data-image-description=\"\" data-medium-file=\"https:\/\/i0.wp.com\/www.robertosedda.it\/wp-content\/uploads\/2014\/05\/Carloforte.jpg?fit=300%2C225\" data-large-file=\"https:\/\/i0.wp.com\/www.robertosedda.it\/wp-content\/uploads\/2014\/05\/Carloforte.jpg?fit=510%2C382\" src=\"https:\/\/i0.wp.com\/www.robertosedda.it\/wp-content\/uploads\/2014\/05\/Carloforte.jpg?w=371&#038;h=278\" width=\"371\" height=\"278\" data-original-width=\"371\" data-original-height=\"278\" itemprop=\"http:\/\/schema.org\/image\" title=\"Carloforte\" alt=\"Carloforte\" style=\"width: 371px; height: 278px;\" \/> <\/a> <\/div> <div class=\"tiled-gallery-item tiled-gallery-item-large\" itemprop=\"associatedMedia\" itemscope itemtype=\"http:\/\/schema.org\/ImageObject\"> <a href=\"https:\/\/i0.wp.com\/www.robertosedda.it\/wp-content\/uploads\/2014\/05\/La-Pira2.jpg\" border=\"0\" itemprop=\"url\"> <meta itemprop=\"width\" content=\"371\"> <meta itemprop=\"height\" content=\"279\"> <img data-attachment-id=\"7366\" data-orig-file=\"http:\/\/www.robertosedda.it\/wp-content\/uploads\/2014\/05\/La-Pira2.jpg\" data-orig-size=\"1600,1200\" data-comments-opened=\"1\" data-image-meta=\"{&quot;aperture&quot;:&quot;5.4&quot;,&quot;credit&quot;:&quot;&quot;,&quot;camera&quot;:&quot;COOLPIX S610c&quot;,&quot;caption&quot;:&quot;&quot;,&quot;created_timestamp&quot;:&quot;1398099818&quot;,&quot;copyright&quot;:&quot;&quot;,&quot;focal_length&quot;:&quot;5&quot;,&quot;iso&quot;:&quot;100&quot;,&quot;shutter_speed&quot;:&quot;0.0015625&quot;,&quot;title&quot;:&quot;&quot;}\" data-image-title=\"La Pira2\" data-image-description=\"\" data-medium-file=\"https:\/\/i0.wp.com\/www.robertosedda.it\/wp-content\/uploads\/2014\/05\/La-Pira2.jpg?fit=300%2C225\" data-large-file=\"https:\/\/i0.wp.com\/www.robertosedda.it\/wp-content\/uploads\/2014\/05\/La-Pira2.jpg?fit=510%2C382\" src=\"https:\/\/i0.wp.com\/www.robertosedda.it\/wp-content\/uploads\/2014\/05\/La-Pira2.jpg?w=371&#038;h=279\" width=\"371\" height=\"279\" data-original-width=\"371\" data-original-height=\"279\" itemprop=\"http:\/\/schema.org\/image\" title=\"La Pira2\" alt=\"La Pira2\" style=\"width: 371px; height: 279px;\" \/> <\/a> <\/div> <\/div> <!-- close group --> <\/div> <!-- close row --> <div class=\"gallery-row\" style=\"width: 800px; height: 597px;\" data-original-width=\"800\" data-original-height=\"597\" > <div class=\"gallery-group images-2\" style=\"width: 393px; height: 597px;\" data-original-width=\"393\" data-original-height=\"597\" > <div class=\"tiled-gallery-item tiled-gallery-item-large\" itemprop=\"associatedMedia\" itemscope itemtype=\"http:\/\/schema.org\/ImageObject\"> <a href=\"https:\/\/i0.wp.com\/www.robertosedda.it\/wp-content\/uploads\/2014\/05\/Mamma.jpg\" border=\"0\" itemprop=\"url\"> <meta itemprop=\"width\" content=\"389\"> <meta itemprop=\"height\" content=\"298\"> <img data-attachment-id=\"7372\" data-orig-file=\"http:\/\/www.robertosedda.it\/wp-content\/uploads\/2014\/05\/Mamma.jpg\" data-orig-size=\"1536,1176\" data-comments-opened=\"1\" data-image-meta=\"{&quot;aperture&quot;:&quot;0&quot;,&quot;credit&quot;:&quot;&quot;,&quot;camera&quot;:&quot;&quot;,&quot;caption&quot;:&quot;&quot;,&quot;created_timestamp&quot;:&quot;0&quot;,&quot;copyright&quot;:&quot;&quot;,&quot;focal_length&quot;:&quot;0&quot;,&quot;iso&quot;:&quot;0&quot;,&quot;shutter_speed&quot;:&quot;0&quot;,&quot;title&quot;:&quot;&quot;}\" data-image-title=\"Mamma\" data-image-description=\"\" data-medium-file=\"https:\/\/i0.wp.com\/www.robertosedda.it\/wp-content\/uploads\/2014\/05\/Mamma.jpg?fit=300%2C229\" data-large-file=\"https:\/\/i0.wp.com\/www.robertosedda.it\/wp-content\/uploads\/2014\/05\/Mamma.jpg?fit=510%2C390\" src=\"https:\/\/i0.wp.com\/www.robertosedda.it\/wp-content\/uploads\/2014\/05\/Mamma.jpg?w=389&#038;h=298\" width=\"389\" height=\"298\" data-original-width=\"389\" data-original-height=\"298\" itemprop=\"http:\/\/schema.org\/image\" title=\"Mamma\" alt=\"Mamma\" style=\"width: 389px; height: 298px;\" \/> <\/a> <\/div> <div class=\"tiled-gallery-item tiled-gallery-item-large\" itemprop=\"associatedMedia\" itemscope itemtype=\"http:\/\/schema.org\/ImageObject\"> <a href=\"https:\/\/i0.wp.com\/www.robertosedda.it\/wp-content\/uploads\/2014\/05\/Compagni-di-merende.jpg\" border=\"0\" itemprop=\"url\"> <meta itemprop=\"width\" content=\"389\"> <meta itemprop=\"height\" content=\"291\"> <img data-attachment-id=\"7338\" data-orig-file=\"http:\/\/www.robertosedda.it\/wp-content\/uploads\/2014\/05\/Compagni-di-merende.jpg\" data-orig-size=\"1600,1200\" data-comments-opened=\"1\" data-image-meta=\"{&quot;aperture&quot;:&quot;2.8&quot;,&quot;credit&quot;:&quot;&quot;,&quot;camera&quot;:&quot;L-300&quot;,&quot;caption&quot;:&quot;&quot;,&quot;created_timestamp&quot;:&quot;1175342880&quot;,&quot;copyright&quot;:&quot;&quot;,&quot;focal_length&quot;:&quot;5.6&quot;,&quot;iso&quot;:&quot;400&quot;,&quot;shutter_speed&quot;:&quot;0.0313&quot;,&quot;title&quot;:&quot;EPSON DSC picture&quot;}\" data-image-title=\"Compagni di merende\" data-image-description=\"\" data-medium-file=\"https:\/\/i0.wp.com\/www.robertosedda.it\/wp-content\/uploads\/2014\/05\/Compagni-di-merende.jpg?fit=300%2C225\" data-large-file=\"https:\/\/i0.wp.com\/www.robertosedda.it\/wp-content\/uploads\/2014\/05\/Compagni-di-merende.jpg?fit=510%2C382\" src=\"https:\/\/i0.wp.com\/www.robertosedda.it\/wp-content\/uploads\/2014\/05\/Compagni-di-merende.jpg?w=389&#038;h=291\" width=\"389\" height=\"291\" data-original-width=\"389\" data-original-height=\"291\" itemprop=\"http:\/\/schema.org\/image\" title=\"Compagni di merende\" alt=\"Compagni di merende\" style=\"width: 389px; height: 291px;\" \/> <\/a> <\/div> <\/div> <!-- close group --> <div class=\"gallery-group images-1\" style=\"width: 407px; height: 597px;\" data-original-width=\"407\" data-original-height=\"597\" > <div class=\"tiled-gallery-item tiled-gallery-item-large\" itemprop=\"associatedMedia\" itemscope itemtype=\"http:\/\/schema.org\/ImageObject\"> <a href=\"https:\/\/i0.wp.com\/www.robertosedda.it\/wp-content\/uploads\/2014\/05\/Matrimonio-1.jpeg\" border=\"0\" itemprop=\"url\"> <meta itemprop=\"width\" content=\"403\"> <meta itemprop=\"height\" content=\"593\"> <img data-attachment-id=\"7374\" data-orig-file=\"http:\/\/www.robertosedda.it\/wp-content\/uploads\/2014\/05\/Matrimonio-1.jpeg\" data-orig-size=\"1472,2163\" data-comments-opened=\"1\" data-image-meta=\"{&quot;aperture&quot;:&quot;0&quot;,&quot;credit&quot;:&quot;&quot;,&quot;camera&quot;:&quot;&quot;,&quot;caption&quot;:&quot;&quot;,&quot;created_timestamp&quot;:&quot;0&quot;,&quot;copyright&quot;:&quot;&quot;,&quot;focal_length&quot;:&quot;0&quot;,&quot;iso&quot;:&quot;0&quot;,&quot;shutter_speed&quot;:&quot;0&quot;,&quot;title&quot;:&quot;&quot;}\" data-image-title=\"Matrimonio 1\" data-image-description=\"\" data-medium-file=\"https:\/\/i0.wp.com\/www.robertosedda.it\/wp-content\/uploads\/2014\/05\/Matrimonio-1.jpeg?fit=204%2C300\" data-large-file=\"https:\/\/i0.wp.com\/www.robertosedda.it\/wp-content\/uploads\/2014\/05\/Matrimonio-1.jpeg?fit=510%2C749\" src=\"https:\/\/i0.wp.com\/www.robertosedda.it\/wp-content\/uploads\/2014\/05\/Matrimonio-1.jpeg?w=403&#038;h=593\" width=\"403\" height=\"593\" data-original-width=\"403\" data-original-height=\"593\" itemprop=\"http:\/\/schema.org\/image\" title=\"Matrimonio 1\" alt=\"Matrimonio 1\" style=\"width: 403px; height: 593px;\" \/> <\/a> <\/div> <\/div> <!-- close group --> <\/div> <!-- close row --> <div class=\"gallery-row\" style=\"width: 800px; height: 384px;\" data-original-width=\"800\" data-original-height=\"384\" > <div class=\"gallery-group images-1\" style=\"width: 511px; height: 384px;\" data-original-width=\"511\" data-original-height=\"384\" > <div class=\"tiled-gallery-item tiled-gallery-item-large\" itemprop=\"associatedMedia\" itemscope itemtype=\"http:\/\/schema.org\/ImageObject\"> <a href=\"https:\/\/i0.wp.com\/www.robertosedda.it\/wp-content\/uploads\/2014\/05\/LAquila.jpg\" border=\"0\" itemprop=\"url\"> <meta itemprop=\"width\" content=\"507\"> <meta itemprop=\"height\" content=\"380\"> <img data-attachment-id=\"7367\" data-orig-file=\"http:\/\/www.robertosedda.it\/wp-content\/uploads\/2014\/05\/LAquila.jpg\" data-orig-size=\"1600,1200\" data-comments-opened=\"1\" data-image-meta=\"{&quot;aperture&quot;:&quot;2.8&quot;,&quot;credit&quot;:&quot;&quot;,&quot;camera&quot;:&quot;F8035&quot;,&quot;caption&quot;:&quot;&quot;,&quot;created_timestamp&quot;:&quot;1343553886&quot;,&quot;copyright&quot;:&quot;&quot;,&quot;focal_length&quot;:&quot;5.7&quot;,&quot;iso&quot;:&quot;127&quot;,&quot;shutter_speed&quot;:&quot;0.025&quot;,&quot;title&quot;:&quot;YASHICA Digital Camera&quot;}\" data-image-title=\"All&#8217;Aquila\" data-image-description=\"\" data-medium-file=\"https:\/\/i0.wp.com\/www.robertosedda.it\/wp-content\/uploads\/2014\/05\/LAquila.jpg?fit=300%2C225\" data-large-file=\"https:\/\/i0.wp.com\/www.robertosedda.it\/wp-content\/uploads\/2014\/05\/LAquila.jpg?fit=510%2C382\" src=\"https:\/\/i0.wp.com\/www.robertosedda.it\/wp-content\/uploads\/2014\/05\/LAquila.jpg?w=507&#038;h=380\" width=\"507\" height=\"380\" data-original-width=\"507\" data-original-height=\"380\" itemprop=\"http:\/\/schema.org\/image\" title=\"All&#039;Aquila\" alt=\"All&#039;Aquila\" style=\"width: 507px; height: 380px;\" \/> <\/a> <\/div> <\/div> <!-- close group --> <div class=\"gallery-group images-1\" style=\"width: 289px; height: 384px;\" data-original-width=\"289\" data-original-height=\"384\" > <div class=\"tiled-gallery-item tiled-gallery-item-large\" itemprop=\"associatedMedia\" itemscope itemtype=\"http:\/\/schema.org\/ImageObject\"> <a href=\"https:\/\/i0.wp.com\/www.robertosedda.it\/wp-content\/uploads\/2014\/05\/Quattro-ragazzi.jpg\" border=\"0\" itemprop=\"url\"> <meta itemprop=\"width\" content=\"285\"> <meta itemprop=\"height\" content=\"380\"> <img data-attachment-id=\"7385\" data-orig-file=\"http:\/\/www.robertosedda.it\/wp-content\/uploads\/2014\/05\/Quattro-ragazzi.jpg\" data-orig-size=\"960,1280\" data-comments-opened=\"1\" data-image-meta=\"{&quot;aperture&quot;:&quot;0&quot;,&quot;credit&quot;:&quot;&quot;,&quot;camera&quot;:&quot;&quot;,&quot;caption&quot;:&quot;&quot;,&quot;created_timestamp&quot;:&quot;0&quot;,&quot;copyright&quot;:&quot;&quot;,&quot;focal_length&quot;:&quot;0&quot;,&quot;iso&quot;:&quot;0&quot;,&quot;shutter_speed&quot;:&quot;0&quot;,&quot;title&quot;:&quot;&quot;}\" data-image-title=\"Quattro ragazzi\" data-image-description=\"\" data-medium-file=\"https:\/\/i0.wp.com\/www.robertosedda.it\/wp-content\/uploads\/2014\/05\/Quattro-ragazzi.jpg?fit=225%2C300\" data-large-file=\"https:\/\/i0.wp.com\/www.robertosedda.it\/wp-content\/uploads\/2014\/05\/Quattro-ragazzi.jpg?fit=510%2C680\" src=\"https:\/\/i0.wp.com\/www.robertosedda.it\/wp-content\/uploads\/2014\/05\/Quattro-ragazzi.jpg?w=285&#038;h=380\" width=\"285\" height=\"380\" data-original-width=\"285\" data-original-height=\"380\" itemprop=\"http:\/\/schema.org\/image\" title=\"Quattro ragazzi\" alt=\"Quattro ragazzi\" style=\"width: 285px; height: 380px;\" \/> <\/a> <\/div> <\/div> <!-- close group --> <\/div> <!-- close row --> <div class=\"gallery-row\" style=\"width: 800px; height: 393px;\" data-original-width=\"800\" data-original-height=\"393\" > <div class=\"gallery-group images-2\" style=\"width: 266px; height: 393px;\" data-original-width=\"266\" data-original-height=\"393\" > <div class=\"tiled-gallery-item tiled-gallery-item-large\" itemprop=\"associatedMedia\" itemscope itemtype=\"http:\/\/schema.org\/ImageObject\"> <a href=\"https:\/\/i0.wp.com\/www.robertosedda.it\/wp-content\/uploads\/2014\/05\/Ora-et-Labora.jpg\" border=\"0\" itemprop=\"url\"> <meta itemprop=\"width\" content=\"262\"> <meta itemprop=\"height\" content=\"188\"> <img data-attachment-id=\"7379\" data-orig-file=\"http:\/\/www.robertosedda.it\/wp-content\/uploads\/2014\/05\/Ora-et-Labora.jpg\" data-orig-size=\"1600,1150\" data-comments-opened=\"1\" data-image-meta=\"{&quot;aperture&quot;:&quot;2.9&quot;,&quot;credit&quot;:&quot;&quot;,&quot;camera&quot;:&quot;3M&quot;,&quot;caption&quot;:&quot;&quot;,&quot;created_timestamp&quot;:&quot;1041379200&quot;,&quot;copyright&quot;:&quot;&quot;,&quot;focal_length&quot;:&quot;0&quot;,&quot;iso&quot;:&quot;100&quot;,&quot;shutter_speed&quot;:&quot;0.0032846666872501&quot;,&quot;title&quot;:&quot;Digital Camera&quot;}\" data-image-title=\"Incontro Ora et Natura\" data-image-description=\"\" data-medium-file=\"https:\/\/i0.wp.com\/www.robertosedda.it\/wp-content\/uploads\/2014\/05\/Ora-et-Labora.jpg?fit=300%2C215\" data-large-file=\"https:\/\/i0.wp.com\/www.robertosedda.it\/wp-content\/uploads\/2014\/05\/Ora-et-Labora.jpg?fit=510%2C366\" src=\"https:\/\/i0.wp.com\/www.robertosedda.it\/wp-content\/uploads\/2014\/05\/Ora-et-Labora.jpg?w=262&#038;h=188\" width=\"262\" height=\"188\" data-original-width=\"262\" data-original-height=\"188\" itemprop=\"http:\/\/schema.org\/image\" title=\"Incontro Ora et Natura\" alt=\"Incontro Ora et Natura\" style=\"width: 262px; height: 188px;\" \/> <\/a> <\/div> <div class=\"tiled-gallery-item tiled-gallery-item-large\" itemprop=\"associatedMedia\" itemscope itemtype=\"http:\/\/schema.org\/ImageObject\"> <a href=\"https:\/\/i0.wp.com\/www.robertosedda.it\/wp-content\/uploads\/2014\/05\/A-Parigi-3.jpg\" border=\"0\" itemprop=\"url\"> <meta itemprop=\"width\" content=\"262\"> <meta itemprop=\"height\" content=\"197\"> <img data-attachment-id=\"7319\" data-orig-file=\"http:\/\/www.robertosedda.it\/wp-content\/uploads\/2014\/05\/A-Parigi-3.jpg\" data-orig-size=\"1600,1200\" data-comments-opened=\"1\" data-image-meta=\"{&quot;aperture&quot;:&quot;4.1&quot;,&quot;credit&quot;:&quot;&quot;,&quot;camera&quot;:&quot;F8035&quot;,&quot;caption&quot;:&quot;&quot;,&quot;created_timestamp&quot;:&quot;1255270828&quot;,&quot;copyright&quot;:&quot;&quot;,&quot;focal_length&quot;:&quot;11&quot;,&quot;iso&quot;:&quot;158&quot;,&quot;shutter_speed&quot;:&quot;0.012603&quot;,&quot;title&quot;:&quot;YASHICA Digital Camera&quot;}\" data-image-title=\"A Parigi 3\" data-image-description=\"\" data-medium-file=\"https:\/\/i0.wp.com\/www.robertosedda.it\/wp-content\/uploads\/2014\/05\/A-Parigi-3.jpg?fit=300%2C225\" data-large-file=\"https:\/\/i0.wp.com\/www.robertosedda.it\/wp-content\/uploads\/2014\/05\/A-Parigi-3.jpg?fit=510%2C382\" src=\"https:\/\/i0.wp.com\/www.robertosedda.it\/wp-content\/uploads\/2014\/05\/A-Parigi-3.jpg?w=262&#038;h=197\" width=\"262\" height=\"197\" data-original-width=\"262\" data-original-height=\"197\" itemprop=\"http:\/\/schema.org\/image\" title=\"A Parigi 3\" alt=\"A Parigi 3\" style=\"width: 262px; height: 197px;\" \/> <\/a> <\/div> <\/div> <!-- close group --> <div class=\"gallery-group images-1\" style=\"width: 260px; height: 393px;\" data-original-width=\"260\" data-original-height=\"393\" > <div class=\"tiled-gallery-item tiled-gallery-item-large\" itemprop=\"associatedMedia\" itemscope itemtype=\"http:\/\/schema.org\/ImageObject\"> <a href=\"https:\/\/i0.wp.com\/www.robertosedda.it\/wp-content\/uploads\/2014\/05\/Centro-diocesano.jpg\" border=\"0\" itemprop=\"url\"> <meta itemprop=\"width\" content=\"256\"> <meta itemprop=\"height\" content=\"389\"> <img data-attachment-id=\"7336\" data-orig-file=\"http:\/\/www.robertosedda.it\/wp-content\/uploads\/2014\/05\/Centro-diocesano.jpg\" data-orig-size=\"1168,1776\" data-comments-opened=\"1\" data-image-meta=\"{&quot;aperture&quot;:&quot;0&quot;,&quot;credit&quot;:&quot;&quot;,&quot;camera&quot;:&quot;&quot;,&quot;caption&quot;:&quot;&quot;,&quot;created_timestamp&quot;:&quot;0&quot;,&quot;copyright&quot;:&quot;&quot;,&quot;focal_length&quot;:&quot;0&quot;,&quot;iso&quot;:&quot;0&quot;,&quot;shutter_speed&quot;:&quot;0&quot;,&quot;title&quot;:&quot;&quot;}\" data-image-title=\"Centro diocesano\" data-image-description=\"\" data-medium-file=\"https:\/\/i0.wp.com\/www.robertosedda.it\/wp-content\/uploads\/2014\/05\/Centro-diocesano.jpg?fit=197%2C300\" data-large-file=\"https:\/\/i0.wp.com\/www.robertosedda.it\/wp-content\/uploads\/2014\/05\/Centro-diocesano.jpg?fit=510%2C775\" src=\"https:\/\/i0.wp.com\/www.robertosedda.it\/wp-content\/uploads\/2014\/05\/Centro-diocesano.jpg?w=256&#038;h=389\" width=\"256\" height=\"389\" data-original-width=\"256\" data-original-height=\"389\" itemprop=\"http:\/\/schema.org\/image\" title=\"Centro diocesano\" alt=\"Centro diocesano\" style=\"width: 256px; height: 389px;\" \/> <\/a> <\/div> <\/div> <!-- close group --> <div class=\"gallery-group images-2\" style=\"width: 274px; height: 393px;\" data-original-width=\"274\" data-original-height=\"393\" > <div class=\"tiled-gallery-item tiled-gallery-item-large\" itemprop=\"associatedMedia\" itemscope itemtype=\"http:\/\/schema.org\/ImageObject\"> <a href=\"https:\/\/i0.wp.com\/www.robertosedda.it\/wp-content\/uploads\/2014\/05\/Con-Giulia-al-camino.jpg\" border=\"0\" itemprop=\"url\"> <meta itemprop=\"width\" content=\"270\"> <meta itemprop=\"height\" content=\"203\"> <img data-attachment-id=\"7341\" data-orig-file=\"http:\/\/www.robertosedda.it\/wp-content\/uploads\/2014\/05\/Con-Giulia-al-camino.jpg\" data-orig-size=\"1600,1200\" data-comments-opened=\"1\" data-image-meta=\"{&quot;aperture&quot;:&quot;5.1&quot;,&quot;credit&quot;:&quot;&quot;,&quot;camera&quot;:&quot;F8035&quot;,&quot;caption&quot;:&quot;&quot;,&quot;created_timestamp&quot;:&quot;1230218170&quot;,&quot;copyright&quot;:&quot;&quot;,&quot;focal_length&quot;:&quot;17.1&quot;,&quot;iso&quot;:&quot;320&quot;,&quot;shutter_speed&quot;:&quot;0.007982&quot;,&quot;title&quot;:&quot;YASHICA Digital Camera&quot;}\" data-image-title=\"Giulia e camino\" data-image-description=\"\" data-medium-file=\"https:\/\/i0.wp.com\/www.robertosedda.it\/wp-content\/uploads\/2014\/05\/Con-Giulia-al-camino.jpg?fit=300%2C225\" data-large-file=\"https:\/\/i0.wp.com\/www.robertosedda.it\/wp-content\/uploads\/2014\/05\/Con-Giulia-al-camino.jpg?fit=510%2C382\" src=\"https:\/\/i0.wp.com\/www.robertosedda.it\/wp-content\/uploads\/2014\/05\/Con-Giulia-al-camino.jpg?w=270&#038;h=203\" width=\"270\" height=\"203\" data-original-width=\"270\" data-original-height=\"203\" itemprop=\"http:\/\/schema.org\/image\" title=\"Giulia e camino\" alt=\"Giulia e camino\" style=\"width: 270px; height: 203px;\" \/> <\/a> <\/div> <div class=\"tiled-gallery-item tiled-gallery-item-large\" itemprop=\"associatedMedia\" itemscope itemtype=\"http:\/\/schema.org\/ImageObject\"> <a href=\"https:\/\/i0.wp.com\/www.robertosedda.it\/wp-content\/uploads\/2014\/05\/Campo-scuola-nazionale-AC.jpg\" border=\"0\" itemprop=\"url\"> <meta itemprop=\"width\" content=\"270\"> <meta itemprop=\"height\" content=\"182\"> <img data-attachment-id=\"7333\" data-orig-file=\"http:\/\/www.robertosedda.it\/wp-content\/uploads\/2014\/05\/Campo-scuola-nazionale-AC.jpg\" data-orig-size=\"1752,1181\" data-comments-opened=\"1\" data-image-meta=\"{&quot;aperture&quot;:&quot;0&quot;,&quot;credit&quot;:&quot;&quot;,&quot;camera&quot;:&quot;&quot;,&quot;caption&quot;:&quot;&quot;,&quot;created_timestamp&quot;:&quot;0&quot;,&quot;copyright&quot;:&quot;&quot;,&quot;focal_length&quot;:&quot;0&quot;,&quot;iso&quot;:&quot;0&quot;,&quot;shutter_speed&quot;:&quot;0&quot;,&quot;title&quot;:&quot;&quot;}\" data-image-title=\"Campo scuola nazionale AC\" data-image-description=\"\" data-medium-file=\"https:\/\/i0.wp.com\/www.robertosedda.it\/wp-content\/uploads\/2014\/05\/Campo-scuola-nazionale-AC.jpg?fit=300%2C202\" data-large-file=\"https:\/\/i0.wp.com\/www.robertosedda.it\/wp-content\/uploads\/2014\/05\/Campo-scuola-nazionale-AC.jpg?fit=510%2C343\" src=\"https:\/\/i0.wp.com\/www.robertosedda.it\/wp-content\/uploads\/2014\/05\/Campo-scuola-nazionale-AC.jpg?w=270&#038;h=182\" width=\"270\" height=\"182\" data-original-width=\"270\" data-original-height=\"182\" itemprop=\"http:\/\/schema.org\/image\" title=\"Campo scuola nazionale AC\" alt=\"Campo scuola nazionale AC\" style=\"width: 270px; height: 182px;\" \/> <\/a> <\/div> <\/div> <!-- close group --> <\/div> <!-- close row --> <div class=\"gallery-row\" style=\"width: 800px; height: 420px;\" data-original-width=\"800\" data-original-height=\"420\" > <div class=\"gallery-group images-1\" style=\"width: 558px; height: 420px;\" data-original-width=\"558\" data-original-height=\"420\" > <div class=\"tiled-gallery-item tiled-gallery-item-large\" itemprop=\"associatedMedia\" itemscope itemtype=\"http:\/\/schema.org\/ImageObject\"> <a href=\"https:\/\/i0.wp.com\/www.robertosedda.it\/wp-content\/uploads\/2014\/05\/Con-nipoti.jpg\" border=\"0\" itemprop=\"url\"> <meta itemprop=\"width\" content=\"554\"> <meta itemprop=\"height\" content=\"416\"> <img data-attachment-id=\"7345\" data-orig-file=\"http:\/\/www.robertosedda.it\/wp-content\/uploads\/2014\/05\/Con-nipoti.jpg\" data-orig-size=\"1600,1200\" data-comments-opened=\"1\" data-image-meta=\"{&quot;aperture&quot;:&quot;3.5&quot;,&quot;credit&quot;:&quot;&quot;,&quot;camera&quot;:&quot;E3700&quot;,&quot;caption&quot;:&quot;&quot;,&quot;created_timestamp&quot;:&quot;1241971801&quot;,&quot;copyright&quot;:&quot;&quot;,&quot;focal_length&quot;:&quot;9.9&quot;,&quot;iso&quot;:&quot;118&quot;,&quot;shutter_speed&quot;:&quot;0.016638935108153&quot;,&quot;title&quot;:&quot;&quot;}\" data-image-title=\"Con nipoti\" data-image-description=\"\" data-medium-file=\"https:\/\/i0.wp.com\/www.robertosedda.it\/wp-content\/uploads\/2014\/05\/Con-nipoti.jpg?fit=300%2C225\" data-large-file=\"https:\/\/i0.wp.com\/www.robertosedda.it\/wp-content\/uploads\/2014\/05\/Con-nipoti.jpg?fit=510%2C382\" src=\"https:\/\/i0.wp.com\/www.robertosedda.it\/wp-content\/uploads\/2014\/05\/Con-nipoti.jpg?w=554&#038;h=416\" width=\"554\" height=\"416\" data-original-width=\"554\" data-original-height=\"416\" itemprop=\"http:\/\/schema.org\/image\" title=\"Con nipoti\" alt=\"Con nipoti\" style=\"width: 554px; height: 416px;\" \/> <\/a> <\/div> <\/div> <!-- close group --> <div class=\"gallery-group images-2\" style=\"width: 242px; height: 420px;\" data-original-width=\"242\" data-original-height=\"420\" > <div class=\"tiled-gallery-item tiled-gallery-item-small\" itemprop=\"associatedMedia\" itemscope itemtype=\"http:\/\/schema.org\/ImageObject\"> <a href=\"https:\/\/i0.wp.com\/www.robertosedda.it\/wp-content\/uploads\/2014\/05\/Giovanissimi-Bonaria.jpg\" border=\"0\" itemprop=\"url\"> <meta itemprop=\"width\" content=\"238\"> <meta itemprop=\"height\" content=\"242\"> <img data-attachment-id=\"7357\" data-orig-file=\"http:\/\/www.robertosedda.it\/wp-content\/uploads\/2014\/05\/Giovanissimi-Bonaria.jpg\" data-orig-size=\"594,604\" data-comments-opened=\"1\" data-image-meta=\"{&quot;aperture&quot;:&quot;0&quot;,&quot;credit&quot;:&quot;&quot;,&quot;camera&quot;:&quot;&quot;,&quot;caption&quot;:&quot;&quot;,&quot;created_timestamp&quot;:&quot;0&quot;,&quot;copyright&quot;:&quot;&quot;,&quot;focal_length&quot;:&quot;0&quot;,&quot;iso&quot;:&quot;0&quot;,&quot;shutter_speed&quot;:&quot;0&quot;,&quot;title&quot;:&quot;&quot;}\" data-image-title=\"Giovanissimi Bonaria\" data-image-description=\"\" data-medium-file=\"https:\/\/i0.wp.com\/www.robertosedda.it\/wp-content\/uploads\/2014\/05\/Giovanissimi-Bonaria.jpg?fit=295%2C300\" data-large-file=\"https:\/\/i0.wp.com\/www.robertosedda.it\/wp-content\/uploads\/2014\/05\/Giovanissimi-Bonaria.jpg?fit=510%2C518\" src=\"https:\/\/i0.wp.com\/www.robertosedda.it\/wp-content\/uploads\/2014\/05\/Giovanissimi-Bonaria.jpg?w=238&#038;h=242\" width=\"238\" height=\"242\" data-original-width=\"238\" data-original-height=\"242\" itemprop=\"http:\/\/schema.org\/image\" title=\"Giovanissimi Bonaria\" alt=\"Giovanissimi Bonaria\" style=\"width: 238px; height: 242px;\" \/> <\/a> <\/div> <div class=\"tiled-gallery-item tiled-gallery-item-small\" itemprop=\"associatedMedia\" itemscope itemtype=\"http:\/\/schema.org\/ImageObject\"> <a href=\"https:\/\/i0.wp.com\/www.robertosedda.it\/wp-content\/uploads\/2014\/05\/Terrazzo.jpg\" border=\"0\" itemprop=\"url\"> <meta itemprop=\"width\" content=\"238\"> <meta itemprop=\"height\" content=\"170\"> <img data-attachment-id=\"7398\" data-orig-file=\"http:\/\/www.robertosedda.it\/wp-content\/uploads\/2014\/05\/Terrazzo.jpg\" data-orig-size=\"2064,1475\" data-comments-opened=\"1\" data-image-meta=\"{&quot;aperture&quot;:&quot;0&quot;,&quot;credit&quot;:&quot;&quot;,&quot;camera&quot;:&quot;&quot;,&quot;caption&quot;:&quot;&quot;,&quot;created_timestamp&quot;:&quot;0&quot;,&quot;copyright&quot;:&quot;&quot;,&quot;focal_length&quot;:&quot;0&quot;,&quot;iso&quot;:&quot;0&quot;,&quot;shutter_speed&quot;:&quot;0&quot;,&quot;title&quot;:&quot;&quot;}\" data-image-title=\"Terrazzo\" data-image-description=\"\" data-medium-file=\"https:\/\/i0.wp.com\/www.robertosedda.it\/wp-content\/uploads\/2014\/05\/Terrazzo.jpg?fit=300%2C214\" data-large-file=\"https:\/\/i0.wp.com\/www.robertosedda.it\/wp-content\/uploads\/2014\/05\/Terrazzo.jpg?fit=510%2C364\" src=\"https:\/\/i0.wp.com\/www.robertosedda.it\/wp-content\/uploads\/2014\/05\/Terrazzo.jpg?w=238&#038;h=170\" width=\"238\" height=\"170\" data-original-width=\"238\" data-original-height=\"170\" itemprop=\"http:\/\/schema.org\/image\" title=\"Terrazzo\" alt=\"Terrazzo\" style=\"width: 238px; height: 170px;\" \/> <\/a> <\/div> <\/div> <!-- close group --> <\/div> <!-- close row --> <div class=\"gallery-row\" style=\"width: 800px; height: 377px;\" data-original-width=\"800\" data-original-height=\"377\" > <div class=\"gallery-group images-1\" style=\"width: 543px; height: 377px;\" data-original-width=\"543\" data-original-height=\"377\" > <div class=\"tiled-gallery-item tiled-gallery-item-large\" itemprop=\"associatedMedia\" itemscope itemtype=\"http:\/\/schema.org\/ImageObject\"> <a href=\"https:\/\/i0.wp.com\/www.robertosedda.it\/wp-content\/uploads\/2014\/05\/Matrimonio-2.jpeg\" border=\"0\" itemprop=\"url\"> <meta itemprop=\"width\" content=\"539\"> <meta itemprop=\"height\" content=\"373\"> <img data-attachment-id=\"7375\" data-orig-file=\"http:\/\/www.robertosedda.it\/wp-content\/uploads\/2014\/05\/Matrimonio-2.jpeg\" data-orig-size=\"1600,1108\" data-comments-opened=\"1\" data-image-meta=\"{&quot;aperture&quot;:&quot;0&quot;,&quot;credit&quot;:&quot;&quot;,&quot;camera&quot;:&quot;&quot;,&quot;caption&quot;:&quot;&quot;,&quot;created_timestamp&quot;:&quot;0&quot;,&quot;copyright&quot;:&quot;&quot;,&quot;focal_length&quot;:&quot;0&quot;,&quot;iso&quot;:&quot;0&quot;,&quot;shutter_speed&quot;:&quot;0&quot;,&quot;title&quot;:&quot;&quot;}\" data-image-title=\"Matrimonio 2\" data-image-description=\"\" data-medium-file=\"https:\/\/i0.wp.com\/www.robertosedda.it\/wp-content\/uploads\/2014\/05\/Matrimonio-2.jpeg?fit=300%2C207\" data-large-file=\"https:\/\/i0.wp.com\/www.robertosedda.it\/wp-content\/uploads\/2014\/05\/Matrimonio-2.jpeg?fit=510%2C353\" src=\"https:\/\/i0.wp.com\/www.robertosedda.it\/wp-content\/uploads\/2014\/05\/Matrimonio-2.jpeg?w=539&#038;h=373\" width=\"539\" height=\"373\" data-original-width=\"539\" data-original-height=\"373\" itemprop=\"http:\/\/schema.org\/image\" title=\"Matrimonio 2\" alt=\"Matrimonio 2\" style=\"width: 539px; height: 373px;\" \/> <\/a> <\/div> <\/div> <!-- close group --> <div class=\"gallery-group images-1\" style=\"width: 257px; height: 377px;\" data-original-width=\"257\" data-original-height=\"377\" > <div class=\"tiled-gallery-item tiled-gallery-item-large\" itemprop=\"associatedMedia\" itemscope itemtype=\"http:\/\/schema.org\/ImageObject\"> <a href=\"https:\/\/i0.wp.com\/www.robertosedda.it\/wp-content\/uploads\/2014\/05\/Assisi-con-gli-scout.jpg\" border=\"0\" itemprop=\"url\"> <meta itemprop=\"width\" content=\"253\"> <meta itemprop=\"height\" content=\"373\"> <img data-attachment-id=\"7321\" data-orig-file=\"http:\/\/www.robertosedda.it\/wp-content\/uploads\/2014\/05\/Assisi-con-gli-scout.jpg\" data-orig-size=\"1176,1731\" data-comments-opened=\"1\" data-image-meta=\"{&quot;aperture&quot;:&quot;0&quot;,&quot;credit&quot;:&quot;&quot;,&quot;camera&quot;:&quot;&quot;,&quot;caption&quot;:&quot;&quot;,&quot;created_timestamp&quot;:&quot;0&quot;,&quot;copyright&quot;:&quot;&quot;,&quot;focal_length&quot;:&quot;0&quot;,&quot;iso&quot;:&quot;0&quot;,&quot;shutter_speed&quot;:&quot;0&quot;,&quot;title&quot;:&quot;&quot;}\" data-image-title=\"Assisi con gli scout\" data-image-description=\"\" data-medium-file=\"https:\/\/i0.wp.com\/www.robertosedda.it\/wp-content\/uploads\/2014\/05\/Assisi-con-gli-scout.jpg?fit=203%2C300\" data-large-file=\"https:\/\/i0.wp.com\/www.robertosedda.it\/wp-content\/uploads\/2014\/05\/Assisi-con-gli-scout.jpg?fit=510%2C750\" src=\"https:\/\/i0.wp.com\/www.robertosedda.it\/wp-content\/uploads\/2014\/05\/Assisi-con-gli-scout.jpg?w=253&#038;h=373\" width=\"253\" height=\"373\" data-original-width=\"253\" data-original-height=\"373\" itemprop=\"http:\/\/schema.org\/image\" title=\"Assisi con gli scout\" alt=\"Assisi con gli scout\" style=\"width: 253px; height: 373px;\" \/> <\/a> <\/div> <\/div> <!-- close group --> <\/div> <!-- close row --> <div class=\"gallery-row\" style=\"width: 800px; height: 368px;\" data-original-width=\"800\" data-original-height=\"368\" > <div class=\"gallery-group images-1\" style=\"width: 245px; height: 368px;\" data-original-width=\"245\" data-original-height=\"368\" > <div class=\"tiled-gallery-item tiled-gallery-item-small\" itemprop=\"associatedMedia\" itemscope itemtype=\"http:\/\/schema.org\/ImageObject\"> <a href=\"https:\/\/i0.wp.com\/www.robertosedda.it\/wp-content\/uploads\/2014\/05\/Rufus.jpg\" border=\"0\" itemprop=\"url\"> <meta itemprop=\"width\" content=\"241\"> <meta itemprop=\"height\" content=\"364\"> <img data-attachment-id=\"7390\" data-orig-file=\"http:\/\/www.robertosedda.it\/wp-content\/uploads\/2014\/05\/Rufus.jpg\" data-orig-size=\"1160,1754\" data-comments-opened=\"1\" data-image-meta=\"{&quot;aperture&quot;:&quot;0&quot;,&quot;credit&quot;:&quot;&quot;,&quot;camera&quot;:&quot;&quot;,&quot;caption&quot;:&quot;&quot;,&quot;created_timestamp&quot;:&quot;0&quot;,&quot;copyright&quot;:&quot;&quot;,&quot;focal_length&quot;:&quot;0&quot;,&quot;iso&quot;:&quot;0&quot;,&quot;shutter_speed&quot;:&quot;0&quot;,&quot;title&quot;:&quot;&quot;}\" data-image-title=\"Rufus\" data-image-description=\"\" data-medium-file=\"https:\/\/i0.wp.com\/www.robertosedda.it\/wp-content\/uploads\/2014\/05\/Rufus.jpg?fit=198%2C300\" data-large-file=\"https:\/\/i0.wp.com\/www.robertosedda.it\/wp-content\/uploads\/2014\/05\/Rufus.jpg?fit=510%2C771\" src=\"https:\/\/i0.wp.com\/www.robertosedda.it\/wp-content\/uploads\/2014\/05\/Rufus.jpg?w=241&#038;h=364\" width=\"241\" height=\"364\" data-original-width=\"241\" data-original-height=\"364\" itemprop=\"http:\/\/schema.org\/image\" title=\"Rufus\" alt=\"Rufus\" style=\"width: 241px; height: 364px;\" \/> <\/a> <\/div> <\/div> <!-- close group --> <div class=\"gallery-group images-1\" style=\"width: 555px; height: 368px;\" data-original-width=\"555\" data-original-height=\"368\" > <div class=\"tiled-gallery-item tiled-gallery-item-large\" itemprop=\"associatedMedia\" itemscope itemtype=\"http:\/\/schema.org\/ImageObject\"> <a href=\"https:\/\/i0.wp.com\/www.robertosedda.it\/wp-content\/uploads\/2014\/05\/Simone-Masala.jpg\" border=\"0\" itemprop=\"url\"> <meta itemprop=\"width\" content=\"551\"> <meta itemprop=\"height\" content=\"364\"> <img data-attachment-id=\"7397\" data-orig-file=\"http:\/\/www.robertosedda.it\/wp-content\/uploads\/2014\/05\/Simone-Masala.jpg\" data-orig-size=\"720,476\" data-comments-opened=\"1\" data-image-meta=\"{&quot;aperture&quot;:&quot;0&quot;,&quot;credit&quot;:&quot;&quot;,&quot;camera&quot;:&quot;&quot;,&quot;caption&quot;:&quot;&quot;,&quot;created_timestamp&quot;:&quot;0&quot;,&quot;copyright&quot;:&quot;&quot;,&quot;focal_length&quot;:&quot;0&quot;,&quot;iso&quot;:&quot;0&quot;,&quot;shutter_speed&quot;:&quot;0&quot;,&quot;title&quot;:&quot;&quot;}\" data-image-title=\"Simone Masala\" data-image-description=\"\" data-medium-file=\"https:\/\/i0.wp.com\/www.robertosedda.it\/wp-content\/uploads\/2014\/05\/Simone-Masala.jpg?fit=300%2C198\" data-large-file=\"https:\/\/i0.wp.com\/www.robertosedda.it\/wp-content\/uploads\/2014\/05\/Simone-Masala.jpg?fit=510%2C337\" src=\"https:\/\/i0.wp.com\/www.robertosedda.it\/wp-content\/uploads\/2014\/05\/Simone-Masala.jpg?w=551&#038;h=364\" width=\"551\" height=\"364\" data-original-width=\"551\" data-original-height=\"364\" itemprop=\"http:\/\/schema.org\/image\" title=\"Simone Masala\" alt=\"Simone Masala\" style=\"width: 551px; height: 364px;\" \/> <\/a> <\/div> <\/div> <!-- close group --> <\/div> <!-- close row --> <div class=\"gallery-row\" style=\"width: 800px; height: 701px;\" data-original-width=\"800\" data-original-height=\"701\" > <div class=\"gallery-group images-1\" style=\"width: 460px; height: 701px;\" data-original-width=\"460\" data-original-height=\"701\" > <div class=\"tiled-gallery-item tiled-gallery-item-large\" itemprop=\"associatedMedia\" itemscope itemtype=\"http:\/\/schema.org\/ImageObject\"> <a href=\"https:\/\/i0.wp.com\/www.robertosedda.it\/wp-content\/uploads\/2014\/05\/Ritorno-Gradara-2.jpg\" border=\"0\" itemprop=\"url\"> <meta itemprop=\"width\" content=\"456\"> <meta itemprop=\"height\" content=\"697\"> <img data-attachment-id=\"7389\" data-orig-file=\"http:\/\/www.robertosedda.it\/wp-content\/uploads\/2014\/05\/Ritorno-Gradara-2.jpg\" data-orig-size=\"1168,1783\" data-comments-opened=\"1\" data-image-meta=\"{&quot;aperture&quot;:&quot;0&quot;,&quot;credit&quot;:&quot;&quot;,&quot;camera&quot;:&quot;&quot;,&quot;caption&quot;:&quot;&quot;,&quot;created_timestamp&quot;:&quot;0&quot;,&quot;copyright&quot;:&quot;&quot;,&quot;focal_length&quot;:&quot;0&quot;,&quot;iso&quot;:&quot;0&quot;,&quot;shutter_speed&quot;:&quot;0&quot;,&quot;title&quot;:&quot;&quot;}\" data-image-title=\"Ritorno Gradara 2\" data-image-description=\"\" data-medium-file=\"https:\/\/i0.wp.com\/www.robertosedda.it\/wp-content\/uploads\/2014\/05\/Ritorno-Gradara-2.jpg?fit=196%2C300\" data-large-file=\"https:\/\/i0.wp.com\/www.robertosedda.it\/wp-content\/uploads\/2014\/05\/Ritorno-Gradara-2.jpg?fit=510%2C778\" src=\"https:\/\/i0.wp.com\/www.robertosedda.it\/wp-content\/uploads\/2014\/05\/Ritorno-Gradara-2.jpg?w=456&#038;h=697\" width=\"456\" height=\"697\" data-original-width=\"456\" data-original-height=\"697\" itemprop=\"http:\/\/schema.org\/image\" title=\"Ritorno Gradara 2\" alt=\"Ritorno Gradara 2\" style=\"width: 456px; height: 697px;\" \/> <\/a> <\/div> <\/div> <!-- close group --> <div class=\"gallery-group images-3\" style=\"width: 340px; height: 701px;\" data-original-width=\"340\" data-original-height=\"701\" > <div class=\"tiled-gallery-item tiled-gallery-item-large\" itemprop=\"associatedMedia\" itemscope itemtype=\"http:\/\/schema.org\/ImageObject\"> <a href=\"https:\/\/i0.wp.com\/www.robertosedda.it\/wp-content\/uploads\/2014\/05\/Con-Laura-Todde.jpg\" border=\"0\" itemprop=\"url\"> <meta itemprop=\"width\" content=\"336\"> <meta itemprop=\"height\" content=\"225\"> <img data-attachment-id=\"7344\" data-orig-file=\"http:\/\/www.robertosedda.it\/wp-content\/uploads\/2014\/05\/Con-Laura-Todde.jpg\" data-orig-size=\"1776,1189\" data-comments-opened=\"1\" data-image-meta=\"{&quot;aperture&quot;:&quot;0&quot;,&quot;credit&quot;:&quot;&quot;,&quot;camera&quot;:&quot;&quot;,&quot;caption&quot;:&quot;&quot;,&quot;created_timestamp&quot;:&quot;0&quot;,&quot;copyright&quot;:&quot;&quot;,&quot;focal_length&quot;:&quot;0&quot;,&quot;iso&quot;:&quot;0&quot;,&quot;shutter_speed&quot;:&quot;0&quot;,&quot;title&quot;:&quot;&quot;}\" data-image-title=\"Con Laura Todde\" data-image-description=\"\" data-medium-file=\"https:\/\/i0.wp.com\/www.robertosedda.it\/wp-content\/uploads\/2014\/05\/Con-Laura-Todde.jpg?fit=300%2C200\" data-large-file=\"https:\/\/i0.wp.com\/www.robertosedda.it\/wp-content\/uploads\/2014\/05\/Con-Laura-Todde.jpg?fit=510%2C341\" src=\"https:\/\/i0.wp.com\/www.robertosedda.it\/wp-content\/uploads\/2014\/05\/Con-Laura-Todde.jpg?w=336&#038;h=225\" width=\"336\" height=\"225\" data-original-width=\"336\" data-original-height=\"225\" itemprop=\"http:\/\/schema.org\/image\" title=\"Con Laura Todde\" alt=\"Con Laura Todde\" style=\"width: 336px; height: 225px;\" \/> <\/a> <\/div> <div class=\"tiled-gallery-item tiled-gallery-item-large\" itemprop=\"associatedMedia\" itemscope itemtype=\"http:\/\/schema.org\/ImageObject\"> <a href=\"https:\/\/i0.wp.com\/www.robertosedda.it\/wp-content\/uploads\/2014\/05\/Coppia-castellana.jpg\" border=\"0\" itemprop=\"url\"> <meta itemprop=\"width\" content=\"336\"> <meta itemprop=\"height\" content=\"252\"> <img data-attachment-id=\"7346\" data-orig-file=\"http:\/\/www.robertosedda.it\/wp-content\/uploads\/2014\/05\/Coppia-castellana.jpg\" data-orig-size=\"1600,1200\" data-comments-opened=\"1\" data-image-meta=\"{&quot;aperture&quot;:&quot;6.9&quot;,&quot;credit&quot;:&quot;&quot;,&quot;camera&quot;:&quot;L-300&quot;,&quot;caption&quot;:&quot;&quot;,&quot;created_timestamp&quot;:&quot;1094898252&quot;,&quot;copyright&quot;:&quot;&quot;,&quot;focal_length&quot;:&quot;12.39&quot;,&quot;iso&quot;:&quot;100&quot;,&quot;shutter_speed&quot;:&quot;0.0024&quot;,&quot;title&quot;:&quot;EPSON DSC picture&quot;}\" data-image-title=\"Mura di Gradara\" data-image-description=\"\" data-medium-file=\"https:\/\/i0.wp.com\/www.robertosedda.it\/wp-content\/uploads\/2014\/05\/Coppia-castellana.jpg?fit=300%2C225\" data-large-file=\"https:\/\/i0.wp.com\/www.robertosedda.it\/wp-content\/uploads\/2014\/05\/Coppia-castellana.jpg?fit=510%2C382\" src=\"https:\/\/i0.wp.com\/www.robertosedda.it\/wp-content\/uploads\/2014\/05\/Coppia-castellana.jpg?w=336&#038;h=252\" width=\"336\" height=\"252\" data-original-width=\"336\" data-original-height=\"252\" itemprop=\"http:\/\/schema.org\/image\" title=\"Mura di Gradara\" alt=\"Mura di Gradara\" style=\"width: 336px; height: 252px;\" \/> <\/a> <\/div> <div class=\"tiled-gallery-item tiled-gallery-item-large\" itemprop=\"associatedMedia\" itemscope itemtype=\"http:\/\/schema.org\/ImageObject\"> <a href=\"https:\/\/i0.wp.com\/www.robertosedda.it\/wp-content\/uploads\/2014\/05\/Raduno-Delitala.jpg\" border=\"0\" itemprop=\"url\"> <meta itemprop=\"width\" content=\"336\"> <meta itemprop=\"height\" content=\"212\"> <img data-attachment-id=\"7387\" data-orig-file=\"http:\/\/www.robertosedda.it\/wp-content\/uploads\/2014\/05\/Raduno-Delitala.jpg\" data-orig-size=\"1392,880\" data-comments-opened=\"1\" data-image-meta=\"{&quot;aperture&quot;:&quot;0&quot;,&quot;credit&quot;:&quot;&quot;,&quot;camera&quot;:&quot;&quot;,&quot;caption&quot;:&quot;&quot;,&quot;created_timestamp&quot;:&quot;0&quot;,&quot;copyright&quot;:&quot;&quot;,&quot;focal_length&quot;:&quot;0&quot;,&quot;iso&quot;:&quot;0&quot;,&quot;shutter_speed&quot;:&quot;0&quot;,&quot;title&quot;:&quot;&quot;}\" data-image-title=\"Raduno Delitala\" data-image-description=\"\" data-medium-file=\"https:\/\/i0.wp.com\/www.robertosedda.it\/wp-content\/uploads\/2014\/05\/Raduno-Delitala.jpg?fit=300%2C189\" data-large-file=\"https:\/\/i0.wp.com\/www.robertosedda.it\/wp-content\/uploads\/2014\/05\/Raduno-Delitala.jpg?fit=510%2C322\" src=\"https:\/\/i0.wp.com\/www.robertosedda.it\/wp-content\/uploads\/2014\/05\/Raduno-Delitala.jpg?w=336&#038;h=212\" width=\"336\" height=\"212\" data-original-width=\"336\" data-original-height=\"212\" itemprop=\"http:\/\/schema.org\/image\" title=\"Raduno Delitala\" alt=\"Raduno Delitala\" style=\"width: 336px; height: 212px;\" \/> <\/a> <\/div> <\/div> <!-- close group --> <\/div> <!-- close row --> <div class=\"gallery-row\" style=\"width: 800px; height: 386px;\" data-original-width=\"800\" data-original-height=\"386\" > <div class=\"gallery-group images-1\" style=\"width: 513px; height: 386px;\" data-original-width=\"513\" data-original-height=\"386\" > <div class=\"tiled-gallery-item tiled-gallery-item-large\" itemprop=\"associatedMedia\" itemscope itemtype=\"http:\/\/schema.org\/ImageObject\"> <a href=\"https:\/\/i0.wp.com\/www.robertosedda.it\/wp-content\/uploads\/2014\/05\/Foto-di-gruppo-La-Pira-Pasquetta-2014.jpg\" border=\"0\" itemprop=\"url\"> <meta itemprop=\"width\" content=\"509\"> <meta itemprop=\"height\" content=\"382\"> <img data-attachment-id=\"7354\" data-orig-file=\"http:\/\/www.robertosedda.it\/wp-content\/uploads\/2014\/05\/Foto-di-gruppo-La-Pira-Pasquetta-2014.jpg\" data-orig-size=\"1600,1200\" data-comments-opened=\"1\" data-image-meta=\"{&quot;aperture&quot;:&quot;5.5&quot;,&quot;credit&quot;:&quot;&quot;,&quot;camera&quot;:&quot;F8035&quot;,&quot;caption&quot;:&quot;&quot;,&quot;created_timestamp&quot;:&quot;1398099960&quot;,&quot;copyright&quot;:&quot;&quot;,&quot;focal_length&quot;:&quot;5.7&quot;,&quot;iso&quot;:&quot;80&quot;,&quot;shutter_speed&quot;:&quot;0.002671&quot;,&quot;title&quot;:&quot;YASHICA Digital Camera&quot;}\" data-image-title=\"Pasquetta La Pira 2014\" data-image-description=\"\" data-medium-file=\"https:\/\/i0.wp.com\/www.robertosedda.it\/wp-content\/uploads\/2014\/05\/Foto-di-gruppo-La-Pira-Pasquetta-2014.jpg?fit=300%2C225\" data-large-file=\"https:\/\/i0.wp.com\/www.robertosedda.it\/wp-content\/uploads\/2014\/05\/Foto-di-gruppo-La-Pira-Pasquetta-2014.jpg?fit=510%2C382\" src=\"https:\/\/i0.wp.com\/www.robertosedda.it\/wp-content\/uploads\/2014\/05\/Foto-di-gruppo-La-Pira-Pasquetta-2014.jpg?w=509&#038;h=382\" width=\"509\" height=\"382\" data-original-width=\"509\" data-original-height=\"382\" itemprop=\"http:\/\/schema.org\/image\" title=\"Pasquetta La Pira 2014\" alt=\"Pasquetta La Pira 2014\" style=\"width: 509px; height: 382px;\" \/> <\/a> <\/div> <\/div> <!-- close group --> <div class=\"gallery-group images-2\" style=\"width: 287px; height: 386px;\" data-original-width=\"287\" data-original-height=\"386\" > <div class=\"tiled-gallery-item tiled-gallery-item-large\" itemprop=\"associatedMedia\" itemscope itemtype=\"http:\/\/schema.org\/ImageObject\"> <a href=\"https:\/\/i0.wp.com\/www.robertosedda.it\/wp-content\/uploads\/2014\/05\/Col-cane-Cico.jpg\" border=\"0\" itemprop=\"url\"> <meta itemprop=\"width\" content=\"283\"> <meta itemprop=\"height\" content=\"189\"> <img data-attachment-id=\"7337\" data-orig-file=\"http:\/\/www.robertosedda.it\/wp-content\/uploads\/2014\/05\/Col-cane-Cico.jpg\" data-orig-size=\"623,417\" data-comments-opened=\"1\" data-image-meta=\"{&quot;aperture&quot;:&quot;0&quot;,&quot;credit&quot;:&quot;&quot;,&quot;camera&quot;:&quot;&quot;,&quot;caption&quot;:&quot;&quot;,&quot;created_timestamp&quot;:&quot;0&quot;,&quot;copyright&quot;:&quot;&quot;,&quot;focal_length&quot;:&quot;0&quot;,&quot;iso&quot;:&quot;0&quot;,&quot;shutter_speed&quot;:&quot;0&quot;,&quot;title&quot;:&quot;&quot;}\" data-image-title=\"Col cane Cico\" data-image-description=\"\" data-medium-file=\"https:\/\/i0.wp.com\/www.robertosedda.it\/wp-content\/uploads\/2014\/05\/Col-cane-Cico.jpg?fit=300%2C200\" data-large-file=\"https:\/\/i0.wp.com\/www.robertosedda.it\/wp-content\/uploads\/2014\/05\/Col-cane-Cico.jpg?fit=510%2C341\" src=\"https:\/\/i0.wp.com\/www.robertosedda.it\/wp-content\/uploads\/2014\/05\/Col-cane-Cico.jpg?w=283&#038;h=189\" width=\"283\" height=\"189\" data-original-width=\"283\" data-original-height=\"189\" itemprop=\"http:\/\/schema.org\/image\" title=\"Col cane Cico\" alt=\"Col cane Cico\" style=\"width: 283px; height: 189px;\" \/> <\/a> <\/div> <div class=\"tiled-gallery-item tiled-gallery-item-large\" itemprop=\"associatedMedia\" itemscope itemtype=\"http:\/\/schema.org\/ImageObject\"> <a href=\"https:\/\/i0.wp.com\/www.robertosedda.it\/wp-content\/uploads\/2014\/05\/Giardino-Orani.jpg\" border=\"0\" itemprop=\"url\"> <meta itemprop=\"width\" content=\"283\"> <meta itemprop=\"height\" content=\"189\"> <img data-attachment-id=\"7355\" data-orig-file=\"http:\/\/www.robertosedda.it\/wp-content\/uploads\/2014\/05\/Giardino-Orani.jpg\" data-orig-size=\"1784,1192\" data-comments-opened=\"1\" data-image-meta=\"{&quot;aperture&quot;:&quot;0&quot;,&quot;credit&quot;:&quot;&quot;,&quot;camera&quot;:&quot;&quot;,&quot;caption&quot;:&quot;&quot;,&quot;created_timestamp&quot;:&quot;0&quot;,&quot;copyright&quot;:&quot;&quot;,&quot;focal_length&quot;:&quot;0&quot;,&quot;iso&quot;:&quot;0&quot;,&quot;shutter_speed&quot;:&quot;0&quot;,&quot;title&quot;:&quot;&quot;}\" data-image-title=\"Giardino Orani\" data-image-description=\"\" data-medium-file=\"https:\/\/i0.wp.com\/www.robertosedda.it\/wp-content\/uploads\/2014\/05\/Giardino-Orani.jpg?fit=300%2C200\" data-large-file=\"https:\/\/i0.wp.com\/www.robertosedda.it\/wp-content\/uploads\/2014\/05\/Giardino-Orani.jpg?fit=510%2C340\" src=\"https:\/\/i0.wp.com\/www.robertosedda.it\/wp-content\/uploads\/2014\/05\/Giardino-Orani.jpg?w=283&#038;h=189\" width=\"283\" height=\"189\" data-original-width=\"283\" data-original-height=\"189\" itemprop=\"http:\/\/schema.org\/image\" title=\"Giardino Orani\" alt=\"Giardino Orani\" style=\"width: 283px; height: 189px;\" \/> <\/a> <\/div> <\/div> <!-- close group --> <\/div> <!-- close row --> <div class=\"gallery-row\" style=\"width: 800px; height: 193px;\" data-original-width=\"800\" data-original-height=\"193\" > <div class=\"gallery-group images-1\" style=\"width: 256px; height: 193px;\" data-original-width=\"256\" data-original-height=\"193\" > <div class=\"tiled-gallery-item tiled-gallery-item-large\" itemprop=\"associatedMedia\" itemscope itemtype=\"http:\/\/schema.org\/ImageObject\"> <a href=\"https:\/\/i0.wp.com\/www.robertosedda.it\/wp-content\/uploads\/2014\/05\/Incontro-Papa.jpg\" border=\"0\" itemprop=\"url\"> <meta itemprop=\"width\" content=\"252\"> <meta itemprop=\"height\" content=\"189\"> <img data-attachment-id=\"7361\" data-orig-file=\"http:\/\/www.robertosedda.it\/wp-content\/uploads\/2014\/05\/Incontro-Papa.jpg\" data-orig-size=\"960,720\" data-comments-opened=\"1\" data-image-meta=\"{&quot;aperture&quot;:&quot;0&quot;,&quot;credit&quot;:&quot;&quot;,&quot;camera&quot;:&quot;&quot;,&quot;caption&quot;:&quot;&quot;,&quot;created_timestamp&quot;:&quot;0&quot;,&quot;copyright&quot;:&quot;&quot;,&quot;focal_length&quot;:&quot;0&quot;,&quot;iso&quot;:&quot;0&quot;,&quot;shutter_speed&quot;:&quot;0&quot;,&quot;title&quot;:&quot;&quot;}\" data-image-title=\"Incontro Papa\" data-image-description=\"\" data-medium-file=\"https:\/\/i0.wp.com\/www.robertosedda.it\/wp-content\/uploads\/2014\/05\/Incontro-Papa.jpg?fit=300%2C225\" data-large-file=\"https:\/\/i0.wp.com\/www.robertosedda.it\/wp-content\/uploads\/2014\/05\/Incontro-Papa.jpg?fit=510%2C382\" src=\"https:\/\/i0.wp.com\/www.robertosedda.it\/wp-content\/uploads\/2014\/05\/Incontro-Papa.jpg?w=252&#038;h=189\" width=\"252\" height=\"189\" data-original-width=\"252\" data-original-height=\"189\" itemprop=\"http:\/\/schema.org\/image\" title=\"Incontro Papa\" alt=\"Incontro Papa\" style=\"width: 252px; height: 189px;\" \/> <\/a> <\/div> <\/div> <!-- close group --> <div class=\"gallery-group images-1\" style=\"width: 288px; height: 193px;\" data-original-width=\"288\" data-original-height=\"193\" > <div class=\"tiled-gallery-item tiled-gallery-item-large\" itemprop=\"associatedMedia\" itemscope itemtype=\"http:\/\/schema.org\/ImageObject\"> <a href=\"https:\/\/i0.wp.com\/www.robertosedda.it\/wp-content\/uploads\/2014\/05\/Progres.jpg\" border=\"0\" itemprop=\"url\"> <meta itemprop=\"width\" content=\"284\"> <meta itemprop=\"height\" content=\"189\"> <img data-attachment-id=\"7384\" data-orig-file=\"http:\/\/www.robertosedda.it\/wp-content\/uploads\/2014\/05\/Progres.jpg\" data-orig-size=\"720,480\" data-comments-opened=\"1\" data-image-meta=\"{&quot;aperture&quot;:&quot;0&quot;,&quot;credit&quot;:&quot;&quot;,&quot;camera&quot;:&quot;&quot;,&quot;caption&quot;:&quot;&quot;,&quot;created_timestamp&quot;:&quot;0&quot;,&quot;copyright&quot;:&quot;&quot;,&quot;focal_length&quot;:&quot;0&quot;,&quot;iso&quot;:&quot;0&quot;,&quot;shutter_speed&quot;:&quot;0&quot;,&quot;title&quot;:&quot;&quot;}\" data-image-title=\"Progres\" data-image-description=\"\" data-medium-file=\"https:\/\/i0.wp.com\/www.robertosedda.it\/wp-content\/uploads\/2014\/05\/Progres.jpg?fit=300%2C200\" data-large-file=\"https:\/\/i0.wp.com\/www.robertosedda.it\/wp-content\/uploads\/2014\/05\/Progres.jpg?fit=510%2C340\" src=\"https:\/\/i0.wp.com\/www.robertosedda.it\/wp-content\/uploads\/2014\/05\/Progres.jpg?w=284&#038;h=189\" width=\"284\" height=\"189\" data-original-width=\"284\" data-original-height=\"189\" itemprop=\"http:\/\/schema.org\/image\" title=\"Progres\" alt=\"Progres\" style=\"width: 284px; height: 189px;\" \/> <\/a> <\/div> <\/div> <!-- close group --> <div class=\"gallery-group images-1\" style=\"width: 256px; height: 193px;\" data-original-width=\"256\" data-original-height=\"193\" > <div class=\"tiled-gallery-item tiled-gallery-item-large\" itemprop=\"associatedMedia\" itemscope itemtype=\"http:\/\/schema.org\/ImageObject\"> <a href=\"https:\/\/i0.wp.com\/www.robertosedda.it\/wp-content\/uploads\/2014\/05\/Con-la-Cameriera-Scansafatiche.jpg\" border=\"0\" itemprop=\"url\"> <meta itemprop=\"width\" content=\"252\"> <meta itemprop=\"height\" content=\"189\"> <img data-attachment-id=\"7343\" data-orig-file=\"http:\/\/www.robertosedda.it\/wp-content\/uploads\/2014\/05\/Con-la-Cameriera-Scansafatiche.jpg\" data-orig-size=\"1600,1200\" data-comments-opened=\"1\" data-image-meta=\"{&quot;aperture&quot;:&quot;2.8&quot;,&quot;credit&quot;:&quot;&quot;,&quot;camera&quot;:&quot;F8035&quot;,&quot;caption&quot;:&quot;&quot;,&quot;created_timestamp&quot;:&quot;1352042035&quot;,&quot;copyright&quot;:&quot;&quot;,&quot;focal_length&quot;:&quot;5.7&quot;,&quot;iso&quot;:&quot;320&quot;,&quot;shutter_speed&quot;:&quot;0.025&quot;,&quot;title&quot;:&quot;YASHICA Digital Camera&quot;}\" data-image-title=\"Con la Cameriera Scansafatiche\" data-image-description=\"\" data-medium-file=\"https:\/\/i0.wp.com\/www.robertosedda.it\/wp-content\/uploads\/2014\/05\/Con-la-Cameriera-Scansafatiche.jpg?fit=300%2C225\" data-large-file=\"https:\/\/i0.wp.com\/www.robertosedda.it\/wp-content\/uploads\/2014\/05\/Con-la-Cameriera-Scansafatiche.jpg?fit=510%2C382\" src=\"https:\/\/i0.wp.com\/www.robertosedda.it\/wp-content\/uploads\/2014\/05\/Con-la-Cameriera-Scansafatiche.jpg?w=252&#038;h=189\" width=\"252\" height=\"189\" data-original-width=\"252\" data-original-height=\"189\" itemprop=\"http:\/\/schema.org\/image\" title=\"Con la Cameriera Scansafatiche\" alt=\"Con la Cameriera Scansafatiche\" style=\"width: 252px; height: 189px;\" \/> <\/a> <\/div> <\/div> <!-- close group --> <\/div> <!-- close row --> <div class=\"gallery-row\" style=\"width: 800px; height: 478px;\" data-original-width=\"800\" data-original-height=\"478\" > <div class=\"gallery-group images-3\" style=\"width: 222px; height: 478px;\" data-original-width=\"222\" data-original-height=\"478\" > <div class=\"tiled-gallery-item tiled-gallery-item-small\" itemprop=\"associatedMedia\" itemscope itemtype=\"http:\/\/schema.org\/ImageObject\"> <a href=\"https:\/\/i0.wp.com\/www.robertosedda.it\/wp-content\/uploads\/2014\/05\/Libro-Fabbricastorie.jpg\" border=\"0\" itemprop=\"url\"> <meta itemprop=\"width\" content=\"218\"> <meta itemprop=\"height\" content=\"144\"> <img data-attachment-id=\"7368\" data-orig-file=\"http:\/\/www.robertosedda.it\/wp-content\/uploads\/2014\/05\/Libro-Fabbricastorie.jpg\" data-orig-size=\"1600,1059\" data-comments-opened=\"1\" data-image-meta=\"{&quot;aperture&quot;:&quot;5.6&quot;,&quot;credit&quot;:&quot;&quot;,&quot;camera&quot;:&quot;NIKON D7000&quot;,&quot;caption&quot;:&quot;&quot;,&quot;created_timestamp&quot;:&quot;1335611542&quot;,&quot;copyright&quot;:&quot;&quot;,&quot;focal_length&quot;:&quot;105&quot;,&quot;iso&quot;:&quot;1250&quot;,&quot;shutter_speed&quot;:&quot;0.05&quot;,&quot;title&quot;:&quot;&quot;}\" data-image-title=\"Libro Fabbricastorie\" data-image-description=\"\" data-medium-file=\"https:\/\/i0.wp.com\/www.robertosedda.it\/wp-content\/uploads\/2014\/05\/Libro-Fabbricastorie.jpg?fit=300%2C198\" data-large-file=\"https:\/\/i0.wp.com\/www.robertosedda.it\/wp-content\/uploads\/2014\/05\/Libro-Fabbricastorie.jpg?fit=510%2C337\" src=\"https:\/\/i0.wp.com\/www.robertosedda.it\/wp-content\/uploads\/2014\/05\/Libro-Fabbricastorie.jpg?w=218&#038;h=144\" width=\"218\" height=\"144\" data-original-width=\"218\" data-original-height=\"144\" itemprop=\"http:\/\/schema.org\/image\" title=\"Libro Fabbricastorie\" alt=\"Libro Fabbricastorie\" style=\"width: 218px; height: 144px;\" \/> <\/a> <\/div> <div class=\"tiled-gallery-item tiled-gallery-item-small\" itemprop=\"associatedMedia\" itemscope itemtype=\"http:\/\/schema.org\/ImageObject\"> <a href=\"https:\/\/i0.wp.com\/www.robertosedda.it\/wp-content\/uploads\/2014\/05\/Foto-di-gruppo-Delitala.jpg\" border=\"0\" itemprop=\"url\"> <meta itemprop=\"width\" content=\"218\"> <meta itemprop=\"height\" content=\"164\"> <img data-attachment-id=\"7353\" data-orig-file=\"http:\/\/www.robertosedda.it\/wp-content\/uploads\/2014\/05\/Foto-di-gruppo-Delitala.jpg\" data-orig-size=\"1600,1200\" data-comments-opened=\"1\" data-image-meta=\"{&quot;aperture&quot;:&quot;2.8&quot;,&quot;credit&quot;:&quot;&quot;,&quot;camera&quot;:&quot;L-300&quot;,&quot;caption&quot;:&quot;&quot;,&quot;created_timestamp&quot;:&quot;1082306548&quot;,&quot;copyright&quot;:&quot;&quot;,&quot;focal_length&quot;:&quot;5.6&quot;,&quot;iso&quot;:&quot;50&quot;,&quot;shutter_speed&quot;:&quot;0.0045&quot;,&quot;title&quot;:&quot;EPSON DSC picture&quot;}\" data-image-title=\"Raduno Delitala Orani\" data-image-description=\"\" data-medium-file=\"https:\/\/i0.wp.com\/www.robertosedda.it\/wp-content\/uploads\/2014\/05\/Foto-di-gruppo-Delitala.jpg?fit=300%2C225\" data-large-file=\"https:\/\/i0.wp.com\/www.robertosedda.it\/wp-content\/uploads\/2014\/05\/Foto-di-gruppo-Delitala.jpg?fit=510%2C382\" src=\"https:\/\/i0.wp.com\/www.robertosedda.it\/wp-content\/uploads\/2014\/05\/Foto-di-gruppo-Delitala.jpg?w=218&#038;h=164\" width=\"218\" height=\"164\" data-original-width=\"218\" data-original-height=\"164\" itemprop=\"http:\/\/schema.org\/image\" title=\"Raduno Delitala Orani\" alt=\"Raduno Delitala Orani\" style=\"width: 218px; height: 164px;\" \/> <\/a> <\/div> <div class=\"tiled-gallery-item tiled-gallery-item-small\" itemprop=\"associatedMedia\" itemscope itemtype=\"http:\/\/schema.org\/ImageObject\"> <a href=\"https:\/\/i0.wp.com\/www.robertosedda.it\/wp-content\/uploads\/2014\/05\/Scuola-superiore.jpg\" border=\"0\" itemprop=\"url\"> <meta itemprop=\"width\" content=\"218\"> <meta itemprop=\"height\" content=\"158\"> <img data-attachment-id=\"7395\" data-orig-file=\"http:\/\/www.robertosedda.it\/wp-content\/uploads\/2014\/05\/Scuola-superiore.jpg\" data-orig-size=\"577,417\" data-comments-opened=\"1\" data-image-meta=\"{&quot;aperture&quot;:&quot;0&quot;,&quot;credit&quot;:&quot;&quot;,&quot;camera&quot;:&quot;&quot;,&quot;caption&quot;:&quot;&quot;,&quot;created_timestamp&quot;:&quot;0&quot;,&quot;copyright&quot;:&quot;&quot;,&quot;focal_length&quot;:&quot;0&quot;,&quot;iso&quot;:&quot;0&quot;,&quot;shutter_speed&quot;:&quot;0&quot;,&quot;title&quot;:&quot;&quot;}\" data-image-title=\"Scuola superiore\" data-image-description=\"\" data-medium-file=\"https:\/\/i0.wp.com\/www.robertosedda.it\/wp-content\/uploads\/2014\/05\/Scuola-superiore.jpg?fit=300%2C216\" data-large-file=\"https:\/\/i0.wp.com\/www.robertosedda.it\/wp-content\/uploads\/2014\/05\/Scuola-superiore.jpg?fit=510%2C368\" src=\"https:\/\/i0.wp.com\/www.robertosedda.it\/wp-content\/uploads\/2014\/05\/Scuola-superiore.jpg?w=218&#038;h=158\" width=\"218\" height=\"158\" data-original-width=\"218\" data-original-height=\"158\" itemprop=\"http:\/\/schema.org\/image\" title=\"Scuola superiore\" alt=\"Scuola superiore\" style=\"width: 218px; height: 158px;\" \/> <\/a> <\/div> <\/div> <!-- close group --> <div class=\"gallery-group images-1\" style=\"width: 360px; height: 478px;\" data-original-width=\"360\" data-original-height=\"478\" > <div class=\"tiled-gallery-item tiled-gallery-item-large\" itemprop=\"associatedMedia\" itemscope itemtype=\"http:\/\/schema.org\/ImageObject\"> <a href=\"https:\/\/i0.wp.com\/www.robertosedda.it\/wp-content\/uploads\/2014\/05\/A-Parigi-2.jpg\" border=\"0\" itemprop=\"url\"> <meta itemprop=\"width\" content=\"356\"> <meta itemprop=\"height\" content=\"474\"> <img data-attachment-id=\"7318\" data-orig-file=\"http:\/\/www.robertosedda.it\/wp-content\/uploads\/2014\/05\/A-Parigi-2.jpg\" data-orig-size=\"1600,2133\" data-comments-opened=\"1\" data-image-meta=\"{&quot;aperture&quot;:&quot;4.6&quot;,&quot;credit&quot;:&quot;&quot;,&quot;camera&quot;:&quot;COOLPIX L4&quot;,&quot;caption&quot;:&quot;&quot;,&quot;created_timestamp&quot;:&quot;1255051704&quot;,&quot;copyright&quot;:&quot;Copyright 2006&quot;,&quot;focal_length&quot;:&quot;6.3&quot;,&quot;iso&quot;:&quot;50&quot;,&quot;shutter_speed&quot;:&quot;0.0051867219917012&quot;,&quot;title&quot;:&quot;&quot;}\" data-image-title=\"A Parigi 2\" data-image-description=\"\" data-medium-file=\"https:\/\/i0.wp.com\/www.robertosedda.it\/wp-content\/uploads\/2014\/05\/A-Parigi-2.jpg?fit=225%2C300\" data-large-file=\"https:\/\/i0.wp.com\/www.robertosedda.it\/wp-content\/uploads\/2014\/05\/A-Parigi-2.jpg?fit=510%2C679\" src=\"https:\/\/i0.wp.com\/www.robertosedda.it\/wp-content\/uploads\/2014\/05\/A-Parigi-2.jpg?w=356&#038;h=474\" width=\"356\" height=\"474\" data-original-width=\"356\" data-original-height=\"474\" itemprop=\"http:\/\/schema.org\/image\" title=\"A Parigi 2\" alt=\"A Parigi 2\" style=\"width: 356px; height: 474px;\" \/> <\/a> <\/div> <\/div> <!-- close group --> <div class=\"gallery-group images-3\" style=\"width: 218px; height: 478px;\" data-original-width=\"218\" data-original-height=\"478\" > <div class=\"tiled-gallery-item tiled-gallery-item-small\" itemprop=\"associatedMedia\" itemscope itemtype=\"http:\/\/schema.org\/ImageObject\"> <a href=\"https:\/\/i0.wp.com\/www.robertosedda.it\/wp-content\/uploads\/2014\/05\/A-Carloforte-al-ginnasio.jpg\" border=\"0\" itemprop=\"url\"> <meta itemprop=\"width\" content=\"214\"> <meta itemprop=\"height\" content=\"158\"> <img data-attachment-id=\"7314\" data-orig-file=\"http:\/\/www.robertosedda.it\/wp-content\/uploads\/2014\/05\/A-Carloforte-al-ginnasio.jpg\" data-orig-size=\"1584,1167\" data-comments-opened=\"1\" data-image-meta=\"{&quot;aperture&quot;:&quot;0&quot;,&quot;credit&quot;:&quot;&quot;,&quot;camera&quot;:&quot;&quot;,&quot;caption&quot;:&quot;&quot;,&quot;created_timestamp&quot;:&quot;0&quot;,&quot;copyright&quot;:&quot;&quot;,&quot;focal_length&quot;:&quot;0&quot;,&quot;iso&quot;:&quot;0&quot;,&quot;shutter_speed&quot;:&quot;0&quot;,&quot;title&quot;:&quot;&quot;}\" data-image-title=\"A Carloforte al ginnasio\" data-image-description=\"\" data-medium-file=\"https:\/\/i0.wp.com\/www.robertosedda.it\/wp-content\/uploads\/2014\/05\/A-Carloforte-al-ginnasio.jpg?fit=300%2C221\" data-large-file=\"https:\/\/i0.wp.com\/www.robertosedda.it\/wp-content\/uploads\/2014\/05\/A-Carloforte-al-ginnasio.jpg?fit=510%2C375\" src=\"https:\/\/i0.wp.com\/www.robertosedda.it\/wp-content\/uploads\/2014\/05\/A-Carloforte-al-ginnasio.jpg?w=214&#038;h=158\" width=\"214\" height=\"158\" data-original-width=\"214\" data-original-height=\"158\" itemprop=\"http:\/\/schema.org\/image\" title=\"A Carloforte al ginnasio\" alt=\"A Carloforte al ginnasio\" style=\"width: 214px; height: 158px;\" \/> <\/a> <\/div> <div class=\"tiled-gallery-item tiled-gallery-item-small\" itemprop=\"associatedMedia\" itemscope itemtype=\"http:\/\/schema.org\/ImageObject\"> <a href=\"https:\/\/i0.wp.com\/www.robertosedda.it\/wp-content\/uploads\/2014\/05\/Pellegrinaggio-Orgosolo-6-maggio-07-013.jpg\" border=\"0\" itemprop=\"url\"> <meta itemprop=\"width\" content=\"214\"> <meta itemprop=\"height\" content=\"161\"> <img data-attachment-id=\"7381\" data-orig-file=\"http:\/\/www.robertosedda.it\/wp-content\/uploads\/2014\/05\/Pellegrinaggio-Orgosolo-6-maggio-07-013.jpg\" data-orig-size=\"1600,1200\" data-comments-opened=\"1\" data-image-meta=\"{&quot;aperture&quot;:&quot;2.8&quot;,&quot;credit&quot;:&quot;&quot;,&quot;camera&quot;:&quot;Canon PowerShot A75&quot;,&quot;caption&quot;:&quot;&quot;,&quot;created_timestamp&quot;:&quot;1178446748&quot;,&quot;copyright&quot;:&quot;&quot;,&quot;focal_length&quot;:&quot;5.40625&quot;,&quot;iso&quot;:&quot;0&quot;,&quot;shutter_speed&quot;:&quot;0.01&quot;,&quot;title&quot;:&quot;&quot;}\" data-image-title=\"Pellegrinaggio Orgosolo 6 maggio &#8217;07 013\" data-image-description=\"\" data-medium-file=\"https:\/\/i0.wp.com\/www.robertosedda.it\/wp-content\/uploads\/2014\/05\/Pellegrinaggio-Orgosolo-6-maggio-07-013.jpg?fit=300%2C225\" data-large-file=\"https:\/\/i0.wp.com\/www.robertosedda.it\/wp-content\/uploads\/2014\/05\/Pellegrinaggio-Orgosolo-6-maggio-07-013.jpg?fit=510%2C382\" src=\"https:\/\/i0.wp.com\/www.robertosedda.it\/wp-content\/uploads\/2014\/05\/Pellegrinaggio-Orgosolo-6-maggio-07-013.jpg?w=214&#038;h=161\" width=\"214\" height=\"161\" data-original-width=\"214\" data-original-height=\"161\" itemprop=\"http:\/\/schema.org\/image\" title=\"Pellegrinaggio Orgosolo 6 maggio &#039;07 013\" alt=\"Pellegrinaggio Orgosolo 6 maggio &#039;07 013\" style=\"width: 214px; height: 161px;\" \/> <\/a> <\/div> <div class=\"tiled-gallery-item tiled-gallery-item-small\" itemprop=\"associatedMedia\" itemscope itemtype=\"http:\/\/schema.org\/ImageObject\"> <a href=\"https:\/\/i0.wp.com\/www.robertosedda.it\/wp-content\/uploads\/2014\/05\/Ufficio.jpg\" border=\"0\" itemprop=\"url\"> <meta itemprop=\"width\" content=\"214\"> <meta itemprop=\"height\" content=\"147\"> <img data-attachment-id=\"7399\" data-orig-file=\"http:\/\/www.robertosedda.it\/wp-content\/uploads\/2014\/05\/Ufficio.jpg\" data-orig-size=\"1493,1029\" data-comments-opened=\"1\" data-image-meta=\"{&quot;aperture&quot;:&quot;0&quot;,&quot;credit&quot;:&quot;&quot;,&quot;camera&quot;:&quot;&quot;,&quot;caption&quot;:&quot;&quot;,&quot;created_timestamp&quot;:&quot;0&quot;,&quot;copyright&quot;:&quot;&quot;,&quot;focal_length&quot;:&quot;0&quot;,&quot;iso&quot;:&quot;0&quot;,&quot;shutter_speed&quot;:&quot;0&quot;,&quot;title&quot;:&quot;&quot;}\" data-image-title=\"Ufficio\" data-image-description=\"\" data-medium-file=\"https:\/\/i0.wp.com\/www.robertosedda.it\/wp-content\/uploads\/2014\/05\/Ufficio.jpg?fit=300%2C206\" data-large-file=\"https:\/\/i0.wp.com\/www.robertosedda.it\/wp-content\/uploads\/2014\/05\/Ufficio.jpg?fit=510%2C351\" src=\"https:\/\/i0.wp.com\/www.robertosedda.it\/wp-content\/uploads\/2014\/05\/Ufficio.jpg?w=214&#038;h=147\" width=\"214\" height=\"147\" data-original-width=\"214\" data-original-height=\"147\" itemprop=\"http:\/\/schema.org\/image\" title=\"Ufficio\" alt=\"Ufficio\" style=\"width: 214px; height: 147px;\" \/> <\/a> <\/div> <\/div> <!-- close group --> <\/div> <!-- close row --> <div class=\"gallery-row\" style=\"width: 800px; height: 669px;\" data-original-width=\"800\" data-original-height=\"669\" > <div class=\"gallery-group images-1\" style=\"width: 503px; height: 669px;\" data-original-width=\"503\" data-original-height=\"669\" > <div class=\"tiled-gallery-item tiled-gallery-item-large\" itemprop=\"associatedMedia\" itemscope itemtype=\"http:\/\/schema.org\/ImageObject\"> <a href=\"https:\/\/i0.wp.com\/www.robertosedda.it\/wp-content\/uploads\/2014\/05\/io-e-bonnie-grande.jpg\" border=\"0\" itemprop=\"url\"> <meta itemprop=\"width\" content=\"499\"> <meta itemprop=\"height\" content=\"665\"> <img data-attachment-id=\"7363\" data-orig-file=\"http:\/\/www.robertosedda.it\/wp-content\/uploads\/2014\/05\/io-e-bonnie-grande.jpg\" data-orig-size=\"960,1280\" data-comments-opened=\"1\" data-image-meta=\"{&quot;aperture&quot;:&quot;0&quot;,&quot;credit&quot;:&quot;&quot;,&quot;camera&quot;:&quot;&quot;,&quot;caption&quot;:&quot;&quot;,&quot;created_timestamp&quot;:&quot;0&quot;,&quot;copyright&quot;:&quot;&quot;,&quot;focal_length&quot;:&quot;0&quot;,&quot;iso&quot;:&quot;0&quot;,&quot;shutter_speed&quot;:&quot;0&quot;,&quot;title&quot;:&quot;&quot;}\" data-image-title=\"Io e Bonnie \" data-image-description=\"\" data-medium-file=\"https:\/\/i0.wp.com\/www.robertosedda.it\/wp-content\/uploads\/2014\/05\/io-e-bonnie-grande.jpg?fit=225%2C300\" data-large-file=\"https:\/\/i0.wp.com\/www.robertosedda.it\/wp-content\/uploads\/2014\/05\/io-e-bonnie-grande.jpg?fit=510%2C680\" src=\"https:\/\/i0.wp.com\/www.robertosedda.it\/wp-content\/uploads\/2014\/05\/io-e-bonnie-grande.jpg?w=499&#038;h=665\" width=\"499\" height=\"665\" data-original-width=\"499\" data-original-height=\"665\" itemprop=\"http:\/\/schema.org\/image\" title=\"Io e Bonnie \" alt=\"Io e Bonnie\" style=\"width: 499px; height: 665px;\" \/> <\/a> <\/div> <\/div> <!-- close group --> <div class=\"gallery-group images-3\" style=\"width: 297px; height: 669px;\" data-original-width=\"297\" data-original-height=\"669\" > <div class=\"tiled-gallery-item tiled-gallery-item-large\" itemprop=\"associatedMedia\" itemscope itemtype=\"http:\/\/schema.org\/ImageObject\"> <a href=\"https:\/\/i0.wp.com\/www.robertosedda.it\/wp-content\/uploads\/2014\/05\/Mamma-e-Bumba.jpg\" border=\"0\" itemprop=\"url\"> <meta itemprop=\"width\" content=\"293\"> <meta itemprop=\"height\" content=\"214\"> <img data-attachment-id=\"7373\" data-orig-file=\"http:\/\/www.robertosedda.it\/wp-content\/uploads\/2014\/05\/Mamma-e-Bumba.jpg\" data-orig-size=\"1608,1174\" data-comments-opened=\"1\" data-image-meta=\"{&quot;aperture&quot;:&quot;0&quot;,&quot;credit&quot;:&quot;&quot;,&quot;camera&quot;:&quot;&quot;,&quot;caption&quot;:&quot;&quot;,&quot;created_timestamp&quot;:&quot;0&quot;,&quot;copyright&quot;:&quot;&quot;,&quot;focal_length&quot;:&quot;0&quot;,&quot;iso&quot;:&quot;0&quot;,&quot;shutter_speed&quot;:&quot;0&quot;,&quot;title&quot;:&quot;&quot;}\" data-image-title=\"Mamma e Bumba\" data-image-description=\"\" data-medium-file=\"https:\/\/i0.wp.com\/www.robertosedda.it\/wp-content\/uploads\/2014\/05\/Mamma-e-Bumba.jpg?fit=300%2C219\" data-large-file=\"https:\/\/i0.wp.com\/www.robertosedda.it\/wp-content\/uploads\/2014\/05\/Mamma-e-Bumba.jpg?fit=510%2C372\" src=\"https:\/\/i0.wp.com\/www.robertosedda.it\/wp-content\/uploads\/2014\/05\/Mamma-e-Bumba.jpg?w=293&#038;h=214\" width=\"293\" height=\"214\" data-original-width=\"293\" data-original-height=\"214\" itemprop=\"http:\/\/schema.org\/image\" title=\"Mamma e Bumba\" alt=\"Mamma e Bumba\" style=\"width: 293px; height: 214px;\" \/> <\/a> <\/div> <div class=\"tiled-gallery-item tiled-gallery-item-large\" itemprop=\"associatedMedia\" itemscope itemtype=\"http:\/\/schema.org\/ImageObject\"> <a href=\"https:\/\/i0.wp.com\/www.robertosedda.it\/wp-content\/uploads\/2014\/05\/Scuola-media.jpg\" border=\"0\" itemprop=\"url\"> <meta itemprop=\"width\" content=\"293\"> <meta itemprop=\"height\" content=\"209\"> <img data-attachment-id=\"7394\" data-orig-file=\"http:\/\/www.robertosedda.it\/wp-content\/uploads\/2014\/05\/Scuola-media.jpg\" data-orig-size=\"1432,1024\" data-comments-opened=\"1\" data-image-meta=\"{&quot;aperture&quot;:&quot;0&quot;,&quot;credit&quot;:&quot;&quot;,&quot;camera&quot;:&quot;&quot;,&quot;caption&quot;:&quot;&quot;,&quot;created_timestamp&quot;:&quot;0&quot;,&quot;copyright&quot;:&quot;&quot;,&quot;focal_length&quot;:&quot;0&quot;,&quot;iso&quot;:&quot;0&quot;,&quot;shutter_speed&quot;:&quot;0&quot;,&quot;title&quot;:&quot;&quot;}\" data-image-title=\"Scuola media\" data-image-description=\"\" data-medium-file=\"https:\/\/i0.wp.com\/www.robertosedda.it\/wp-content\/uploads\/2014\/05\/Scuola-media.jpg?fit=300%2C214\" data-large-file=\"https:\/\/i0.wp.com\/www.robertosedda.it\/wp-content\/uploads\/2014\/05\/Scuola-media.jpg?fit=510%2C364\" src=\"https:\/\/i0.wp.com\/www.robertosedda.it\/wp-content\/uploads\/2014\/05\/Scuola-media.jpg?w=293&#038;h=209\" width=\"293\" height=\"209\" data-original-width=\"293\" data-original-height=\"209\" itemprop=\"http:\/\/schema.org\/image\" title=\"Scuola media\" alt=\"Scuola media\" style=\"width: 293px; height: 209px;\" \/> <\/a> <\/div> <div class=\"tiled-gallery-item tiled-gallery-item-large\" itemprop=\"associatedMedia\" itemscope itemtype=\"http:\/\/schema.org\/ImageObject\"> <a href=\"https:\/\/i0.wp.com\/www.robertosedda.it\/wp-content\/uploads\/2014\/05\/Rufus-2.jpg\" border=\"0\" itemprop=\"url\"> <meta itemprop=\"width\" content=\"293\"> <meta itemprop=\"height\" content=\"234\"> <img data-attachment-id=\"7391\" data-orig-file=\"http:\/\/www.robertosedda.it\/wp-content\/uploads\/2014\/05\/Rufus-2.jpg\" data-orig-size=\"1472,1174\" data-comments-opened=\"1\" data-image-meta=\"{&quot;aperture&quot;:&quot;0&quot;,&quot;credit&quot;:&quot;&quot;,&quot;camera&quot;:&quot;&quot;,&quot;caption&quot;:&quot;&quot;,&quot;created_timestamp&quot;:&quot;0&quot;,&quot;copyright&quot;:&quot;&quot;,&quot;focal_length&quot;:&quot;0&quot;,&quot;iso&quot;:&quot;0&quot;,&quot;shutter_speed&quot;:&quot;0&quot;,&quot;title&quot;:&quot;&quot;}\" data-image-title=\"Rufus 2\" data-image-description=\"\" data-medium-file=\"https:\/\/i0.wp.com\/www.robertosedda.it\/wp-content\/uploads\/2014\/05\/Rufus-2.jpg?fit=300%2C239\" data-large-file=\"https:\/\/i0.wp.com\/www.robertosedda.it\/wp-content\/uploads\/2014\/05\/Rufus-2.jpg?fit=510%2C406\" src=\"https:\/\/i0.wp.com\/www.robertosedda.it\/wp-content\/uploads\/2014\/05\/Rufus-2.jpg?w=293&#038;h=234\" width=\"293\" height=\"234\" data-original-width=\"293\" data-original-height=\"234\" itemprop=\"http:\/\/schema.org\/image\" title=\"Rufus 2\" alt=\"Rufus 2\" style=\"width: 293px; height: 234px;\" \/> <\/a> <\/div> <\/div> <!-- close group --> <\/div> <!-- close row --> <div class=\"gallery-row\" style=\"width: 800px; height: 369px;\" data-original-width=\"800\" data-original-height=\"369\" > <div class=\"gallery-group images-1\" style=\"width: 551px; height: 369px;\" data-original-width=\"551\" data-original-height=\"369\" > <div class=\"tiled-gallery-item tiled-gallery-item-large\" itemprop=\"associatedMedia\" itemscope itemtype=\"http:\/\/schema.org\/ImageObject\"> <a href=\"https:\/\/i0.wp.com\/www.robertosedda.it\/wp-content\/uploads\/2014\/05\/Radio-Kalaritana.jpg\" border=\"0\" itemprop=\"url\"> <meta itemprop=\"width\" content=\"547\"> <meta itemprop=\"height\" content=\"365\"> <img data-attachment-id=\"7386\" data-orig-file=\"http:\/\/www.robertosedda.it\/wp-content\/uploads\/2014\/05\/Radio-Kalaritana.jpg\" data-orig-size=\"2048,1366\" data-comments-opened=\"1\" data-image-meta=\"{&quot;aperture&quot;:&quot;0&quot;,&quot;credit&quot;:&quot;&quot;,&quot;camera&quot;:&quot;&quot;,&quot;caption&quot;:&quot;&quot;,&quot;created_timestamp&quot;:&quot;0&quot;,&quot;copyright&quot;:&quot;&quot;,&quot;focal_length&quot;:&quot;0&quot;,&quot;iso&quot;:&quot;0&quot;,&quot;shutter_speed&quot;:&quot;0&quot;,&quot;title&quot;:&quot;&quot;}\" data-image-title=\"Radio Kalaritana\" data-image-description=\"\" data-medium-file=\"https:\/\/i0.wp.com\/www.robertosedda.it\/wp-content\/uploads\/2014\/05\/Radio-Kalaritana.jpg?fit=300%2C200\" data-large-file=\"https:\/\/i0.wp.com\/www.robertosedda.it\/wp-content\/uploads\/2014\/05\/Radio-Kalaritana.jpg?fit=510%2C340\" src=\"https:\/\/i0.wp.com\/www.robertosedda.it\/wp-content\/uploads\/2014\/05\/Radio-Kalaritana.jpg?w=547&#038;h=365\" width=\"547\" height=\"365\" data-original-width=\"547\" data-original-height=\"365\" itemprop=\"http:\/\/schema.org\/image\" title=\"Radio Kalaritana\" alt=\"Radio Kalaritana\" style=\"width: 547px; height: 365px;\" \/> <\/a> <\/div> <\/div> <!-- close group --> <div class=\"gallery-group images-2\" style=\"width: 249px; height: 369px;\" data-original-width=\"249\" data-original-height=\"369\" > <div class=\"tiled-gallery-item tiled-gallery-item-small\" itemprop=\"associatedMedia\" itemscope itemtype=\"http:\/\/schema.org\/ImageObject\"> <a href=\"https:\/\/i0.wp.com\/www.robertosedda.it\/wp-content\/uploads\/2014\/05\/Assemblea-Nazionale-Banca-Etica.jpg\" border=\"0\" itemprop=\"url\"> <meta itemprop=\"width\" content=\"245\"> <meta itemprop=\"height\" content=\"184\"> <img data-attachment-id=\"7320\" data-orig-file=\"http:\/\/www.robertosedda.it\/wp-content\/uploads\/2014\/05\/Assemblea-Nazionale-Banca-Etica.jpg\" data-orig-size=\"800,600\" data-comments-opened=\"1\" data-image-meta=\"{&quot;aperture&quot;:&quot;5.2&quot;,&quot;credit&quot;:&quot;&quot;,&quot;camera&quot;:&quot;FinePix J10&quot;,&quot;caption&quot;:&quot;&quot;,&quot;created_timestamp&quot;:&quot;1274542467&quot;,&quot;copyright&quot;:&quot;&quot;,&quot;focal_length&quot;:&quot;18.6&quot;,&quot;iso&quot;:&quot;1600&quot;,&quot;shutter_speed&quot;:&quot;0.016666666666667&quot;,&quot;title&quot;:&quot;&quot;}\" data-image-title=\"Assemblea Nazionale Banca Etica\" data-image-description=\"\" data-medium-file=\"https:\/\/i0.wp.com\/www.robertosedda.it\/wp-content\/uploads\/2014\/05\/Assemblea-Nazionale-Banca-Etica.jpg?fit=300%2C225\" data-large-file=\"https:\/\/i0.wp.com\/www.robertosedda.it\/wp-content\/uploads\/2014\/05\/Assemblea-Nazionale-Banca-Etica.jpg?fit=510%2C382\" src=\"https:\/\/i0.wp.com\/www.robertosedda.it\/wp-content\/uploads\/2014\/05\/Assemblea-Nazionale-Banca-Etica.jpg?w=245&#038;h=184\" width=\"245\" height=\"184\" data-original-width=\"245\" data-original-height=\"184\" itemprop=\"http:\/\/schema.org\/image\" title=\"Assemblea Nazionale Banca Etica\" alt=\"Assemblea Nazionale Banca Etica\" style=\"width: 245px; height: 184px;\" \/> <\/a> <\/div> <div class=\"tiled-gallery-item tiled-gallery-item-small\" itemprop=\"associatedMedia\" itemscope itemtype=\"http:\/\/schema.org\/ImageObject\"> <a href=\"https:\/\/i0.wp.com\/www.robertosedda.it\/wp-content\/uploads\/2014\/05\/Ora-et-Labora-2.jpg\" border=\"0\" itemprop=\"url\"> <meta itemprop=\"width\" content=\"245\"> <meta itemprop=\"height\" content=\"177\"> <img data-attachment-id=\"7380\" data-orig-file=\"http:\/\/www.robertosedda.it\/wp-content\/uploads\/2014\/05\/Ora-et-Labora-2.jpg\" data-orig-size=\"1600,1150\" data-comments-opened=\"1\" data-image-meta=\"{&quot;aperture&quot;:&quot;2.9&quot;,&quot;credit&quot;:&quot;&quot;,&quot;camera&quot;:&quot;3M&quot;,&quot;caption&quot;:&quot;&quot;,&quot;created_timestamp&quot;:&quot;1041379200&quot;,&quot;copyright&quot;:&quot;&quot;,&quot;focal_length&quot;:&quot;0&quot;,&quot;iso&quot;:&quot;100&quot;,&quot;shutter_speed&quot;:&quot;0.0046313740313053&quot;,&quot;title&quot;:&quot;Digital Camera&quot;}\" data-image-title=\"Ora et Natura 2\" data-image-description=\"\" data-medium-file=\"https:\/\/i0.wp.com\/www.robertosedda.it\/wp-content\/uploads\/2014\/05\/Ora-et-Labora-2.jpg?fit=300%2C215\" data-large-file=\"https:\/\/i0.wp.com\/www.robertosedda.it\/wp-content\/uploads\/2014\/05\/Ora-et-Labora-2.jpg?fit=510%2C366\" src=\"https:\/\/i0.wp.com\/www.robertosedda.it\/wp-content\/uploads\/2014\/05\/Ora-et-Labora-2.jpg?w=245&#038;h=177\" width=\"245\" height=\"177\" data-original-width=\"245\" data-original-height=\"177\" itemprop=\"http:\/\/schema.org\/image\" title=\"Ora et Natura 2\" alt=\"Ora et Natura 2\" style=\"width: 245px; height: 177px;\" \/> <\/a> <\/div> <\/div> <!-- close group --> <\/div> <!-- close row --> <div class=\"gallery-row\" style=\"width: 800px; height: 397px;\" data-original-width=\"800\" data-original-height=\"397\" > <div class=\"gallery-group images-2\" style=\"width: 276px; height: 397px;\" data-original-width=\"276\" data-original-height=\"397\" > <div class=\"tiled-gallery-item tiled-gallery-item-large\" itemprop=\"associatedMedia\" itemscope itemtype=\"http:\/\/schema.org\/ImageObject\"> <a href=\"https:\/\/i0.wp.com\/www.robertosedda.it\/wp-content\/uploads\/2014\/05\/Con-Gulia-e-Maria-Bonaria.jpg\" border=\"0\" itemprop=\"url\"> <meta itemprop=\"width\" content=\"272\"> <meta itemprop=\"height\" content=\"204\"> <img data-attachment-id=\"7342\" data-orig-file=\"http:\/\/www.robertosedda.it\/wp-content\/uploads\/2014\/05\/Con-Gulia-e-Maria-Bonaria.jpg\" data-orig-size=\"1600,1200\" data-comments-opened=\"1\" data-image-meta=\"{&quot;aperture&quot;:&quot;2.8&quot;,&quot;credit&quot;:&quot;&quot;,&quot;camera&quot;:&quot;L-300&quot;,&quot;caption&quot;:&quot;&quot;,&quot;created_timestamp&quot;:&quot;1176043038&quot;,&quot;copyright&quot;:&quot;&quot;,&quot;focal_length&quot;:&quot;5.6&quot;,&quot;iso&quot;:&quot;400&quot;,&quot;shutter_speed&quot;:&quot;0.0313&quot;,&quot;title&quot;:&quot;EPSON DSC picture&quot;}\" data-image-title=\"Bonaria e nipote\" data-image-description=\"\" data-medium-file=\"https:\/\/i0.wp.com\/www.robertosedda.it\/wp-content\/uploads\/2014\/05\/Con-Gulia-e-Maria-Bonaria.jpg?fit=300%2C225\" data-large-file=\"https:\/\/i0.wp.com\/www.robertosedda.it\/wp-content\/uploads\/2014\/05\/Con-Gulia-e-Maria-Bonaria.jpg?fit=510%2C382\" src=\"https:\/\/i0.wp.com\/www.robertosedda.it\/wp-content\/uploads\/2014\/05\/Con-Gulia-e-Maria-Bonaria.jpg?w=272&#038;h=204\" width=\"272\" height=\"204\" data-original-width=\"272\" data-original-height=\"204\" itemprop=\"http:\/\/schema.org\/image\" title=\"Bonaria e nipote\" alt=\"Bonaria e nipote\" style=\"width: 272px; height: 204px;\" \/> <\/a> <\/div> <div class=\"tiled-gallery-item tiled-gallery-item-large\" itemprop=\"associatedMedia\" itemscope itemtype=\"http:\/\/schema.org\/ImageObject\"> <a href=\"https:\/\/i0.wp.com\/www.robertosedda.it\/wp-content\/uploads\/2014\/05\/Polonia.jpg\" border=\"0\" itemprop=\"url\"> <meta itemprop=\"width\" content=\"272\"> <meta itemprop=\"height\" content=\"185\"> <img data-attachment-id=\"7382\" data-orig-file=\"http:\/\/www.robertosedda.it\/wp-content\/uploads\/2014\/05\/Polonia.jpg\" data-orig-size=\"1752,1189\" data-comments-opened=\"1\" data-image-meta=\"{&quot;aperture&quot;:&quot;0&quot;,&quot;credit&quot;:&quot;&quot;,&quot;camera&quot;:&quot;&quot;,&quot;caption&quot;:&quot;&quot;,&quot;created_timestamp&quot;:&quot;0&quot;,&quot;copyright&quot;:&quot;&quot;,&quot;focal_length&quot;:&quot;0&quot;,&quot;iso&quot;:&quot;0&quot;,&quot;shutter_speed&quot;:&quot;0&quot;,&quot;title&quot;:&quot;&quot;}\" data-image-title=\"Polonia\" data-image-description=\"\" data-medium-file=\"https:\/\/i0.wp.com\/www.robertosedda.it\/wp-content\/uploads\/2014\/05\/Polonia.jpg?fit=300%2C203\" data-large-file=\"https:\/\/i0.wp.com\/www.robertosedda.it\/wp-content\/uploads\/2014\/05\/Polonia.jpg?fit=510%2C346\" src=\"https:\/\/i0.wp.com\/www.robertosedda.it\/wp-content\/uploads\/2014\/05\/Polonia.jpg?w=272&#038;h=185\" width=\"272\" height=\"185\" data-original-width=\"272\" data-original-height=\"185\" itemprop=\"http:\/\/schema.org\/image\" title=\"Polonia\" alt=\"Polonia\" style=\"width: 272px; height: 185px;\" \/> <\/a> <\/div> <\/div> <!-- close group --> <div class=\"gallery-group images-1\" style=\"width: 524px; height: 397px;\" data-original-width=\"524\" data-original-height=\"397\" > <div class=\"tiled-gallery-item tiled-gallery-item-large\" itemprop=\"associatedMedia\" itemscope itemtype=\"http:\/\/schema.org\/ImageObject\"> <a href=\"https:\/\/i0.wp.com\/www.robertosedda.it\/wp-content\/uploads\/2014\/05\/A-Olzai.jpg\" border=\"0\" itemprop=\"url\"> <meta itemprop=\"width\" content=\"520\"> <meta itemprop=\"height\" content=\"393\"> <img data-attachment-id=\"7315\" data-orig-file=\"http:\/\/www.robertosedda.it\/wp-content\/uploads\/2014\/05\/A-Olzai.jpg\" data-orig-size=\"1560,1181\" data-comments-opened=\"1\" data-image-meta=\"{&quot;aperture&quot;:&quot;0&quot;,&quot;credit&quot;:&quot;&quot;,&quot;camera&quot;:&quot;&quot;,&quot;caption&quot;:&quot;&quot;,&quot;created_timestamp&quot;:&quot;0&quot;,&quot;copyright&quot;:&quot;&quot;,&quot;focal_length&quot;:&quot;0&quot;,&quot;iso&quot;:&quot;0&quot;,&quot;shutter_speed&quot;:&quot;0&quot;,&quot;title&quot;:&quot;&quot;}\" data-image-title=\"A Olzai\" data-image-description=\"\" data-medium-file=\"https:\/\/i0.wp.com\/www.robertosedda.it\/wp-content\/uploads\/2014\/05\/A-Olzai.jpg?fit=300%2C227\" data-large-file=\"https:\/\/i0.wp.com\/www.robertosedda.it\/wp-content\/uploads\/2014\/05\/A-Olzai.jpg?fit=510%2C386\" src=\"https:\/\/i0.wp.com\/www.robertosedda.it\/wp-content\/uploads\/2014\/05\/A-Olzai.jpg?w=520&#038;h=393\" width=\"520\" height=\"393\" data-original-width=\"520\" data-original-height=\"393\" itemprop=\"http:\/\/schema.org\/image\" title=\"A Olzai\" alt=\"A Olzai\" style=\"width: 520px; height: 393px;\" \/> <\/a> <\/div> <\/div> <!-- close group --> <\/div> <!-- close row --> <div class=\"gallery-row\" style=\"width: 800px; height: 240px;\" data-original-width=\"800\" data-original-height=\"240\" > <div class=\"gallery-group images-1\" style=\"width: 319px; height: 240px;\" data-original-width=\"319\" data-original-height=\"240\" > <div class=\"tiled-gallery-item tiled-gallery-item-large\" itemprop=\"associatedMedia\" itemscope itemtype=\"http:\/\/schema.org\/ImageObject\"> <a href=\"https:\/\/i0.wp.com\/www.robertosedda.it\/wp-content\/uploads\/2014\/05\/Con-Agnese.jpg\" border=\"0\" itemprop=\"url\"> <meta itemprop=\"width\" content=\"315\"> <meta itemprop=\"height\" content=\"236\"> <img data-attachment-id=\"7339\" data-orig-file=\"http:\/\/www.robertosedda.it\/wp-content\/uploads\/2014\/05\/Con-Agnese.jpg\" data-orig-size=\"1600,1200\" data-comments-opened=\"1\" data-image-meta=\"{&quot;aperture&quot;:&quot;3.6&quot;,&quot;credit&quot;:&quot;&quot;,&quot;camera&quot;:&quot;L-300&quot;,&quot;caption&quot;:&quot;&quot;,&quot;created_timestamp&quot;:&quot;1198665528&quot;,&quot;copyright&quot;:&quot;&quot;,&quot;focal_length&quot;:&quot;9.68&quot;,&quot;iso&quot;:&quot;400&quot;,&quot;shutter_speed&quot;:&quot;0.0583&quot;,&quot;title&quot;:&quot;EPSON DSC picture&quot;}\" data-image-title=\"Agnese\" data-image-description=\"\" data-medium-file=\"https:\/\/i0.wp.com\/www.robertosedda.it\/wp-content\/uploads\/2014\/05\/Con-Agnese.jpg?fit=300%2C225\" data-large-file=\"https:\/\/i0.wp.com\/www.robertosedda.it\/wp-content\/uploads\/2014\/05\/Con-Agnese.jpg?fit=510%2C382\" src=\"https:\/\/i0.wp.com\/www.robertosedda.it\/wp-content\/uploads\/2014\/05\/Con-Agnese.jpg?w=315&#038;h=236\" width=\"315\" height=\"236\" data-original-width=\"315\" data-original-height=\"236\" itemprop=\"http:\/\/schema.org\/image\" title=\"Agnese\" alt=\"Agnese\" style=\"width: 315px; height: 236px;\" \/> <\/a> <\/div> <\/div> <!-- close group --> <div class=\"gallery-group images-1\" style=\"width: 162px; height: 240px;\" data-original-width=\"162\" data-original-height=\"240\" > <div class=\"tiled-gallery-item tiled-gallery-item-small\" itemprop=\"associatedMedia\" itemscope itemtype=\"http:\/\/schema.org\/ImageObject\"> <a href=\"https:\/\/i0.wp.com\/www.robertosedda.it\/wp-content\/uploads\/2014\/05\/Prima-di-fidanzarsi.jpg\" border=\"0\" itemprop=\"url\"> <meta itemprop=\"width\" content=\"158\"> <meta itemprop=\"height\" content=\"236\"> <img data-attachment-id=\"7383\" data-orig-file=\"http:\/\/www.robertosedda.it\/wp-content\/uploads\/2014\/05\/Prima-di-fidanzarsi.jpg\" data-orig-size=\"1176,1754\" data-comments-opened=\"1\" data-image-meta=\"{&quot;aperture&quot;:&quot;0&quot;,&quot;credit&quot;:&quot;&quot;,&quot;camera&quot;:&quot;&quot;,&quot;caption&quot;:&quot;&quot;,&quot;created_timestamp&quot;:&quot;0&quot;,&quot;copyright&quot;:&quot;&quot;,&quot;focal_length&quot;:&quot;0&quot;,&quot;iso&quot;:&quot;0&quot;,&quot;shutter_speed&quot;:&quot;0&quot;,&quot;title&quot;:&quot;&quot;}\" data-image-title=\"Prima di fidanzarsi\" data-image-description=\"\" data-medium-file=\"https:\/\/i0.wp.com\/www.robertosedda.it\/wp-content\/uploads\/2014\/05\/Prima-di-fidanzarsi.jpg?fit=201%2C300\" data-large-file=\"https:\/\/i0.wp.com\/www.robertosedda.it\/wp-content\/uploads\/2014\/05\/Prima-di-fidanzarsi.jpg?fit=510%2C760\" src=\"https:\/\/i0.wp.com\/www.robertosedda.it\/wp-content\/uploads\/2014\/05\/Prima-di-fidanzarsi.jpg?w=158&#038;h=236\" width=\"158\" height=\"236\" data-original-width=\"158\" data-original-height=\"236\" itemprop=\"http:\/\/schema.org\/image\" title=\"Prima di fidanzarsi\" alt=\"Prima di fidanzarsi\" style=\"width: 158px; height: 236px;\" \/> <\/a> <\/div> <\/div> <!-- close group --> <div class=\"gallery-group images-1\" style=\"width: 319px; height: 240px;\" data-original-width=\"319\" data-original-height=\"240\" > <div class=\"tiled-gallery-item tiled-gallery-item-large\" itemprop=\"associatedMedia\" itemscope itemtype=\"http:\/\/schema.org\/ImageObject\"> <a href=\"https:\/\/i0.wp.com\/www.robertosedda.it\/wp-content\/uploads\/2014\/05\/Io-e-mamma-21.jpg\" border=\"0\" itemprop=\"url\"> <meta itemprop=\"width\" content=\"315\"> <meta itemprop=\"height\" content=\"236\"> <img data-attachment-id=\"7364\" data-orig-file=\"http:\/\/www.robertosedda.it\/wp-content\/uploads\/2014\/05\/Io-e-mamma-21.jpg\" data-orig-size=\"1600,1200\" data-comments-opened=\"1\" data-image-meta=\"{&quot;aperture&quot;:&quot;4.4&quot;,&quot;credit&quot;:&quot;&quot;,&quot;camera&quot;:&quot;COOLPIX S6&quot;,&quot;caption&quot;:&quot;&quot;,&quot;created_timestamp&quot;:&quot;1198671026&quot;,&quot;copyright&quot;:&quot;&quot;,&quot;focal_length&quot;:&quot;12.2&quot;,&quot;iso&quot;:&quot;200&quot;,&quot;shutter_speed&quot;:&quot;0.76923076923077&quot;,&quot;title&quot;:&quot;&quot;}\" data-image-title=\"Io e mamma \" data-image-description=\"\" data-medium-file=\"https:\/\/i0.wp.com\/www.robertosedda.it\/wp-content\/uploads\/2014\/05\/Io-e-mamma-21.jpg?fit=300%2C225\" data-large-file=\"https:\/\/i0.wp.com\/www.robertosedda.it\/wp-content\/uploads\/2014\/05\/Io-e-mamma-21.jpg?fit=510%2C382\" src=\"https:\/\/i0.wp.com\/www.robertosedda.it\/wp-content\/uploads\/2014\/05\/Io-e-mamma-21.jpg?w=315&#038;h=236\" width=\"315\" height=\"236\" data-original-width=\"315\" data-original-height=\"236\" itemprop=\"http:\/\/schema.org\/image\" title=\"Io e mamma \" alt=\"Io e mamma\" style=\"width: 315px; height: 236px;\" \/> <\/a> <\/div> <\/div> <!-- close group --> <\/div> <!-- close row --> <div class=\"gallery-row\" style=\"width: 800px; height: 415px;\" data-original-width=\"800\" data-original-height=\"415\" > <div class=\"gallery-group images-1\" style=\"width: 275px; height: 415px;\" data-original-width=\"275\" data-original-height=\"415\" > <div class=\"tiled-gallery-item tiled-gallery-item-large\" itemprop=\"associatedMedia\" itemscope itemtype=\"http:\/\/schema.org\/ImageObject\"> <a href=\"https:\/\/i0.wp.com\/www.robertosedda.it\/wp-content\/uploads\/2014\/05\/Campo-scuola-Azione-Cattolica.jpg\" border=\"0\" itemprop=\"url\"> <meta itemprop=\"width\" content=\"271\"> <meta itemprop=\"height\" content=\"411\"> <img data-attachment-id=\"7332\" data-orig-file=\"http:\/\/www.robertosedda.it\/wp-content\/uploads\/2014\/05\/Campo-scuola-Azione-Cattolica.jpg\" data-orig-size=\"1168,1773\" data-comments-opened=\"1\" data-image-meta=\"{&quot;aperture&quot;:&quot;0&quot;,&quot;credit&quot;:&quot;&quot;,&quot;camera&quot;:&quot;&quot;,&quot;caption&quot;:&quot;&quot;,&quot;created_timestamp&quot;:&quot;0&quot;,&quot;copyright&quot;:&quot;&quot;,&quot;focal_length&quot;:&quot;0&quot;,&quot;iso&quot;:&quot;0&quot;,&quot;shutter_speed&quot;:&quot;0&quot;,&quot;title&quot;:&quot;&quot;}\" data-image-title=\"Campo scuola Azione Cattolica\" data-image-description=\"\" data-medium-file=\"https:\/\/i0.wp.com\/www.robertosedda.it\/wp-content\/uploads\/2014\/05\/Campo-scuola-Azione-Cattolica.jpg?fit=197%2C300\" data-large-file=\"https:\/\/i0.wp.com\/www.robertosedda.it\/wp-content\/uploads\/2014\/05\/Campo-scuola-Azione-Cattolica.jpg?fit=510%2C774\" src=\"https:\/\/i0.wp.com\/www.robertosedda.it\/wp-content\/uploads\/2014\/05\/Campo-scuola-Azione-Cattolica.jpg?w=271&#038;h=411\" width=\"271\" height=\"411\" data-original-width=\"271\" data-original-height=\"411\" itemprop=\"http:\/\/schema.org\/image\" title=\"Campo scuola Azione Cattolica\" alt=\"Campo scuola Azione Cattolica\" style=\"width: 271px; height: 411px;\" \/> <\/a> <\/div> <\/div> <!-- close group --> <div class=\"gallery-group images-1\" style=\"width: 525px; height: 415px;\" data-original-width=\"525\" data-original-height=\"415\" > <div class=\"tiled-gallery-item tiled-gallery-item-large\" itemprop=\"associatedMedia\" itemscope itemtype=\"http:\/\/schema.org\/ImageObject\"> <a href=\"https:\/\/i0.wp.com\/www.robertosedda.it\/wp-content\/uploads\/2014\/05\/Battesimo.jpg\" border=\"0\" itemprop=\"url\"> <meta itemprop=\"width\" content=\"521\"> <meta itemprop=\"height\" content=\"411\"> <img data-attachment-id=\"7328\" data-orig-file=\"http:\/\/www.robertosedda.it\/wp-content\/uploads\/2014\/05\/Battesimo.jpg\" data-orig-size=\"1792,1411\" data-comments-opened=\"1\" data-image-meta=\"{&quot;aperture&quot;:&quot;0&quot;,&quot;credit&quot;:&quot;&quot;,&quot;camera&quot;:&quot;&quot;,&quot;caption&quot;:&quot;&quot;,&quot;created_timestamp&quot;:&quot;0&quot;,&quot;copyright&quot;:&quot;&quot;,&quot;focal_length&quot;:&quot;0&quot;,&quot;iso&quot;:&quot;0&quot;,&quot;shutter_speed&quot;:&quot;0&quot;,&quot;title&quot;:&quot;&quot;}\" data-image-title=\"Battesimo Rachele\" data-image-description=\"\" data-medium-file=\"https:\/\/i0.wp.com\/www.robertosedda.it\/wp-content\/uploads\/2014\/05\/Battesimo.jpg?fit=300%2C236\" data-large-file=\"https:\/\/i0.wp.com\/www.robertosedda.it\/wp-content\/uploads\/2014\/05\/Battesimo.jpg?fit=510%2C401\" src=\"https:\/\/i0.wp.com\/www.robertosedda.it\/wp-content\/uploads\/2014\/05\/Battesimo.jpg?w=521&#038;h=411\" width=\"521\" height=\"411\" data-original-width=\"521\" data-original-height=\"411\" itemprop=\"http:\/\/schema.org\/image\" title=\"Battesimo Rachele\" alt=\"Battesimo Rachele\" style=\"width: 521px; height: 411px;\" \/> <\/a> <\/div> <\/div> <!-- close group --> <\/div> <!-- close row --> <div class=\"gallery-row\" style=\"width: 800px; height: 649px;\" data-original-width=\"800\" data-original-height=\"649\" > <div class=\"gallery-group images-1\" style=\"width: 488px; height: 649px;\" data-original-width=\"488\" data-original-height=\"649\" > <div class=\"tiled-gallery-item tiled-gallery-item-large\" itemprop=\"associatedMedia\" itemscope itemtype=\"http:\/\/schema.org\/ImageObject\"> <a href=\"https:\/\/i0.wp.com\/www.robertosedda.it\/wp-content\/uploads\/2014\/05\/Londra.jpg\" border=\"0\" itemprop=\"url\"> <meta itemprop=\"width\" content=\"484\"> <meta itemprop=\"height\" content=\"645\"> <img data-attachment-id=\"7370\" data-orig-file=\"http:\/\/www.robertosedda.it\/wp-content\/uploads\/2014\/05\/Londra.jpg\" data-orig-size=\"1200,1599\" data-comments-opened=\"1\" data-image-meta=\"{&quot;aperture&quot;:&quot;4.8&quot;,&quot;credit&quot;:&quot;&quot;,&quot;camera&quot;:&quot;L-300&quot;,&quot;caption&quot;:&quot;&quot;,&quot;created_timestamp&quot;:&quot;1142786877&quot;,&quot;copyright&quot;:&quot;&quot;,&quot;focal_length&quot;:&quot;5.6&quot;,&quot;iso&quot;:&quot;400&quot;,&quot;shutter_speed&quot;:&quot;0.0014&quot;,&quot;title&quot;:&quot;EPSON DSC picture&quot;}\" data-image-title=\"A Londra\" data-image-description=\"\" data-medium-file=\"https:\/\/i0.wp.com\/www.robertosedda.it\/wp-content\/uploads\/2014\/05\/Londra.jpg?fit=225%2C300\" data-large-file=\"https:\/\/i0.wp.com\/www.robertosedda.it\/wp-content\/uploads\/2014\/05\/Londra.jpg?fit=510%2C679\" src=\"https:\/\/i0.wp.com\/www.robertosedda.it\/wp-content\/uploads\/2014\/05\/Londra.jpg?w=484&#038;h=645\" width=\"484\" height=\"645\" data-original-width=\"484\" data-original-height=\"645\" itemprop=\"http:\/\/schema.org\/image\" title=\"A Londra\" alt=\"A Londra\" style=\"width: 484px; height: 645px;\" \/> <\/a> <\/div> <\/div> <!-- close group --> <div class=\"gallery-group images-3\" style=\"width: 312px; height: 649px;\" data-original-width=\"312\" data-original-height=\"649\" > <div class=\"tiled-gallery-item tiled-gallery-item-large\" itemprop=\"associatedMedia\" itemscope itemtype=\"http:\/\/schema.org\/ImageObject\"> <a href=\"https:\/\/i0.wp.com\/www.robertosedda.it\/wp-content\/uploads\/2014\/05\/Incontro-adulti.jpg\" border=\"0\" itemprop=\"url\"> <meta itemprop=\"width\" content=\"308\"> <meta itemprop=\"height\" content=\"199\"> <img data-attachment-id=\"7360\" data-orig-file=\"http:\/\/www.robertosedda.it\/wp-content\/uploads\/2014\/05\/Incontro-adulti.jpg\" data-orig-size=\"2320,1504\" data-comments-opened=\"1\" data-image-meta=\"{&quot;aperture&quot;:&quot;0&quot;,&quot;credit&quot;:&quot;&quot;,&quot;camera&quot;:&quot;&quot;,&quot;caption&quot;:&quot;&quot;,&quot;created_timestamp&quot;:&quot;0&quot;,&quot;copyright&quot;:&quot;&quot;,&quot;focal_length&quot;:&quot;0&quot;,&quot;iso&quot;:&quot;0&quot;,&quot;shutter_speed&quot;:&quot;0&quot;,&quot;title&quot;:&quot;&quot;}\" data-image-title=\"Incontro adulti\" data-image-description=\"\" data-medium-file=\"https:\/\/i0.wp.com\/www.robertosedda.it\/wp-content\/uploads\/2014\/05\/Incontro-adulti.jpg?fit=300%2C194\" data-large-file=\"https:\/\/i0.wp.com\/www.robertosedda.it\/wp-content\/uploads\/2014\/05\/Incontro-adulti.jpg?fit=510%2C330\" src=\"https:\/\/i0.wp.com\/www.robertosedda.it\/wp-content\/uploads\/2014\/05\/Incontro-adulti.jpg?w=308&#038;h=199\" width=\"308\" height=\"199\" data-original-width=\"308\" data-original-height=\"199\" itemprop=\"http:\/\/schema.org\/image\" title=\"Incontro adulti\" alt=\"Incontro adulti\" style=\"width: 308px; height: 199px;\" \/> <\/a> <\/div> <div class=\"tiled-gallery-item tiled-gallery-item-large\" itemprop=\"associatedMedia\" itemscope itemtype=\"http:\/\/schema.org\/ImageObject\"> <a href=\"https:\/\/i0.wp.com\/www.robertosedda.it\/wp-content\/uploads\/2014\/05\/Gita-scolastica.jpg\" border=\"0\" itemprop=\"url\"> <meta itemprop=\"width\" content=\"308\"> <meta itemprop=\"height\" content=\"231\"> <img data-attachment-id=\"7358\" data-orig-file=\"http:\/\/www.robertosedda.it\/wp-content\/uploads\/2014\/05\/Gita-scolastica.jpg\" data-orig-size=\"1576,1181\" data-comments-opened=\"1\" data-image-meta=\"{&quot;aperture&quot;:&quot;0&quot;,&quot;credit&quot;:&quot;&quot;,&quot;camera&quot;:&quot;&quot;,&quot;caption&quot;:&quot;&quot;,&quot;created_timestamp&quot;:&quot;0&quot;,&quot;copyright&quot;:&quot;&quot;,&quot;focal_length&quot;:&quot;0&quot;,&quot;iso&quot;:&quot;0&quot;,&quot;shutter_speed&quot;:&quot;0&quot;,&quot;title&quot;:&quot;&quot;}\" data-image-title=\"Gita scolastica\" data-image-description=\"\" data-medium-file=\"https:\/\/i0.wp.com\/www.robertosedda.it\/wp-content\/uploads\/2014\/05\/Gita-scolastica.jpg?fit=300%2C224\" data-large-file=\"https:\/\/i0.wp.com\/www.robertosedda.it\/wp-content\/uploads\/2014\/05\/Gita-scolastica.jpg?fit=510%2C382\" src=\"https:\/\/i0.wp.com\/www.robertosedda.it\/wp-content\/uploads\/2014\/05\/Gita-scolastica.jpg?w=308&#038;h=231\" width=\"308\" height=\"231\" data-original-width=\"308\" data-original-height=\"231\" itemprop=\"http:\/\/schema.org\/image\" title=\"Gita scolastica\" alt=\"Gita scolastica\" style=\"width: 308px; height: 231px;\" \/> <\/a> <\/div> <div class=\"tiled-gallery-item tiled-gallery-item-large\" itemprop=\"associatedMedia\" itemscope itemtype=\"http:\/\/schema.org\/ImageObject\"> <a href=\"https:\/\/i0.wp.com\/www.robertosedda.it\/wp-content\/uploads\/2014\/05\/A-Orani-con-zia.jpg\" border=\"0\" itemprop=\"url\"> <meta itemprop=\"width\" content=\"308\"> <meta itemprop=\"height\" content=\"207\"> <img data-attachment-id=\"7316\" data-orig-file=\"http:\/\/www.robertosedda.it\/wp-content\/uploads\/2014\/05\/A-Orani-con-zia.jpg\" data-orig-size=\"1760,1181\" data-comments-opened=\"1\" data-image-meta=\"{&quot;aperture&quot;:&quot;0&quot;,&quot;credit&quot;:&quot;&quot;,&quot;camera&quot;:&quot;&quot;,&quot;caption&quot;:&quot;&quot;,&quot;created_timestamp&quot;:&quot;0&quot;,&quot;copyright&quot;:&quot;&quot;,&quot;focal_length&quot;:&quot;0&quot;,&quot;iso&quot;:&quot;0&quot;,&quot;shutter_speed&quot;:&quot;0&quot;,&quot;title&quot;:&quot;&quot;}\" data-image-title=\"A Orani con zia\" data-image-description=\"\" data-medium-file=\"https:\/\/i0.wp.com\/www.robertosedda.it\/wp-content\/uploads\/2014\/05\/A-Orani-con-zia.jpg?fit=300%2C201\" data-large-file=\"https:\/\/i0.wp.com\/www.robertosedda.it\/wp-content\/uploads\/2014\/05\/A-Orani-con-zia.jpg?fit=510%2C342\" src=\"https:\/\/i0.wp.com\/www.robertosedda.it\/wp-content\/uploads\/2014\/05\/A-Orani-con-zia.jpg?w=308&#038;h=207\" width=\"308\" height=\"207\" data-original-width=\"308\" data-original-height=\"207\" itemprop=\"http:\/\/schema.org\/image\" title=\"A Orani con zia\" alt=\"A Orani con zia\" style=\"width: 308px; height: 207px;\" \/> <\/a> <\/div> <\/div> <!-- close group --> <\/div> <!-- close row --> <div class=\"gallery-row\" style=\"width: 800px; height: 394px;\" data-original-width=\"800\" data-original-height=\"394\" > <div class=\"gallery-group images-1\" style=\"width: 524px; height: 394px;\" data-original-width=\"524\" data-original-height=\"394\" > <div class=\"tiled-gallery-item tiled-gallery-item-large\" itemprop=\"associatedMedia\" itemscope itemtype=\"http:\/\/schema.org\/ImageObject\"> <a href=\"https:\/\/i0.wp.com\/www.robertosedda.it\/wp-content\/uploads\/2014\/05\/A-Parigi.jpg\" border=\"0\" itemprop=\"url\"> <meta itemprop=\"width\" content=\"520\"> <meta itemprop=\"height\" content=\"390\"> <img data-attachment-id=\"7317\" data-orig-file=\"http:\/\/www.robertosedda.it\/wp-content\/uploads\/2014\/05\/A-Parigi.jpg\" data-orig-size=\"1600,1200\" data-comments-opened=\"1\" data-image-meta=\"{&quot;aperture&quot;:&quot;2.8&quot;,&quot;credit&quot;:&quot;&quot;,&quot;camera&quot;:&quot;DSC-W200&quot;,&quot;caption&quot;:&quot;&quot;,&quot;created_timestamp&quot;:&quot;1222981499&quot;,&quot;copyright&quot;:&quot;&quot;,&quot;focal_length&quot;:&quot;7.6&quot;,&quot;iso&quot;:&quot;400&quot;,&quot;shutter_speed&quot;:&quot;0.04&quot;,&quot;title&quot;:&quot;&quot;}\" data-image-title=\"A Parigi\" data-image-description=\"\" data-medium-file=\"https:\/\/i0.wp.com\/www.robertosedda.it\/wp-content\/uploads\/2014\/05\/A-Parigi.jpg?fit=300%2C225\" data-large-file=\"https:\/\/i0.wp.com\/www.robertosedda.it\/wp-content\/uploads\/2014\/05\/A-Parigi.jpg?fit=510%2C382\" src=\"https:\/\/i0.wp.com\/www.robertosedda.it\/wp-content\/uploads\/2014\/05\/A-Parigi.jpg?w=520&#038;h=390\" width=\"520\" height=\"390\" data-original-width=\"520\" data-original-height=\"390\" itemprop=\"http:\/\/schema.org\/image\" title=\"A Parigi\" alt=\"A Parigi\" style=\"width: 520px; height: 390px;\" \/> <\/a> <\/div> <\/div> <!-- close group --> <div class=\"gallery-group images-2\" style=\"width: 276px; height: 394px;\" data-original-width=\"276\" data-original-height=\"394\" > <div class=\"tiled-gallery-item tiled-gallery-item-large\" itemprop=\"associatedMedia\" itemscope itemtype=\"http:\/\/schema.org\/ImageObject\"> <a href=\"https:\/\/i0.wp.com\/www.robertosedda.it\/wp-content\/uploads\/2014\/05\/Fabbricastorie.jpg\" border=\"0\" itemprop=\"url\"> <meta itemprop=\"width\" content=\"272\"> <meta itemprop=\"height\" content=\"182\"> <img data-attachment-id=\"7350\" data-orig-file=\"http:\/\/www.robertosedda.it\/wp-content\/uploads\/2014\/05\/Fabbricastorie.jpg\" data-orig-size=\"1600,1066\" data-comments-opened=\"1\" data-image-meta=\"{&quot;aperture&quot;:&quot;4&quot;,&quot;credit&quot;:&quot;&quot;,&quot;camera&quot;:&quot;Canon EOS 300D DIGITAL&quot;,&quot;caption&quot;:&quot;&quot;,&quot;created_timestamp&quot;:&quot;1339106641&quot;,&quot;copyright&quot;:&quot;&quot;,&quot;focal_length&quot;:&quot;28&quot;,&quot;iso&quot;:&quot;400&quot;,&quot;shutter_speed&quot;:&quot;0.016666666666667&quot;,&quot;title&quot;:&quot;&quot;}\" data-image-title=\"Campagna\" data-image-description=\"\" data-medium-file=\"https:\/\/i0.wp.com\/www.robertosedda.it\/wp-content\/uploads\/2014\/05\/Fabbricastorie.jpg?fit=300%2C199\" data-large-file=\"https:\/\/i0.wp.com\/www.robertosedda.it\/wp-content\/uploads\/2014\/05\/Fabbricastorie.jpg?fit=510%2C339\" src=\"https:\/\/i0.wp.com\/www.robertosedda.it\/wp-content\/uploads\/2014\/05\/Fabbricastorie.jpg?w=272&#038;h=182\" width=\"272\" height=\"182\" data-original-width=\"272\" data-original-height=\"182\" itemprop=\"http:\/\/schema.org\/image\" title=\"Campagna\" alt=\"Campagna\" style=\"width: 272px; height: 182px;\" \/> <\/a> <\/div> <div class=\"tiled-gallery-item tiled-gallery-item-large\" itemprop=\"associatedMedia\" itemscope itemtype=\"http:\/\/schema.org\/ImageObject\"> <a href=\"https:\/\/i0.wp.com\/www.robertosedda.it\/wp-content\/uploads\/2014\/05\/Asso-e-Rufus.jpg\" border=\"0\" itemprop=\"url\"> <meta itemprop=\"width\" content=\"272\"> <meta itemprop=\"height\" content=\"204\"> <img data-attachment-id=\"7322\" data-orig-file=\"http:\/\/www.robertosedda.it\/wp-content\/uploads\/2014\/05\/Asso-e-Rufus.jpg\" data-orig-size=\"640,480\" data-comments-opened=\"1\" data-image-meta=\"{&quot;aperture&quot;:&quot;0&quot;,&quot;credit&quot;:&quot;&quot;,&quot;camera&quot;:&quot;&quot;,&quot;caption&quot;:&quot;&quot;,&quot;created_timestamp&quot;:&quot;0&quot;,&quot;copyright&quot;:&quot;&quot;,&quot;focal_length&quot;:&quot;0&quot;,&quot;iso&quot;:&quot;0&quot;,&quot;shutter_speed&quot;:&quot;0&quot;,&quot;title&quot;:&quot;&quot;}\" data-image-title=\"Asso e Rufus\" data-image-description=\"\" data-medium-file=\"https:\/\/i0.wp.com\/www.robertosedda.it\/wp-content\/uploads\/2014\/05\/Asso-e-Rufus.jpg?fit=300%2C225\" data-large-file=\"https:\/\/i0.wp.com\/www.robertosedda.it\/wp-content\/uploads\/2014\/05\/Asso-e-Rufus.jpg?fit=510%2C382\" src=\"https:\/\/i0.wp.com\/www.robertosedda.it\/wp-content\/uploads\/2014\/05\/Asso-e-Rufus.jpg?w=272&#038;h=204\" width=\"272\" height=\"204\" data-original-width=\"272\" data-original-height=\"204\" itemprop=\"http:\/\/schema.org\/image\" title=\"Asso e Rufus\" alt=\"Asso e Rufus\" style=\"width: 272px; height: 204px;\" \/> <\/a> <\/div> <\/div> <!-- close group --> <\/div> <!-- close row --> <div class=\"gallery-row\" style=\"width: 800px; height: 359px;\" data-original-width=\"800\" data-original-height=\"359\" > <div class=\"gallery-group images-2\" style=\"width: 268px; height: 359px;\" data-original-width=\"268\" data-original-height=\"359\" > <div class=\"tiled-gallery-item tiled-gallery-item-large\" itemprop=\"associatedMedia\" itemscope itemtype=\"http:\/\/schema.org\/ImageObject\"> <a href=\"https:\/\/i0.wp.com\/www.robertosedda.it\/wp-content\/uploads\/2014\/05\/Seminario-Fabbricastorie.jpg\" border=\"0\" itemprop=\"url\"> <meta itemprop=\"width\" content=\"264\"> <meta itemprop=\"height\" content=\"175\"> <img data-attachment-id=\"7396\" data-orig-file=\"http:\/\/www.robertosedda.it\/wp-content\/uploads\/2014\/05\/Seminario-Fabbricastorie.jpg\" data-orig-size=\"1600,1059\" data-comments-opened=\"1\" data-image-meta=\"{&quot;aperture&quot;:&quot;5.6&quot;,&quot;credit&quot;:&quot;&quot;,&quot;camera&quot;:&quot;NIKON D7000&quot;,&quot;caption&quot;:&quot;&quot;,&quot;created_timestamp&quot;:&quot;1335625234&quot;,&quot;copyright&quot;:&quot;&quot;,&quot;focal_length&quot;:&quot;75&quot;,&quot;iso&quot;:&quot;320&quot;,&quot;shutter_speed&quot;:&quot;0.002&quot;,&quot;title&quot;:&quot;&quot;}\" data-image-title=\"Seminario Fabbricastorie\" data-image-description=\"\" data-medium-file=\"https:\/\/i0.wp.com\/www.robertosedda.it\/wp-content\/uploads\/2014\/05\/Seminario-Fabbricastorie.jpg?fit=300%2C198\" data-large-file=\"https:\/\/i0.wp.com\/www.robertosedda.it\/wp-content\/uploads\/2014\/05\/Seminario-Fabbricastorie.jpg?fit=510%2C337\" src=\"https:\/\/i0.wp.com\/www.robertosedda.it\/wp-content\/uploads\/2014\/05\/Seminario-Fabbricastorie.jpg?w=264&#038;h=175\" width=\"264\" height=\"175\" data-original-width=\"264\" data-original-height=\"175\" itemprop=\"http:\/\/schema.org\/image\" title=\"Seminario Fabbricastorie\" alt=\"Seminario Fabbricastorie\" style=\"width: 264px; height: 175px;\" \/> <\/a> <\/div> <div class=\"tiled-gallery-item tiled-gallery-item-large\" itemprop=\"associatedMedia\" itemscope itemtype=\"http:\/\/schema.org\/ImageObject\"> <a href=\"https:\/\/i0.wp.com\/www.robertosedda.it\/wp-content\/uploads\/2014\/05\/Matrimonio-Iole.jpg\" border=\"0\" itemprop=\"url\"> <meta itemprop=\"width\" content=\"264\"> <meta itemprop=\"height\" content=\"176\"> <img data-attachment-id=\"7377\" data-orig-file=\"http:\/\/www.robertosedda.it\/wp-content\/uploads\/2014\/05\/Matrimonio-Iole.jpg\" data-orig-size=\"1600,1071\" data-comments-opened=\"1\" data-image-meta=\"{&quot;aperture&quot;:&quot;4.2&quot;,&quot;credit&quot;:&quot;&quot;,&quot;camera&quot;:&quot;NIKON D60&quot;,&quot;caption&quot;:&quot;&quot;,&quot;created_timestamp&quot;:&quot;1246100376&quot;,&quot;copyright&quot;:&quot;&quot;,&quot;focal_length&quot;:&quot;28&quot;,&quot;iso&quot;:&quot;200&quot;,&quot;shutter_speed&quot;:&quot;0.02&quot;,&quot;title&quot;:&quot;&quot;}\" data-image-title=\"Matrimonio Iole\" data-image-description=\"\" data-medium-file=\"https:\/\/i0.wp.com\/www.robertosedda.it\/wp-content\/uploads\/2014\/05\/Matrimonio-Iole.jpg?fit=300%2C200\" data-large-file=\"https:\/\/i0.wp.com\/www.robertosedda.it\/wp-content\/uploads\/2014\/05\/Matrimonio-Iole.jpg?fit=510%2C341\" src=\"https:\/\/i0.wp.com\/www.robertosedda.it\/wp-content\/uploads\/2014\/05\/Matrimonio-Iole.jpg?w=264&#038;h=176\" width=\"264\" height=\"176\" data-original-width=\"264\" data-original-height=\"176\" itemprop=\"http:\/\/schema.org\/image\" title=\"Matrimonio Iole\" alt=\"Matrimonio Iole\" style=\"width: 264px; height: 176px;\" \/> <\/a> <\/div> <\/div> <!-- close group --> <div class=\"gallery-group images-1\" style=\"width: 532px; height: 359px;\" data-original-width=\"532\" data-original-height=\"359\" > <div class=\"tiled-gallery-item tiled-gallery-item-large\" itemprop=\"associatedMedia\" itemscope itemtype=\"http:\/\/schema.org\/ImageObject\"> <a href=\"https:\/\/i0.wp.com\/www.robertosedda.it\/wp-content\/uploads\/2014\/05\/Battesimo-2.jpg\" border=\"0\" itemprop=\"url\"> <meta itemprop=\"width\" content=\"528\"> <meta itemprop=\"height\" content=\"355\"> <img data-attachment-id=\"7329\" data-orig-file=\"http:\/\/www.robertosedda.it\/wp-content\/uploads\/2014\/05\/Battesimo-2.jpg\" data-orig-size=\"2224,1497\" data-comments-opened=\"1\" data-image-meta=\"{&quot;aperture&quot;:&quot;0&quot;,&quot;credit&quot;:&quot;&quot;,&quot;camera&quot;:&quot;&quot;,&quot;caption&quot;:&quot;&quot;,&quot;created_timestamp&quot;:&quot;0&quot;,&quot;copyright&quot;:&quot;&quot;,&quot;focal_length&quot;:&quot;0&quot;,&quot;iso&quot;:&quot;0&quot;,&quot;shutter_speed&quot;:&quot;0&quot;,&quot;title&quot;:&quot;&quot;}\" data-image-title=\"Battesimo Fabio\" data-image-description=\"\" data-medium-file=\"https:\/\/i0.wp.com\/www.robertosedda.it\/wp-content\/uploads\/2014\/05\/Battesimo-2.jpg?fit=300%2C201\" data-large-file=\"https:\/\/i0.wp.com\/www.robertosedda.it\/wp-content\/uploads\/2014\/05\/Battesimo-2.jpg?fit=510%2C343\" src=\"https:\/\/i0.wp.com\/www.robertosedda.it\/wp-content\/uploads\/2014\/05\/Battesimo-2.jpg?w=528&#038;h=355\" width=\"528\" height=\"355\" data-original-width=\"528\" data-original-height=\"355\" itemprop=\"http:\/\/schema.org\/image\" title=\"Battesimo Fabio\" alt=\"Battesimo Fabio\" style=\"width: 528px; height: 355px;\" \/> <\/a> <\/div> <\/div> <!-- close group --> <\/div> <!-- close row --> <div class=\"gallery-row\" style=\"width: 800px; height: 315px;\" data-original-width=\"800\" data-original-height=\"315\" > <div class=\"gallery-group images-1\" style=\"width: 382px; height: 315px;\" data-original-width=\"382\" data-original-height=\"315\" > <div class=\"tiled-gallery-item tiled-gallery-item-large\" itemprop=\"associatedMedia\" itemscope itemtype=\"http:\/\/schema.org\/ImageObject\"> <a href=\"https:\/\/i0.wp.com\/www.robertosedda.it\/wp-content\/uploads\/2014\/05\/Locanda-Arti-Fantastiche.jpg\" border=\"0\" itemprop=\"url\"> <meta itemprop=\"width\" content=\"378\"> <meta itemprop=\"height\" content=\"311\"> <img data-attachment-id=\"7369\" data-orig-file=\"http:\/\/www.robertosedda.it\/wp-content\/uploads\/2014\/05\/Locanda-Arti-Fantastiche.jpg\" data-orig-size=\"604,497\" data-comments-opened=\"1\" data-image-meta=\"{&quot;aperture&quot;:&quot;0&quot;,&quot;credit&quot;:&quot;&quot;,&quot;camera&quot;:&quot;&quot;,&quot;caption&quot;:&quot;&quot;,&quot;created_timestamp&quot;:&quot;0&quot;,&quot;copyright&quot;:&quot;&quot;,&quot;focal_length&quot;:&quot;0&quot;,&quot;iso&quot;:&quot;0&quot;,&quot;shutter_speed&quot;:&quot;0&quot;,&quot;title&quot;:&quot;&quot;}\" data-image-title=\"Locanda Arti Fantastiche\" data-image-description=\"\" data-medium-file=\"https:\/\/i0.wp.com\/www.robertosedda.it\/wp-content\/uploads\/2014\/05\/Locanda-Arti-Fantastiche.jpg?fit=300%2C246\" data-large-file=\"https:\/\/i0.wp.com\/www.robertosedda.it\/wp-content\/uploads\/2014\/05\/Locanda-Arti-Fantastiche.jpg?fit=510%2C419\" src=\"https:\/\/i0.wp.com\/www.robertosedda.it\/wp-content\/uploads\/2014\/05\/Locanda-Arti-Fantastiche.jpg?w=378&#038;h=311\" width=\"378\" height=\"311\" data-original-width=\"378\" data-original-height=\"311\" itemprop=\"http:\/\/schema.org\/image\" title=\"Locanda Arti Fantastiche\" alt=\"Locanda Arti Fantastiche\" style=\"width: 378px; height: 311px;\" \/> <\/a> <\/div> <\/div> <!-- close group --> <div class=\"gallery-group images-1\" style=\"width: 418px; height: 315px;\" data-original-width=\"418\" data-original-height=\"315\" > <div class=\"tiled-gallery-item tiled-gallery-item-large\" itemprop=\"associatedMedia\" itemscope itemtype=\"http:\/\/schema.org\/ImageObject\"> <a href=\"https:\/\/i0.wp.com\/www.robertosedda.it\/wp-content\/uploads\/2014\/05\/A-Tonara-coi-suoceri.jpg\" border=\"0\" itemprop=\"url\"> <meta itemprop=\"width\" content=\"414\"> <meta itemprop=\"height\" content=\"311\"> <img data-attachment-id=\"7323\" data-orig-file=\"http:\/\/www.robertosedda.it\/wp-content\/uploads\/2014\/05\/A-Tonara-coi-suoceri.jpg\" data-orig-size=\"1600,1200\" data-comments-opened=\"1\" data-image-meta=\"{&quot;aperture&quot;:&quot;2.8&quot;,&quot;credit&quot;:&quot;&quot;,&quot;camera&quot;:&quot;E3700&quot;,&quot;caption&quot;:&quot;&quot;,&quot;created_timestamp&quot;:&quot;1124131537&quot;,&quot;copyright&quot;:&quot;&quot;,&quot;focal_length&quot;:&quot;5.4&quot;,&quot;iso&quot;:&quot;50&quot;,&quot;shutter_speed&quot;:&quot;0.0036324010170723&quot;,&quot;title&quot;:&quot;&quot;}\" data-image-title=\"A Tonara coi suoceri\" data-image-description=\"\" data-medium-file=\"https:\/\/i0.wp.com\/www.robertosedda.it\/wp-content\/uploads\/2014\/05\/A-Tonara-coi-suoceri.jpg?fit=300%2C225\" data-large-file=\"https:\/\/i0.wp.com\/www.robertosedda.it\/wp-content\/uploads\/2014\/05\/A-Tonara-coi-suoceri.jpg?fit=510%2C382\" src=\"https:\/\/i0.wp.com\/www.robertosedda.it\/wp-content\/uploads\/2014\/05\/A-Tonara-coi-suoceri.jpg?w=414&#038;h=311\" width=\"414\" height=\"311\" data-original-width=\"414\" data-original-height=\"311\" itemprop=\"http:\/\/schema.org\/image\" title=\"A Tonara coi suoceri\" alt=\"A Tonara coi suoceri\" style=\"width: 414px; height: 311px;\" \/> <\/a> <\/div> <\/div> <!-- close group --> <\/div> <!-- close row --> <div class=\"gallery-row\" style=\"width: 800px; height: 301px;\" data-original-width=\"800\" data-original-height=\"301\" > <div class=\"gallery-group images-1\" style=\"width: 400px; height: 301px;\" data-original-width=\"400\" data-original-height=\"301\" > <div class=\"tiled-gallery-item tiled-gallery-item-large\" itemprop=\"associatedMedia\" itemscope itemtype=\"http:\/\/schema.org\/ImageObject\"> <a href=\"https:\/\/i0.wp.com\/www.robertosedda.it\/wp-content\/uploads\/2014\/05\/Abbronzato.jpg\" border=\"0\" itemprop=\"url\"> <meta itemprop=\"width\" content=\"396\"> <meta itemprop=\"height\" content=\"297\"> <img data-attachment-id=\"7310\" data-orig-file=\"http:\/\/www.robertosedda.it\/wp-content\/uploads\/2014\/05\/Abbronzato.jpg\" data-orig-size=\"1600,1200\" data-comments-opened=\"1\" data-image-meta=\"{&quot;aperture&quot;:&quot;2.8&quot;,&quot;credit&quot;:&quot;&quot;,&quot;camera&quot;:&quot;E3700&quot;,&quot;caption&quot;:&quot;&quot;,&quot;created_timestamp&quot;:&quot;1124127267&quot;,&quot;copyright&quot;:&quot;&quot;,&quot;focal_length&quot;:&quot;5.4&quot;,&quot;iso&quot;:&quot;50&quot;,&quot;shutter_speed&quot;:&quot;0.016638935108153&quot;,&quot;title&quot;:&quot;&quot;}\" data-image-title=\"Abbronzato\" data-image-description=\"\" data-medium-file=\"https:\/\/i0.wp.com\/www.robertosedda.it\/wp-content\/uploads\/2014\/05\/Abbronzato.jpg?fit=300%2C225\" data-large-file=\"https:\/\/i0.wp.com\/www.robertosedda.it\/wp-content\/uploads\/2014\/05\/Abbronzato.jpg?fit=510%2C382\" src=\"https:\/\/i0.wp.com\/www.robertosedda.it\/wp-content\/uploads\/2014\/05\/Abbronzato.jpg?w=396&#038;h=297\" width=\"396\" height=\"297\" data-original-width=\"396\" data-original-height=\"297\" itemprop=\"http:\/\/schema.org\/image\" title=\"Abbronzato\" alt=\"Abbronzato\" style=\"width: 396px; height: 297px;\" \/> <\/a> <\/div> <\/div> <!-- close group --> <div class=\"gallery-group images-1\" style=\"width: 400px; height: 301px;\" data-original-width=\"400\" data-original-height=\"301\" > <div class=\"tiled-gallery-item tiled-gallery-item-large\" itemprop=\"associatedMedia\" itemscope itemtype=\"http:\/\/schema.org\/ImageObject\"> <a href=\"https:\/\/i0.wp.com\/www.robertosedda.it\/wp-content\/uploads\/2014\/05\/La-Pira.jpg\" border=\"0\" itemprop=\"url\"> <meta itemprop=\"width\" content=\"396\"> <meta itemprop=\"height\" content=\"297\"> <img data-attachment-id=\"7365\" data-orig-file=\"http:\/\/www.robertosedda.it\/wp-content\/uploads\/2014\/05\/La-Pira.jpg\" data-orig-size=\"1600,1200\" data-comments-opened=\"1\" data-image-meta=\"{&quot;aperture&quot;:&quot;5.4&quot;,&quot;credit&quot;:&quot;&quot;,&quot;camera&quot;:&quot;COOLPIX S610c&quot;,&quot;caption&quot;:&quot;&quot;,&quot;created_timestamp&quot;:&quot;1398096109&quot;,&quot;copyright&quot;:&quot;&quot;,&quot;focal_length&quot;:&quot;5&quot;,&quot;iso&quot;:&quot;100&quot;,&quot;shutter_speed&quot;:&quot;0.0015625&quot;,&quot;title&quot;:&quot;&quot;}\" data-image-title=\"La Pira\" data-image-description=\"\" data-medium-file=\"https:\/\/i0.wp.com\/www.robertosedda.it\/wp-content\/uploads\/2014\/05\/La-Pira.jpg?fit=300%2C225\" data-large-file=\"https:\/\/i0.wp.com\/www.robertosedda.it\/wp-content\/uploads\/2014\/05\/La-Pira.jpg?fit=510%2C382\" src=\"https:\/\/i0.wp.com\/www.robertosedda.it\/wp-content\/uploads\/2014\/05\/La-Pira.jpg?w=396&#038;h=297\" width=\"396\" height=\"297\" data-original-width=\"396\" data-original-height=\"297\" itemprop=\"http:\/\/schema.org\/image\" title=\"La Pira\" alt=\"La Pira\" style=\"width: 396px; height: 297px;\" \/> <\/a> <\/div> <\/div> <!-- close group --> <\/div> <!-- close row --> <div class=\"gallery-row\" style=\"width: 800px; height: 230px;\" data-original-width=\"800\" data-original-height=\"230\" > <div class=\"gallery-group images-1\" style=\"width: 174px; height: 230px;\" data-original-width=\"174\" data-original-height=\"230\" > <div class=\"tiled-gallery-item tiled-gallery-item-small\" itemprop=\"associatedMedia\" itemscope itemtype=\"http:\/\/schema.org\/ImageObject\"> <a href=\"https:\/\/i0.wp.com\/www.robertosedda.it\/wp-content\/uploads\/2014\/05\/Fabbricastorie2.jpg\" border=\"0\" itemprop=\"url\"> <meta itemprop=\"width\" content=\"170\"> <meta itemprop=\"height\" content=\"226\"> <img data-attachment-id=\"7351\" data-orig-file=\"http:\/\/www.robertosedda.it\/wp-content\/uploads\/2014\/05\/Fabbricastorie2.jpg\" data-orig-size=\"1200,1600\" data-comments-opened=\"1\" data-image-meta=\"{&quot;aperture&quot;:&quot;4.1&quot;,&quot;credit&quot;:&quot;&quot;,&quot;camera&quot;:&quot;F8035&quot;,&quot;caption&quot;:&quot;&quot;,&quot;created_timestamp&quot;:&quot;1338833461&quot;,&quot;copyright&quot;:&quot;&quot;,&quot;focal_length&quot;:&quot;11&quot;,&quot;iso&quot;:&quot;240&quot;,&quot;shutter_speed&quot;:&quot;0.012603&quot;,&quot;title&quot;:&quot;YASHICA Digital Camera&quot;}\" data-image-title=\"Presentazione libro\" data-image-description=\"\" data-medium-file=\"https:\/\/i0.wp.com\/www.robertosedda.it\/wp-content\/uploads\/2014\/05\/Fabbricastorie2.jpg?fit=225%2C300\" data-large-file=\"https:\/\/i0.wp.com\/www.robertosedda.it\/wp-content\/uploads\/2014\/05\/Fabbricastorie2.jpg?fit=510%2C680\" src=\"https:\/\/i0.wp.com\/www.robertosedda.it\/wp-content\/uploads\/2014\/05\/Fabbricastorie2.jpg?w=170&#038;h=226\" width=\"170\" height=\"226\" data-original-width=\"170\" data-original-height=\"226\" itemprop=\"http:\/\/schema.org\/image\" title=\"Presentazione libro\" alt=\"Presentazione libro\" style=\"width: 170px; height: 226px;\" \/> <\/a> <\/div> <\/div> <!-- close group --> <div class=\"gallery-group images-1\" style=\"width: 312px; height: 230px;\" data-original-width=\"312\" data-original-height=\"230\" > <div class=\"tiled-gallery-item tiled-gallery-item-large\" itemprop=\"associatedMedia\" itemscope itemtype=\"http:\/\/schema.org\/ImageObject\"> <a href=\"https:\/\/i0.wp.com\/www.robertosedda.it\/wp-content\/uploads\/2014\/05\/Con-fidanzatina.jpg\" border=\"0\" itemprop=\"url\"> <meta itemprop=\"width\" content=\"308\"> <meta itemprop=\"height\" content=\"226\"> <img data-attachment-id=\"7340\" data-orig-file=\"http:\/\/www.robertosedda.it\/wp-content\/uploads\/2014\/05\/Con-fidanzatina.jpg\" data-orig-size=\"960,706\" data-comments-opened=\"1\" data-image-meta=\"{&quot;aperture&quot;:&quot;0&quot;,&quot;credit&quot;:&quot;&quot;,&quot;camera&quot;:&quot;&quot;,&quot;caption&quot;:&quot;&quot;,&quot;created_timestamp&quot;:&quot;0&quot;,&quot;copyright&quot;:&quot;&quot;,&quot;focal_length&quot;:&quot;0&quot;,&quot;iso&quot;:&quot;0&quot;,&quot;shutter_speed&quot;:&quot;0&quot;,&quot;title&quot;:&quot;&quot;}\" data-image-title=\"Con fidanzatina\" data-image-description=\"\" data-medium-file=\"https:\/\/i0.wp.com\/www.robertosedda.it\/wp-content\/uploads\/2014\/05\/Con-fidanzatina.jpg?fit=300%2C220\" data-large-file=\"https:\/\/i0.wp.com\/www.robertosedda.it\/wp-content\/uploads\/2014\/05\/Con-fidanzatina.jpg?fit=510%2C375\" src=\"https:\/\/i0.wp.com\/www.robertosedda.it\/wp-content\/uploads\/2014\/05\/Con-fidanzatina.jpg?w=308&#038;h=226\" width=\"308\" height=\"226\" data-original-width=\"308\" data-original-height=\"226\" itemprop=\"http:\/\/schema.org\/image\" title=\"Con fidanzatina\" alt=\"Con fidanzatina\" style=\"width: 308px; height: 226px;\" \/> <\/a> <\/div> <\/div> <!-- close group --> <div class=\"gallery-group images-1\" style=\"width: 140px; height: 230px;\" data-original-width=\"140\" data-original-height=\"230\" > <div class=\"tiled-gallery-item tiled-gallery-item-small\" itemprop=\"associatedMedia\" itemscope itemtype=\"http:\/\/schema.org\/ImageObject\"> <a href=\"https:\/\/i0.wp.com\/www.robertosedda.it\/wp-content\/uploads\/2014\/05\/A-Tonara-con-Bonaria.jpg\" border=\"0\" itemprop=\"url\"> <meta itemprop=\"width\" content=\"136\"> <meta itemprop=\"height\" content=\"226\"> <img data-attachment-id=\"7324\" data-orig-file=\"http:\/\/www.robertosedda.it\/wp-content\/uploads\/2014\/05\/A-Tonara-con-Bonaria.jpg\" data-orig-size=\"944,1568\" data-comments-opened=\"1\" data-image-meta=\"{&quot;aperture&quot;:&quot;0&quot;,&quot;credit&quot;:&quot;&quot;,&quot;camera&quot;:&quot;&quot;,&quot;caption&quot;:&quot;&quot;,&quot;created_timestamp&quot;:&quot;0&quot;,&quot;copyright&quot;:&quot;&quot;,&quot;focal_length&quot;:&quot;0&quot;,&quot;iso&quot;:&quot;0&quot;,&quot;shutter_speed&quot;:&quot;0&quot;,&quot;title&quot;:&quot;&quot;}\" data-image-title=\"A Tonara con Bonaria\" data-image-description=\"\" data-medium-file=\"https:\/\/i0.wp.com\/www.robertosedda.it\/wp-content\/uploads\/2014\/05\/A-Tonara-con-Bonaria.jpg?fit=180%2C300\" data-large-file=\"https:\/\/i0.wp.com\/www.robertosedda.it\/wp-content\/uploads\/2014\/05\/A-Tonara-con-Bonaria.jpg?fit=510%2C847\" src=\"https:\/\/i0.wp.com\/www.robertosedda.it\/wp-content\/uploads\/2014\/05\/A-Tonara-con-Bonaria.jpg?w=136&#038;h=226\" width=\"136\" height=\"226\" data-original-width=\"136\" data-original-height=\"226\" itemprop=\"http:\/\/schema.org\/image\" title=\"A Tonara con Bonaria\" alt=\"A Tonara con Bonaria\" style=\"width: 136px; height: 226px;\" \/> <\/a> <\/div> <\/div> <!-- close group --> <div class=\"gallery-group images-1\" style=\"width: 174px; height: 230px;\" data-original-width=\"174\" data-original-height=\"230\" > <div class=\"tiled-gallery-item tiled-gallery-item-small\" itemprop=\"associatedMedia\" itemscope itemtype=\"http:\/\/schema.org\/ImageObject\"> <a href=\"https:\/\/i0.wp.com\/www.robertosedda.it\/wp-content\/uploads\/2014\/05\/Bellezze-in-bicicletta.jpg\" border=\"0\" itemprop=\"url\"> <meta itemprop=\"width\" content=\"170\"> <meta itemprop=\"height\" content=\"226\"> <img data-attachment-id=\"7330\" data-orig-file=\"http:\/\/www.robertosedda.it\/wp-content\/uploads\/2014\/05\/Bellezze-in-bicicletta.jpg\" data-orig-size=\"1536,2048\" data-comments-opened=\"1\" data-image-meta=\"{&quot;aperture&quot;:&quot;0&quot;,&quot;credit&quot;:&quot;&quot;,&quot;camera&quot;:&quot;&quot;,&quot;caption&quot;:&quot;&quot;,&quot;created_timestamp&quot;:&quot;0&quot;,&quot;copyright&quot;:&quot;&quot;,&quot;focal_length&quot;:&quot;0&quot;,&quot;iso&quot;:&quot;0&quot;,&quot;shutter_speed&quot;:&quot;0&quot;,&quot;title&quot;:&quot;&quot;}\" data-image-title=\"Bellezze in bicicletta\" data-image-description=\"\" data-medium-file=\"https:\/\/i0.wp.com\/www.robertosedda.it\/wp-content\/uploads\/2014\/05\/Bellezze-in-bicicletta.jpg?fit=225%2C300\" data-large-file=\"https:\/\/i0.wp.com\/www.robertosedda.it\/wp-content\/uploads\/2014\/05\/Bellezze-in-bicicletta.jpg?fit=510%2C680\" src=\"https:\/\/i0.wp.com\/www.robertosedda.it\/wp-content\/uploads\/2014\/05\/Bellezze-in-bicicletta.jpg?w=170&#038;h=226\" width=\"170\" height=\"226\" data-original-width=\"170\" data-original-height=\"226\" itemprop=\"http:\/\/schema.org\/image\" title=\"Bellezze in bicicletta\" alt=\"Bellezze in bicicletta\" style=\"width: 170px; height: 226px;\" \/> <\/a> <\/div> <\/div> <!-- close group --> <\/div> <!-- close row --> <div class=\"gallery-row\" style=\"width: 800px; height: 395px;\" data-original-width=\"800\" data-original-height=\"395\" > <div class=\"gallery-group images-1\" style=\"width: 525px; height: 395px;\" data-original-width=\"525\" data-original-height=\"395\" > <div class=\"tiled-gallery-item tiled-gallery-item-large\" itemprop=\"associatedMedia\" itemscope itemtype=\"http:\/\/schema.org\/ImageObject\"> <a href=\"https:\/\/i0.wp.com\/www.robertosedda.it\/wp-content\/uploads\/2014\/05\/Gioco-di-comitato.jpg\" border=\"0\" itemprop=\"url\"> <meta itemprop=\"width\" content=\"521\"> <meta itemprop=\"height\" content=\"391\"> <img data-attachment-id=\"7356\" data-orig-file=\"http:\/\/www.robertosedda.it\/wp-content\/uploads\/2014\/05\/Gioco-di-comitato.jpg\" data-orig-size=\"960,720\" data-comments-opened=\"1\" data-image-meta=\"{&quot;aperture&quot;:&quot;0&quot;,&quot;credit&quot;:&quot;&quot;,&quot;camera&quot;:&quot;&quot;,&quot;caption&quot;:&quot;&quot;,&quot;created_timestamp&quot;:&quot;0&quot;,&quot;copyright&quot;:&quot;&quot;,&quot;focal_length&quot;:&quot;0&quot;,&quot;iso&quot;:&quot;0&quot;,&quot;shutter_speed&quot;:&quot;0&quot;,&quot;title&quot;:&quot;&quot;}\" data-image-title=\"Gioco di comitato\" data-image-description=\"\" data-medium-file=\"https:\/\/i0.wp.com\/www.robertosedda.it\/wp-content\/uploads\/2014\/05\/Gioco-di-comitato.jpg?fit=300%2C225\" data-large-file=\"https:\/\/i0.wp.com\/www.robertosedda.it\/wp-content\/uploads\/2014\/05\/Gioco-di-comitato.jpg?fit=510%2C382\" src=\"https:\/\/i0.wp.com\/www.robertosedda.it\/wp-content\/uploads\/2014\/05\/Gioco-di-comitato.jpg?w=521&#038;h=391\" width=\"521\" height=\"391\" data-original-width=\"521\" data-original-height=\"391\" itemprop=\"http:\/\/schema.org\/image\" title=\"Gioco di comitato\" alt=\"Gioco di comitato\" style=\"width: 521px; height: 391px;\" \/> <\/a> <\/div> <\/div> <!-- close group --> <div class=\"gallery-group images-2\" style=\"width: 275px; height: 395px;\" data-original-width=\"275\" data-original-height=\"395\" > <div class=\"tiled-gallery-item tiled-gallery-item-large\" itemprop=\"associatedMedia\" itemscope itemtype=\"http:\/\/schema.org\/ImageObject\"> <a href=\"https:\/\/i0.wp.com\/www.robertosedda.it\/wp-content\/uploads\/2014\/05\/Banca-Etica-regionale.jpg\" border=\"0\" itemprop=\"url\"> <meta itemprop=\"width\" content=\"271\"> <meta itemprop=\"height\" content=\"203\"> <img data-attachment-id=\"7327\" data-orig-file=\"http:\/\/www.robertosedda.it\/wp-content\/uploads\/2014\/05\/Banca-Etica-regionale.jpg\" data-orig-size=\"1600,1200\" data-comments-opened=\"1\" data-image-meta=\"{&quot;aperture&quot;:&quot;2.8&quot;,&quot;credit&quot;:&quot;&quot;,&quot;camera&quot;:&quot;F8035&quot;,&quot;caption&quot;:&quot;&quot;,&quot;created_timestamp&quot;:&quot;1232796737&quot;,&quot;copyright&quot;:&quot;&quot;,&quot;focal_length&quot;:&quot;5.7&quot;,&quot;iso&quot;:&quot;147&quot;,&quot;shutter_speed&quot;:&quot;0.025&quot;,&quot;title&quot;:&quot;YASHICA Digital Camera&quot;}\" data-image-title=\"Assemblea regionale Banca Etica\" data-image-description=\"\" data-medium-file=\"https:\/\/i0.wp.com\/www.robertosedda.it\/wp-content\/uploads\/2014\/05\/Banca-Etica-regionale.jpg?fit=300%2C225\" data-large-file=\"https:\/\/i0.wp.com\/www.robertosedda.it\/wp-content\/uploads\/2014\/05\/Banca-Etica-regionale.jpg?fit=510%2C382\" src=\"https:\/\/i0.wp.com\/www.robertosedda.it\/wp-content\/uploads\/2014\/05\/Banca-Etica-regionale.jpg?w=271&#038;h=203\" width=\"271\" height=\"203\" data-original-width=\"271\" data-original-height=\"203\" itemprop=\"http:\/\/schema.org\/image\" title=\"Assemblea regionale Banca Etica\" alt=\"Assemblea regionale Banca Etica\" style=\"width: 271px; height: 203px;\" \/> <\/a> <\/div> <div class=\"tiled-gallery-item tiled-gallery-item-large\" itemprop=\"associatedMedia\" itemscope itemtype=\"http:\/\/schema.org\/ImageObject\"> <a href=\"https:\/\/i0.wp.com\/www.robertosedda.it\/wp-content\/uploads\/2014\/05\/Azione-Cattolica.jpg\" border=\"0\" itemprop=\"url\"> <meta itemprop=\"width\" content=\"271\"> <meta itemprop=\"height\" content=\"184\"> <img data-attachment-id=\"7325\" data-orig-file=\"http:\/\/www.robertosedda.it\/wp-content\/uploads\/2014\/05\/Azione-Cattolica.jpg\" data-orig-size=\"1760,1196\" data-comments-opened=\"1\" data-image-meta=\"{&quot;aperture&quot;:&quot;0&quot;,&quot;credit&quot;:&quot;&quot;,&quot;camera&quot;:&quot;&quot;,&quot;caption&quot;:&quot;&quot;,&quot;created_timestamp&quot;:&quot;0&quot;,&quot;copyright&quot;:&quot;&quot;,&quot;focal_length&quot;:&quot;0&quot;,&quot;iso&quot;:&quot;0&quot;,&quot;shutter_speed&quot;:&quot;0&quot;,&quot;title&quot;:&quot;&quot;}\" data-image-title=\"Azione Cattolica\" data-image-description=\"\" data-medium-file=\"https:\/\/i0.wp.com\/www.robertosedda.it\/wp-content\/uploads\/2014\/05\/Azione-Cattolica.jpg?fit=300%2C203\" data-large-file=\"https:\/\/i0.wp.com\/www.robertosedda.it\/wp-content\/uploads\/2014\/05\/Azione-Cattolica.jpg?fit=510%2C346\" src=\"https:\/\/i0.wp.com\/www.robertosedda.it\/wp-content\/uploads\/2014\/05\/Azione-Cattolica.jpg?w=271&#038;h=184\" width=\"271\" height=\"184\" data-original-width=\"271\" data-original-height=\"184\" itemprop=\"http:\/\/schema.org\/image\" title=\"Azione Cattolica\" alt=\"Azione Cattolica\" style=\"width: 271px; height: 184px;\" \/> <\/a> <\/div> <\/div> <!-- close group --> <\/div> <!-- close row --> <div class=\"gallery-row\" style=\"width: 800px; height: 355px;\" data-original-width=\"800\" data-original-height=\"355\" > <div class=\"gallery-group images-2\" style=\"width: 280px; height: 355px;\" data-original-width=\"280\" data-original-height=\"355\" > <div class=\"tiled-gallery-item tiled-gallery-item-large\" itemprop=\"associatedMedia\" itemscope itemtype=\"http:\/\/schema.org\/ImageObject\"> <a href=\"https:\/\/i0.wp.com\/www.robertosedda.it\/wp-content\/uploads\/2014\/05\/Carnevale.jpg\" border=\"0\" itemprop=\"url\"> <meta itemprop=\"width\" content=\"276\"> <meta itemprop=\"height\" content=\"191\"> <img data-attachment-id=\"7335\" data-orig-file=\"http:\/\/www.robertosedda.it\/wp-content\/uploads\/2014\/05\/Carnevale.jpg\" data-orig-size=\"1486,1029\" data-comments-opened=\"1\" data-image-meta=\"{&quot;aperture&quot;:&quot;0&quot;,&quot;credit&quot;:&quot;&quot;,&quot;camera&quot;:&quot;&quot;,&quot;caption&quot;:&quot;&quot;,&quot;created_timestamp&quot;:&quot;0&quot;,&quot;copyright&quot;:&quot;&quot;,&quot;focal_length&quot;:&quot;0&quot;,&quot;iso&quot;:&quot;0&quot;,&quot;shutter_speed&quot;:&quot;0&quot;,&quot;title&quot;:&quot;&quot;}\" data-image-title=\"Carnevale\" data-image-description=\"\" data-medium-file=\"https:\/\/i0.wp.com\/www.robertosedda.it\/wp-content\/uploads\/2014\/05\/Carnevale.jpg?fit=300%2C207\" data-large-file=\"https:\/\/i0.wp.com\/www.robertosedda.it\/wp-content\/uploads\/2014\/05\/Carnevale.jpg?fit=510%2C353\" src=\"https:\/\/i0.wp.com\/www.robertosedda.it\/wp-content\/uploads\/2014\/05\/Carnevale.jpg?w=276&#038;h=191\" width=\"276\" height=\"191\" data-original-width=\"276\" data-original-height=\"191\" itemprop=\"http:\/\/schema.org\/image\" title=\"Carnevale\" alt=\"Carnevale\" style=\"width: 276px; height: 191px;\" \/> <\/a> <\/div> <div class=\"tiled-gallery-item tiled-gallery-item-large\" itemprop=\"associatedMedia\" itemscope itemtype=\"http:\/\/schema.org\/ImageObject\"> <a href=\"https:\/\/i0.wp.com\/www.robertosedda.it\/wp-content\/uploads\/2014\/05\/Banca-Etica.jpg\" border=\"0\" itemprop=\"url\"> <meta itemprop=\"width\" content=\"276\"> <meta itemprop=\"height\" content=\"156\"> <img data-attachment-id=\"7326\" data-orig-file=\"http:\/\/www.robertosedda.it\/wp-content\/uploads\/2014\/05\/Banca-Etica.jpg\" data-orig-size=\"960,540\" data-comments-opened=\"1\" data-image-meta=\"{&quot;aperture&quot;:&quot;0&quot;,&quot;credit&quot;:&quot;&quot;,&quot;camera&quot;:&quot;&quot;,&quot;caption&quot;:&quot;&quot;,&quot;created_timestamp&quot;:&quot;0&quot;,&quot;copyright&quot;:&quot;&quot;,&quot;focal_length&quot;:&quot;0&quot;,&quot;iso&quot;:&quot;0&quot;,&quot;shutter_speed&quot;:&quot;0&quot;,&quot;title&quot;:&quot;&quot;}\" data-image-title=\"Banca Etica\" data-image-description=\"\" data-medium-file=\"https:\/\/i0.wp.com\/www.robertosedda.it\/wp-content\/uploads\/2014\/05\/Banca-Etica.jpg?fit=300%2C168\" data-large-file=\"https:\/\/i0.wp.com\/www.robertosedda.it\/wp-content\/uploads\/2014\/05\/Banca-Etica.jpg?fit=510%2C286\" src=\"https:\/\/i0.wp.com\/www.robertosedda.it\/wp-content\/uploads\/2014\/05\/Banca-Etica.jpg?w=276&#038;h=156\" width=\"276\" height=\"156\" data-original-width=\"276\" data-original-height=\"156\" itemprop=\"http:\/\/schema.org\/image\" title=\"Banca Etica\" alt=\"Banca Etica\" style=\"width: 276px; height: 156px;\" \/> <\/a> <\/div> <\/div> <!-- close group --> <div class=\"gallery-group images-1\" style=\"width: 520px; height: 355px;\" data-original-width=\"520\" data-original-height=\"355\" > <div class=\"tiled-gallery-item tiled-gallery-item-large\" itemprop=\"associatedMedia\" itemscope itemtype=\"http:\/\/schema.org\/ImageObject\"> <a href=\"https:\/\/i0.wp.com\/www.robertosedda.it\/wp-content\/uploads\/2014\/05\/AC.jpg\" border=\"0\" itemprop=\"url\"> <meta itemprop=\"width\" content=\"516\"> <meta itemprop=\"height\" content=\"351\"> <img data-attachment-id=\"7313\" data-orig-file=\"http:\/\/www.robertosedda.it\/wp-content\/uploads\/2014\/05\/AC.jpg\" data-orig-size=\"1760,1196\" data-comments-opened=\"1\" data-image-meta=\"{&quot;aperture&quot;:&quot;0&quot;,&quot;credit&quot;:&quot;&quot;,&quot;camera&quot;:&quot;&quot;,&quot;caption&quot;:&quot;&quot;,&quot;created_timestamp&quot;:&quot;0&quot;,&quot;copyright&quot;:&quot;&quot;,&quot;focal_length&quot;:&quot;0&quot;,&quot;iso&quot;:&quot;0&quot;,&quot;shutter_speed&quot;:&quot;0&quot;,&quot;title&quot;:&quot;&quot;}\" data-image-title=\"AC\" data-image-description=\"\" data-medium-file=\"https:\/\/i0.wp.com\/www.robertosedda.it\/wp-content\/uploads\/2014\/05\/AC.jpg?fit=300%2C203\" data-large-file=\"https:\/\/i0.wp.com\/www.robertosedda.it\/wp-content\/uploads\/2014\/05\/AC.jpg?fit=510%2C346\" src=\"https:\/\/i0.wp.com\/www.robertosedda.it\/wp-content\/uploads\/2014\/05\/AC.jpg?w=516&#038;h=351\" width=\"516\" height=\"351\" data-original-width=\"516\" data-original-height=\"351\" itemprop=\"http:\/\/schema.org\/image\" title=\"AC\" alt=\"AC\" style=\"width: 516px; height: 351px;\" \/> <\/a> <\/div> <\/div> <!-- close group --> <\/div> <!-- close row --> <div class=\"gallery-row\" style=\"width: 800px; height: 268px;\" data-original-width=\"800\" data-original-height=\"268\" > <div class=\"gallery-group images-1\" style=\"width: 400px; height: 268px;\" data-original-width=\"400\" data-original-height=\"268\" > <div class=\"tiled-gallery-item tiled-gallery-item-large\" itemprop=\"associatedMedia\" itemscope itemtype=\"http:\/\/schema.org\/ImageObject\"> <a href=\"https:\/\/i0.wp.com\/www.robertosedda.it\/wp-content\/uploads\/2014\/05\/Matrimonio-3.jpg\" border=\"0\" itemprop=\"url\"> <meta itemprop=\"width\" content=\"396\"> <meta itemprop=\"height\" content=\"264\"> <img data-attachment-id=\"7376\" data-orig-file=\"http:\/\/www.robertosedda.it\/wp-content\/uploads\/2014\/05\/Matrimonio-3.jpg\" data-orig-size=\"1760,1174\" data-comments-opened=\"1\" data-image-meta=\"{&quot;aperture&quot;:&quot;0&quot;,&quot;credit&quot;:&quot;&quot;,&quot;camera&quot;:&quot;&quot;,&quot;caption&quot;:&quot;&quot;,&quot;created_timestamp&quot;:&quot;0&quot;,&quot;copyright&quot;:&quot;&quot;,&quot;focal_length&quot;:&quot;0&quot;,&quot;iso&quot;:&quot;0&quot;,&quot;shutter_speed&quot;:&quot;0&quot;,&quot;title&quot;:&quot;&quot;}\" data-image-title=\"Matrimonio 3\" data-image-description=\"\" data-medium-file=\"https:\/\/i0.wp.com\/www.robertosedda.it\/wp-content\/uploads\/2014\/05\/Matrimonio-3.jpg?fit=300%2C200\" data-large-file=\"https:\/\/i0.wp.com\/www.robertosedda.it\/wp-content\/uploads\/2014\/05\/Matrimonio-3.jpg?fit=510%2C340\" src=\"https:\/\/i0.wp.com\/www.robertosedda.it\/wp-content\/uploads\/2014\/05\/Matrimonio-3.jpg?w=396&#038;h=264\" width=\"396\" height=\"264\" data-original-width=\"396\" data-original-height=\"264\" itemprop=\"http:\/\/schema.org\/image\" title=\"Matrimonio 3\" alt=\"Matrimonio 3\" style=\"width: 396px; height: 264px;\" \/> <\/a> <\/div> <\/div> <!-- close group --> <div class=\"gallery-group images-1\" style=\"width: 400px; height: 268px;\" data-original-width=\"400\" data-original-height=\"268\" > <div class=\"tiled-gallery-item tiled-gallery-item-large\" itemprop=\"associatedMedia\" itemscope itemtype=\"http:\/\/schema.org\/ImageObject\"> <a href=\"https:\/\/i0.wp.com\/www.robertosedda.it\/wp-content\/uploads\/2014\/05\/Elisabetta-e-Valentina.jpg\" border=\"0\" itemprop=\"url\"> <meta itemprop=\"width\" content=\"396\"> <meta itemprop=\"height\" content=\"264\"> <img data-attachment-id=\"7349\" data-orig-file=\"http:\/\/www.robertosedda.it\/wp-content\/uploads\/2014\/05\/Elisabetta-e-Valentina.jpg\" data-orig-size=\"1600,1065\" data-comments-opened=\"1\" data-image-meta=\"{&quot;aperture&quot;:&quot;0&quot;,&quot;credit&quot;:&quot;&quot;,&quot;camera&quot;:&quot;&quot;,&quot;caption&quot;:&quot;&quot;,&quot;created_timestamp&quot;:&quot;0&quot;,&quot;copyright&quot;:&quot;&quot;,&quot;focal_length&quot;:&quot;0&quot;,&quot;iso&quot;:&quot;0&quot;,&quot;shutter_speed&quot;:&quot;0&quot;,&quot;title&quot;:&quot;&quot;}\" data-image-title=\"Elisabetta e Valentina\" data-image-description=\"\" data-medium-file=\"https:\/\/i0.wp.com\/www.robertosedda.it\/wp-content\/uploads\/2014\/05\/Elisabetta-e-Valentina.jpg?fit=300%2C199\" data-large-file=\"https:\/\/i0.wp.com\/www.robertosedda.it\/wp-content\/uploads\/2014\/05\/Elisabetta-e-Valentina.jpg?fit=510%2C339\" src=\"https:\/\/i0.wp.com\/www.robertosedda.it\/wp-content\/uploads\/2014\/05\/Elisabetta-e-Valentina.jpg?w=396&#038;h=264\" width=\"396\" height=\"264\" data-original-width=\"396\" data-original-height=\"264\" itemprop=\"http:\/\/schema.org\/image\" title=\"Elisabetta e Valentina\" alt=\"Elisabetta e Valentina\" style=\"width: 396px; height: 264px;\" \/> <\/a> <\/div> <\/div> <!-- close group --> <\/div> <!-- close row --> <div class=\"gallery-row\" style=\"width: 800px; height: 153px;\" data-original-width=\"800\" data-original-height=\"153\" > <div class=\"gallery-group images-1\" style=\"width: 226px; height: 153px;\" data-original-width=\"226\" data-original-height=\"153\" > <div class=\"tiled-gallery-item tiled-gallery-item-small\" itemprop=\"associatedMedia\" itemscope itemtype=\"http:\/\/schema.org\/ImageObject\"> <a href=\"https:\/\/i0.wp.com\/www.robertosedda.it\/wp-content\/uploads\/2014\/05\/In-cucina.jpeg\" border=\"0\" itemprop=\"url\"> <meta itemprop=\"width\" content=\"222\"> <meta itemprop=\"height\" content=\"149\"> <img data-attachment-id=\"7362\" data-orig-file=\"http:\/\/www.robertosedda.it\/wp-content\/uploads\/2014\/05\/In-cucina.jpeg\" data-orig-size=\"1776,1189\" data-comments-opened=\"1\" data-image-meta=\"{&quot;aperture&quot;:&quot;0&quot;,&quot;credit&quot;:&quot;&quot;,&quot;camera&quot;:&quot;&quot;,&quot;caption&quot;:&quot;&quot;,&quot;created_timestamp&quot;:&quot;0&quot;,&quot;copyright&quot;:&quot;&quot;,&quot;focal_length&quot;:&quot;0&quot;,&quot;iso&quot;:&quot;0&quot;,&quot;shutter_speed&quot;:&quot;0&quot;,&quot;title&quot;:&quot;&quot;}\" data-image-title=\"In cucina\" data-image-description=\"\" data-medium-file=\"https:\/\/i0.wp.com\/www.robertosedda.it\/wp-content\/uploads\/2014\/05\/In-cucina.jpeg?fit=300%2C200\" data-large-file=\"https:\/\/i0.wp.com\/www.robertosedda.it\/wp-content\/uploads\/2014\/05\/In-cucina.jpeg?fit=510%2C341\" src=\"https:\/\/i0.wp.com\/www.robertosedda.it\/wp-content\/uploads\/2014\/05\/In-cucina.jpeg?w=222&#038;h=149\" width=\"222\" height=\"149\" data-original-width=\"222\" data-original-height=\"149\" itemprop=\"http:\/\/schema.org\/image\" title=\"In cucina\" alt=\"In cucina\" style=\"width: 222px; height: 149px;\" \/> <\/a> <\/div> <\/div> <!-- close group --> <div class=\"gallery-group images-1\" style=\"width: 202px; height: 153px;\" data-original-width=\"202\" data-original-height=\"153\" > <div class=\"tiled-gallery-item tiled-gallery-item-small\" itemprop=\"associatedMedia\" itemscope itemtype=\"http:\/\/schema.org\/ImageObject\"> <a href=\"https:\/\/i0.wp.com\/www.robertosedda.it\/wp-content\/uploads\/2014\/05\/Ruolo-vivo-a-Gradara.jpg\" border=\"0\" itemprop=\"url\"> <meta itemprop=\"width\" content=\"198\"> <meta itemprop=\"height\" content=\"149\"> <img data-attachment-id=\"7392\" data-orig-file=\"http:\/\/www.robertosedda.it\/wp-content\/uploads\/2014\/05\/Ruolo-vivo-a-Gradara.jpg\" data-orig-size=\"960,720\" data-comments-opened=\"1\" data-image-meta=\"{&quot;aperture&quot;:&quot;0&quot;,&quot;credit&quot;:&quot;&quot;,&quot;camera&quot;:&quot;&quot;,&quot;caption&quot;:&quot;&quot;,&quot;created_timestamp&quot;:&quot;0&quot;,&quot;copyright&quot;:&quot;&quot;,&quot;focal_length&quot;:&quot;0&quot;,&quot;iso&quot;:&quot;0&quot;,&quot;shutter_speed&quot;:&quot;0&quot;,&quot;title&quot;:&quot;&quot;}\" data-image-title=\"Ruolo vivo a Gradara\" data-image-description=\"\" data-medium-file=\"https:\/\/i0.wp.com\/www.robertosedda.it\/wp-content\/uploads\/2014\/05\/Ruolo-vivo-a-Gradara.jpg?fit=300%2C225\" data-large-file=\"https:\/\/i0.wp.com\/www.robertosedda.it\/wp-content\/uploads\/2014\/05\/Ruolo-vivo-a-Gradara.jpg?fit=510%2C382\" src=\"https:\/\/i0.wp.com\/www.robertosedda.it\/wp-content\/uploads\/2014\/05\/Ruolo-vivo-a-Gradara.jpg?w=198&#038;h=149\" width=\"198\" height=\"149\" data-original-width=\"198\" data-original-height=\"149\" itemprop=\"http:\/\/schema.org\/image\" title=\"Ruolo vivo a Gradara\" alt=\"Ruolo vivo a Gradara\" style=\"width: 198px; height: 149px;\" \/> <\/a> <\/div> <\/div> <!-- close group --> <div class=\"gallery-group images-1\" style=\"width: 149px; height: 153px;\" data-original-width=\"149\" data-original-height=\"153\" > <div class=\"tiled-gallery-item tiled-gallery-item-small\" itemprop=\"associatedMedia\" itemscope itemtype=\"http:\/\/schema.org\/ImageObject\"> <a href=\"https:\/\/i0.wp.com\/www.robertosedda.it\/wp-content\/uploads\/2014\/05\/EF.jpg\" border=\"0\" itemprop=\"url\"> <meta itemprop=\"width\" content=\"145\"> <meta itemprop=\"height\" content=\"149\"> <img data-attachment-id=\"7348\" data-orig-file=\"http:\/\/www.robertosedda.it\/wp-content\/uploads\/2014\/05\/EF.jpg\" data-orig-size=\"1120,1146\" data-comments-opened=\"1\" data-image-meta=\"{&quot;aperture&quot;:&quot;0&quot;,&quot;credit&quot;:&quot;&quot;,&quot;camera&quot;:&quot;&quot;,&quot;caption&quot;:&quot;&quot;,&quot;created_timestamp&quot;:&quot;0&quot;,&quot;copyright&quot;:&quot;&quot;,&quot;focal_length&quot;:&quot;0&quot;,&quot;iso&quot;:&quot;0&quot;,&quot;shutter_speed&quot;:&quot;0&quot;,&quot;title&quot;:&quot;&quot;}\" data-image-title=\"EF\" data-image-description=\"\" data-medium-file=\"https:\/\/i0.wp.com\/www.robertosedda.it\/wp-content\/uploads\/2014\/05\/EF.jpg?fit=293%2C300\" data-large-file=\"https:\/\/i0.wp.com\/www.robertosedda.it\/wp-content\/uploads\/2014\/05\/EF.jpg?fit=510%2C521\" src=\"https:\/\/i0.wp.com\/www.robertosedda.it\/wp-content\/uploads\/2014\/05\/EF.jpg?w=145&#038;h=149\" width=\"145\" height=\"149\" data-original-width=\"145\" data-original-height=\"149\" itemprop=\"http:\/\/schema.org\/image\" title=\"EF\" alt=\"EF\" style=\"width: 145px; height: 149px;\" \/> <\/a> <\/div> <\/div> <!-- close group --> <div class=\"gallery-group images-1\" style=\"width: 223px; height: 153px;\" data-original-width=\"223\" data-original-height=\"153\" > <div class=\"tiled-gallery-item tiled-gallery-item-small\" itemprop=\"associatedMedia\" itemscope itemtype=\"http:\/\/schema.org\/ImageObject\"> <a href=\"https:\/\/i0.wp.com\/www.robertosedda.it\/wp-content\/uploads\/2014\/05\/Fernanda.jpg\" border=\"0\" itemprop=\"url\"> <meta itemprop=\"width\" content=\"219\"> <meta itemprop=\"height\" content=\"149\"> <img data-attachment-id=\"7352\" data-orig-file=\"http:\/\/www.robertosedda.it\/wp-content\/uploads\/2014\/05\/Fernanda.jpg\" data-orig-size=\"1760,1196\" data-comments-opened=\"1\" data-image-meta=\"{&quot;aperture&quot;:&quot;0&quot;,&quot;credit&quot;:&quot;&quot;,&quot;camera&quot;:&quot;&quot;,&quot;caption&quot;:&quot;&quot;,&quot;created_timestamp&quot;:&quot;0&quot;,&quot;copyright&quot;:&quot;&quot;,&quot;focal_length&quot;:&quot;0&quot;,&quot;iso&quot;:&quot;0&quot;,&quot;shutter_speed&quot;:&quot;0&quot;,&quot;title&quot;:&quot;&quot;}\" data-image-title=\"Fernanda\" data-image-description=\"\" data-medium-file=\"https:\/\/i0.wp.com\/www.robertosedda.it\/wp-content\/uploads\/2014\/05\/Fernanda.jpg?fit=300%2C203\" data-large-file=\"https:\/\/i0.wp.com\/www.robertosedda.it\/wp-content\/uploads\/2014\/05\/Fernanda.jpg?fit=510%2C346\" src=\"https:\/\/i0.wp.com\/www.robertosedda.it\/wp-content\/uploads\/2014\/05\/Fernanda.jpg?w=219&#038;h=149\" width=\"219\" height=\"149\" data-original-width=\"219\" data-original-height=\"149\" itemprop=\"http:\/\/schema.org\/image\" title=\"Fernanda\" alt=\"Fernanda\" style=\"width: 219px; height: 149px;\" \/> <\/a> <\/div> <\/div> <!-- close group --> <\/div> <!-- close row --> <\/div>\n","protected":false},"excerpt":{"rendered":"<p>Come molti sanno, il 10 maggio \u00e8 il mio compleanno e sabato ho compiuto cinquant&#8217;anni, cifra tonda. Devo dire che<\/p>\n","protected":false},"author":1,"featured_media":7390,"comment_status":"open","ping_status":"open","sticky":false,"template":"","format":"gallery","meta":{"_mi_skip_tracking":false,"_monsterinsights_sitenote_active":false,"_monsterinsights_sitenote_note":"","_monsterinsights_sitenote_category":0,"jetpack_post_was_ever_published":false,"_jetpack_newsletter_access":"","jetpack_publicize_message":"","jetpack_is_tweetstorm":false,"jetpack_publicize_feature_enabled":true,"jetpack_social_post_already_shared":true,"jetpack_social_options":{"image_generator_settings":{"template":"highway","enabled":false}}},"categories":[52,86,53,17,16],"tags":[],"jetpack_publicize_connections":[],"jetpack_featured_media_url":"https:\/\/i0.wp.com\/www.robertosedda.it\/wp-content\/uploads\/2014\/05\/Rufus.jpg?fit=1160%2C1754","jetpack_sharing_enabled":true,"jetpack_shortlink":"https:\/\/wp.me\/p4jV2T-1TS","jetpack_likes_enabled":true,"jetpack-related-posts":[{"id":2791,"url":"http:\/\/www.robertosedda.it\/?p=2791","url_meta":{"origin":7308,"position":0},"title":"Domande in libert\u00e0 sull&#8217;abolizione delle province","author":"Rufus","date":"04\/04\/2013","format":false,"excerpt":"Naturalmente il caso Sicilia \u00e8 all'attenzione pubblica nazionale per motivi evidenti, e con esso uno dei punti centrali del dibattito politico, l'abolizione delle province, che in Sicilia sembra ormai, al contrario che al livello nazionale, cosa fatta. In materia non ho un'opinione definita ma parecchie perplessit\u00e0, e siccome\u00a0so che fra\u2026","rel":"","context":"In &quot;Coordinate&quot;","block_context":{"text":"Coordinate","link":"http:\/\/www.robertosedda.it\/?cat=52"},"img":{"alt_text":"","src":"https:\/\/i0.wp.com\/www.robertosedda.it\/wp-content\/uploads\/2013\/04\/Provinces_of_Sicily_map.png?fit=990%2C757&resize=350%2C200","width":350,"height":200,"srcset":"https:\/\/i0.wp.com\/www.robertosedda.it\/wp-content\/uploads\/2013\/04\/Provinces_of_Sicily_map.png?fit=990%2C757&resize=350%2C200 1x, https:\/\/i0.wp.com\/www.robertosedda.it\/wp-content\/uploads\/2013\/04\/Provinces_of_Sicily_map.png?fit=990%2C757&resize=700%2C400 2x"},"classes":[]},{"id":4744,"url":"http:\/\/www.robertosedda.it\/?p=4744","url_meta":{"origin":7308,"position":1},"title":"Sabato la finanza etica era a Olbia","author":"Rufus","date":"21\/10\/2013","format":"video","excerpt":"Il 19 ottobre sono intervenuto con Carlo Usai al convegno La finanza etica ti toglie un peso. C'era anche Gaetano Lauta, responsabile dei soci di Banca Etica di Cagliari, e sia gli organizzatori che il pubblico erano largamente presenti persone legate al Movimento Cinque Stelle. \u00c8 stato un dibattito molto\u2026","rel":"","context":"In &quot;Banche e finanza&quot;","block_context":{"text":"Banche e finanza","link":"http:\/\/www.robertosedda.it\/?cat=72"},"img":{"alt_text":"","src":"https:\/\/i0.wp.com\/www.robertosedda.it\/wp-content\/uploads\/2013\/10\/Finanza-etica-Olbia-219x300.jpeg?resize=350%2C200","width":350,"height":200},"classes":[]},{"id":10785,"url":"http:\/\/www.robertosedda.it\/?p=10785","url_meta":{"origin":7308,"position":2},"title":"REBLOG: Dieci cose non cos\u00ec ovvie sulla lettura a scuola (primaria, ma non solo)","author":"Rufus","date":"08\/09\/2015","format":false,"excerpt":"Dal nuovo\u00a0blog di Beniamino Sidoti alcune cose non proprio scontate sulla lettura nella scuola primaria e non solo, sulla gestione delle biblioteche e sul rapporto da costruire fra libri e bambini e ragazzi.","rel":"","context":"In &quot;Segnalazioni&quot;","block_context":{"text":"Segnalazioni","link":"http:\/\/www.robertosedda.it\/?cat=95"},"img":{"alt_text":"","src":"","width":0,"height":0},"classes":[]},{"id":10544,"url":"http:\/\/www.robertosedda.it\/?p=10544","url_meta":{"origin":7308,"position":3},"title":"E vissero felici e contenti (davvero?! ne siamo sicuri?)","author":"Rufus","date":"14\/07\/2015","format":"video","excerpt":"Dopo un piccolo intervallo ho ripreso a caricare su\u00a0YouTube le puntate di Oggi parliamo di libri. La trentatreesima \u00e8, come avrete sentito, lievemente anomala: non solo per il racconto dell'aneddoto personale riguardante l'incontro con i vecchietti che ha allietato il pranzo mio, di Maria Bonaria e di Enzo Tuveri vicino\u2026","rel":"","context":"In &quot;Coordinate&quot;","block_context":{"text":"Coordinate","link":"http:\/\/www.robertosedda.it\/?cat=52"},"img":{"alt_text":"","src":"https:\/\/i0.wp.com\/www.robertosedda.it\/wp-content\/uploads\/2015\/07\/OPL-210515.jpg?fit=769%2C449&resize=350%2C200","width":350,"height":200,"srcset":"https:\/\/i0.wp.com\/www.robertosedda.it\/wp-content\/uploads\/2015\/07\/OPL-210515.jpg?fit=769%2C449&resize=350%2C200 1x, https:\/\/i0.wp.com\/www.robertosedda.it\/wp-content\/uploads\/2015\/07\/OPL-210515.jpg?fit=769%2C449&resize=700%2C400 2x"},"classes":[]},{"id":8174,"url":"http:\/\/www.robertosedda.it\/?p=8174","url_meta":{"origin":7308,"position":4},"title":"Terapie familiari alla fermata dell&#8217;autobus (dolcemaro)","author":"Rufus","date":"08\/08\/2014","format":false,"excerpt":"Capita con frequenza che la gente non si renda conto che quando parla al telefono, tanto pi\u00f9 in un ambiente ristretto come l'autobus, tutto il mondo viene messo a parte della conversazione e dei loro affari personali, cosa che magari non vorrebbe. Non so perch\u00e9, ma in questo periodo sembra\u2026","rel":"","context":"In &quot;Coordinate&quot;","block_context":{"text":"Coordinate","link":"http:\/\/www.robertosedda.it\/?cat=52"},"img":{"alt_text":"","src":"https:\/\/i0.wp.com\/www.robertosedda.it\/wp-content\/uploads\/2014\/07\/Funicolare-Angels-Flight.jpg?fit=654%2C560&resize=350%2C200","width":350,"height":200},"classes":[]},{"id":15193,"url":"http:\/\/www.robertosedda.it\/?p=15193","url_meta":{"origin":7308,"position":5},"title":"Vent&#8217;anni dopo","author":"Rufus","date":"22\/05\/2018","format":false,"excerpt":"Sabato vado a Roma a un pranzo abbastanza particolare, il raduno pi\u00f9 o meno periodico dei frequentatori di it.arti.cinema. L'altro giorno Maria Bonaria mi ha chiesto: \u00abMa da quanto \u00e8 che fai parte di questo gruppo del cinema?\u00bb. Ho fatto due conti. Dal '97, almeno. Vent'anni. \u00c8 stato un po'\u2026","rel":"","context":"In &quot;Coordinate&quot;","block_context":{"text":"Coordinate","link":"http:\/\/www.robertosedda.it\/?cat=52"},"img":{"alt_text":"","src":"","width":0,"height":0},"classes":[]}],"_links":{"self":[{"href":"http:\/\/www.robertosedda.it\/index.php?rest_route=\/wp\/v2\/posts\/7308"}],"collection":[{"href":"http:\/\/www.robertosedda.it\/index.php?rest_route=\/wp\/v2\/posts"}],"about":[{"href":"http:\/\/www.robertosedda.it\/index.php?rest_route=\/wp\/v2\/types\/post"}],"author":[{"embeddable":true,"href":"http:\/\/www.robertosedda.it\/index.php?rest_route=\/wp\/v2\/users\/1"}],"replies":[{"embeddable":true,"href":"http:\/\/www.robertosedda.it\/index.php?rest_route=%2Fwp%2Fv2%2Fcomments&post=7308"}],"version-history":[{"count":6,"href":"http:\/\/www.robertosedda.it\/index.php?rest_route=\/wp\/v2\/posts\/7308\/revisions"}],"predecessor-version":[{"id":18705,"href":"http:\/\/www.robertosedda.it\/index.php?rest_route=\/wp\/v2\/posts\/7308\/revisions\/18705"}],"wp:featuredmedia":[{"embeddable":true,"href":"http:\/\/www.robertosedda.it\/index.php?rest_route=\/wp\/v2\/media\/7390"}],"wp:attachment":[{"href":"http:\/\/www.robertosedda.it\/index.php?rest_route=%2Fwp%2Fv2%2Fmedia&parent=7308"}],"wp:term":[{"taxonomy":"category","embeddable":true,"href":"http:\/\/www.robertosedda.it\/index.php?rest_route=%2Fwp%2Fv2%2Fcategories&post=7308"},{"taxonomy":"post_tag","embeddable":true,"href":"http:\/\/www.robertosedda.it\/index.php?rest_route=%2Fwp%2Fv2%2Ftags&post=7308"}],"curies":[{"name":"wp","href":"https:\/\/api.w.org\/{rel}","templated":true}]}}