{"id":7294,"date":"2014-05-08T14:05:13","date_gmt":"2014-05-08T12:05:13","guid":{"rendered":"http:\/\/www.robertosedda.it\/?p=7294"},"modified":"2025-08-22T15:23:29","modified_gmt":"2025-08-22T13:23:29","slug":"pepe-mujica-ed-il-coraggio-del-nuovo","status":"publish","type":"post","link":"http:\/\/www.robertosedda.it\/?p=7294","title":{"rendered":"Pepe Mujica ed il coraggio del nuovo"},"content":{"rendered":"<p>\u00c8 giunto molto gradito un nuovo articolo dei\u00a0<em>blogger<\/em> del luned\u00ec, che non ho pubblicato subito perch\u00e9 non avevo controllato la posta (ehm). Lo pubblico adesso insieme, come al solito, ai siti\u00a0della\u00a0<em><a href=\"http:\/\/www.fondazionesardinia.eu\/ita\/\">Fondazione Sardinia<\/a><\/em><em>,\u00a0<a href=\"http:\/\/www.tramasdeamistade.org\/\">Tramas de amistade<\/a><\/em>,\u00a0<em><a href=\"http:\/\/www.aladinpensiero.it\/\">Aladin pensiero<\/a><\/em>,\u00a0<a href=\"http:\/\/www.vitobiolchini.it\/\">Vito Biolchini<\/a>,\u00a0<em><a href=\"http:\/\/www.sardegnasoprattutto.com\/\">Sardegna soprattutto<\/a><\/em>,\u00a0<a href=\"http:\/\/www.enricolobina.org\/wp\/\">Enrico Lobina<\/a><em>,\u00a0<a href=\"http:\/\/madrigopolis.blogspot.it\/\">Madrigopolis<\/a><\/em>,\u00a0<em><a href=\"http:\/\/www.formaparis.com\/blog\">Forma paris<\/a>\u00a0e<\/em>\u00a0<em><a href=\"http:\/\/tottusinpari.blog.tiscali.it\/\">Tottus in pari<\/a>.<\/em><\/p>\n<h2><a href=\"https:\/\/i0.wp.com\/www.robertosedda.it\/wp-content\/uploads\/2013\/04\/2013-04-25-10.33.37.jpg\"><img data-attachment-id=\"3003\" data-permalink=\"http:\/\/www.robertosedda.it\/?attachment_id=3003\" data-orig-file=\"https:\/\/i0.wp.com\/www.robertosedda.it\/wp-content\/uploads\/2013\/04\/2013-04-25-10.33.37.jpg?fit=1536%2C2048\" data-orig-size=\"1536,2048\" data-comments-opened=\"1\" data-image-meta=\"{&quot;aperture&quot;:&quot;2.6&quot;,&quot;credit&quot;:&quot;&quot;,&quot;camera&quot;:&quot;YP-G70&quot;,&quot;caption&quot;:&quot;&quot;,&quot;created_timestamp&quot;:&quot;1366886017&quot;,&quot;copyright&quot;:&quot;&quot;,&quot;focal_length&quot;:&quot;3.79&quot;,&quot;iso&quot;:&quot;100&quot;,&quot;shutter_speed&quot;:&quot;0.00833333333333&quot;,&quot;title&quot;:&quot;&quot;}\" data-image-title=\"2013-04-25 10.33.37\" data-image-description=\"\" data-image-caption=\"\" data-medium-file=\"https:\/\/i0.wp.com\/www.robertosedda.it\/wp-content\/uploads\/2013\/04\/2013-04-25-10.33.37.jpg?fit=225%2C300\" data-large-file=\"https:\/\/i0.wp.com\/www.robertosedda.it\/wp-content\/uploads\/2013\/04\/2013-04-25-10.33.37.jpg?fit=510%2C680\" decoding=\"async\" loading=\"lazy\" class=\"alignleft size-medium wp-image-3003\" src=\"https:\/\/i0.wp.com\/www.robertosedda.it\/wp-content\/uploads\/2013\/04\/2013-04-25-10.33.37.jpg?resize=225%2C300\" alt=\"2013-04-25 10.33.37\" width=\"225\" height=\"300\" srcset=\"https:\/\/i0.wp.com\/www.robertosedda.it\/wp-content\/uploads\/2013\/04\/2013-04-25-10.33.37.jpg?resize=225%2C300 225w, https:\/\/i0.wp.com\/www.robertosedda.it\/wp-content\/uploads\/2013\/04\/2013-04-25-10.33.37.jpg?resize=768%2C1024 768w, https:\/\/i0.wp.com\/www.robertosedda.it\/wp-content\/uploads\/2013\/04\/2013-04-25-10.33.37.jpg?resize=700%2C933 700w, https:\/\/i0.wp.com\/www.robertosedda.it\/wp-content\/uploads\/2013\/04\/2013-04-25-10.33.37.jpg?w=1536 1536w\" sizes=\"(max-width: 225px) 100vw, 225px\" data-recalc-dims=\"1\" \/><\/a>Pepe Mujica ed il coraggio del nuovo<\/h2>\n<h3>di Enrico Lobina<\/h3>\n<p><em>The Economist<\/em> ha scelto come paese dell\u2019anno, nel 2013, l&#8217;Uruguay. Il presidente dell&#8217;Uruguay \u00e8 Pepe Mujica. Mujica si \u00e8 guadagnato la copertina di <em>Internazionale<\/em> la scorsa settimana. Grillo, nel grande comizio di piazza San Giovanni del 2013, ha mostrato dei video di Mujica.<\/p>\n<p><em>El Pepe<\/em>, presidente dell&#8217;Uruguay dal 2009, \u00e8 stato Ministro dell&#8217;allevamento, agricoltura e pesca dal 2005 al 2009. Ha quasi ottant&#8217;anni, di cui quindici passati in carcere perch\u00e9 componente del movimento armato <em>Tupamaros<\/em>. Dopo anni di torture e privazioni, \u00e8 stato liberato nel 1985. Il suo discorso all&#8217;uscita dalla galera, nel 1985, \u00e8 un capolavoro di semplicit\u00e0 e di saggezza politica.<\/p>\n<p>Dal 2006 ad oggi il tasso di disoccupazione in Uruguay \u00e8 passato dal 10,9% al 6,5%. Mujica ha dato case e lavoro ai poveri, legalizzato la produzione, il consumo e la vendita di <em>marijuana<\/em>, depenalizzato l&#8217;aborto e legalizzato i matrimoni omosessuali. Sta trasformando il paese.<\/p>\n<p>I ricchi non lo vedono di buon occhio. Vive con 2.000 euro al mese, in una casa povera, con il tetto in lamiera. Tutto ci\u00f2 che guadagna in pi\u00f9 lo d\u00e0 ad un programma di costruzione di case popolari ed al suo partito.<\/p>\n<p>Con 2.000 euro al mese si vive bene, sia in Uruguay che in Sardegna. Perch\u00e9 pretendere di pi\u00f9, se sei il capo di un governo che non ha eliminato la disoccupazione? L&#8217;altra sera ho incontrato un dipendente para-pubblico sardo, che non riceve lo stipendio da sei mesi, e mi ha detto: \u00abCi dicono che sono dispiaciuti e stanno lavorando per noi. Posso credere all&#8217;Assessore solamente se anche lui si riduce lo stipendio al minimo\u00bb. Come dargli torto?<\/p>\n<p>Mujica ha messo sotto controllo le banche, accetta gli imprenditori stranieri, soprattutto cinesi, se il paese ha qualcosa da guadagnarci, e non mette in discussione la strategicit\u00e0 della terra e dell&#8217;acqua.<\/p>\n<p>Mujica \u00e8 un innovatore. Affronta temi su cui la cosiddetta sinistra ancora vacilla. \u00abSono per il socialismo, ma contro lo statalismo\u00bb. Pur affermando la necessit\u00e0 di un attivit\u00e0 di pianificazione e programmazione, che significa? Significa che sinistra \u00e8 stata quasi sempre confusa, in Uruguay come in Sardegna, con pubblico, presenza dello stato e statalismo. Mujica, invece, chiede meno statalismo, meno burocrazia e pi\u00f9 autogoverno, pi\u00f9 autogestione dell\u2019economia.<\/p>\n<p>In un paese di 3,3 milioni di abitanti \u00e8 facile. In Sardegna lo sarebbe ancora di pi\u00f9. Questo strappo \u00e8 da compiere, con forza, anche qui.<\/p>\n<p>L&#8217;altra grande innovazione \u00e8 stata il <em>Frente Amplio<\/em>. Fondato nel 1971, integra i partiti storici della sinistra con altri movimenti ed organizzazioni. Sono organizzazioni federate, che compiono elezioni interne, e si presentato unite alle elezioni, lasciando libert\u00e0 di azione ed elaborazione ai singoli componenti, dopo aver siglato un patto. Mujica vi ha aderito successivamente e, come scrive, li un\u00ec un&#8217;idea di benessere per tutti ed un&#8217;idea del potere non come mezzo per sistemare amici e parenti.<\/p>\n<p>Si tratta di una organizzazione di secondo livello di cui c&#8217;\u00e8 bisogno in Sardegna. Sinistra, sovranisti, indipendentisti trovino delle regole per decidere se e come presentarsi uniti alle elezioni. Poi il lavoro vero si fa tra un&#8217;elezione e l&#8217;altra, ed ogni organizzazione si muova come crede. L&#8217;onest\u00e0 e la fiducia reciproca sono precondizioni.<\/p>\n<p>Mujica ha attuato un programma sovranista. Ha usato le banche per dare casa e lavoro, ha svolto un ruolo regionale in America Latina senza rimanere sbranato dai grandi vicini, Argentina e Brasile. Ha dimostrato che la politica pu\u00f2 stare vicino al popolo, e che si pu\u00f2 vincere.<\/p>\n<p>La rivoluzione non \u00e8 solo protesta, non \u00e8 lanciare <em>slogan<\/em> o una <em>molotov<\/em>, o cercare lo scontro.Come dice <em>tio Pepe<\/em>:\u00a0\u00ab<em>la revoluci\u00f3n es ante todo trabajo y m\u00e1s trabajo, es eso<\/em>\u00bb.<\/p>\n<h4>Per saperne di pi\u00f9<\/h4>\n<p>Non esistono libri in sardo ed in italiano su Pepe Mujica. Diversi giornali e riviste gli hanno dedicato dei <em>reportage<\/em> e degli speciali. I libri in lingua spagnola pi\u00f9 conosciuti sono quelli di Maria Esther Gilio, <em>Pepe Mujica \u2013 De Tupamaro a Presidente<\/em> e Walter Pernas, <em>Comandante Facundo. El revolucionario Pepe Mujica<\/em>.<\/p>\n","protected":false},"excerpt":{"rendered":"<p>\u00c8 giunto molto gradito un nuovo articolo dei\u00a0blogger del luned\u00ec, che non ho pubblicato subito perch\u00e9 non avevo controllato la<\/p>\n","protected":false},"author":1,"featured_media":3003,"comment_status":"open","ping_status":"open","sticky":false,"template":"","format":"standard","meta":{"_mi_skip_tracking":false,"_monsterinsights_sitenote_active":false,"_monsterinsights_sitenote_note":"","_monsterinsights_sitenote_category":0,"jetpack_post_was_ever_published":false,"_jetpack_newsletter_access":"","jetpack_publicize_message":"","jetpack_is_tweetstorm":false,"jetpack_publicize_feature_enabled":true,"jetpack_social_post_already_shared":true,"jetpack_social_options":{"image_generator_settings":{"template":"highway","enabled":false}}},"categories":[52,57,17,59,16],"tags":[],"jetpack_publicize_connections":[],"jetpack_featured_media_url":"https:\/\/i0.wp.com\/www.robertosedda.it\/wp-content\/uploads\/2013\/04\/2013-04-25-10.33.37.jpg?fit=1536%2C2048","jetpack_sharing_enabled":true,"jetpack_shortlink":"https:\/\/wp.me\/p4jV2T-1TE","jetpack_likes_enabled":true,"jetpack-related-posts":[{"id":8776,"url":"http:\/\/www.robertosedda.it\/?p=8776","url_meta":{"origin":7294,"position":0},"title":"Quel che ho detto al Convegno pastorale regionale","author":"Rufus","date":"28\/10\/2014","format":false,"excerpt":"Non ho molti commenti da fare sul Convegno pastorale regionale al quale ho partecipato sabato insieme col gruppo \"La Pira\" praticamente al completo e a un paio di centinaia di altri giunti da (quasi) tutte le diocesi della Sardegna (a questo indirizzo trovate le registrazioni di buona parte delle relazioni\u2026","rel":"","context":"In &quot;Coordinate&quot;","block_context":{"text":"Coordinate","link":"http:\/\/www.robertosedda.it\/?cat=52"},"img":{"alt_text":"","src":"https:\/\/i0.wp.com\/www.robertosedda.it\/wp-content\/uploads\/2014\/10\/cropped-testata-sito.jpg?fit=980%2C320&resize=350%2C200","width":350,"height":200,"srcset":"https:\/\/i0.wp.com\/www.robertosedda.it\/wp-content\/uploads\/2014\/10\/cropped-testata-sito.jpg?fit=980%2C320&resize=350%2C200 1x, https:\/\/i0.wp.com\/www.robertosedda.it\/wp-content\/uploads\/2014\/10\/cropped-testata-sito.jpg?fit=980%2C320&resize=700%2C400 2x"},"classes":[]},{"id":16484,"url":"http:\/\/www.robertosedda.it\/?p=16484","url_meta":{"origin":7294,"position":1},"title":"Frontiere del passato (e del futuro)","author":"Rufus","date":"29\/03\/2019","format":false,"excerpt":"Ho letto sul New York Times un bellissimo articolo sulle nuove frontiere della paleoarcheologia, basata sull'analisi del DNA estraibile dalle ossa dei nostri progenitori. L'articolo \u00e8 molto lungo (e appassionante) e non posso tradurlo, ma cerco qui di segnalare gli elementi di interesse. Presenta alcune affascinanti figure di scienziati pi\u00f9\u2026","rel":"","context":"In &quot;Antropologia&quot;","block_context":{"text":"Antropologia","link":"http:\/\/www.robertosedda.it\/?cat=97"},"img":{"alt_text":"","src":"https:\/\/i0.wp.com\/www.robertosedda.it\/wp-content\/uploads\/2019\/03\/NY-Times-DNA.jpg?fit=1050%2C549&resize=350%2C200","width":350,"height":200,"srcset":"https:\/\/i0.wp.com\/www.robertosedda.it\/wp-content\/uploads\/2019\/03\/NY-Times-DNA.jpg?fit=1050%2C549&resize=350%2C200 1x, https:\/\/i0.wp.com\/www.robertosedda.it\/wp-content\/uploads\/2019\/03\/NY-Times-DNA.jpg?fit=1050%2C549&resize=700%2C400 2x, https:\/\/i0.wp.com\/www.robertosedda.it\/wp-content\/uploads\/2019\/03\/NY-Times-DNA.jpg?fit=1050%2C549&resize=1050%2C600 3x"},"classes":[]},{"id":2383,"url":"http:\/\/www.robertosedda.it\/?p=2383","url_meta":{"origin":7294,"position":2},"title":"Eleggiamo on line il nuovo Presidente della Repubblica","author":"Rufus","date":"28\/02\/2013","format":false,"excerpt":"Ieri ho chiesto ai miei contatti su Facebook chi vorrebbero come prossimo Presidente della Repubblica. \u00c8 un tema su cui mi interrogo un po', ultimamente. Considerato che la democrazia diretta va di moda, come pure le votazioni on line, ripeto la domanda anche qui sul blog. Le opzioni di scelta\u2026","rel":"","context":"In &quot;Coordinate&quot;","block_context":{"text":"Coordinate","link":"http:\/\/www.robertosedda.it\/?cat=52"},"img":{"alt_text":"","src":"","width":0,"height":0},"classes":[]},{"id":294,"url":"http:\/\/www.robertosedda.it\/?p=294","url_meta":{"origin":7294,"position":3},"title":"&#8220;Il sorriso di Niccol\u00f2&#8221;: un libro frustrante","author":"Rufus","date":"21\/08\/2012","format":false,"excerpt":"Non saprei dire se la frustrazione derivi da limiti oggettivi del testo o dal fatto che le mie aspettative erano mal riposte. Il sorriso di Nicol\u00f2 \u00e8 una biografia di Machiavelli, niente di pi\u00f9 e niente di meno. Il problema \u00e8 che, non avendo niente di pi\u00f9, finisce per essere\u2026","rel":"","context":"In &quot;Coordinate&quot;","block_context":{"text":"Coordinate","link":"http:\/\/www.robertosedda.it\/?cat=52"},"img":{"alt_text":"","src":"https:\/\/i0.wp.com\/www.robertosedda.it\/wp-content\/uploads\/2012\/08\/9788842061489g.jpg?fit=200%2C309&resize=350%2C200","width":350,"height":200},"classes":[]},{"id":1540,"url":"http:\/\/www.robertosedda.it\/?p=1540","url_meta":{"origin":7294,"position":4},"title":"&#8220;Stare&#8221; in rete o &#8220;essere&#8221; in rete","author":"Rufus","date":"30\/11\/2012","format":false,"excerpt":"Sono molto grato a Carla Anolfo, Vicepresidente per il Settore adulti della nostra AC diocesana che, nel suo quotidiano sforzo di animazione della pagina Facebook dell\u2019AC, ha segnalato un importante articolo di padre Antonio Spadaro, SJ, intitolato\u00a0\u00abLa rete, risorsa di senso\u00bb, che mi era del tutto sfuggito. Di Padre Spadaro\u2026","rel":"","context":"In &quot;Coordinate&quot;","block_context":{"text":"Coordinate","link":"http:\/\/www.robertosedda.it\/?cat=52"},"img":{"alt_text":"","src":"https:\/\/i0.wp.com\/www.robertosedda.it\/wp-content\/uploads\/2012\/11\/impariamo_a_stare_in_rete.gif?fit=826%2C1169&resize=350%2C200","width":350,"height":200,"srcset":"https:\/\/i0.wp.com\/www.robertosedda.it\/wp-content\/uploads\/2012\/11\/impariamo_a_stare_in_rete.gif?fit=826%2C1169&resize=350%2C200 1x, https:\/\/i0.wp.com\/www.robertosedda.it\/wp-content\/uploads\/2012\/11\/impariamo_a_stare_in_rete.gif?fit=826%2C1169&resize=700%2C400 2x"},"classes":[]},{"id":669,"url":"http:\/\/www.robertosedda.it\/?p=669","url_meta":{"origin":7294,"position":5},"title":"La globalizzazione di Vinoba","author":"Rufus","date":"23\/08\/2012","format":false,"excerpt":"Sto leggendo una raccolta di scritti di Gandhi su Villaggio e autonomia. Si tratta di una discreta sintesi del pensiero di Gandhi sul futuro economico e poitico dell'India e in particolare delle sue enormi masse rurali, per le quali Gandhi proponeva quella che oggi chiameremmo devolution, cio\u00e8 in pratica una\u2026","rel":"","context":"In &quot;Coordinate&quot;","block_context":{"text":"Coordinate","link":"http:\/\/www.robertosedda.it\/?cat=52"},"img":{"alt_text":"","src":"https:\/\/i0.wp.com\/www.robertosedda.it\/wp-content\/uploads\/2012\/08\/villaggio_gandhi_b.jpg?fit=400%2C597&resize=350%2C200","width":350,"height":200},"classes":[]}],"_links":{"self":[{"href":"http:\/\/www.robertosedda.it\/index.php?rest_route=\/wp\/v2\/posts\/7294"}],"collection":[{"href":"http:\/\/www.robertosedda.it\/index.php?rest_route=\/wp\/v2\/posts"}],"about":[{"href":"http:\/\/www.robertosedda.it\/index.php?rest_route=\/wp\/v2\/types\/post"}],"author":[{"embeddable":true,"href":"http:\/\/www.robertosedda.it\/index.php?rest_route=\/wp\/v2\/users\/1"}],"replies":[{"embeddable":true,"href":"http:\/\/www.robertosedda.it\/index.php?rest_route=%2Fwp%2Fv2%2Fcomments&post=7294"}],"version-history":[{"count":7,"href":"http:\/\/www.robertosedda.it\/index.php?rest_route=\/wp\/v2\/posts\/7294\/revisions"}],"predecessor-version":[{"id":7302,"href":"http:\/\/www.robertosedda.it\/index.php?rest_route=\/wp\/v2\/posts\/7294\/revisions\/7302"}],"wp:featuredmedia":[{"embeddable":true,"href":"http:\/\/www.robertosedda.it\/index.php?rest_route=\/wp\/v2\/media\/3003"}],"wp:attachment":[{"href":"http:\/\/www.robertosedda.it\/index.php?rest_route=%2Fwp%2Fv2%2Fmedia&parent=7294"}],"wp:term":[{"taxonomy":"category","embeddable":true,"href":"http:\/\/www.robertosedda.it\/index.php?rest_route=%2Fwp%2Fv2%2Fcategories&post=7294"},{"taxonomy":"post_tag","embeddable":true,"href":"http:\/\/www.robertosedda.it\/index.php?rest_route=%2Fwp%2Fv2%2Ftags&post=7294"}],"curies":[{"name":"wp","href":"https:\/\/api.w.org\/{rel}","templated":true}]}}