{"id":7291,"date":"2014-05-07T23:42:43","date_gmt":"2014-05-07T21:42:43","guid":{"rendered":"http:\/\/www.robertosedda.it\/?p=7291"},"modified":"2025-05-08T15:52:55","modified_gmt":"2025-05-08T13:52:55","slug":"avviso-ai-radionaviganti-e-wrcita","status":"publish","type":"post","link":"http:\/\/www.robertosedda.it\/?p=7291","title":{"rendered":"Avviso ai radionaviganti e #wrcita"},"content":{"rendered":"<p>Gioved\u00ec 8 maggio alle 10 mi intervistano su <a href=\"http:\/\/www.unicaradio.it\/\"><em>unicaradio<\/em><\/a>, la <em>web radio<\/em> degli studenti dell&#8217;Universit\u00e0 di Cagliari.<\/p>\n<p>I ragazzi sono impegnati in <a href=\"http:\/\/www.unicaradio.it\/articoli\/2014\/05\/08\/3796-world-radio-challenge\">una gara con altre radio studentesche di otto diversi paesi<\/a> (Italia, Spagna, Messico, Germania, Inghilterra, Turchia, Finlandia, e Singapore): una maratona di 72 ore ininterrotte per realizzare la trasmissione radio pi\u00f9 lunga della storia. Fra tutti gli ospiti che aiutano a riempire il palinsesto per tutto hanno chiesto anche a me di intervenire, per parlare di giochi.<\/p>\n<p><a href=\"https:\/\/i0.wp.com\/www.robertosedda.it\/wp-content\/uploads\/2014\/05\/Unica-Radio.jpg\"><img data-attachment-id=\"7292\" data-permalink=\"http:\/\/www.robertosedda.it\/?attachment_id=7292\" data-orig-file=\"https:\/\/i0.wp.com\/www.robertosedda.it\/wp-content\/uploads\/2014\/05\/Unica-Radio.jpg?fit=2000%2C769\" data-orig-size=\"2000,769\" data-comments-opened=\"1\" data-image-meta=\"{&quot;aperture&quot;:&quot;0&quot;,&quot;credit&quot;:&quot;&quot;,&quot;camera&quot;:&quot;&quot;,&quot;caption&quot;:&quot;&quot;,&quot;created_timestamp&quot;:&quot;0&quot;,&quot;copyright&quot;:&quot;&quot;,&quot;focal_length&quot;:&quot;0&quot;,&quot;iso&quot;:&quot;0&quot;,&quot;shutter_speed&quot;:&quot;0&quot;,&quot;title&quot;:&quot;&quot;}\" data-image-title=\"Unica Radio\" data-image-description=\"\" data-image-caption=\"\" data-medium-file=\"https:\/\/i0.wp.com\/www.robertosedda.it\/wp-content\/uploads\/2014\/05\/Unica-Radio.jpg?fit=300%2C115\" data-large-file=\"https:\/\/i0.wp.com\/www.robertosedda.it\/wp-content\/uploads\/2014\/05\/Unica-Radio.jpg?fit=510%2C196\" decoding=\"async\" loading=\"lazy\" class=\"aligncenter size-large wp-image-7292\" src=\"https:\/\/i0.wp.com\/www.robertosedda.it\/wp-content\/uploads\/2014\/05\/Unica-Radio.jpg?resize=510%2C196\" alt=\"Unica Radio\" width=\"510\" height=\"196\" srcset=\"https:\/\/i0.wp.com\/www.robertosedda.it\/wp-content\/uploads\/2014\/05\/Unica-Radio.jpg?resize=510%2C196 510w, https:\/\/i0.wp.com\/www.robertosedda.it\/wp-content\/uploads\/2014\/05\/Unica-Radio.jpg?resize=150%2C57 150w, https:\/\/i0.wp.com\/www.robertosedda.it\/wp-content\/uploads\/2014\/05\/Unica-Radio.jpg?resize=300%2C115 300w, https:\/\/i0.wp.com\/www.robertosedda.it\/wp-content\/uploads\/2014\/05\/Unica-Radio.jpg?resize=700%2C269 700w, https:\/\/i0.wp.com\/www.robertosedda.it\/wp-content\/uploads\/2014\/05\/Unica-Radio.jpg?w=2000 2000w, https:\/\/i0.wp.com\/www.robertosedda.it\/wp-content\/uploads\/2014\/05\/Unica-Radio.jpg?w=1600 1600w\" sizes=\"(max-width: 510px) 100vw, 510px\" data-recalc-dims=\"1\" \/><\/a>Se vi fa piacere ascoltarmi, intorno alle 10 sintonizzatevi sullo<a href=\"http:\/\/unono.net\/unicaradio\"><em> streaming<\/em> della radio<\/a>. Se volete &#8220;votare&#8221; ulteriormente i ragazzi di <em>unicaradio<\/em> usate su <em>Facebook<\/em>, <em>Twitter<\/em> o <em>Foursquare<\/em> l&#8217;<em>hashtag<\/em> #wrcita.<\/p>\n","protected":false},"excerpt":{"rendered":"<p>Gioved\u00ec 8 maggio alle 10 mi intervistano su unicaradio, la web radio degli studenti dell&#8217;Universit\u00e0 di Cagliari. I ragazzi sono<\/p>\n","protected":false},"author":1,"featured_media":7292,"comment_status":"open","ping_status":"open","sticky":false,"template":"","format":"standard","meta":{"_mi_skip_tracking":false,"_monsterinsights_sitenote_active":false,"_monsterinsights_sitenote_note":"","_monsterinsights_sitenote_category":0,"jetpack_post_was_ever_published":false,"_jetpack_newsletter_access":"","jetpack_publicize_message":"","jetpack_is_tweetstorm":false,"jetpack_publicize_feature_enabled":true,"jetpack_social_post_already_shared":true,"jetpack_social_options":{"image_generator_settings":{"template":"highway","enabled":false}}},"categories":[52,49,64,55,12],"tags":[],"jetpack_publicize_connections":[],"jetpack_featured_media_url":"https:\/\/i0.wp.com\/www.robertosedda.it\/wp-content\/uploads\/2014\/05\/Unica-Radio.jpg?fit=2000%2C769","jetpack_sharing_enabled":true,"jetpack_shortlink":"https:\/\/wp.me\/p4jV2T-1TB","jetpack_likes_enabled":true,"jetpack-related-posts":[{"id":12235,"url":"http:\/\/www.robertosedda.it\/?p=12235","url_meta":{"origin":7291,"position":0},"title":"Prossima stazione America","author":"Rufus","date":"14\/07\/2016","format":false,"excerpt":"Credo sappiate che il tema dei viaggi in treno mi appassiona da un po' (probabilmente da quando andai a Vienna in treno dopo la maturit\u00e0, credo, ma quella \u00e8 un'altra storia e sar\u00e0 raccontata un'altra volta). E avevo gi\u00e0 segnalato il lavoro del regista Duccio Chiarini\u00a0e le sue interviste sui\u2026","rel":"","context":"In &quot;Coordinate&quot;","block_context":{"text":"Coordinate","link":"http:\/\/www.robertosedda.it\/?cat=52"},"img":{"alt_text":"","src":"https:\/\/i0.wp.com\/www.robertosedda.it\/wp-content\/uploads\/2016\/07\/Prossima-stazione-America.jpg?fit=850%2C480&resize=350%2C200","width":350,"height":200,"srcset":"https:\/\/i0.wp.com\/www.robertosedda.it\/wp-content\/uploads\/2016\/07\/Prossima-stazione-America.jpg?fit=850%2C480&resize=350%2C200 1x, https:\/\/i0.wp.com\/www.robertosedda.it\/wp-content\/uploads\/2016\/07\/Prossima-stazione-America.jpg?fit=850%2C480&resize=700%2C400 2x"},"classes":[]},{"id":3858,"url":"http:\/\/www.robertosedda.it\/?p=3858","url_meta":{"origin":7291,"position":1},"title":"\u00c8 in linea l&#8217;intervista su Banca Etica a Radio X","author":"Rufus","date":"04\/07\/2013","format":false,"excerpt":"Ho visto che su Radio X \u00e8 stata messa on line la puntata di ieri di Extralive! in cui sono stato intervistato da Vito Biolchini su Banca Etica. In sala c'eravamo io, Maria Bonaria (grazie alle sue arti promozionali e a quelle di Viviana siamo stati invitati) e Gaetano, i\u2026","rel":"","context":"In &quot;Banche e finanza&quot;","block_context":{"text":"Banche e finanza","link":"http:\/\/www.robertosedda.it\/?cat=72"},"img":{"alt_text":"","src":"https:\/\/i0.wp.com\/www.robertosedda.it\/wp-content\/uploads\/2013\/07\/20130703_190126.jpg?fit=1200%2C900&resize=350%2C200","width":350,"height":200,"srcset":"https:\/\/i0.wp.com\/www.robertosedda.it\/wp-content\/uploads\/2013\/07\/20130703_190126.jpg?fit=1200%2C900&resize=350%2C200 1x, https:\/\/i0.wp.com\/www.robertosedda.it\/wp-content\/uploads\/2013\/07\/20130703_190126.jpg?fit=1200%2C900&resize=700%2C400 2x, https:\/\/i0.wp.com\/www.robertosedda.it\/wp-content\/uploads\/2013\/07\/20130703_190126.jpg?fit=1200%2C900&resize=1050%2C600 3x"},"classes":[]},{"id":10888,"url":"http:\/\/www.robertosedda.it\/?p=10888","url_meta":{"origin":7291,"position":2},"title":"Come detto, teatro","author":"Rufus","date":"24\/09\/2015","format":"video","excerpt":"http:\/\/www.radiokalaritana.it\/audio\/LIB-S04E01-Le_opere_teatrali-20150917.mp3 Parlare di teatro (Oggi parliamo di libri, 17\/09\/2015) La presenza del\u00a0podcast mi permette di riproporre qui sul blog\u00a0le puntate di\u00a0Oggi parliamo di libri\u00a0in maniera pi\u00f9 puntuale: questa \u00e8 la prima, andata in onda la settimana scorsa, e la sua pubblicazione vale anche come invito ad ascoltare la seconda, questa\u2026","rel":"","context":"In &quot;Coordinate&quot;","block_context":{"text":"Coordinate","link":"http:\/\/www.robertosedda.it\/?cat=52"},"img":{"alt_text":"","src":"","width":0,"height":0},"classes":[]},{"id":1551,"url":"http:\/\/www.robertosedda.it\/?p=1551","url_meta":{"origin":7291,"position":3},"title":"Radio Days","author":"Rufus","date":"04\/12\/2012","format":false,"excerpt":"Su gentile invito di don Giulio Madeddu e sotto l'ala protettiva e amichevole di Andrea Pala, dal 6 dicembre conduco (la parola, lo ammetto, mi fa impressione) una trasmissione radio, in cui parlo di libri fantasy e fantascientifici (per una prima serie di una dozzina di puntate:\u00a0in futuro parler\u00f2 anche\u2026","rel":"","context":"In &quot;Coordinate&quot;","block_context":{"text":"Coordinate","link":"http:\/\/www.robertosedda.it\/?cat=52"},"img":{"alt_text":"","src":"https:\/\/i0.wp.com\/www.robertosedda.it\/wp-content\/uploads\/2012\/12\/197882_4997567705416_1682811050_n.jpg?fit=750%2C865&resize=350%2C200","width":350,"height":200,"srcset":"https:\/\/i0.wp.com\/www.robertosedda.it\/wp-content\/uploads\/2012\/12\/197882_4997567705416_1682811050_n.jpg?fit=750%2C865&resize=350%2C200 1x, https:\/\/i0.wp.com\/www.robertosedda.it\/wp-content\/uploads\/2012\/12\/197882_4997567705416_1682811050_n.jpg?fit=750%2C865&resize=700%2C400 2x"},"classes":[]},{"id":14970,"url":"http:\/\/www.robertosedda.it\/?p=14970","url_meta":{"origin":7291,"position":4},"title":"La mattina, quando mi alzo&#8230;","author":"Rufus","date":"06\/04\/2018","format":false,"excerpt":"Cagliari Inedei \u00e8 un programma su\u00a0Radio X\u00a0inventato e curato da Cristina Marras che cerca di raccontare la nostra citt\u00e0 e la sua vita attraverso delle piccolissime pillole di racconti della giornata tipo dei suoi abitanti, fatti dalla loro stessa voce raccolta in maniera molto spontanea. Cos'\u00e8 una citt\u00e0 se non\u2026","rel":"","context":"In &quot;Coordinate&quot;","block_context":{"text":"Coordinate","link":"http:\/\/www.robertosedda.it\/?cat=52"},"img":{"alt_text":"","src":"https:\/\/i0.wp.com\/www.robertosedda.it\/wp-content\/uploads\/2018\/04\/cagliari-inedeilogo-620x350.jpg?fit=620%2C350&resize=350%2C200","width":350,"height":200},"classes":[]},{"id":9879,"url":"http:\/\/www.robertosedda.it\/?p=9879","url_meta":{"origin":7291,"position":5},"title":"URGENTE!!1!!1! FATE GIRARE!!1!1!!","author":"Rufus","date":"01\/04\/2015","format":false,"excerpt":"Ok, adesso che ho la vostra attenzione, il mio problema \u00e8 questo: ... ... pronti? Insomma: sono quasi tre anni che faccio Oggi parliamo di libri e non ho mai nessuna reazione. Non so manco se qualcuno mi ascolta (a parte mia mamma, santa donna, e un paio di amici\u2026","rel":"","context":"In &quot;Coordinate&quot;","block_context":{"text":"Coordinate","link":"http:\/\/www.robertosedda.it\/?cat=52"},"img":{"alt_text":"","src":"https:\/\/i0.wp.com\/www.robertosedda.it\/wp-content\/uploads\/2012\/12\/197882_4997567705416_1682811050_n.jpg?fit=750%2C865&resize=350%2C200","width":350,"height":200,"srcset":"https:\/\/i0.wp.com\/www.robertosedda.it\/wp-content\/uploads\/2012\/12\/197882_4997567705416_1682811050_n.jpg?fit=750%2C865&resize=350%2C200 1x, https:\/\/i0.wp.com\/www.robertosedda.it\/wp-content\/uploads\/2012\/12\/197882_4997567705416_1682811050_n.jpg?fit=750%2C865&resize=700%2C400 2x"},"classes":[]}],"_links":{"self":[{"href":"http:\/\/www.robertosedda.it\/index.php?rest_route=\/wp\/v2\/posts\/7291"}],"collection":[{"href":"http:\/\/www.robertosedda.it\/index.php?rest_route=\/wp\/v2\/posts"}],"about":[{"href":"http:\/\/www.robertosedda.it\/index.php?rest_route=\/wp\/v2\/types\/post"}],"author":[{"embeddable":true,"href":"http:\/\/www.robertosedda.it\/index.php?rest_route=\/wp\/v2\/users\/1"}],"replies":[{"embeddable":true,"href":"http:\/\/www.robertosedda.it\/index.php?rest_route=%2Fwp%2Fv2%2Fcomments&post=7291"}],"version-history":[{"count":2,"href":"http:\/\/www.robertosedda.it\/index.php?rest_route=\/wp\/v2\/posts\/7291\/revisions"}],"predecessor-version":[{"id":18667,"href":"http:\/\/www.robertosedda.it\/index.php?rest_route=\/wp\/v2\/posts\/7291\/revisions\/18667"}],"wp:featuredmedia":[{"embeddable":true,"href":"http:\/\/www.robertosedda.it\/index.php?rest_route=\/wp\/v2\/media\/7292"}],"wp:attachment":[{"href":"http:\/\/www.robertosedda.it\/index.php?rest_route=%2Fwp%2Fv2%2Fmedia&parent=7291"}],"wp:term":[{"taxonomy":"category","embeddable":true,"href":"http:\/\/www.robertosedda.it\/index.php?rest_route=%2Fwp%2Fv2%2Fcategories&post=7291"},{"taxonomy":"post_tag","embeddable":true,"href":"http:\/\/www.robertosedda.it\/index.php?rest_route=%2Fwp%2Fv2%2Ftags&post=7291"}],"curies":[{"name":"wp","href":"https:\/\/api.w.org\/{rel}","templated":true}]}}