{"id":7289,"date":"2014-05-07T16:12:21","date_gmt":"2014-05-07T14:12:21","guid":{"rendered":"http:\/\/www.robertosedda.it\/?p=7289"},"modified":"2021-05-08T17:53:29","modified_gmt":"2021-05-08T15:53:29","slug":"la-poco-convincente-visione-del-mondo-di-alicia-gimenez-bartlett","status":"publish","type":"post","link":"http:\/\/www.robertosedda.it\/?p=7289","title":{"rendered":"La poco convincente visione del mondo di Alicia Gimenez-Bartlett"},"content":{"rendered":"<p>Sono finalmente giunto in possesso dei <em>file<\/em> delle ultime puntate di <em>Oggi parliamo di libri<\/em> e ho ricominciato a <a href=\"http:\/\/www.youtube.com\/channel\/UC37IP50YwIadpe6Wqz4RpEw\">caricarle sul mio canale <em>Youtube<\/em><\/a>.<\/p>\n<p>Ho iniziato con la ventunesima puntata, che era dedicata ai gialli con protagonista Petra Delicado, di Alicia Gimenez-Bartlett.<\/p>\n<div class=\"jetpack-video-wrapper\"><span class=\"embed-youtube\" style=\"text-align:center; display: block;\"><iframe loading=\"lazy\" class=\"youtube-player\" width=\"800\" height=\"450\" src=\"https:\/\/www.youtube.com\/embed\/-SyNLB7irCQ?version=3&#038;rel=1&#038;showsearch=0&#038;showinfo=1&#038;iv_load_policy=1&#038;fs=1&#038;hl=it-IT&#038;autohide=2&#038;wmode=transparent\" allowfullscreen=\"true\" style=\"border:0;\" sandbox=\"allow-scripts allow-same-origin allow-popups allow-presentation\"><\/iframe><\/span><\/div>\n<p>Se avete ascoltato la puntata vi sarete resi conto che ho espresso delle perplessit\u00e0 su questa serie di gialli: in realt\u00e0 mi sono reso conto che il tempo stava per scadere e perci\u00f2 ho un po&#8217; tirato via veloce. Sul <em>blog<\/em> ho un po&#8217; pi\u00f9 spazio e mi permetto di esprimere un giudizio pi\u00f9 recisamente negativo che parte in realt\u00e0 da quello sul quale in trasmissione sono stato pi\u00f9 benevolo, e cio\u00e8 la qualit\u00e0 <em>tecnica<\/em> dei gialli, nel senso che il lavoro investigativo di Petra e Ferm\u00edn non ingrana, non \u00e8 convincente: troppo spesso la soluzione del caso avviene per eventi al di fuori del loro controllo o per delle casualit\u00e0. Naturalmente in parte questo dipende da un certo taglio realistico della narrazione e dalla volont\u00e0 di descrivere il lavoro da poliziotto come realmente \u00e8, con i suoi tempi morti e i suoi andirivieni senza scopo; d&#8217;altra parte per\u00f2 la dimensione arzigogolata dei casi &#8211; manca solo un delitto della camera chiusa &#8211; contrasta con tutto questo verismo: meglio allora Philo Vance.<\/p>\n<p>Quello che per\u00f2 mi disturba, in realt\u00e0 (dopo la puntata sono andato ulteriormente avanti nella lettura della serie) \u00e8 una obiezione politica che esprimerei cos\u00ec: sono gialli scritti per femministe quarantenni <em>radical chic<\/em> (\u00e8 probabile che mi stia bruciando un sacco di amicizie con questo articolo&#8230;). Come ho detto in trasmissione di fronte a una lettura insistita il tono sentenzioso di Petra, la volont\u00e0 di denuncia sociale, lo scoperchiare pentole appaiono superficiali e, tutto sommato, poco documentati: nonostante il dichiarato c&#8217;\u00e8 molta poca partecipazione reale e molta osservazione distaccata, molto borghese, delle miserie della plebe, laggi\u00f9.<\/p>\n<p>In realt\u00e0 quello che mi disturba di pi\u00f9, per\u00f2, \u00e8 la necessit\u00e0 che ha Petra di intrecciare una nuova relazione quasi a ogni puntata, una caratteristica tipica del giallo al femminile scritto per signore. Ma questo \u00e8 esattamente quello che volevo dire nella puntata successiva e anche qui mi riservo il discorso a quando la pubblicher\u00f2.<\/p>\n<p>In trasmissione abbiamo usato <em>Malo <\/em>di Bebe come pausa musicale; ve la propongo in una versione <em>live<\/em> diversa.<\/p>\n<div class=\"jetpack-video-wrapper\"><span class=\"embed-youtube\" style=\"text-align:center; display: block;\"><iframe loading=\"lazy\" class=\"youtube-player\" width=\"800\" height=\"450\" src=\"https:\/\/www.youtube.com\/embed\/01d0UhR75CI?version=3&#038;rel=1&#038;showsearch=0&#038;showinfo=1&#038;iv_load_policy=1&#038;fs=1&#038;hl=it-IT&#038;autohide=2&#038;wmode=transparent\" allowfullscreen=\"true\" style=\"border:0;\" sandbox=\"allow-scripts allow-same-origin allow-popups allow-presentation\"><\/iframe><\/span><\/div>\n","protected":false},"excerpt":{"rendered":"<p>Sono finalmente giunto in possesso dei file delle ultime puntate di Oggi parliamo di libri e ho ricominciato a caricarle<\/p>\n","protected":false},"author":1,"featured_media":18665,"comment_status":"open","ping_status":"open","sticky":false,"template":"","format":"video","meta":{"_mi_skip_tracking":false,"_monsterinsights_sitenote_active":false,"_monsterinsights_sitenote_note":"","_monsterinsights_sitenote_category":0,"jetpack_post_was_ever_published":false,"_jetpack_newsletter_access":"","jetpack_publicize_message":"","jetpack_is_tweetstorm":false,"jetpack_publicize_feature_enabled":true,"jetpack_social_post_already_shared":true,"jetpack_social_options":{"image_generator_settings":{"template":"highway","enabled":false}}},"categories":[52,56,13,68,12],"tags":[],"jetpack_publicize_connections":[],"jetpack_featured_media_url":"https:\/\/i0.wp.com\/www.robertosedda.it\/wp-content\/uploads\/2014\/05\/Petra-Delicado.jpg?fit=224%2C313","jetpack_sharing_enabled":true,"jetpack_shortlink":"https:\/\/wp.me\/p4jV2T-1Tz","jetpack_likes_enabled":true,"jetpack-related-posts":[{"id":7441,"url":"http:\/\/www.robertosedda.it\/?p=7441","url_meta":{"origin":7289,"position":0},"title":"Gialli al femminile: \u00abuna ragazzina lo sai che io son per te\u00bb","author":"Rufus","date":"16\/05\/2014","format":"video","excerpt":"Prima di tutto credo di dover spiegare il titolo: il riferimento \u00e8 a una canzone di Sylvie Vartan dell'epoca della mia infanzia, Come un ragazzo http:\/\/www.youtube.com\/watch?v=cllAhRvHk3s Sara Paretsky, Linda Barnes e Sue Grafton La puntata di Oggi parliamo di libri trasmessa nella settimana dell'8 marzo era dedicata, con un accostamento\u2026","rel":"","context":"In &quot;Coordinate&quot;","block_context":{"text":"Coordinate","link":"http:\/\/www.robertosedda.it\/?cat=52"},"img":{"alt_text":"","src":"https:\/\/i0.wp.com\/img.youtube.com\/vi\/cllAhRvHk3s\/0.jpg?resize=350%2C200","width":350,"height":200},"classes":[]},{"id":4594,"url":"http:\/\/www.robertosedda.it\/?p=4594","url_meta":{"origin":7289,"position":1},"title":"La musica che metter\u00f2, se me la consigliate","author":"Rufus","date":"10\/10\/2013","format":false,"excerpt":"Sono ripartite su Radio Kalaritana le trasmissioni di Oggi parliamo di libri. Ok, breve riassunto pubblicitario: vado in onda il gioved\u00ec alle 19,10 e in replica il venerd\u00ec alle 8,30 del mattino sui 97.5 FM (o in streaming). La trasmissione ha anche una sua pagina Facebook che dopo la pausa\u2026","rel":"","context":"In &quot;Coordinate&quot;","block_context":{"text":"Coordinate","link":"http:\/\/www.robertosedda.it\/?cat=52"},"img":{"alt_text":"","src":"https:\/\/i0.wp.com\/www.robertosedda.it\/wp-content\/uploads\/2013\/03\/535033_144686819023383_216259237_n.jpg?fit=960%2C960&resize=350%2C200","width":350,"height":200,"srcset":"https:\/\/i0.wp.com\/www.robertosedda.it\/wp-content\/uploads\/2013\/03\/535033_144686819023383_216259237_n.jpg?fit=960%2C960&resize=350%2C200 1x, https:\/\/i0.wp.com\/www.robertosedda.it\/wp-content\/uploads\/2013\/03\/535033_144686819023383_216259237_n.jpg?fit=960%2C960&resize=700%2C400 2x"},"classes":[]},{"id":9309,"url":"http:\/\/www.robertosedda.it\/?p=9309","url_meta":{"origin":7289,"position":2},"title":"I libri che ho letto nel 2014","author":"Rufus","date":"08\/01\/2015","format":false,"excerpt":"Anobii mi informa che nel 2014 ho letto meno libri che nel 2013 ma per pi\u00f9 pagine: non posso proprio dire di averci fatto caso, in realt\u00e0, cos\u00ec come l'anno scorso ero rimasto piuttosto sorpreso nello scoprire che era accaduto l'inverso. Ad ogni modo i libri che ho letto sono\u2026","rel":"","context":"In &quot;Coordinate&quot;","block_context":{"text":"Coordinate","link":"http:\/\/www.robertosedda.it\/?cat=52"},"img":{"alt_text":"","src":"https:\/\/i0.wp.com\/www.robertosedda.it\/wp-content\/uploads\/2013\/10\/Gesrusalemme-liberata.jpg?fit=315%2C420&resize=350%2C200","width":350,"height":200},"classes":[]},{"id":5667,"url":"http:\/\/www.robertosedda.it\/?p=5667","url_meta":{"origin":7289,"position":3},"title":"Una coppia di detective navajo","author":"Rufus","date":"31\/12\/2013","format":"video","excerpt":"Ho voluto dedicare una puntata di Oggi parliamo di libri ai gialli in cui Tony Hillerman mette in scena le avventure degli agenti della Polizia Tribale Navajo prima di tutto perch\u00e9 mi piacciono molto: se avessi dovuto seguire rigidamente le regole che mi sono dato per le trasmissioni difficilmente questi\u2026","rel":"","context":"In &quot;Coordinate&quot;","block_context":{"text":"Coordinate","link":"http:\/\/www.robertosedda.it\/?cat=52"},"img":{"alt_text":"","src":"https:\/\/i0.wp.com\/www.robertosedda.it\/wp-content\/uploads\/2013\/12\/Skinwalkers-Leaphorn-and-Chee.jpg?fit=863%2C583&resize=350%2C200","width":350,"height":200,"srcset":"https:\/\/i0.wp.com\/www.robertosedda.it\/wp-content\/uploads\/2013\/12\/Skinwalkers-Leaphorn-and-Chee.jpg?fit=863%2C583&resize=350%2C200 1x, https:\/\/i0.wp.com\/www.robertosedda.it\/wp-content\/uploads\/2013\/12\/Skinwalkers-Leaphorn-and-Chee.jpg?fit=863%2C583&resize=700%2C400 2x"},"classes":[]},{"id":6519,"url":"http:\/\/www.robertosedda.it\/?p=6519","url_meta":{"origin":7289,"position":4},"title":"Bustianu e Marcello Fois","author":"Rufus","date":"20\/02\/2014","format":"video","excerpt":"Ho dedicato una puntata a Bustianu e ai gialli di ambientazione ottocentesca di Marcello Fois, Sempre caro, Sangue dal cielo e L'altro mondo con qualche esitazione e una sicurezza. La sicurezza era che il brano musicale scelto per l'intermezzo era uno dei migliori di tutte le puntate: Fin da quando\u2026","rel":"","context":"In &quot;Coordinate&quot;","block_context":{"text":"Coordinate","link":"http:\/\/www.robertosedda.it\/?cat=52"},"img":{"alt_text":"","src":"https:\/\/i0.wp.com\/img.youtube.com\/vi\/p6OI5M5DYWw\/0.jpg?resize=350%2C200","width":350,"height":200},"classes":[]},{"id":3424,"url":"http:\/\/www.robertosedda.it\/?p=3424","url_meta":{"origin":7289,"position":5},"title":"I gialli di cui parler\u00f2 (se voi me li consigliate)","author":"Rufus","date":"04\/06\/2013","format":false,"excerpt":"Mentre Oggi parliamo di libri del 2012\/2013 si avvia alla conclusione (per l'estate ci fermiamo) mi \u00e8 venuta voglia di dedicare un po' di tempo a progettare la prossima stagione, lavoro per il quale chiedo aiuto a voi, affezionati lettori. Dedicher\u00f2 sicuramente un ciclo di puntate ai gialli. Ho messo\u2026","rel":"","context":"In &quot;Coordinate&quot;","block_context":{"text":"Coordinate","link":"http:\/\/www.robertosedda.it\/?cat=52"},"img":{"alt_text":"","src":"https:\/\/i0.wp.com\/www.robertosedda.it\/wp-content\/uploads\/2012\/11\/92_1334481194.jpg?fit=447%2C335&resize=350%2C200","width":350,"height":200},"classes":[]}],"_links":{"self":[{"href":"http:\/\/www.robertosedda.it\/index.php?rest_route=\/wp\/v2\/posts\/7289"}],"collection":[{"href":"http:\/\/www.robertosedda.it\/index.php?rest_route=\/wp\/v2\/posts"}],"about":[{"href":"http:\/\/www.robertosedda.it\/index.php?rest_route=\/wp\/v2\/types\/post"}],"author":[{"embeddable":true,"href":"http:\/\/www.robertosedda.it\/index.php?rest_route=\/wp\/v2\/users\/1"}],"replies":[{"embeddable":true,"href":"http:\/\/www.robertosedda.it\/index.php?rest_route=%2Fwp%2Fv2%2Fcomments&post=7289"}],"version-history":[{"count":3,"href":"http:\/\/www.robertosedda.it\/index.php?rest_route=\/wp\/v2\/posts\/7289\/revisions"}],"predecessor-version":[{"id":18664,"href":"http:\/\/www.robertosedda.it\/index.php?rest_route=\/wp\/v2\/posts\/7289\/revisions\/18664"}],"wp:featuredmedia":[{"embeddable":true,"href":"http:\/\/www.robertosedda.it\/index.php?rest_route=\/wp\/v2\/media\/18665"}],"wp:attachment":[{"href":"http:\/\/www.robertosedda.it\/index.php?rest_route=%2Fwp%2Fv2%2Fmedia&parent=7289"}],"wp:term":[{"taxonomy":"category","embeddable":true,"href":"http:\/\/www.robertosedda.it\/index.php?rest_route=%2Fwp%2Fv2%2Fcategories&post=7289"},{"taxonomy":"post_tag","embeddable":true,"href":"http:\/\/www.robertosedda.it\/index.php?rest_route=%2Fwp%2Fv2%2Ftags&post=7289"}],"curies":[{"name":"wp","href":"https:\/\/api.w.org\/{rel}","templated":true}]}}