{"id":7263,"date":"2014-05-03T17:19:59","date_gmt":"2014-05-03T15:19:59","guid":{"rendered":"http:\/\/www.robertosedda.it\/?p=7263"},"modified":"2023-05-04T11:01:18","modified_gmt":"2023-05-04T09:01:18","slug":"mi-tocchera-fondare-un-fan-group","status":"publish","type":"post","link":"http:\/\/www.robertosedda.it\/?p=7263","title":{"rendered":"Mi toccher\u00e0 fondare un fan group"},"content":{"rendered":"<p><a href=\"https:\/\/i0.wp.com\/www.robertosedda.it\/wp-content\/uploads\/2014\/05\/XV-assemblea-nazionale.jpg\"><img data-attachment-id=\"7266\" data-permalink=\"http:\/\/www.robertosedda.it\/?attachment_id=7266\" data-orig-file=\"https:\/\/i0.wp.com\/www.robertosedda.it\/wp-content\/uploads\/2014\/05\/XV-assemblea-nazionale.jpg?fit=591%2C394\" data-orig-size=\"591,394\" data-comments-opened=\"1\" data-image-meta=\"{&quot;aperture&quot;:&quot;0&quot;,&quot;credit&quot;:&quot;&quot;,&quot;camera&quot;:&quot;&quot;,&quot;caption&quot;:&quot;&quot;,&quot;created_timestamp&quot;:&quot;0&quot;,&quot;copyright&quot;:&quot;&quot;,&quot;focal_length&quot;:&quot;0&quot;,&quot;iso&quot;:&quot;0&quot;,&quot;shutter_speed&quot;:&quot;0&quot;,&quot;title&quot;:&quot;&quot;}\" data-image-title=\"XV-assemblea-nazionale\" data-image-description=\"\" data-image-caption=\"\" data-medium-file=\"https:\/\/i0.wp.com\/www.robertosedda.it\/wp-content\/uploads\/2014\/05\/XV-assemblea-nazionale.jpg?fit=300%2C200\" data-large-file=\"https:\/\/i0.wp.com\/www.robertosedda.it\/wp-content\/uploads\/2014\/05\/XV-assemblea-nazionale.jpg?fit=510%2C340\" decoding=\"async\" loading=\"lazy\" class=\"alignleft size-medium wp-image-7266\" src=\"https:\/\/i0.wp.com\/www.robertosedda.it\/wp-content\/uploads\/2014\/05\/XV-assemblea-nazionale.jpg?resize=300%2C200\" alt=\"XV-assemblea-nazionale\" width=\"300\" height=\"200\" srcset=\"https:\/\/i0.wp.com\/www.robertosedda.it\/wp-content\/uploads\/2014\/05\/XV-assemblea-nazionale.jpg?resize=300%2C200 300w, https:\/\/i0.wp.com\/www.robertosedda.it\/wp-content\/uploads\/2014\/05\/XV-assemblea-nazionale.jpg?resize=150%2C100 150w, https:\/\/i0.wp.com\/www.robertosedda.it\/wp-content\/uploads\/2014\/05\/XV-assemblea-nazionale.jpg?resize=510%2C340 510w, https:\/\/i0.wp.com\/www.robertosedda.it\/wp-content\/uploads\/2014\/05\/XV-assemblea-nazionale.jpg?w=591 591w\" sizes=\"(max-width: 300px) 100vw, 300px\" data-recalc-dims=\"1\" \/><\/a>Scorro distrattamente l&#8217;elenco degli eletti al nuovo Consiglio Nazionale dell&#8217;Azione Cattolica, eletto ieri durante la XV Assemblea Nazionale, e mi casca l&#8217;occhio sul nome di Lucia Colombo, della diocesi di Vercelli.<\/p>\n<p>Dovrebbe essere, immagino, la stessa Lucia Colombo vicepresidente dei giovani di Vercelli <a href=\"http:\/\/ultimotriennio.wordpress.com\/2011\/07\/01\/improvviso-amore\/\">sulla quale avevo sparso lodi a suo tempo su <em>ultimotriennio<\/em><\/a>.<\/p>\n<p>Vedo ora che \u00e8 stata la pi\u00f9 votata fra i giovani e la quarta in totale in tutto il Consiglio. Perbacco, che preveggenza.<\/p>\n<p>Auguri a tutti i nuovi eletti nei pi\u00f9 importante organismo dell&#8217;Associazione alla quale mi onoro di appartenere e congratulazioni a Lucia (che non conosco ancora, peraltro).<\/p>\n","protected":false},"excerpt":{"rendered":"<p>Scorro distrattamente l&#8217;elenco degli eletti al nuovo Consiglio Nazionale dell&#8217;Azione Cattolica, eletto ieri durante la XV Assemblea Nazionale, e mi<\/p>\n","protected":false},"author":1,"featured_media":7266,"comment_status":"open","ping_status":"open","sticky":false,"template":"","format":"standard","meta":{"_mi_skip_tracking":false,"_monsterinsights_sitenote_active":false,"_monsterinsights_sitenote_note":"","_monsterinsights_sitenote_category":0,"jetpack_post_was_ever_published":false,"_jetpack_newsletter_access":"","jetpack_publicize_message":"","jetpack_is_tweetstorm":false,"jetpack_publicize_feature_enabled":true,"jetpack_social_post_already_shared":true,"jetpack_social_options":{"image_generator_settings":{"template":"highway","enabled":false}}},"categories":[76,52,49,54,12],"tags":[],"jetpack_publicize_connections":[],"jetpack_featured_media_url":"https:\/\/i0.wp.com\/www.robertosedda.it\/wp-content\/uploads\/2014\/05\/XV-assemblea-nazionale.jpg?fit=591%2C394","jetpack_sharing_enabled":true,"jetpack_shortlink":"https:\/\/wp.me\/p4jV2T-1T9","jetpack_likes_enabled":true,"jetpack-related-posts":[{"id":6648,"url":"http:\/\/www.robertosedda.it\/?p=6648","url_meta":{"origin":7263,"position":0},"title":"Perch\u00e9 io avrei fatto diversamente la terna per il Presidente diocesano dell&#8217;Azione Cattolica","author":"Rufus","date":"05\/03\/2014","format":false,"excerpt":"Anche se ultimamente sono molto defilato seguo sempre con interesse le vicende dell'Azione Cattolica diocesana, l'associazione nella quale mi sono formato e in cui ancora mi onoro di militare. Pochi giorni fa \u00e8 stato completamente rinnovato il Consiglio diocesano dell'AC e luned\u00ec scorso \u00e8 stata eletta la terna fra cui\u2026","rel":"","context":"In &quot;Azione Cattolica&quot;","block_context":{"text":"Azione Cattolica","link":"http:\/\/www.robertosedda.it\/?cat=76"},"img":{"alt_text":"","src":"https:\/\/i0.wp.com\/www.robertosedda.it\/wp-content\/uploads\/2014\/03\/Convegno-AC-Assemini.jpg?fit=720%2C960&resize=350%2C200","width":350,"height":200,"srcset":"https:\/\/i0.wp.com\/www.robertosedda.it\/wp-content\/uploads\/2014\/03\/Convegno-AC-Assemini.jpg?fit=720%2C960&resize=350%2C200 1x, https:\/\/i0.wp.com\/www.robertosedda.it\/wp-content\/uploads\/2014\/03\/Convegno-AC-Assemini.jpg?fit=720%2C960&resize=700%2C400 2x"},"classes":[]},{"id":577,"url":"http:\/\/www.robertosedda.it\/?p=577","url_meta":{"origin":7263,"position":1},"title":"La grande famiglia","author":"Rufus","date":"22\/08\/2012","format":false,"excerpt":"Per otto anni sono stata animatrice parrocchiale nell\u2019Azione Cattolica. Trovo questa frase, per noi abbastanza usuale, ad aprire il secondo capitolo di un libro \u201cdi richiamo\u201d appena uscito, Ave Mary di Michela Murgia, scritttrice ormai affermata dopo aver vinto con Accabbadora il premio Campiello e opinionista seguitissima, sia sul suo\u2026","rel":"","context":"In &quot;Azione Cattolica&quot;","block_context":{"text":"Azione Cattolica","link":"http:\/\/www.robertosedda.it\/?cat=76"},"img":{"alt_text":"","src":"","width":0,"height":0},"classes":[]},{"id":1310,"url":"http:\/\/www.robertosedda.it\/?p=1310","url_meta":{"origin":7263,"position":2},"title":"Liberarsi dalla memoria","author":"Rufus","date":"10\/11\/2012","format":false,"excerpt":"Ognuno ha i suoi momenti formativi importanti, le parole che ricorda a lungo. Uno dei miei \u00e8 l'espressione purificazione della memoria, introdotta nella vita ecclesiale da Giovanni Paolo II in vista del Giubileo del 2000. ... purificazione della memoria: esso chiede a tutti un atto di coraggio e di umilt\u00e0\u2026","rel":"","context":"In &quot;Coordinate&quot;","block_context":{"text":"Coordinate","link":"http:\/\/www.robertosedda.it\/?cat=52"},"img":{"alt_text":"","src":"https:\/\/i0.wp.com\/www.robertosedda.it\/wp-content\/uploads\/2012\/11\/IMG_3346bis.jpg?fit=800%2C1200&resize=350%2C200","width":350,"height":200,"srcset":"https:\/\/i0.wp.com\/www.robertosedda.it\/wp-content\/uploads\/2012\/11\/IMG_3346bis.jpg?fit=800%2C1200&resize=350%2C200 1x, https:\/\/i0.wp.com\/www.robertosedda.it\/wp-content\/uploads\/2012\/11\/IMG_3346bis.jpg?fit=800%2C1200&resize=700%2C400 2x"},"classes":[]},{"id":2938,"url":"http:\/\/www.robertosedda.it\/?p=2938","url_meta":{"origin":7263,"position":3},"title":"Divagazioni sul Presidente della Repubblica &#8211; 2","author":"Rufus","date":"20\/04\/2013","format":false,"excerpt":"Mentre scrivo non so se Rodot\u00e0, alla fine, ce la far\u00e0, o se torner\u00e0 in campo Marini o se D'Alema che gioca dietro le quinte avr\u00e0 un improvviso guizzo e brucer\u00e0 tutti sul traguardo. O forse salter\u00e0 fuori un altro candidato imprevisto, chiss\u00e0. (EDIT: a quanto pare eleggono Napolitano: ma\u2026","rel":"","context":"In &quot;Coordinate&quot;","block_context":{"text":"Coordinate","link":"http:\/\/www.robertosedda.it\/?cat=52"},"img":{"alt_text":"","src":"https:\/\/i0.wp.com\/www.robertosedda.it\/wp-content\/uploads\/2013\/04\/D_alema-ruini.jpg?fit=800%2C532&resize=350%2C200","width":350,"height":200,"srcset":"https:\/\/i0.wp.com\/www.robertosedda.it\/wp-content\/uploads\/2013\/04\/D_alema-ruini.jpg?fit=800%2C532&resize=350%2C200 1x, https:\/\/i0.wp.com\/www.robertosedda.it\/wp-content\/uploads\/2013\/04\/D_alema-ruini.jpg?fit=800%2C532&resize=700%2C400 2x"},"classes":[]},{"id":13981,"url":"http:\/\/www.robertosedda.it\/?p=13981","url_meta":{"origin":7263,"position":4},"title":"Prima di noi, dopo di noi","author":"Rufus","date":"21\/07\/2017","format":false,"excerpt":"Non credo di averlo detto con precisione ai miei amici, ma a ottobre finisco il mio terzo mandato da Referente dei soci di Banca Etica del Centro Italia e sar\u00f2 sostituito (tre mandati \u00e8 il massimo che si pu\u00f2 fare e pi\u00f9 passa il tempo e pi\u00f9 sono d'accordo che\u2026","rel":"","context":"In &quot;Coordinate&quot;","block_context":{"text":"Coordinate","link":"http:\/\/www.robertosedda.it\/?cat=52"},"img":{"alt_text":"","src":"https:\/\/i0.wp.com\/www.robertosedda.it\/wp-content\/uploads\/2014\/05\/Banca-Etica-regionale.jpg?fit=1200%2C900&resize=350%2C200","width":350,"height":200,"srcset":"https:\/\/i0.wp.com\/www.robertosedda.it\/wp-content\/uploads\/2014\/05\/Banca-Etica-regionale.jpg?fit=1200%2C900&resize=350%2C200 1x, https:\/\/i0.wp.com\/www.robertosedda.it\/wp-content\/uploads\/2014\/05\/Banca-Etica-regionale.jpg?fit=1200%2C900&resize=700%2C400 2x, https:\/\/i0.wp.com\/www.robertosedda.it\/wp-content\/uploads\/2014\/05\/Banca-Etica-regionale.jpg?fit=1200%2C900&resize=1050%2C600 3x"},"classes":[]},{"id":11403,"url":"http:\/\/www.robertosedda.it\/?p=11403","url_meta":{"origin":7263,"position":5},"title":"Ricordando Iside Spanu De Zolt","author":"Rufus","date":"15\/01\/2016","format":false,"excerpt":"Mi sono dimenticato di segnalare che sull'inserto diocesano\u00a0di Avvenire\u00a0del 20 dicembre scorso \u00e8 uscito un mio articolo dedicato a Iside De Zolt. Devo dire che, mentre ho molto apprezzato il fatto che l'Ufficio diocesano delle comunicazioni sociali\u00a0abbia deciso di ricordare Iside e di parlare, di conseguenza, di laici e di\u2026","rel":"","context":"In &quot;Coordinate&quot;","block_context":{"text":"Coordinate","link":"http:\/\/www.robertosedda.it\/?cat=52"},"img":{"alt_text":"","src":"","width":0,"height":0},"classes":[]}],"_links":{"self":[{"href":"http:\/\/www.robertosedda.it\/index.php?rest_route=\/wp\/v2\/posts\/7263"}],"collection":[{"href":"http:\/\/www.robertosedda.it\/index.php?rest_route=\/wp\/v2\/posts"}],"about":[{"href":"http:\/\/www.robertosedda.it\/index.php?rest_route=\/wp\/v2\/types\/post"}],"author":[{"embeddable":true,"href":"http:\/\/www.robertosedda.it\/index.php?rest_route=\/wp\/v2\/users\/1"}],"replies":[{"embeddable":true,"href":"http:\/\/www.robertosedda.it\/index.php?rest_route=%2Fwp%2Fv2%2Fcomments&post=7263"}],"version-history":[{"count":3,"href":"http:\/\/www.robertosedda.it\/index.php?rest_route=\/wp\/v2\/posts\/7263\/revisions"}],"predecessor-version":[{"id":7267,"href":"http:\/\/www.robertosedda.it\/index.php?rest_route=\/wp\/v2\/posts\/7263\/revisions\/7267"}],"wp:featuredmedia":[{"embeddable":true,"href":"http:\/\/www.robertosedda.it\/index.php?rest_route=\/wp\/v2\/media\/7266"}],"wp:attachment":[{"href":"http:\/\/www.robertosedda.it\/index.php?rest_route=%2Fwp%2Fv2%2Fmedia&parent=7263"}],"wp:term":[{"taxonomy":"category","embeddable":true,"href":"http:\/\/www.robertosedda.it\/index.php?rest_route=%2Fwp%2Fv2%2Fcategories&post=7263"},{"taxonomy":"post_tag","embeddable":true,"href":"http:\/\/www.robertosedda.it\/index.php?rest_route=%2Fwp%2Fv2%2Ftags&post=7263"}],"curies":[{"name":"wp","href":"https:\/\/api.w.org\/{rel}","templated":true}]}}