{"id":7261,"date":"2014-05-02T15:34:53","date_gmt":"2014-05-02T13:34:53","guid":{"rendered":"http:\/\/www.robertosedda.it\/?p=7261"},"modified":"2023-05-03T13:21:24","modified_gmt":"2023-05-03T11:21:24","slug":"lineamenti-di-pedagogia-sulla-linea-1","status":"publish","type":"post","link":"http:\/\/www.robertosedda.it\/?p=7261","title":{"rendered":"Lineamenti di pedagogia sulla linea 1"},"content":{"rendered":"<p>Stamattina ho preso l&#8217;1 per andare a risolvere questioni di CID (<em>ouch<\/em>). Al ritorno sale un gruppo di ragazzine che si siede a fianco a me.<\/p>\n<p>Appena sistemate estraggono cellulari e lettori e si apprestano ad ascoltare musica.<\/p>\n<p>Tranne una, che \u00e8 priva di cuffiette.<\/p>\n<p>\u00abMe le hanno sequestrate i miei genitori\u00bb, spiega.<\/p>\n<p>\u00abMi sequestrano sempre le cuffiette per farmi ubbidire. Cio\u00e8, boh, pensano che siccome mi tolgono le cose che mi piacciono allora gli ubbidisco. Casomai gli ubbidisco di meno, cio\u00e8\u00bb.<\/p>\n<p>Le amiche scuotono il capo di fronte alle bizzarrie degli adulti.<\/p>\n<p>La prima prosegue, spiega che le piace ascoltare la musica a volume alto. Anche le altre sono d&#8217;accordo: il volume delle cuffiette va tenuto a 20, minimo.<\/p>\n<p>Anche lo stereo di casa, aggiunge la prima. \u00abPensate che certe volte quando ascolto musica a casa viene mia madre e mi dice di abbassare la musica che lei non pu\u00f2 ascoltare la televisione\u00ab.<\/p>\n<p><a href=\"https:\/\/i0.wp.com\/www.robertosedda.it\/wp-content\/uploads\/2014\/03\/A-Olzai-coi-giovanissimi.jpg\"><img data-attachment-id=\"6810\" data-permalink=\"http:\/\/www.robertosedda.it\/?attachment_id=6810\" data-orig-file=\"https:\/\/i0.wp.com\/www.robertosedda.it\/wp-content\/uploads\/2014\/03\/A-Olzai-coi-giovanissimi-e1648137071330.jpg?fit=600%2C443\" data-orig-size=\"600,443\" data-comments-opened=\"1\" data-image-meta=\"{&quot;aperture&quot;:&quot;0&quot;,&quot;credit&quot;:&quot;&quot;,&quot;camera&quot;:&quot;&quot;,&quot;caption&quot;:&quot;&quot;,&quot;created_timestamp&quot;:&quot;0&quot;,&quot;copyright&quot;:&quot;&quot;,&quot;focal_length&quot;:&quot;0&quot;,&quot;iso&quot;:&quot;0&quot;,&quot;shutter_speed&quot;:&quot;0&quot;,&quot;title&quot;:&quot;&quot;}\" data-image-title=\"A Olzai coi giovanissimi\" data-image-description=\"\" data-image-caption=\"\" data-medium-file=\"https:\/\/i0.wp.com\/www.robertosedda.it\/wp-content\/uploads\/2014\/03\/A-Olzai-coi-giovanissimi-e1648137071330.jpg?fit=300%2C221\" data-large-file=\"https:\/\/i0.wp.com\/www.robertosedda.it\/wp-content\/uploads\/2014\/03\/A-Olzai-coi-giovanissimi-e1648137071330.jpg?fit=510%2C377\" decoding=\"async\" loading=\"lazy\" class=\"aligncenter size-full wp-image-6810\" src=\"https:\/\/i0.wp.com\/www.robertosedda.it\/wp-content\/uploads\/2014\/03\/A-Olzai-coi-giovanissimi.jpg?resize=800%2C590\" alt=\"A Olzai coi giovanissimi\" width=\"800\" height=\"590\" data-recalc-dims=\"1\" \/><\/a>Nel frattempo dietro di me si \u00e8 sistemato un altro gruppetto. Discutono di ragazzi e di maturit\u00e0. E di adulti e di maturit\u00e0.<\/p>\n<p>\u00abChe poi\u00bb, dice una, saggiamente, \u00absi pu\u00f2 essere vecchi a quarantadue anni e giovani a quarantatre. L&#8217;et\u00e0 \u00e8 una cosa relativa\u00bb.<\/p>\n<p>\u00abEhia\u00bb, fa l&#8217;amica. \u00abMia madre quando si mette le creme viene sempre da me a chiedere se si vedono le rughe e se sembra giovane. E io le dico: non sei male, va bene la pelle&#8230; per essere una cinquantenne, e lei si arrabbia\u00bb.<\/p>\n","protected":false},"excerpt":{"rendered":"<p>Stamattina ho preso l&#8217;1 per andare a risolvere questioni di CID (ouch). Al ritorno sale un gruppo di ragazzine che<\/p>\n","protected":false},"author":1,"featured_media":6810,"comment_status":"open","ping_status":"open","sticky":false,"template":"","format":"standard","meta":{"_mi_skip_tracking":false,"_monsterinsights_sitenote_active":false,"_monsterinsights_sitenote_note":"","_monsterinsights_sitenote_category":0,"jetpack_post_was_ever_published":false,"_jetpack_newsletter_access":"","jetpack_publicize_message":"","jetpack_is_tweetstorm":false,"jetpack_publicize_feature_enabled":true,"jetpack_social_post_already_shared":true,"jetpack_social_options":{"image_generator_settings":{"template":"highway","enabled":false}}},"categories":[52,56,18,61,16],"tags":[],"jetpack_publicize_connections":[],"jetpack_featured_media_url":"https:\/\/i0.wp.com\/www.robertosedda.it\/wp-content\/uploads\/2014\/03\/A-Olzai-coi-giovanissimi-e1648137071330.jpg?fit=600%2C443","jetpack_sharing_enabled":true,"jetpack_shortlink":"https:\/\/wp.me\/p4jV2T-1T7","jetpack_likes_enabled":true,"jetpack-related-posts":[{"id":13552,"url":"http:\/\/www.robertosedda.it\/?p=13552","url_meta":{"origin":7261,"position":0},"title":"Gente cattiva","author":"Rufus","date":"12\/04\/2017","format":false,"excerpt":"Domenica ero sul volo che tornava da Milano. A fianco a me due ex giovani sui quaranta (almeno), sul genere\u00a0sporty chic (abbastanza vorrei ma non posso), col capello fatto, generose scollature, occhiali da sole (servono gli occhiali da sole in aereo?) e i vestiti della collezione Guess di due anni\u2026","rel":"","context":"In &quot;Coordinate&quot;","block_context":{"text":"Coordinate","link":"http:\/\/www.robertosedda.it\/?cat=52"},"img":{"alt_text":"","src":"https:\/\/i0.wp.com\/www.robertosedda.it\/wp-content\/uploads\/2017\/04\/Relatos-salvajes.jpg?fit=830%2C466&resize=350%2C200","width":350,"height":200,"srcset":"https:\/\/i0.wp.com\/www.robertosedda.it\/wp-content\/uploads\/2017\/04\/Relatos-salvajes.jpg?fit=830%2C466&resize=350%2C200 1x, https:\/\/i0.wp.com\/www.robertosedda.it\/wp-content\/uploads\/2017\/04\/Relatos-salvajes.jpg?fit=830%2C466&resize=700%2C400 2x"},"classes":[]},{"id":8612,"url":"http:\/\/www.robertosedda.it\/?p=8612","url_meta":{"origin":7261,"position":1},"title":"Il film che Woody Allen vorrebbe girare","author":"Rufus","date":"09\/10\/2014","format":"video","excerpt":"Tutto pu\u00f2 cambiare (John Carney, USA 2013) Non ho visto Once, il film precedente di John Carney, pluripremiato e citatissimo, quindi non sono in grado di dire se questo Tutto pu\u00f2 cambiare che mi sono goduto in anteprima grazie a\u00a0SardegnaOggi\u00a0e che ripropone temi e situazioni del film precedente\u00a0sia il prosieguo\u2026","rel":"","context":"In &quot;Coordinate&quot;","block_context":{"text":"Coordinate","link":"http:\/\/www.robertosedda.it\/?cat=52"},"img":{"alt_text":"","src":"https:\/\/i0.wp.com\/img.youtube.com\/vi\/8EX0uhfTyRA\/0.jpg?resize=350%2C200","width":350,"height":200},"classes":[]},{"id":15137,"url":"http:\/\/www.robertosedda.it\/?p=15137","url_meta":{"origin":7261,"position":2},"title":"Virgin no more","author":"Rufus","date":"11\/05\/2018","format":"video","excerpt":"https:\/\/www.youtube.com\/watch?v=K9bf4PT-aEk Vi ho stupito, vero? Il fatto \u00e8 che sono rimasto abbastanza colpito, recentemente, da un articolo su\u00a0The Vision intitolato Il concerto del 1\u00b0 maggio ha finalmente smesso di fare schifo.\u00a0 Ora, ho visto a una prima occhiata che l'articolo giocava molto, sicuramente troppo, con gli straw man argument: per\u2026","rel":"","context":"In &quot;Coordinate&quot;","block_context":{"text":"Coordinate","link":"http:\/\/www.robertosedda.it\/?cat=52"},"img":{"alt_text":"","src":"https:\/\/i0.wp.com\/www.robertosedda.it\/wp-content\/uploads\/2018\/05\/Sfera.jpg?fit=600%2C337&resize=350%2C200","width":350,"height":200},"classes":[]},{"id":1730,"url":"http:\/\/www.robertosedda.it\/?p=1730","url_meta":{"origin":7261,"position":3},"title":"Celebrit\u00e0, povere zie e amori","author":"Rufus","date":"20\/12\/2012","format":false,"excerpt":"L'altra mattina in pausa pranzo vado in una piadineria e, al momento di pagare, il proprietario (un ragazzo di rara gentilezza) mi fa: \u00abHo letto i suoi post\u00bb. Io: \u00abEh?!\u00bb Lui: \u00abSul suo blog...\u00bb. Io: \u00abEh?!?!\u00bb. Paziente, spiega: \u00abNo, perch\u00e9 siamo vicini di locale con Piazza Repubblica Libri e lei\u2026","rel":"","context":"In &quot;Coordinate&quot;","block_context":{"text":"Coordinate","link":"http:\/\/www.robertosedda.it\/?cat=52"},"img":{"alt_text":"","src":"https:\/\/i0.wp.com\/www.robertosedda.it\/wp-content\/uploads\/2012\/12\/Gusto-piadineria.jpg?fit=960%2C1200&resize=350%2C200","width":350,"height":200,"srcset":"https:\/\/i0.wp.com\/www.robertosedda.it\/wp-content\/uploads\/2012\/12\/Gusto-piadineria.jpg?fit=960%2C1200&resize=350%2C200 1x, https:\/\/i0.wp.com\/www.robertosedda.it\/wp-content\/uploads\/2012\/12\/Gusto-piadineria.jpg?fit=960%2C1200&resize=700%2C400 2x"},"classes":[]},{"id":16159,"url":"http:\/\/www.robertosedda.it\/?p=16159","url_meta":{"origin":7261,"position":4},"title":"Cortesie impreviste sulle linee del CTM","author":"Rufus","date":"15\/01\/2019","format":false,"excerpt":"Avviso: post ad alto contenuto di turpiloquio tipicamente cagliaritano. No, il molente non compare. Ma \u00e8 l'unico. Foto SardegnaOggi Cortesie mal comprese L'altro giorno sono arrivato alla fermata dell'autobus per andare al lavoro senza avere fatto colazione. Vedo dalla paletta che mancano cinque minuti all'arrivo dell'8, mi tiro il paro\u2026","rel":"","context":"In &quot;Coordinate&quot;","block_context":{"text":"Coordinate","link":"http:\/\/www.robertosedda.it\/?cat=52"},"img":{"alt_text":"","src":"https:\/\/i0.wp.com\/www.robertosedda.it\/wp-content\/uploads\/2016\/10\/CTM.jpg?fit=650%2C396&resize=350%2C200","width":350,"height":200},"classes":[]},{"id":3626,"url":"http:\/\/www.robertosedda.it\/?p=3626","url_meta":{"origin":7261,"position":5},"title":"La zona prevella","author":"Rufus","date":"21\/06\/2013","format":false,"excerpt":"Qualche giorno fa, traducendo un articolo americano, mi sono lasciato scappare che ne avevo fatto anche una versione in cagliaritano, anzi qui si direbbe in chiasteddaio, la lingua parlata dai chiagliaritani. Poich\u00e9 mi \u00e8 stata chiesta dall'amabile Giovanni Mascellani la publico qui, anche se dopo averla riletta ho deciso che\u2026","rel":"","context":"In &quot;Coordinate&quot;","block_context":{"text":"Coordinate","link":"http:\/\/www.robertosedda.it\/?cat=52"},"img":{"alt_text":"","src":"https:\/\/i0.wp.com\/www.robertosedda.it\/wp-content\/uploads\/2013\/06\/Tumblr.jpg?fit=518%2C275&resize=350%2C200","width":350,"height":200},"classes":[]}],"_links":{"self":[{"href":"http:\/\/www.robertosedda.it\/index.php?rest_route=\/wp\/v2\/posts\/7261"}],"collection":[{"href":"http:\/\/www.robertosedda.it\/index.php?rest_route=\/wp\/v2\/posts"}],"about":[{"href":"http:\/\/www.robertosedda.it\/index.php?rest_route=\/wp\/v2\/types\/post"}],"author":[{"embeddable":true,"href":"http:\/\/www.robertosedda.it\/index.php?rest_route=\/wp\/v2\/users\/1"}],"replies":[{"embeddable":true,"href":"http:\/\/www.robertosedda.it\/index.php?rest_route=%2Fwp%2Fv2%2Fcomments&post=7261"}],"version-history":[{"count":3,"href":"http:\/\/www.robertosedda.it\/index.php?rest_route=\/wp\/v2\/posts\/7261\/revisions"}],"predecessor-version":[{"id":8147,"href":"http:\/\/www.robertosedda.it\/index.php?rest_route=\/wp\/v2\/posts\/7261\/revisions\/8147"}],"wp:featuredmedia":[{"embeddable":true,"href":"http:\/\/www.robertosedda.it\/index.php?rest_route=\/wp\/v2\/media\/6810"}],"wp:attachment":[{"href":"http:\/\/www.robertosedda.it\/index.php?rest_route=%2Fwp%2Fv2%2Fmedia&parent=7261"}],"wp:term":[{"taxonomy":"category","embeddable":true,"href":"http:\/\/www.robertosedda.it\/index.php?rest_route=%2Fwp%2Fv2%2Fcategories&post=7261"},{"taxonomy":"post_tag","embeddable":true,"href":"http:\/\/www.robertosedda.it\/index.php?rest_route=%2Fwp%2Fv2%2Ftags&post=7261"}],"curies":[{"name":"wp","href":"https:\/\/api.w.org\/{rel}","templated":true}]}}