{"id":7246,"date":"2014-04-30T13:56:10","date_gmt":"2014-04-30T11:56:10","guid":{"rendered":"http:\/\/www.robertosedda.it\/?p=7246"},"modified":"2014-05-07T10:50:14","modified_gmt":"2014-05-07T08:50:14","slug":"seminari-per-conoscere-lasia-e-lafrica","status":"publish","type":"post","link":"http:\/\/www.robertosedda.it\/?p=7246","title":{"rendered":"Seminari per conoscere l&#8217;Asia e l&#8217;Africa"},"content":{"rendered":"<p>Alcuni dei docenti di riferimento per quanto riguarda la storia e la cultura dell&#8217;Asia e dell&#8217;Africa nella Facolt\u00e0 di Scienze Economiche, Giuridiche e Politiche \u00a0propongono, a partire dalla prossima settimana, una serie di interessanti seminari per una migliore conoscenza di questi due continenti.<\/p>\n<p>Mi sembra una buona idea rilanciare la notizia: qui sotto il calendario, in cui ho fuso insieme i due programmi; mi spiace solo che i seminari di argomento africano non abbiano ancora indicazione di orario, ma un controllo periodico del <a href=\"http:\/\/facolta.unica.it\/segp\/\">sito della Facolt\u00e0<\/a> dovrebbe risolvere il problema. L&#8217;ingresso dovrebbe essere libero mentre per gli iscritti all&#8217;Universit\u00e0, a seconda del proprio corso di laurea, potrebbe\u00a0essere possibile ottenere il riconoscimento dell&#8217;attivit\u00e0 per crediti formativi universitari a libera scelta (a chi chiedere? Ma alla propria Segreteria studenti o alle postazioni di orientamento delle proprie Facolt\u00e0, <em>of course<\/em>).<\/p>\n<p>Lo staff di docenti per l&#8217;Asia \u00e8 composto da <strong>Annamaria Baldussi<\/strong> e Francesca Congiu; quello per l&#8217;Africa da <strong>Bianca Maria Carcangiu<\/strong>, Marisa Fois e \u00a0Isabella Soi.<\/p>\n<p>EDIT: ho aggiunto la sede delle lezioni del corso sull&#8217;Asia<\/p>\n<p>EDIT 7\/5: ho aggiunto la sede e gli orari delle lezioni del corso sull&#8217;Africa e aggiornato alcune date<\/p>\n<p><a href=\"https:\/\/i0.wp.com\/www.robertosedda.it\/wp-content\/uploads\/2014\/04\/Carta-di-Peters.png\"><img data-attachment-id=\"7250\" data-permalink=\"http:\/\/www.robertosedda.it\/?attachment_id=7250\" data-orig-file=\"https:\/\/i0.wp.com\/www.robertosedda.it\/wp-content\/uploads\/2014\/04\/Carta-di-Peters.png?fit=500%2C320\" data-orig-size=\"500,320\" data-comments-opened=\"1\" data-image-meta=\"{&quot;aperture&quot;:&quot;0&quot;,&quot;credit&quot;:&quot;&quot;,&quot;camera&quot;:&quot;&quot;,&quot;caption&quot;:&quot;&quot;,&quot;created_timestamp&quot;:&quot;0&quot;,&quot;copyright&quot;:&quot;&quot;,&quot;focal_length&quot;:&quot;0&quot;,&quot;iso&quot;:&quot;0&quot;,&quot;shutter_speed&quot;:&quot;0&quot;,&quot;title&quot;:&quot;&quot;}\" data-image-title=\"Carta di Peters\" data-image-description=\"\" data-image-caption=\"\" data-medium-file=\"https:\/\/i0.wp.com\/www.robertosedda.it\/wp-content\/uploads\/2014\/04\/Carta-di-Peters.png?fit=300%2C192\" data-large-file=\"https:\/\/i0.wp.com\/www.robertosedda.it\/wp-content\/uploads\/2014\/04\/Carta-di-Peters.png?fit=500%2C320\" decoding=\"async\" loading=\"lazy\" class=\"aligncenter size-full wp-image-7250\" src=\"https:\/\/i0.wp.com\/www.robertosedda.it\/wp-content\/uploads\/2014\/04\/Carta-di-Peters.png?resize=500%2C320\" alt=\"Carta di Peters\" width=\"500\" height=\"320\" srcset=\"https:\/\/i0.wp.com\/www.robertosedda.it\/wp-content\/uploads\/2014\/04\/Carta-di-Peters.png?w=500 500w, https:\/\/i0.wp.com\/www.robertosedda.it\/wp-content\/uploads\/2014\/04\/Carta-di-Peters.png?resize=150%2C96 150w, https:\/\/i0.wp.com\/www.robertosedda.it\/wp-content\/uploads\/2014\/04\/Carta-di-Peters.png?resize=300%2C192 300w\" sizes=\"(max-width: 500px) 100vw, 500px\" data-recalc-dims=\"1\" \/><\/a><\/p>\n<p>8 maggio 2014 h.12.00-14.00\u00a0<strong>Asia. questioni di metodo. Le aree geografiche, i popoli, le lingue, le culture, le filosofie e religioni <\/strong>Aula CM 3\u00a0&#8211;\u00a0Ex Clinica Medica, via San Giorgio 12<\/p>\n<p>12\u00a0maggio 2014 h. 16.00-18.00\u00a0<strong>Introduzione al corso\u00a0<em>Profili storico culturali: il continente africano<\/em><\/strong><em>\u00a0<\/em>Aula CM 2 &#8211;\u00a0Ex Clinica Medica, Via San Giorgio 12<\/p>\n<p>15 maggio 2014 h. 12.00-14.00\u00a0<strong>Oro, argento e spezie: i rapporti tra Asia ed Europa <\/strong>Aula CM 3 &#8211; Ex Clinica Medica, via San Giorgio 12<strong><br \/>\n<\/strong><\/p>\n<p>16 maggio 2014 h. 12.00-14.00<strong>\u00a0La costruzione dell\u2019economia-mondo e la nascita della grande divergenza<\/strong> [fa parte del ciclo dedicato all&#8217;Asia, NdRufus] Aula CM 3 &#8211; Ex Clinica Medica, via San Giorgio 12<\/p>\n<p>20\u00a0maggio\u00a02014 h. 16.00-18.00<strong>\u00a0Storia del continente africano<\/strong>\u00a0Aula\u00a0CM 2 &#8211;\u00a0Ex Clinica Medica, Via San Giorgio 12<\/p>\n<p>22 maggio 2014 h. 12.00-14.00\u00a0<strong>Dall\u2019economia-mondo all\u2019economia globale: l\u2019Asia orientale dalla decolonizzazione alla globalizzazione\u00a0<\/strong>Aula CM 3 &#8211; Ex Clinica Medica, via San Giorgio 12<\/p>\n<p>23 maggio 2014 h. 12.00-14.00\u00a0<strong>Cina: il potere politico e l\u2019individuo\u00a0<\/strong>Aula CM 3 &#8211; Ex Clinica Medica, via San Giorgio 12<\/p>\n<p>29 maggio 2014 h. 12.00-14.00\u00a0<strong>India: dall\u2019indipendenza alla globalizzazione\u00a0<\/strong>Aula CM 3 &#8211; Ex Clinica Medica, via San Giorgio 12<\/p>\n<p>29 maggio\u00a02014 h. 16.00-18.00\u00a0<strong>Analisi dell\u2019impatto dei diversi modelli coloniali e le conseguenze per il continente africano<\/strong>\u00a0Aula CM 2 &#8211;\u00a0Ex Clinica Medica, Via San Giorgio 12<\/p>\n<p>30 maggio 2014 h. 10.00-12.00\u00a0<strong>Storia di due NICs (New Industrialized Countries): Corea del Sud e Taiwan tra Giappone e Stati Uniti <\/strong>Aula CM 3 &#8211; Ex Clinica Medica, via San Giorgio 12<\/p>\n<p>3 giugno\u00a02014 h. 16.00-18.00\u00a0<strong>Il mito del viaggio e della civilizzazione\u00a0<\/strong>[fa parte del ciclo dedicato all&#8217;Africa, NdRufus]\u00a0Aula CM 2 &#8211;\u00a0Ex Clinica Medica, Via San Giorgio 12<\/p>\n<p>4 giugno\u00a02014 h. 16.00-18.00\u00a0<strong>La speranza e la dipendenza<\/strong>\u00a0[fa parte del ciclo dedicato all&#8217;Africa, NdRufus]\u00a0\u00a0Aula CM 2 &#8211;\u00a0Ex Clinica Medica, Via San Giorgio 12<\/p>\n<p>5 giugno 2014 h. 10.00-12.00\u00a0<strong>Relazioni internazionali e interessi economici: l\u2019Asia orientale e l\u2019Europa orientale\u00a0<\/strong>Aula CM 3 &#8211; Ex Clinica Medica, via San Giorgio 12<\/p>\n<p>5 giugno\u00a02014 h. 16.00-18.00\u00a0<strong>La disillusione della guerra fredda\u00a0<\/strong>[fa parte del ciclo dedicato all&#8217;Africa, NdRufus]\u00a0Aula CM 2 &#8211;\u00a0Ex Clinica Medica, Via San Giorgio 12<\/p>\n<p>6 giugno 2014 h. 10.00-12.00\u00a0<strong>Relazioni internazionali e geopolitica: il Mar Cinese Meridionale\u00a0<\/strong>Aula CM 3 &#8211; Ex Clinica Medica, via San Giorgio 12<\/p>\n<p>9\u00a0giugno\u00a02014 h. 16.00-18.00\u00a0<strong>La lotta per la &#8220;democrazia&#8221;\u00a0<\/strong>[fa parte del ciclo dedicato all&#8217;Africa, NdRufus]\u00a0Aula\u00a0CM 2 &#8211;\u00a0Ex Clinica Medica, Via San Giorgio 12<\/p>\n<p>10\u00a0giugno\u00a02014 h. 16.00-18.00\u00a0<strong>La \u2018nostra\u2019 idea di Africa\u00a0<\/strong>AULA CM 2 &#8211;\u00a0Ex Clinica Medica, Via San Giorgio 12<\/p>\n<p>11 giugno\u00a02014 h. 16.00-18.00\u00a0<strong>Conclusione del\u00a0<\/strong><strong>corso\u00a0<em>Profili storico culturali: il continente africano<\/em><\/strong><em><strong><span style=\"font-style: normal;\">\u00a0<\/span><\/strong><span style=\"font-style: normal;\">AULA CM 2 &#8211;\u00a0Ex Clinica Medica, Via San Giorgio 12<\/span><\/em><\/p>\n<p>12 giugno 2014 h. 10.00-12.00\u00a0<strong>Relazioni internazionali e geopolitica: l\u2019Asia centrale<br \/>\n<\/strong>Aula CM 3 &#8211; Ex Clinica Medica, via San Giorgio 12<\/p>\n","protected":false},"excerpt":{"rendered":"<p>Alcuni dei docenti di riferimento per quanto riguarda la storia e la cultura dell&#8217;Asia e dell&#8217;Africa nella Facolt\u00e0 di Scienze<\/p>\n","protected":false},"author":1,"featured_media":7250,"comment_status":"open","ping_status":"open","sticky":false,"template":"","format":"standard","meta":{"_mi_skip_tracking":false,"_monsterinsights_sitenote_active":false,"_monsterinsights_sitenote_note":"","_monsterinsights_sitenote_category":0,"jetpack_post_was_ever_published":false,"_jetpack_newsletter_access":"","jetpack_publicize_message":"","jetpack_is_tweetstorm":false,"jetpack_publicize_feature_enabled":true,"jetpack_social_post_already_shared":true,"jetpack_social_options":{"image_generator_settings":{"template":"highway","enabled":false}}},"categories":[52,49,12,58],"tags":[],"jetpack_publicize_connections":[],"jetpack_featured_media_url":"https:\/\/i0.wp.com\/www.robertosedda.it\/wp-content\/uploads\/2014\/04\/Carta-di-Peters.png?fit=500%2C320","jetpack_sharing_enabled":true,"jetpack_shortlink":"https:\/\/wp.me\/p4jV2T-1SS","jetpack_likes_enabled":true,"jetpack-related-posts":[{"id":14599,"url":"http:\/\/www.robertosedda.it\/?p=14599","url_meta":{"origin":7246,"position":0},"title":"REBLOG: L&#8217;Africa colonizzata","author":"Rufus","date":"30\/01\/2018","format":false,"excerpt":"Nel mese di Febraio, nella Facolt\u00e0 di Scienze Giuridiche, Economiche e Politiche, un ciclo di seminari fondamentale per chi vuole capire di pi\u00f9 della storia dell'Africa per capire anche quella di oggi. Queste le informazioni pubblicate sul sito dell'Universit\u00e0 di Cagliari: Nel mese di febbraio, il Corso di laurea magistrale\u2026","rel":"","context":"In &quot;Coordinate&quot;","block_context":{"text":"Coordinate","link":"http:\/\/www.robertosedda.it\/?cat=52"},"img":{"alt_text":"","src":"https:\/\/i0.wp.com\/www.robertosedda.it\/wp-content\/uploads\/2018\/01\/e681315ed8808619c289866076491a32_d0-300x300.jpg?resize=350%2C200","width":350,"height":200},"classes":[]},{"id":15651,"url":"http:\/\/www.robertosedda.it\/?p=15651","url_meta":{"origin":7246,"position":1},"title":"Seminari africani","author":"Rufus","date":"06\/09\/2018","format":false,"excerpt":"Segnalo un ciclo di seminari all'Universit\u00e0 che, soprattutto in questo periodo, mi pare oltremodo interessante (detto in altro modo, magari qualcuno potrebbe dire meno sciocchezze - o credere a meno schiocchezze). I seminari si terranno nell'Aula CM 7 del Campus Aresu, in via S. Giorgio 12. Ciclo di seminari di\u2026","rel":"","context":"In &quot;Coordinate&quot;","block_context":{"text":"Coordinate","link":"http:\/\/www.robertosedda.it\/?cat=52"},"img":{"alt_text":"","src":"https:\/\/i0.wp.com\/www.robertosedda.it\/wp-content\/uploads\/2018\/09\/Seminari-Africa.jpg?fit=606%2C855&resize=350%2C200","width":350,"height":200},"classes":[]},{"id":7516,"url":"http:\/\/www.robertosedda.it\/?p=7516","url_meta":{"origin":7246,"position":2},"title":"Pubblicato il resoconto del seminario su Cagliari","author":"Rufus","date":"25\/05\/2014","format":false,"excerpt":"Il gruppo La Pira ha finalmente completato il report del seminario di studio sulla situazione della citt\u00e0 di Cagliari che si \u00e8 tenuto ormai pi\u00f9 di due mesi fa, l'8 marzo. Per il momento il gruppo non ha un proprio sito e il report \u00e8 stato inviato direttamente ai partecipanti:\u2026","rel":"","context":"In &quot;Coordinate&quot;","block_context":{"text":"Coordinate","link":"http:\/\/www.robertosedda.it\/?cat=52"},"img":{"alt_text":"","src":"https:\/\/i0.wp.com\/www.robertosedda.it\/wp-content\/uploads\/2014\/05\/Report-otto-marzo-2014-Cagliari.jpg?fit=849%2C1200&resize=350%2C200","width":350,"height":200,"srcset":"https:\/\/i0.wp.com\/www.robertosedda.it\/wp-content\/uploads\/2014\/05\/Report-otto-marzo-2014-Cagliari.jpg?fit=849%2C1200&resize=350%2C200 1x, https:\/\/i0.wp.com\/www.robertosedda.it\/wp-content\/uploads\/2014\/05\/Report-otto-marzo-2014-Cagliari.jpg?fit=849%2C1200&resize=700%2C400 2x"},"classes":[]},{"id":17806,"url":"http:\/\/www.robertosedda.it\/?p=17806","url_meta":{"origin":7246,"position":3},"title":"Qui non si fa letteratura","author":"Rufus","date":"13\/02\/2020","format":false,"excerpt":"Sabato sono stato invitato dal compare e compagno socio Fabbricastorie Andrea Assorgia a fare un seminario sulle narrazioni per gli alunni del primo anno della sua Game Maker Academy. Era anche l'ultima attivit\u00e0 ufficiale di PlayRooms, ma per fortuna il Centro proseguir\u00e0 l'attivit\u00e0, quindi niente tristezza. Devo dire che ho\u2026","rel":"","context":"In &quot;Cappe e spade&quot;","block_context":{"text":"Cappe e spade","link":"http:\/\/www.robertosedda.it\/?cat=70"},"img":{"alt_text":"","src":"https:\/\/i0.wp.com\/www.robertosedda.it\/wp-content\/uploads\/2020\/02\/Da-Propp-a-Vonnegut-GMA.jpg?fit=960%2C720&resize=350%2C200","width":350,"height":200,"srcset":"https:\/\/i0.wp.com\/www.robertosedda.it\/wp-content\/uploads\/2020\/02\/Da-Propp-a-Vonnegut-GMA.jpg?fit=960%2C720&resize=350%2C200 1x, https:\/\/i0.wp.com\/www.robertosedda.it\/wp-content\/uploads\/2020\/02\/Da-Propp-a-Vonnegut-GMA.jpg?fit=960%2C720&resize=700%2C400 2x"},"classes":[]},{"id":12968,"url":"http:\/\/www.robertosedda.it\/?p=12968","url_meta":{"origin":7246,"position":4},"title":"Please, insert Rufus","author":"Rufus","date":"20\/12\/2016","format":false,"excerpt":"Sabato i\u00a0Fabbricastorie hanno passato uno scoglio non da poco nel percorso verso la\u00a0Global Game Jam, organizzando e gestendo senza troppe pecche il seminario\u00a0Please, insert story, una delle tappe intermedie principali verso la\u00a0Jam. Una delle cose belle era che nel pubblico c'\u00e8 stato esattamente quel\u00a0mix\u00a0di personalit\u00e0 e figure che ci auguravamo:\u2026","rel":"","context":"In &quot;Coordinate&quot;","block_context":{"text":"Coordinate","link":"http:\/\/www.robertosedda.it\/?cat=52"},"img":{"alt_text":"","src":"https:\/\/i0.wp.com\/www.robertosedda.it\/wp-content\/uploads\/2016\/12\/Saluti.jpg?fit=469%2C473&resize=350%2C200","width":350,"height":200},"classes":[]},{"id":13698,"url":"http:\/\/www.robertosedda.it\/?p=13698","url_meta":{"origin":7246,"position":5},"title":"Come si studiano i luoghi","author":"Rufus","date":"11\/05\/2017","format":false,"excerpt":"Con colpevole ritardo, segnalo questo interessante ciclo di seminari, del quale anche il cugino camminatore dice un gran bene. Il ciclo di seminari prevede 4 incontri monotematici nei seguenti giorni: 11 Maggio 2017 \u00a0 \u00a0 \u00a0I SEMINARIO -\u00a0\u00a0AULA MAGNA ex-Economia SIA_OF,\u00a0ore\u00a09:00-18:00 L\u2019etnografia urbana e\u00a0il peso delle parole Relatore: Nick Dines,\u00a0Visiting\u2026","rel":"","context":"In &quot;Antropologia&quot;","block_context":{"text":"Antropologia","link":"http:\/\/www.robertosedda.it\/?cat=97"},"img":{"alt_text":"","src":"https:\/\/i0.wp.com\/www.robertosedda.it\/wp-content\/uploads\/2017\/05\/Come-sis-tudiano-i-luoghi.jpg?fit=1126%2C597&resize=350%2C200","width":350,"height":200,"srcset":"https:\/\/i0.wp.com\/www.robertosedda.it\/wp-content\/uploads\/2017\/05\/Come-sis-tudiano-i-luoghi.jpg?fit=1126%2C597&resize=350%2C200 1x, https:\/\/i0.wp.com\/www.robertosedda.it\/wp-content\/uploads\/2017\/05\/Come-sis-tudiano-i-luoghi.jpg?fit=1126%2C597&resize=700%2C400 2x, https:\/\/i0.wp.com\/www.robertosedda.it\/wp-content\/uploads\/2017\/05\/Come-sis-tudiano-i-luoghi.jpg?fit=1126%2C597&resize=1050%2C600 3x"},"classes":[]}],"_links":{"self":[{"href":"http:\/\/www.robertosedda.it\/index.php?rest_route=\/wp\/v2\/posts\/7246"}],"collection":[{"href":"http:\/\/www.robertosedda.it\/index.php?rest_route=\/wp\/v2\/posts"}],"about":[{"href":"http:\/\/www.robertosedda.it\/index.php?rest_route=\/wp\/v2\/types\/post"}],"author":[{"embeddable":true,"href":"http:\/\/www.robertosedda.it\/index.php?rest_route=\/wp\/v2\/users\/1"}],"replies":[{"embeddable":true,"href":"http:\/\/www.robertosedda.it\/index.php?rest_route=%2Fwp%2Fv2%2Fcomments&post=7246"}],"version-history":[{"count":6,"href":"http:\/\/www.robertosedda.it\/index.php?rest_route=\/wp\/v2\/posts\/7246\/revisions"}],"predecessor-version":[{"id":7288,"href":"http:\/\/www.robertosedda.it\/index.php?rest_route=\/wp\/v2\/posts\/7246\/revisions\/7288"}],"wp:featuredmedia":[{"embeddable":true,"href":"http:\/\/www.robertosedda.it\/index.php?rest_route=\/wp\/v2\/media\/7250"}],"wp:attachment":[{"href":"http:\/\/www.robertosedda.it\/index.php?rest_route=%2Fwp%2Fv2%2Fmedia&parent=7246"}],"wp:term":[{"taxonomy":"category","embeddable":true,"href":"http:\/\/www.robertosedda.it\/index.php?rest_route=%2Fwp%2Fv2%2Fcategories&post=7246"},{"taxonomy":"post_tag","embeddable":true,"href":"http:\/\/www.robertosedda.it\/index.php?rest_route=%2Fwp%2Fv2%2Ftags&post=7246"}],"curies":[{"name":"wp","href":"https:\/\/api.w.org\/{rel}","templated":true}]}}