{"id":705,"date":"2012-08-23T17:46:06","date_gmt":"2012-08-23T15:46:06","guid":{"rendered":"http:\/\/www.robertosedda.it\/?p=705"},"modified":"2012-08-23T17:46:06","modified_gmt":"2012-08-23T15:46:06","slug":"a-7-km-da-gerusalemme","status":"publish","type":"post","link":"http:\/\/www.robertosedda.it\/?p=705","title":{"rendered":"A 7 km da Gerusalemme"},"content":{"rendered":"<p>Se non ho guardato male le votazioni per l&#8217;<em>Inutile Thread 2007<\/em>, godo del dubbio privilegio di non aver visto la maggior parte dei film importanti dell&#8217;anno, ma di avere assistito alla proiezione di due film che nessuno ha visto: <em>Le ferie di Licu<\/em> (di cui parler\u00f2 altra volta) e questo <em>7 km da Gerusalemme<\/em>.<\/p>\n<p>Occhio, seguono spoilers, cio\u00e8 anticipazioni importanti sulla trama.<\/p>\n<p>Diciamolo: il film si presenta male: intanto, \u00e8 tratto da un romanzo di Pino Farinotti, il mitico autore del famoso dizionario di cinema omonimo. E uno.<\/p>\n<p>Poi, si capisce abbastanza in fretta che il riferimento \u00e8 all&#8217;episodio biblico di Emmaus; due discepoli incontrano Ges\u00f9 mentre si stanno recando a Emmaus, che dista circa sette <em>miglia<\/em> da Gerusalemme (e infatti la Bibbia in lingua corrente recita con precisione: \u00abche dista circa 11 km da Gerusalemme\u00bb). A quanto pare Farinotti aveva problemi con la conversione delle unit\u00e0 di misura. E due.<\/p>\n<p>E poi ha un inizio sconcertante nella sua rozzezza: Alessandro, un pubblicitario rampante di mezza et\u00e0, sta sulla strada per Emmaus e incontra Ges\u00f9. Occhio, non gli <em>appare<\/em> Ges\u00f9, tipo voce dal cielo e rivelazione improvvisa; niente di tutto questo, incontra <em>fisicamente<\/em> Ges\u00f9, ritornato sulla terra apposta per lui. La cosa apre dei baratri teologici non da poco, ma con sprezzo del pericolo il film prosegue raccontandoci i meccanismi misteriosi e, diciamolo, magici, attraverso cui Alessandro \u00e8 stato condotto al viaggio in Palestina: zingare che gli consegnano biglietti d&#8217;aereo e poi spariscono, voci nella testa e cos\u00ec via&#8230; per un periodo si pu\u00f2 anzi pensare che Alessandro sia schizofrenico e che tutto accada solo nella sua testa, ma poi ci si rende conto che la cifra stilistica del film \u00e8 un totale, appiattente verismo: non racconta le cose <em>come se<\/em> fossero vere&#8230; sono proprio <em>vere<\/em> e basta. E tre.<\/p>\n<p>Quando Ges\u00f9 comincia a parlare, ed enuncia quattro banalit\u00e0 <em>new age<\/em>, ero pronto ad andarmene; fortunatamente\u00a0 la situazione (come spiegher\u00f2 in seguito) me lo impediva, per cui ho fatto un bel respiro e sono rimasto seduto, e devo dire che man mano il film ha preso quota, con un effetto alla Jannacci: voglio dire, lo senti cos\u00ec stonato e non gli daresti due lire come cantante, invece&#8230; diciamo che qui non arriviamo a quei livelli, siamo pi\u00f9 dalle parti di Franco Califano, ma nella sua scervellata unidirezionalit\u00e0, nella sua franchezza priva di ogni pudore, il film prende quota, e, se uno fa lo sforzo di accettare le premesse, regala anche qualche momento interessante, oltre a un paio di momenti che lo sai che sono messi l\u00ec apposta per commuoverti e per\u00f2 non c&#8217;\u00e8 niente da fare e ti commuovi lo stesso.<\/p>\n<p>C&#8217;\u00e8 persino una battuta degna di essere ricordata: quando Ges\u00f9 sta per andarsene, Alessandro si rende conto che non gli ha rivelato niente circa il sangue di San Gennaro, la Madonna di Lourdes, la fine del mondo e un&#8217;altra serie di &#8220;grandi&#8221; questioni religiose, e chiede: \u00abMa cosa devo dire? Me lo chiederanno&#8230;\u00bb, e Ges\u00f9: \u00abTu digli che non hai fatto in tempo a domandarmelo&#8230;\u00bb.<\/p>\n<p>Detto del film, rimane da spiegare che non me ne potevo andare perch\u00e9 avevo avevo organizzato io la proiezione; il pubblico era costituito da un gruppo parrocchiale dell&#8217;Azione Cattolica, associazione della quale mi onoro di essere un dirigente&#8230; e che da qualche anno propone con assiduit\u00e0 percorsi di formazione legati al cinema. Non avevo scelto io il film in questione, sapevo che nessuno dei responsabili parrocchiali l&#8217;aveva visto prima di proiettarlo, ed ero curioso (e anche vagamente preoccupato) di vedere la reazione delle pie signore all&#8217;intruglio servito in tavola; ebbene, parte il dibattito (l&#8217;Azione Cattolica deve essere rimasto l&#8217;unico posto in Italia in cui si fa <em>il dibattito)<\/em> e&#8230; trionfo!!! Ho realizzato che alle signore basta che ci sia Ges\u00f9 in scena, e tutto il resto va a posto. No, va bene, sono troppo cattivo: questa teoria pu\u00f2 spiegare il perdurante successo di Zeffirelli, ma posso testimoniare che, come lo scriba della parabola evangelica, le signore sono state capaci di trarre\u00a0 dal film significati riposti e inaspettati: forse inaspettati anche per il Farinotti e il regista!<\/p>\n","protected":false},"excerpt":{"rendered":"<p>Se non ho guardato male le votazioni per l&#8217;Inutile Thread 2007, godo del dubbio privilegio di non aver visto la<\/p>\n","protected":false},"author":1,"featured_media":0,"comment_status":"open","ping_status":"open","sticky":false,"template":"","format":"standard","meta":{"_mi_skip_tracking":false,"_monsterinsights_sitenote_active":false,"_monsterinsights_sitenote_note":"","_monsterinsights_sitenote_category":0,"jetpack_post_was_ever_published":false,"_jetpack_newsletter_access":"","jetpack_publicize_message":"","jetpack_is_tweetstorm":false,"jetpack_publicize_feature_enabled":true,"jetpack_social_post_already_shared":false,"jetpack_social_options":{"image_generator_settings":{"template":"highway","enabled":false}}},"categories":[52,14,57,54,62,12],"tags":[],"jetpack_publicize_connections":[],"jetpack_featured_media_url":"","jetpack_sharing_enabled":true,"jetpack_shortlink":"https:\/\/wp.me\/p4jV2T-bn","jetpack_likes_enabled":true,"jetpack-related-posts":[{"id":10009,"url":"http:\/\/www.robertosedda.it\/?p=10009","url_meta":{"origin":705,"position":0},"title":"Di nuovo sulla &#8220;Gerusalemme liberata&#8221;","author":"Rufus","date":"21\/04\/2015","format":"video","excerpt":"Della\u00a0Gerusalemme liberata ho gi\u00e0 parlato pi\u00f9 o meno un anno e mezzo fa, quindi oggi mi limito a segnalare che ho messo in linea la puntata che ho dedicato al poema su\u00a0Oggi parliamo di libri e a invitarvi all'ascolto, oltre che della puntata, della pausa musicale con la strepitosa Mahalia\u2026","rel":"","context":"In &quot;Coordinate&quot;","block_context":{"text":"Coordinate","link":"http:\/\/www.robertosedda.it\/?cat=52"},"img":{"alt_text":"","src":"https:\/\/i0.wp.com\/img.youtube.com\/vi\/gPZuWzZvoYQ\/0.jpg?resize=350%2C200","width":350,"height":200},"classes":[]},{"id":9829,"url":"http:\/\/www.robertosedda.it\/?p=9829","url_meta":{"origin":705,"position":1},"title":"Il delirio di Gerusalemme","author":"Rufus","date":"24\/03\/2015","format":false,"excerpt":"Cronache di Gerusalemme, Guy Delisle, Rizzoli-Lizard 2012 Non ho ancora avuto occasione di raccontare che dopo la lettura di\u00a0Kobane calling\u00a0mi \u00e8 venuta voglia di riprendere in mano un po' di comics journalism, cio\u00e8 di giornalismo a fumetti, e cos\u00ec ho letto in una sola serata\u00a0Cronache di Gerusalemme del canadese Guy\u2026","rel":"","context":"In &quot;Coordinate&quot;","block_context":{"text":"Coordinate","link":"http:\/\/www.robertosedda.it\/?cat=52"},"img":{"alt_text":"","src":"https:\/\/i0.wp.com\/www.robertosedda.it\/wp-content\/uploads\/2015\/03\/Cronache-di-Gerusalemme-Delisle-3.jpg?resize=350%2C200","width":350,"height":200},"classes":[]},{"id":4664,"url":"http:\/\/www.robertosedda.it\/?p=4664","url_meta":{"origin":705,"position":2},"title":"Io e la Gerusalemme liberata","author":"Rufus","date":"15\/10\/2013","format":false,"excerpt":"Sto leggendo la Gerusalemme liberata e (sorprendentemente?) mi sta piacendo moltissimo: l'ho iniziata in modo del tutto casuale in un momento di noia in cui cercavo qualcosa, qualsiasi cosa, che fosse disponibile sul palmare e ho scoperto che il programma di lettura ne aveva una copia in libera circolazione. Dopo\u2026","rel":"","context":"In &quot;Cappe e spade&quot;","block_context":{"text":"Cappe e spade","link":"http:\/\/www.robertosedda.it\/?cat=70"},"img":{"alt_text":"","src":"https:\/\/i0.wp.com\/www.robertosedda.it\/wp-content\/uploads\/2013\/10\/Gesrusalemme-liberata.jpg?fit=315%2C420&resize=350%2C200","width":350,"height":200},"classes":[]},{"id":18024,"url":"http:\/\/www.robertosedda.it\/?p=18024","url_meta":{"origin":705,"position":3},"title":"La lectio della gioiosa domenica","author":"Rufus","date":"21\/03\/2020","format":false,"excerpt":"Come tutti i sabati pubblico dei materiali utili per chi vuole fare lectio sul Vangelo della domenica seguente. Questa settimana il gruppo La Pira la celebrer\u00e0 insieme, su Zoom (segno dei tempi), ma i materiali possono essere utili anche a chi \u00e8 costretto a lavorare da solo. Come al solito\u2026","rel":"","context":"In &quot;Coordinate&quot;","block_context":{"text":"Coordinate","link":"http:\/\/www.robertosedda.it\/?cat=52"},"img":{"alt_text":"","src":"https:\/\/i0.wp.com\/www.robertosedda.it\/wp-content\/uploads\/2020\/03\/Ceco-nato-Rupnik.jpg?fit=818%2C555&resize=350%2C200","width":350,"height":200,"srcset":"https:\/\/i0.wp.com\/www.robertosedda.it\/wp-content\/uploads\/2020\/03\/Ceco-nato-Rupnik.jpg?fit=818%2C555&resize=350%2C200 1x, https:\/\/i0.wp.com\/www.robertosedda.it\/wp-content\/uploads\/2020\/03\/Ceco-nato-Rupnik.jpg?fit=818%2C555&resize=700%2C400 2x"},"classes":[]},{"id":4717,"url":"http:\/\/www.robertosedda.it\/?p=4717","url_meta":{"origin":705,"position":4},"title":"Giochi di ruolo di giovani d&#8217;altri tempi","author":"Rufus","date":"17\/10\/2013","format":false,"excerpt":"Racconto a mia madre che sto leggendo La Gerusalemme liberata. \u00abChe bello\u00bb, mi dice, \u00abma allora devi leggere l'Orlando furioso\u00bb. La cosa spinge mia madre a ricordarsi dei suoi trascorsi scolastici. Non so perch\u00e9 ma di Tasso non ha un buon ricordo, Ariosto invece \u00e8 la sua passione. Poi mi\u2026","rel":"","context":"In &quot;Coordinate&quot;","block_context":{"text":"Coordinate","link":"http:\/\/www.robertosedda.it\/?cat=52"},"img":{"alt_text":"","src":"","width":0,"height":0},"classes":[]},{"id":18500,"url":"http:\/\/www.robertosedda.it\/?p=18500","url_meta":{"origin":705,"position":5},"title":"La lectio dell&#8217;incontro del giorno dopo","author":"Rufus","date":"17\/04\/2021","format":false,"excerpt":"Dopo un periodo di interruzione domani il gruppo La Pira fa la sua lectio periodica. Cime sempre pubblico qui i materiali che utilizzeremo per renderne pi\u00f9 facile la consultazione al gruppo e anche perch\u00e9 possono essere utili anche ad altri che vogliono fare una esperienza simile. Il metodo \u00e8 spiegato\u2026","rel":"","context":"In &quot;Coordinate&quot;","block_context":{"text":"Coordinate","link":"http:\/\/www.robertosedda.it\/?cat=52"},"img":{"alt_text":"","src":"https:\/\/i0.wp.com\/www.robertosedda.it\/wp-content\/uploads\/2021\/04\/3039px-1602-3_CaravaggioSupper_at_Emmaus_National_Gallery_London-scaled.jpg?fit=1200%2C853&resize=350%2C200","width":350,"height":200,"srcset":"https:\/\/i0.wp.com\/www.robertosedda.it\/wp-content\/uploads\/2021\/04\/3039px-1602-3_CaravaggioSupper_at_Emmaus_National_Gallery_London-scaled.jpg?fit=1200%2C853&resize=350%2C200 1x, https:\/\/i0.wp.com\/www.robertosedda.it\/wp-content\/uploads\/2021\/04\/3039px-1602-3_CaravaggioSupper_at_Emmaus_National_Gallery_London-scaled.jpg?fit=1200%2C853&resize=700%2C400 2x, https:\/\/i0.wp.com\/www.robertosedda.it\/wp-content\/uploads\/2021\/04\/3039px-1602-3_CaravaggioSupper_at_Emmaus_National_Gallery_London-scaled.jpg?fit=1200%2C853&resize=1050%2C600 3x"},"classes":[]}],"_links":{"self":[{"href":"http:\/\/www.robertosedda.it\/index.php?rest_route=\/wp\/v2\/posts\/705"}],"collection":[{"href":"http:\/\/www.robertosedda.it\/index.php?rest_route=\/wp\/v2\/posts"}],"about":[{"href":"http:\/\/www.robertosedda.it\/index.php?rest_route=\/wp\/v2\/types\/post"}],"author":[{"embeddable":true,"href":"http:\/\/www.robertosedda.it\/index.php?rest_route=\/wp\/v2\/users\/1"}],"replies":[{"embeddable":true,"href":"http:\/\/www.robertosedda.it\/index.php?rest_route=%2Fwp%2Fv2%2Fcomments&post=705"}],"version-history":[{"count":1,"href":"http:\/\/www.robertosedda.it\/index.php?rest_route=\/wp\/v2\/posts\/705\/revisions"}],"predecessor-version":[{"id":706,"href":"http:\/\/www.robertosedda.it\/index.php?rest_route=\/wp\/v2\/posts\/705\/revisions\/706"}],"wp:attachment":[{"href":"http:\/\/www.robertosedda.it\/index.php?rest_route=%2Fwp%2Fv2%2Fmedia&parent=705"}],"wp:term":[{"taxonomy":"category","embeddable":true,"href":"http:\/\/www.robertosedda.it\/index.php?rest_route=%2Fwp%2Fv2%2Fcategories&post=705"},{"taxonomy":"post_tag","embeddable":true,"href":"http:\/\/www.robertosedda.it\/index.php?rest_route=%2Fwp%2Fv2%2Ftags&post=705"}],"curies":[{"name":"wp","href":"https:\/\/api.w.org\/{rel}","templated":true}]}}