{"id":6944,"date":"2014-04-10T17:37:31","date_gmt":"2014-04-10T15:37:31","guid":{"rendered":"http:\/\/www.robertosedda.it\/?p=6944"},"modified":"2014-04-11T09:24:57","modified_gmt":"2014-04-11T07:24:57","slug":"votare-o-no-almeno-dite-la-vostra-idea-di-europa-pero","status":"publish","type":"post","link":"http:\/\/www.robertosedda.it\/?p=6944","title":{"rendered":"Votare o no? Almeno dite la vostra idea di Europa, per\u00f2"},"content":{"rendered":"<p><a href=\"https:\/\/i0.wp.com\/www.robertosedda.it\/wp-content\/uploads\/2014\/04\/Elezioni-2014.png\"><img data-attachment-id=\"6954\" data-permalink=\"http:\/\/www.robertosedda.it\/?attachment_id=6954\" data-orig-file=\"https:\/\/i0.wp.com\/www.robertosedda.it\/wp-content\/uploads\/2014\/04\/Elezioni-2014.png?fit=250%2C145\" data-orig-size=\"250,145\" data-comments-opened=\"1\" data-image-meta=\"{&quot;aperture&quot;:&quot;0&quot;,&quot;credit&quot;:&quot;&quot;,&quot;camera&quot;:&quot;&quot;,&quot;caption&quot;:&quot;&quot;,&quot;created_timestamp&quot;:&quot;0&quot;,&quot;copyright&quot;:&quot;&quot;,&quot;focal_length&quot;:&quot;0&quot;,&quot;iso&quot;:&quot;0&quot;,&quot;shutter_speed&quot;:&quot;0&quot;,&quot;title&quot;:&quot;&quot;}\" data-image-title=\"Elezioni 2014\" data-image-description=\"\" data-image-caption=\"\" data-medium-file=\"https:\/\/i0.wp.com\/www.robertosedda.it\/wp-content\/uploads\/2014\/04\/Elezioni-2014.png?fit=250%2C145\" data-large-file=\"https:\/\/i0.wp.com\/www.robertosedda.it\/wp-content\/uploads\/2014\/04\/Elezioni-2014.png?fit=250%2C145\" decoding=\"async\" loading=\"lazy\" class=\"alignleft size-full wp-image-6954\" alt=\"Elezioni 2014\" src=\"https:\/\/i0.wp.com\/www.robertosedda.it\/wp-content\/uploads\/2014\/04\/Elezioni-2014.png?resize=250%2C145\" width=\"250\" height=\"145\" srcset=\"https:\/\/i0.wp.com\/www.robertosedda.it\/wp-content\/uploads\/2014\/04\/Elezioni-2014.png?w=250 250w, https:\/\/i0.wp.com\/www.robertosedda.it\/wp-content\/uploads\/2014\/04\/Elezioni-2014.png?resize=150%2C87 150w\" sizes=\"(max-width: 250px) 100vw, 250px\" data-recalc-dims=\"1\" \/><\/a>A costo di dare un dolore al mio amico Alberto Pintus, devo dire che non trovo particolarmente convincenti le posizioni di coloro che suggeriscono che, poich\u00e9 la Sardegna \u00e8 rimasta nel collegio unico con la Sicilia per le elezioni europee, allora \u00e8 opportuno astenersi e non partecipare alla prossima tornata elettorale.<\/p>\n<p>Le prossime elezioni europee sono le prime che si verificano dopo la crisi finanziaria e dopo il fallimento del processo verso la nuova Costituzione europea &#8211; diciamo anche: dopo che la percezione di &#8220;Europa&#8221; \u00e8 passata, nell&#8217;idea di tanti, da &#8220;grande casa comune&#8221; a &#8220;schiava delle banche&#8221;, e c&#8217;\u00e8 una bella differenza &#8211; e la posta in gioco non \u00e8 piccola: il futuro del\u00a0<em>fiscal compact<\/em>, il bilanciamento di poteri fra cittadini, entit\u00e0 statali e sovranazionali e poteri forti, in fondo la stessa idea di destino del globo terrestre. Astenersi in questo momento sembra miope.<\/p>\n<h2>La rappresentanza, direte voi<\/h2>\n<p>Naturalmente, c&#8217;\u00e8 un problema di rappresentanza: ma su questo ci sono alcune cose da chiarire.<\/p>\n<p><a href=\"https:\/\/i0.wp.com\/www.robertosedda.it\/wp-content\/uploads\/2014\/04\/Mario-Melis.jpg.jpg\"><img data-attachment-id=\"6951\" data-permalink=\"http:\/\/www.robertosedda.it\/?attachment_id=6951\" data-orig-file=\"https:\/\/i0.wp.com\/www.robertosedda.it\/wp-content\/uploads\/2014\/04\/Mario-Melis.jpg.jpg?fit=180%2C239\" data-orig-size=\"180,239\" data-comments-opened=\"1\" data-image-meta=\"{&quot;aperture&quot;:&quot;0&quot;,&quot;credit&quot;:&quot;&quot;,&quot;camera&quot;:&quot;&quot;,&quot;caption&quot;:&quot;&quot;,&quot;created_timestamp&quot;:&quot;0&quot;,&quot;copyright&quot;:&quot;&quot;,&quot;focal_length&quot;:&quot;0&quot;,&quot;iso&quot;:&quot;0&quot;,&quot;shutter_speed&quot;:&quot;0&quot;,&quot;title&quot;:&quot;&quot;}\" data-image-title=\"Mario Melis.jpg\" data-image-description=\"\" data-image-caption=\"\" data-medium-file=\"https:\/\/i0.wp.com\/www.robertosedda.it\/wp-content\/uploads\/2014\/04\/Mario-Melis.jpg.jpg?fit=180%2C239\" data-large-file=\"https:\/\/i0.wp.com\/www.robertosedda.it\/wp-content\/uploads\/2014\/04\/Mario-Melis.jpg.jpg?fit=180%2C239\" decoding=\"async\" loading=\"lazy\" class=\"alignright size-full wp-image-6951\" alt=\"Mario Melis.jpg\" src=\"https:\/\/i0.wp.com\/www.robertosedda.it\/wp-content\/uploads\/2014\/04\/Mario-Melis.jpg.jpg?resize=180%2C239\" width=\"180\" height=\"239\" srcset=\"https:\/\/i0.wp.com\/www.robertosedda.it\/wp-content\/uploads\/2014\/04\/Mario-Melis.jpg.jpg?w=180 180w, https:\/\/i0.wp.com\/www.robertosedda.it\/wp-content\/uploads\/2014\/04\/Mario-Melis.jpg.jpg?resize=112%2C150 112w\" sizes=\"(max-width: 180px) 100vw, 180px\" data-recalc-dims=\"1\" \/><\/a>Intanto, non \u00e8 vero quel che si sente dire comunemente, che al Parlamento europeo ci vanno sempre <em>solo<\/em> i siciliani. Una ricerchina veloce sul <em>web <\/em>ricorda che sono stati parlamentari europei (fate voi la tara ai differenti sistemi elettorali utilizzati) almeno\u00a0Giosu\u00e8 Ligios (due volte), Umberto Cardia, Andrea Raggio (due volte), Felicetto Contu, Mario Melis, Mario Segni (due volte), Maddalena Calia, Giommaria Uggias, Francesca Barracciu, e anche Enrico e\u00a0Giovanni Berlinguer (direi che Luigi Berlinguer va considerato toscano a tutti gli effetti). Non \u00e8 una cattiva pattuglia, pi\u00f9 o meno il 2% dei parlamentari che l&#8217;Italia ha mandato in totale a Bruxelles e Strasburgo (la Sardegna ha il 3% \u00a0circa della popolazione italiana, non molto lontano).<\/p>\n<p>Apparentemente, quindi, la Sardegna\u00a0<em>non<\/em> ha bisogno di un seggio riservato per garantirsi la rappresentanza europea.<\/p>\n<p>In realt\u00e0 andrebbe anche ricordato, ovviamente, che le bandite di caccia e i seggi riservati sono spesso funzionali agli interessi delle\u00a0<em>\u00e9lite<\/em>\u00a0locali piuttosto che alle politiche globali e tendono, per forza di cose, a focalizzare il dibattito sulle questioni domestiche. Non \u00e8 assurdo pensare che una serie di piccoli partiti possa ritenere che recintare il dibattito politico alla sola Sardegna gli darebbe una\u00a0<em>chance<\/em> che in una discussione pi\u00f9 larga finirebbero per perdere a favore di portatori di interessi meno localizzati. In questo senso sospetto che una parte del dibattito sulla rappresentanza politica della Sardegna al Parlamento europeo celi, pi\u00f9 che questioni di alto senso democratico, una certa dose di strumentalit\u00e0 (anche se la <em>debacle<\/em> di Michela Murgia alle ultime regionali dovrebbe ricordare che alla fine non \u00e8 cos\u00ec facile neanche acquisire maggioranze locali contro i partiti nazionali).<\/p>\n<p>E poi c&#8217;\u00e8 il discorso che non \u00e8 mai chiaro esattamente a che punto debba cominciare la tutela della minoranza. La Sardegna \u00e8 svantaggiata dal gioco demografico rispetto alla Sicilia; se fosse un collegio separato, presumibilmente il gioco demografico farebbe s\u00ec che l&#8217;eletto o l&#8217;eletta proverrebbe da Cagliari, forse da Sassari. E allora le zone interne?<\/p>\n<p>(<em>Disclaimer<\/em>: in realt\u00e0 la maggior parte dei paesi europei vota per il Parlamento europeo con un collegio unico\u00a0<em>nazionale<\/em>, e quella sarebbe anche la mia soluzione preferita, che trovo anche pi\u00f9 affine all&#8217;idea di Europa che ho in testa, tanto pi\u00f9 che i parlamentari europei si collegano per affinit\u00e0 politica, e non nazionale).<\/p>\n<p>Comunque, la Sardegna i suoi rappresentanti in passato li ha avuti. Quindi&#8230;<\/p>\n<h2>Un&#8217;idea di politica<\/h2>\n<p><a href=\"https:\/\/i0.wp.com\/www.robertosedda.it\/wp-content\/uploads\/2014\/04\/Francesca-Barracciu.jpg\"><img data-attachment-id=\"6953\" data-permalink=\"http:\/\/www.robertosedda.it\/?attachment_id=6953\" data-orig-file=\"https:\/\/i0.wp.com\/www.robertosedda.it\/wp-content\/uploads\/2014\/04\/Francesca-Barracciu.jpg?fit=423%2C600\" data-orig-size=\"423,600\" data-comments-opened=\"1\" data-image-meta=\"{&quot;aperture&quot;:&quot;0&quot;,&quot;credit&quot;:&quot;&quot;,&quot;camera&quot;:&quot;&quot;,&quot;caption&quot;:&quot;&quot;,&quot;created_timestamp&quot;:&quot;0&quot;,&quot;copyright&quot;:&quot;&quot;,&quot;focal_length&quot;:&quot;0&quot;,&quot;iso&quot;:&quot;0&quot;,&quot;shutter_speed&quot;:&quot;0&quot;,&quot;title&quot;:&quot;&quot;}\" data-image-title=\"Francesca Barracciu\" data-image-description=\"\" data-image-caption=\"\" data-medium-file=\"https:\/\/i0.wp.com\/www.robertosedda.it\/wp-content\/uploads\/2014\/04\/Francesca-Barracciu.jpg?fit=211%2C300\" data-large-file=\"https:\/\/i0.wp.com\/www.robertosedda.it\/wp-content\/uploads\/2014\/04\/Francesca-Barracciu.jpg?fit=423%2C600\" decoding=\"async\" loading=\"lazy\" class=\"alignleft size-medium wp-image-6953\" alt=\"Francesca Barracciu\" src=\"https:\/\/i0.wp.com\/www.robertosedda.it\/wp-content\/uploads\/2014\/04\/Francesca-Barracciu.jpg?resize=211%2C300\" width=\"211\" height=\"300\" srcset=\"https:\/\/i0.wp.com\/www.robertosedda.it\/wp-content\/uploads\/2014\/04\/Francesca-Barracciu.jpg?resize=211%2C300 211w, https:\/\/i0.wp.com\/www.robertosedda.it\/wp-content\/uploads\/2014\/04\/Francesca-Barracciu.jpg?resize=105%2C150 105w, https:\/\/i0.wp.com\/www.robertosedda.it\/wp-content\/uploads\/2014\/04\/Francesca-Barracciu.jpg?w=423 423w\" sizes=\"(max-width: 211px) 100vw, 211px\" data-recalc-dims=\"1\" \/><\/a>Se apparentemente in altri tempi la Sardegna non ha avuto problemi nel gioco politico nazionale a garantirsi spazi di rappresentanza europea e oggi\u00a0la percezione diffusa \u00e8 che questa rappresentanza faccia difetto, forse \u00e8 il caso di interrogarsi anche sulla qualit\u00e0 della classe politica sarda e sulla sua autorevolezza a livello nazionale rispetto al passato. Il che porta direttamente a riflettere anche sull&#8217;idea di politica che la richiesta di una rappresentanza riservata sembra implicare.<\/p>\n<p>Rispondendo a un articolo di Pietro Ciarlo (<em><a href=\"http:\/\/www.sardegnasoprattutto.com\/archives\/2610\">Mito dell\u2019et\u00e0 dell\u2019oro e neoisolazionismo sardo<\/a><\/em>, largamente condivisibile a parte qualche eccesso polemico) <a href=\"http:\/\/sardegnamondo.blog.tiscali.it\/2014\/04\/09\/dipendentismo-vs-autodeterminazione-risposta-a-un-tentativo-di-normalizzazione\/\">l&#8217;esponente indipendentista Omar Onnis ha scritto<\/a>\u00a0qualcosa che mi sembra rappresenti bene l&#8217;idea di tanti che ritengono che in mancanza del collegio sardo separato sia opportuno astenersi (l&#8217;enfasi \u00e8 mia):<\/p>\n<blockquote><p>la Sardegna non solo ha una popolazione pari a meno del 3% di quella complessiva dello stato italiano (il che ne farebbe gi\u00e0 di suo una porzione marginale del medesimo, quanto a peso demografico <strong>e dunque politico<\/strong>)<\/p><\/blockquote>\n<p>Qui si fa un passo avanti (indietro) rispetto all&#8217;idea che in democrazia conta la maggioranza: contano i\u00a0<em>territori<\/em> pi\u00f9 popolosi, <em>quindi<\/em> un territorio col 3% di popolazione \u00e8 forzatamente marginale.<\/p>\n<p>A parte la decisione, discutibile, di utilizzare come unico criterio di forza reciproca la popolazione, non \u00e8 uno slittamento di senso da poco. Non siamo pi\u00f9 a ogni testa un voto, ma alla societ\u00e0 per azioni: e ogni territorio vota per il capitale sociale (la popolazione) che possiede.<\/p>\n<p>Non \u00e8 per niente un passaggio da nulla.<\/p>\n<p>Si suppone forzatamente che quel 3% di popolazione sia un tutto indifferenziato, accomunato dalla stessa visione politica (e quindi che la sardit\u00e0 sia determinante rispetto a bazzecole come il reddito, l&#8217;orientamento sessuale, la religione, l&#8217;et\u00e0, l&#8217;appartenenza familiare, il titolo di studio&#8230;).<\/p>\n<p><a href=\"https:\/\/i0.wp.com\/www.robertosedda.it\/wp-content\/uploads\/2014\/04\/Rivoluzionari-aio-e-oio.jpg\"><img data-attachment-id=\"6955\" data-permalink=\"http:\/\/www.robertosedda.it\/?attachment_id=6955\" data-orig-file=\"https:\/\/i0.wp.com\/www.robertosedda.it\/wp-content\/uploads\/2014\/04\/Rivoluzionari-aio-e-oio.jpg?fit=565%2C572\" data-orig-size=\"565,572\" data-comments-opened=\"1\" data-image-meta=\"{&quot;aperture&quot;:&quot;0&quot;,&quot;credit&quot;:&quot;&quot;,&quot;camera&quot;:&quot;&quot;,&quot;caption&quot;:&quot;&quot;,&quot;created_timestamp&quot;:&quot;0&quot;,&quot;copyright&quot;:&quot;&quot;,&quot;focal_length&quot;:&quot;0&quot;,&quot;iso&quot;:&quot;0&quot;,&quot;shutter_speed&quot;:&quot;0&quot;,&quot;title&quot;:&quot;&quot;}\" data-image-title=\"Rivoluzionari aio e oio\" data-image-description=\"\" data-image-caption=\"\" data-medium-file=\"https:\/\/i0.wp.com\/www.robertosedda.it\/wp-content\/uploads\/2014\/04\/Rivoluzionari-aio-e-oio.jpg?fit=296%2C300\" data-large-file=\"https:\/\/i0.wp.com\/www.robertosedda.it\/wp-content\/uploads\/2014\/04\/Rivoluzionari-aio-e-oio.jpg?fit=510%2C516\" decoding=\"async\" loading=\"lazy\" class=\"alignright size-medium wp-image-6955\" alt=\"Rivoluzionari aio e oio\" src=\"https:\/\/i0.wp.com\/www.robertosedda.it\/wp-content\/uploads\/2014\/04\/Rivoluzionari-aio-e-oio.jpg?resize=296%2C300\" width=\"296\" height=\"300\" srcset=\"https:\/\/i0.wp.com\/www.robertosedda.it\/wp-content\/uploads\/2014\/04\/Rivoluzionari-aio-e-oio.jpg?resize=296%2C300 296w, https:\/\/i0.wp.com\/www.robertosedda.it\/wp-content\/uploads\/2014\/04\/Rivoluzionari-aio-e-oio.jpg?resize=148%2C150 148w, https:\/\/i0.wp.com\/www.robertosedda.it\/wp-content\/uploads\/2014\/04\/Rivoluzionari-aio-e-oio.jpg?resize=100%2C100 100w, https:\/\/i0.wp.com\/www.robertosedda.it\/wp-content\/uploads\/2014\/04\/Rivoluzionari-aio-e-oio.jpg?w=565 565w\" sizes=\"(max-width: 296px) 100vw, 296px\" data-recalc-dims=\"1\" \/><\/a>Si fa intravedere una visione abbastanza misera della rappresentanza, per la quale si va in Parlamento per fare gli interessi del <em>proprio<\/em> territorio (e buonanotte all&#8217;assenza di vincolo di mandato); soprattutto, presuppone che gli <em>altri<\/em> non faranno\u00a0<em>mai<\/em> gli interessi\u00a0<em>nostri.<\/em><\/p>\n<p>Soprattutto, per\u00f2, ed \u00e8 la cosa pi\u00f9 sorprendente, c&#8217;\u00e8 una visione dell&#8217;azione politica tutta giocata sui numeri e per niente sulle idee, per cui i territori meno popolosi sono anche meno politicamente rilevanti. \u00c8 in questo senso una visione sostanzialmente abdicatoria: conta il solo peso numerico, mentre la forza delle idee propria, la capacit\u00e0 di elaborazione politica non contano nulla, come nulla conteranno nell&#8217;agire altrui la dirittura morale, il senso del bene comune, l&#8217;interesse nazionale&#8230; solo lo stato derelitto della politica contemporanea pu\u00f2 far dimenticare che nella storia repubblicana questo tipo di visione \u00e8 stato pi\u00f9 frequentemente smentito che confermato e che, comunque, la politica non \u00e8 stata <em>mai<\/em> decisa esclusivamente dal peso dei numeri, indipendentemente dalle idee. Ancora una volta, \u00e8 una visione che assolve dalle proprie responsabilit\u00e0 (non abbiamo rappresentanza perch\u00e9 siamo pochi, non perch\u00e9 siamo poco autorevoli) e che evita di dover fare i conti con la <em>qualit\u00e0<\/em> dell&#8217;azione politica espressa.<\/p>\n<h2>Che visione di Europa?<\/h2>\n<p><a href=\"https:\/\/i0.wp.com\/www.robertosedda.it\/wp-content\/uploads\/2014\/01\/Alexis-Tsipras.jpg\"><img data-attachment-id=\"6049\" data-permalink=\"http:\/\/www.robertosedda.it\/?attachment_id=6049\" data-orig-file=\"https:\/\/i0.wp.com\/www.robertosedda.it\/wp-content\/uploads\/2014\/01\/Alexis-Tsipras.jpg?fit=650%2C366\" data-orig-size=\"650,366\" data-comments-opened=\"1\" data-image-meta=\"{&quot;aperture&quot;:&quot;0&quot;,&quot;credit&quot;:&quot;&quot;,&quot;camera&quot;:&quot;&quot;,&quot;caption&quot;:&quot;&quot;,&quot;created_timestamp&quot;:&quot;0&quot;,&quot;copyright&quot;:&quot;&quot;,&quot;focal_length&quot;:&quot;0&quot;,&quot;iso&quot;:&quot;0&quot;,&quot;shutter_speed&quot;:&quot;0&quot;,&quot;title&quot;:&quot;&quot;}\" data-image-title=\"Alexis Tsipras\" data-image-description=\"\" data-image-caption=\"\" data-medium-file=\"https:\/\/i0.wp.com\/www.robertosedda.it\/wp-content\/uploads\/2014\/01\/Alexis-Tsipras.jpg?fit=300%2C168\" data-large-file=\"https:\/\/i0.wp.com\/www.robertosedda.it\/wp-content\/uploads\/2014\/01\/Alexis-Tsipras.jpg?fit=510%2C287\" decoding=\"async\" loading=\"lazy\" class=\"alignleft size-medium wp-image-6049\" alt=\"Alexis Tsipras\" src=\"https:\/\/i0.wp.com\/www.robertosedda.it\/wp-content\/uploads\/2014\/01\/Alexis-Tsipras.jpg?resize=300%2C168\" width=\"300\" height=\"168\" srcset=\"https:\/\/i0.wp.com\/www.robertosedda.it\/wp-content\/uploads\/2014\/01\/Alexis-Tsipras.jpg?resize=300%2C168 300w, https:\/\/i0.wp.com\/www.robertosedda.it\/wp-content\/uploads\/2014\/01\/Alexis-Tsipras.jpg?resize=150%2C84 150w, https:\/\/i0.wp.com\/www.robertosedda.it\/wp-content\/uploads\/2014\/01\/Alexis-Tsipras.jpg?w=650 650w\" sizes=\"(max-width: 300px) 100vw, 300px\" data-recalc-dims=\"1\" \/><\/a>A me sembra una visione abbastanza misera, egoistica, sia della rappresentanza che della politica. La domanda per\u00f2 nel contesto specifico \u00e8: a questa visione che idea di Europa si accompagna?<\/p>\n<p>Giorni fa \u00e8 stata accolta con sberleffi diffusi una dichiarazione dei deputati sardi del\u00a0<em>M5S<\/em> che, sostanzialmente, dicevano che ci si pu\u00f2 anche far rappresentare da un siciliano, l&#8217;importante \u00e8 che sia contro una serie di politiche europee sgradite. Nella logica, se non nell&#8217;esatto contenuto, a me sembrava ragionevole.<\/p>\n<p>\u00c8 legittimo, peraltro, anche pensarla diversamente. E quindi mettiamo che davvero sia impossibile per i sardi arrivare al Parlamento europeo e che questo meriti un&#8217;azione forte, per esempio quella di astenersi.<\/p>\n<p>Ci sono un paio di trappole, sia fattuali che logiche, in tutta la sequenza, ma per amore di pace ammettiamolo.<\/p>\n<p>Il problema \u00e8: non \u00e8 che l&#8217;Europa smette di esistere se noi non votiamo.<\/p>\n<p>Quindi, perch\u00e9 non sia un semplice giochetto per proteggere la propria base elettorale ed evitare che venga fagocitata da altri attori politici con maggiore rilevanza europea (che si tratti di salvaguardare un buon risultato alle regionali, o evitare un&#8217;altra <em>debacle<\/em> non importa) chi propone l&#8217;astensione alle prossime europee ha il dovere di fare comunque\u00a0<em>politica<\/em> europea.<\/p>\n<p>E quindi, quanto meno, dire esplicitamente alcune cose. Per esempio: a che collocazione internazionale si pensa in vista di una Sardegna indipendente? Dentro o fuori dell&#8217;Europa? Se\u00a0<em>fuori<\/em>, ci sarebbero un po&#8217; di spiegazioni da dare in merito agli equilibri geopolitici che ci si immagina, ma la scelta dell&#8217;astensione avrebbe una certa coerenza &#8211; tanto pi\u00f9 debole, ovviamente, quanto pi\u00f9 si ritiene che l&#8217;indipendenza sia una prospettiva temporalmente lontana. Perch\u00e9 l&#8217;Europa non \u00e8 che smette di esistere se noi non votiamo.<\/p>\n<p>Se per\u00f2 ci si immagina una Sardegna <em>dentro<\/em> l&#8217;Europa, allora nascono una serie di altre domande: che idea di Europa? Di politiche sociali, di politiche di integrazione, di politiche di coesione territoriale&#8230; e, rispetto a queste, andrebbe detto come ci si pone rispetto alle tre-quattro forze in campo nel dibattito politico europeo (parlo di visioni ideali, prima ancora che di raggruppamenti elettorali).<\/p>\n<p>Chiarito questo, alla fine, la domanda \u00e8: se si pensa di dover <em>comunque<\/em> giocare un ruolo nel dibattito politico europeo futuro, ci si pu\u00f2 permettere di astenersi adesso? Io, francamente, penso di no, salvo che non sia preminente l&#8217;interesse di partito nel giochino difensivo di cui parlavo prima.<\/p>\n<p>Se invece l&#8217;astensionismo non \u00e8 una opzione, c&#8217;\u00e8 modo di giocare una partita politica date le regole attuali sulla rappresentanza? Se l&#8217;idea di rappresentanza che si ha \u00e8 che la partita si pu\u00f2 giocare solo se siamo sicuri di far eleggere uno di noi, ci si trova ovviamente in un\u00a0<em>cul de sac<\/em>, e io credo che sia questo, ancora di pi\u00f9 dell&#8217;incompetenza diffusa sulle politiche europee, a impastoiare l&#8217;azione di tanta politica di taglio indipendentista e a farla rinculare verso l&#8217;astensione. Ma se si accetta un&#8217;idea di democrazia di taglio internazionalista, e non nazionalista, ci sarebbero mille laboratori politici che si potrebbero costruire, in Sardegna e altrove, per essere protagonisti in Europa.<\/p>\n","protected":false},"excerpt":{"rendered":"<p>A costo di dare un dolore al mio amico Alberto Pintus, devo dire che non trovo particolarmente convincenti le posizioni<\/p>\n","protected":false},"author":1,"featured_media":6954,"comment_status":"open","ping_status":"open","sticky":false,"template":"","format":"standard","meta":{"_mi_skip_tracking":false,"_monsterinsights_sitenote_active":false,"_monsterinsights_sitenote_note":"","_monsterinsights_sitenote_category":0,"jetpack_post_was_ever_published":false,"_jetpack_newsletter_access":"","jetpack_publicize_message":"","jetpack_is_tweetstorm":false,"jetpack_publicize_feature_enabled":true,"jetpack_social_post_already_shared":true,"jetpack_social_options":{"image_generator_settings":{"template":"highway","enabled":false}}},"categories":[52,57,17,59,16],"tags":[],"jetpack_publicize_connections":[],"jetpack_featured_media_url":"https:\/\/i0.wp.com\/www.robertosedda.it\/wp-content\/uploads\/2014\/04\/Elezioni-2014.png?fit=250%2C145","jetpack_sharing_enabled":true,"jetpack_shortlink":"https:\/\/wp.me\/p4jV2T-1O0","jetpack_likes_enabled":true,"jetpack-related-posts":[{"id":7479,"url":"http:\/\/www.robertosedda.it\/?p=7479","url_meta":{"origin":6944,"position":0},"title":"Due parole sulle elezioni europee","author":"Rufus","date":"20\/05\/2014","format":false,"excerpt":"Sono abbastanza disturbato dal modo con il quale il dibattito elettorale in vista delle prossime europee si sta focalizzando esclusivamente su tematiche politiche nazionali. La causa \u00e8, ovviamente, nella polarizzazione della polemica fra le posizioni di PD e M5S, che competono per il primato in una logica tutta interna che\u2026","rel":"","context":"In &quot;Coordinate&quot;","block_context":{"text":"Coordinate","link":"http:\/\/www.robertosedda.it\/?cat=52"},"img":{"alt_text":"","src":"https:\/\/i0.wp.com\/www.robertosedda.it\/wp-content\/uploads\/2014\/05\/Feudalesimo-e-libert\u00e0-1.jpg?fit=679%2C960&resize=350%2C200","width":350,"height":200},"classes":[]},{"id":6134,"url":"http:\/\/www.robertosedda.it\/?p=6134","url_meta":{"origin":6944,"position":1},"title":"Troppa poca Europa nella campagna elettorale","author":"Rufus","date":"03\/02\/2014","format":false,"excerpt":"A causa della campagna elettorale, dei vari impegni, del freddo e dell'influenza sono gi\u00e0 due settimane che il gruppo dei blogger del luned\u00ec non riesce a produrre il consueto articolo. Quello che segue \u00e8 stato inviato ma non discusso la settimana scorsa (peraltro io ho smesso da un po' di\u2026","rel":"","context":"In &quot;Coordinate&quot;","block_context":{"text":"Coordinate","link":"http:\/\/www.robertosedda.it\/?cat=52"},"img":{"alt_text":"","src":"https:\/\/i0.wp.com\/www.robertosedda.it\/wp-content\/uploads\/2014\/02\/Flag_of_Europe.svg.png?fit=1200%2C800&resize=350%2C200","width":350,"height":200,"srcset":"https:\/\/i0.wp.com\/www.robertosedda.it\/wp-content\/uploads\/2014\/02\/Flag_of_Europe.svg.png?fit=1200%2C800&resize=350%2C200 1x, https:\/\/i0.wp.com\/www.robertosedda.it\/wp-content\/uploads\/2014\/02\/Flag_of_Europe.svg.png?fit=1200%2C800&resize=700%2C400 2x, https:\/\/i0.wp.com\/www.robertosedda.it\/wp-content\/uploads\/2014\/02\/Flag_of_Europe.svg.png?fit=1200%2C800&resize=1050%2C600 3x"},"classes":[]},{"id":12164,"url":"http:\/\/www.robertosedda.it\/?p=12164","url_meta":{"origin":6944,"position":2},"title":"La Brexit vince. Un&#8217;illusione muore","author":"Rufus","date":"30\/06\/2016","format":false,"excerpt":"Ho proposto che il seminario di Cagliari Citt\u00e0 Capitale e del Circolo Me-Ti prenda spunto da un articolo del giornalista inglese Paul Mason (un importante editorialista e commentatore televisivo, molto schierato a sinistra), di cui ho gi\u00e0 detto che Si tratta di un articolo che si propone di suggerire al\u2026","rel":"","context":"In &quot;Coordinate&quot;","block_context":{"text":"Coordinate","link":"http:\/\/www.robertosedda.it\/?cat=52"},"img":{"alt_text":"","src":"https:\/\/i0.wp.com\/www.robertosedda.it\/wp-content\/uploads\/2016\/06\/maxresdefault-1.jpg?fit=1200%2C675&resize=350%2C200","width":350,"height":200,"srcset":"https:\/\/i0.wp.com\/www.robertosedda.it\/wp-content\/uploads\/2016\/06\/maxresdefault-1.jpg?fit=1200%2C675&resize=350%2C200 1x, https:\/\/i0.wp.com\/www.robertosedda.it\/wp-content\/uploads\/2016\/06\/maxresdefault-1.jpg?fit=1200%2C675&resize=700%2C400 2x, https:\/\/i0.wp.com\/www.robertosedda.it\/wp-content\/uploads\/2016\/06\/maxresdefault-1.jpg?fit=1200%2C675&resize=1050%2C600 3x"},"classes":[]},{"id":14292,"url":"http:\/\/www.robertosedda.it\/?p=14292","url_meta":{"origin":6944,"position":3},"title":"Diari di gioco 1: rispetto tardivo","author":"Rufus","date":"14\/11\/2017","format":false,"excerpt":"Lavoro da diversi anni a un gioco... ... cio\u00e8,\u00a0non ci lavoro davvero. Ho questa idea\u00a0 per un gioco da tavolo e come per una ventina di altri progetti dopo avere steso il progetto di base l'ho lasciato l\u00ec, a dormire in una cartella del PC, salvo avere ogni tanto delle\u2026","rel":"","context":"In &quot;Coordinate&quot;","block_context":{"text":"Coordinate","link":"http:\/\/www.robertosedda.it\/?cat=52"},"img":{"alt_text":"","src":"https:\/\/i0.wp.com\/www.robertosedda.it\/wp-content\/uploads\/2017\/11\/lluminati.jpg?fit=1200%2C630&resize=350%2C200","width":350,"height":200,"srcset":"https:\/\/i0.wp.com\/www.robertosedda.it\/wp-content\/uploads\/2017\/11\/lluminati.jpg?fit=1200%2C630&resize=350%2C200 1x, https:\/\/i0.wp.com\/www.robertosedda.it\/wp-content\/uploads\/2017\/11\/lluminati.jpg?fit=1200%2C630&resize=700%2C400 2x, https:\/\/i0.wp.com\/www.robertosedda.it\/wp-content\/uploads\/2017\/11\/lluminati.jpg?fit=1200%2C630&resize=1050%2C600 3x"},"classes":[]},{"id":6864,"url":"http:\/\/www.robertosedda.it\/?p=6864","url_meta":{"origin":6944,"position":4},"title":"Venti indipendentisti oltre la provocazione del Canton Marittimo (di Nicol\u00f2 Migheli)","author":"Rufus","date":"01\/04\/2014","format":false,"excerpt":"I\u00a0blogger del luned\u00ec, che a questo punto sarebbe pi\u00f9 corretto chiamare\u00a0blogger indipendentisti, procedono nei loro incontri. \u00c8 un po' che non ricevo direttamente l'articolo per la pubblicazione, ma vedo che tutti continuano a citare questo blog\u00a0come parte della catena e perci\u00f2 continuo a stare al gioco dei rimandi: peraltro\u00a0mai come\u2026","rel":"","context":"In &quot;Coordinate&quot;","block_context":{"text":"Coordinate","link":"http:\/\/www.robertosedda.it\/?cat=52"},"img":{"alt_text":"","src":"https:\/\/i0.wp.com\/www.robertosedda.it\/wp-content\/uploads\/2014\/04\/Nicol\u00f2-Migheli.jpg?fit=720%2C960&resize=350%2C200","width":350,"height":200,"srcset":"https:\/\/i0.wp.com\/www.robertosedda.it\/wp-content\/uploads\/2014\/04\/Nicol\u00f2-Migheli.jpg?fit=720%2C960&resize=350%2C200 1x, https:\/\/i0.wp.com\/www.robertosedda.it\/wp-content\/uploads\/2014\/04\/Nicol\u00f2-Migheli.jpg?fit=720%2C960&resize=700%2C400 2x"},"classes":[]},{"id":7294,"url":"http:\/\/www.robertosedda.it\/?p=7294","url_meta":{"origin":6944,"position":5},"title":"Pepe Mujica ed il coraggio del nuovo","author":"Rufus","date":"08\/05\/2014","format":false,"excerpt":"\u00c8 giunto molto gradito un nuovo articolo dei\u00a0blogger del luned\u00ec, che non ho pubblicato subito perch\u00e9 non avevo controllato la posta (ehm). Lo pubblico adesso insieme, come al solito, ai siti\u00a0della\u00a0Fondazione Sardinia,\u00a0Tramas de amistade,\u00a0Aladin pensiero,\u00a0Vito Biolchini,\u00a0Sardegna soprattutto,\u00a0Enrico Lobina,\u00a0Madrigopolis,\u00a0Forma paris\u00a0e\u00a0Tottus in pari. Pepe Mujica ed il coraggio del nuovo di Enrico\u2026","rel":"","context":"In &quot;Coordinate&quot;","block_context":{"text":"Coordinate","link":"http:\/\/www.robertosedda.it\/?cat=52"},"img":{"alt_text":"","src":"https:\/\/i0.wp.com\/www.robertosedda.it\/wp-content\/uploads\/2013\/04\/2013-04-25-10.33.37.jpg?fit=900%2C1200&resize=350%2C200","width":350,"height":200,"srcset":"https:\/\/i0.wp.com\/www.robertosedda.it\/wp-content\/uploads\/2013\/04\/2013-04-25-10.33.37.jpg?fit=900%2C1200&resize=350%2C200 1x, https:\/\/i0.wp.com\/www.robertosedda.it\/wp-content\/uploads\/2013\/04\/2013-04-25-10.33.37.jpg?fit=900%2C1200&resize=700%2C400 2x"},"classes":[]}],"_links":{"self":[{"href":"http:\/\/www.robertosedda.it\/index.php?rest_route=\/wp\/v2\/posts\/6944"}],"collection":[{"href":"http:\/\/www.robertosedda.it\/index.php?rest_route=\/wp\/v2\/posts"}],"about":[{"href":"http:\/\/www.robertosedda.it\/index.php?rest_route=\/wp\/v2\/types\/post"}],"author":[{"embeddable":true,"href":"http:\/\/www.robertosedda.it\/index.php?rest_route=\/wp\/v2\/users\/1"}],"replies":[{"embeddable":true,"href":"http:\/\/www.robertosedda.it\/index.php?rest_route=%2Fwp%2Fv2%2Fcomments&post=6944"}],"version-history":[{"count":10,"href":"http:\/\/www.robertosedda.it\/index.php?rest_route=\/wp\/v2\/posts\/6944\/revisions"}],"predecessor-version":[{"id":6959,"href":"http:\/\/www.robertosedda.it\/index.php?rest_route=\/wp\/v2\/posts\/6944\/revisions\/6959"}],"wp:featuredmedia":[{"embeddable":true,"href":"http:\/\/www.robertosedda.it\/index.php?rest_route=\/wp\/v2\/media\/6954"}],"wp:attachment":[{"href":"http:\/\/www.robertosedda.it\/index.php?rest_route=%2Fwp%2Fv2%2Fmedia&parent=6944"}],"wp:term":[{"taxonomy":"category","embeddable":true,"href":"http:\/\/www.robertosedda.it\/index.php?rest_route=%2Fwp%2Fv2%2Fcategories&post=6944"},{"taxonomy":"post_tag","embeddable":true,"href":"http:\/\/www.robertosedda.it\/index.php?rest_route=%2Fwp%2Fv2%2Ftags&post=6944"}],"curies":[{"name":"wp","href":"https:\/\/api.w.org\/{rel}","templated":true}]}}