{"id":6847,"date":"2014-03-27T16:14:20","date_gmt":"2014-03-27T15:14:20","guid":{"rendered":"http:\/\/www.robertosedda.it\/?p=6847"},"modified":"2014-03-27T17:54:51","modified_gmt":"2014-03-27T16:54:51","slug":"la-lingua-batte-dove-il-dente-duole","status":"publish","type":"post","link":"http:\/\/www.robertosedda.it\/?p=6847","title":{"rendered":"La lingua batte dove il dente duole&#8230;"},"content":{"rendered":"<p>Dopo <a href=\"http:\/\/www.rai.tv\/dl\/RaiTV\/programmi\/media\/ContentItem-5dfdc6f3-c4e7-49ca-b2f5-478252f1aa6b.html#p=0\">la mia piccola incursione televisiva per parlare di Banca Etica<\/a>\u00a0(dal minuto 7:00 circa) la maggior parte dei commenti che ho ricevuto poteva essere riassunta nella frase: \u00abBravo, per\u00f2 un po&#8217; di\u00a0<em>jogging<\/em> non farebbe male\u00bb.<\/p>\n<p>Apparentemente non ci ho fatto molto caso, ma sono osservazioni che devono avere sedimentato in me &#8211; chiss\u00e0, magari mi metter\u00f2 finalmente a dieta, o riprender\u00f2 la bicicletta &#8211; pi\u00f9 in profondit\u00e0 di quanto pensassi.<\/p>\n<p>Infatti oggi, mentre esaminavo <a href=\"http:\/\/www.cssdesignawards.com\/articles\/40-knockout-print-ads-designed-for-max-impact\/86\/\">una serie di notevoli immagini pubblicitarie<\/a>, avrei dovuto soffermarmi su quelle pi\u00f9 affini ai miei interessi, per esempio questa, sul ben noto tema della capacit\u00e0 dei libri di trasportare altrove:<\/p>\n<p><a href=\"https:\/\/i0.wp.com\/www.robertosedda.it\/wp-content\/uploads\/2014\/03\/I-libri-trasportano-altrove-Stories.jpg\"><img data-attachment-id=\"6848\" data-permalink=\"http:\/\/www.robertosedda.it\/?attachment_id=6848\" data-orig-file=\"https:\/\/i0.wp.com\/www.robertosedda.it\/wp-content\/uploads\/2014\/03\/I-libri-trasportano-altrove-Stories.jpg?fit=590%2C835\" data-orig-size=\"590,835\" data-comments-opened=\"1\" data-image-meta=\"{&quot;aperture&quot;:&quot;0&quot;,&quot;credit&quot;:&quot;&quot;,&quot;camera&quot;:&quot;&quot;,&quot;caption&quot;:&quot;&quot;,&quot;created_timestamp&quot;:&quot;0&quot;,&quot;copyright&quot;:&quot;&quot;,&quot;focal_length&quot;:&quot;0&quot;,&quot;iso&quot;:&quot;0&quot;,&quot;shutter_speed&quot;:&quot;0&quot;,&quot;title&quot;:&quot;&quot;}\" data-image-title=\"I libri trasportano altrove Stories\" data-image-description=\"\" data-image-caption=\"\" data-medium-file=\"https:\/\/i0.wp.com\/www.robertosedda.it\/wp-content\/uploads\/2014\/03\/I-libri-trasportano-altrove-Stories.jpg?fit=211%2C300\" data-large-file=\"https:\/\/i0.wp.com\/www.robertosedda.it\/wp-content\/uploads\/2014\/03\/I-libri-trasportano-altrove-Stories.jpg?fit=510%2C722\" decoding=\"async\" loading=\"lazy\" class=\"aligncenter size-full wp-image-6848\" alt=\"I libri trasportano altrove Stories\" src=\"https:\/\/i0.wp.com\/www.robertosedda.it\/wp-content\/uploads\/2014\/03\/I-libri-trasportano-altrove-Stories.jpg?resize=590%2C835\" width=\"590\" height=\"835\" srcset=\"https:\/\/i0.wp.com\/www.robertosedda.it\/wp-content\/uploads\/2014\/03\/I-libri-trasportano-altrove-Stories.jpg?w=590 590w, https:\/\/i0.wp.com\/www.robertosedda.it\/wp-content\/uploads\/2014\/03\/I-libri-trasportano-altrove-Stories.jpg?resize=105%2C150 105w, https:\/\/i0.wp.com\/www.robertosedda.it\/wp-content\/uploads\/2014\/03\/I-libri-trasportano-altrove-Stories.jpg?resize=211%2C300 211w\" sizes=\"(max-width: 590px) 100vw, 590px\" data-recalc-dims=\"1\" \/><\/a>Invece sono tornato pi\u00f9 e pi\u00f9 volte su quelle che riguardavano in qualche modo l&#8217;obesit\u00e0, la nutrizione, la necessit\u00e0 di mangiare pi\u00f9 sano. Sebbene una, sulla diffusione dell&#8217;obesit\u00e0 infantile in Francia, faccia abbastanza impressione, e io <em>detesto<\/em> queste cose:<\/p>\n<p><a href=\"https:\/\/i0.wp.com\/www.robertosedda.it\/wp-content\/uploads\/2014\/03\/Nutrizionisti-francesi.jpg\"><img data-attachment-id=\"6849\" data-permalink=\"http:\/\/www.robertosedda.it\/?attachment_id=6849\" data-orig-file=\"https:\/\/i0.wp.com\/www.robertosedda.it\/wp-content\/uploads\/2014\/03\/Nutrizionisti-francesi.jpg?fit=590%2C835\" data-orig-size=\"590,835\" data-comments-opened=\"1\" data-image-meta=\"{&quot;aperture&quot;:&quot;0&quot;,&quot;credit&quot;:&quot;&quot;,&quot;camera&quot;:&quot;&quot;,&quot;caption&quot;:&quot;&quot;,&quot;created_timestamp&quot;:&quot;0&quot;,&quot;copyright&quot;:&quot;&quot;,&quot;focal_length&quot;:&quot;0&quot;,&quot;iso&quot;:&quot;0&quot;,&quot;shutter_speed&quot;:&quot;0&quot;,&quot;title&quot;:&quot;&quot;}\" data-image-title=\"Nutrizionisti francesi\" data-image-description=\"\" data-image-caption=\"\" data-medium-file=\"https:\/\/i0.wp.com\/www.robertosedda.it\/wp-content\/uploads\/2014\/03\/Nutrizionisti-francesi.jpg?fit=211%2C300\" data-large-file=\"https:\/\/i0.wp.com\/www.robertosedda.it\/wp-content\/uploads\/2014\/03\/Nutrizionisti-francesi.jpg?fit=510%2C722\" decoding=\"async\" loading=\"lazy\" class=\"aligncenter size-full wp-image-6849\" alt=\"Nutrizionisti francesi\" src=\"https:\/\/i0.wp.com\/www.robertosedda.it\/wp-content\/uploads\/2014\/03\/Nutrizionisti-francesi.jpg?resize=590%2C835\" width=\"590\" height=\"835\" srcset=\"https:\/\/i0.wp.com\/www.robertosedda.it\/wp-content\/uploads\/2014\/03\/Nutrizionisti-francesi.jpg?w=590 590w, https:\/\/i0.wp.com\/www.robertosedda.it\/wp-content\/uploads\/2014\/03\/Nutrizionisti-francesi.jpg?resize=105%2C150 105w, https:\/\/i0.wp.com\/www.robertosedda.it\/wp-content\/uploads\/2014\/03\/Nutrizionisti-francesi.jpg?resize=211%2C300 211w\" sizes=\"(max-width: 590px) 100vw, 590px\" data-recalc-dims=\"1\" \/><\/a><\/p>\n<p>mentre l&#8217;altra mi piace molto, al contrario del cetriolo, che normalmente <em>detesto<\/em>:<\/p>\n<p><a href=\"https:\/\/i0.wp.com\/www.robertosedda.it\/wp-content\/uploads\/2014\/03\/Cetriolo-grasso.jpg\"><img data-attachment-id=\"6850\" data-permalink=\"http:\/\/www.robertosedda.it\/?attachment_id=6850\" data-orig-file=\"https:\/\/i0.wp.com\/www.robertosedda.it\/wp-content\/uploads\/2014\/03\/Cetriolo-grasso.jpg?fit=590%2C778\" data-orig-size=\"590,778\" data-comments-opened=\"1\" data-image-meta=\"{&quot;aperture&quot;:&quot;0&quot;,&quot;credit&quot;:&quot;&quot;,&quot;camera&quot;:&quot;&quot;,&quot;caption&quot;:&quot;&quot;,&quot;created_timestamp&quot;:&quot;0&quot;,&quot;copyright&quot;:&quot;&quot;,&quot;focal_length&quot;:&quot;0&quot;,&quot;iso&quot;:&quot;0&quot;,&quot;shutter_speed&quot;:&quot;0&quot;,&quot;title&quot;:&quot;&quot;}\" data-image-title=\"Cetriolo grasso\" data-image-description=\"\" data-image-caption=\"\" data-medium-file=\"https:\/\/i0.wp.com\/www.robertosedda.it\/wp-content\/uploads\/2014\/03\/Cetriolo-grasso.jpg?fit=227%2C300\" data-large-file=\"https:\/\/i0.wp.com\/www.robertosedda.it\/wp-content\/uploads\/2014\/03\/Cetriolo-grasso.jpg?fit=510%2C673\" decoding=\"async\" loading=\"lazy\" class=\"aligncenter size-full wp-image-6850\" alt=\"Cetriolo grasso\" src=\"https:\/\/i0.wp.com\/www.robertosedda.it\/wp-content\/uploads\/2014\/03\/Cetriolo-grasso.jpg?resize=590%2C778\" width=\"590\" height=\"778\" srcset=\"https:\/\/i0.wp.com\/www.robertosedda.it\/wp-content\/uploads\/2014\/03\/Cetriolo-grasso.jpg?w=590 590w, https:\/\/i0.wp.com\/www.robertosedda.it\/wp-content\/uploads\/2014\/03\/Cetriolo-grasso.jpg?resize=113%2C150 113w, https:\/\/i0.wp.com\/www.robertosedda.it\/wp-content\/uploads\/2014\/03\/Cetriolo-grasso.jpg?resize=227%2C300 227w\" sizes=\"(max-width: 590px) 100vw, 590px\" data-recalc-dims=\"1\" \/><\/a>Insomma: delle trenta e passa immagini della collezione, le uniche che ricordavo erano queste. Si vede che i commenti hanno scavato pi\u00f9 in profondit\u00e0 di quanto avessi percepito. E, d&#8217;altra parte, il grasso non si pu\u00f2 occultare:<\/p>\n<p><a href=\"https:\/\/i0.wp.com\/www.robertosedda.it\/wp-content\/uploads\/2014\/03\/Il-grasso-non-si-pu\u00f2-occultare.jpg\"><img data-attachment-id=\"6851\" data-permalink=\"http:\/\/www.robertosedda.it\/?attachment_id=6851\" data-orig-file=\"https:\/\/i0.wp.com\/www.robertosedda.it\/wp-content\/uploads\/2014\/03\/Il-grasso-non-si-pu\u00f2-occultare.jpg?fit=590%2C796\" data-orig-size=\"590,796\" data-comments-opened=\"1\" data-image-meta=\"{&quot;aperture&quot;:&quot;0&quot;,&quot;credit&quot;:&quot;&quot;,&quot;camera&quot;:&quot;&quot;,&quot;caption&quot;:&quot;&quot;,&quot;created_timestamp&quot;:&quot;0&quot;,&quot;copyright&quot;:&quot;&quot;,&quot;focal_length&quot;:&quot;0&quot;,&quot;iso&quot;:&quot;0&quot;,&quot;shutter_speed&quot;:&quot;0&quot;,&quot;title&quot;:&quot;&quot;}\" data-image-title=\"Il grasso non si pu\u00f2 occultare\" data-image-description=\"\" data-image-caption=\"\" data-medium-file=\"https:\/\/i0.wp.com\/www.robertosedda.it\/wp-content\/uploads\/2014\/03\/Il-grasso-non-si-pu\u00f2-occultare.jpg?fit=222%2C300\" data-large-file=\"https:\/\/i0.wp.com\/www.robertosedda.it\/wp-content\/uploads\/2014\/03\/Il-grasso-non-si-pu\u00f2-occultare.jpg?fit=510%2C688\" decoding=\"async\" loading=\"lazy\" class=\"aligncenter size-full wp-image-6851\" alt=\"Il grasso non si pu\u00f2 occultare\" src=\"https:\/\/i0.wp.com\/www.robertosedda.it\/wp-content\/uploads\/2014\/03\/Il-grasso-non-si-pu\u00f2-occultare.jpg?resize=590%2C796\" width=\"590\" height=\"796\" srcset=\"https:\/\/i0.wp.com\/www.robertosedda.it\/wp-content\/uploads\/2014\/03\/Il-grasso-non-si-pu\u00f2-occultare.jpg?w=590 590w, https:\/\/i0.wp.com\/www.robertosedda.it\/wp-content\/uploads\/2014\/03\/Il-grasso-non-si-pu\u00f2-occultare.jpg?resize=111%2C150 111w, https:\/\/i0.wp.com\/www.robertosedda.it\/wp-content\/uploads\/2014\/03\/Il-grasso-non-si-pu\u00f2-occultare.jpg?resize=222%2C300 222w\" sizes=\"(max-width: 590px) 100vw, 590px\" data-recalc-dims=\"1\" \/><\/a><\/p>\n","protected":false},"excerpt":{"rendered":"<p>Dopo la mia piccola incursione televisiva per parlare di Banca Etica\u00a0(dal minuto 7:00 circa) la maggior parte dei commenti che<\/p>\n","protected":false},"author":1,"featured_media":6850,"comment_status":"open","ping_status":"open","sticky":false,"template":"","format":"standard","meta":{"_mi_skip_tracking":false,"_monsterinsights_sitenote_active":false,"_monsterinsights_sitenote_note":"","_monsterinsights_sitenote_category":0,"jetpack_post_was_ever_published":false,"_jetpack_newsletter_access":"","jetpack_publicize_message":"","jetpack_is_tweetstorm":false,"jetpack_publicize_feature_enabled":true,"jetpack_social_post_already_shared":true,"jetpack_social_options":{"image_generator_settings":{"template":"highway","enabled":false}}},"categories":[52,86,53,19],"tags":[],"jetpack_publicize_connections":[],"jetpack_featured_media_url":"https:\/\/i0.wp.com\/www.robertosedda.it\/wp-content\/uploads\/2014\/03\/Cetriolo-grasso.jpg?fit=590%2C778","jetpack_sharing_enabled":true,"jetpack_shortlink":"https:\/\/wp.me\/p4jV2T-1Mr","jetpack_likes_enabled":true,"jetpack-related-posts":[{"id":14553,"url":"http:\/\/www.robertosedda.it\/?p=14553","url_meta":{"origin":6847,"position":0},"title":"Non potrei essere pi\u00f9 orgoglioso!","author":"Rufus","date":"12\/01\/2018","format":false,"excerpt":"Mia nipote piccola Marta l'altro giorno ha scritto una letterina al padre che ha avuto molto successo in famiglia (e non solo). Rafforzata dalla approvazione degli adulti deve quindi avere deciso di intraprendere delle fitte corrispondenze familiari: ieri sono tornato a casa e, in una bustina accuratamente piegata ho trovo\u2026","rel":"","context":"In &quot;Coordinate&quot;","block_context":{"text":"Coordinate","link":"http:\/\/www.robertosedda.it\/?cat=52"},"img":{"alt_text":"","src":"https:\/\/i0.wp.com\/www.robertosedda.it\/wp-content\/uploads\/2018\/01\/ALIM4925-e1515775298857.jpg?fit=900%2C1200&resize=350%2C200","width":350,"height":200,"srcset":"https:\/\/i0.wp.com\/www.robertosedda.it\/wp-content\/uploads\/2018\/01\/ALIM4925-e1515775298857.jpg?fit=900%2C1200&resize=350%2C200 1x, https:\/\/i0.wp.com\/www.robertosedda.it\/wp-content\/uploads\/2018\/01\/ALIM4925-e1515775298857.jpg?fit=900%2C1200&resize=700%2C400 2x"},"classes":[]},{"id":12404,"url":"http:\/\/www.robertosedda.it\/?p=12404","url_meta":{"origin":6847,"position":1},"title":"Stintinese DOC (anch&#8217;io, in un certo senso)","author":"Rufus","date":"05\/09\/2016","format":"gallery","excerpt":"Sabato ero a Stintino alla consegna del riconoscimento Stintinese DOC alla famiglia Berlinguer, collettivamente frequentatori del paese per pi\u00f9 di un secolo. Queste sono le foto che ho fatto, che pubblico qui per amici e parenti e semplici curiosi.","rel":"","context":"In &quot;Coordinate&quot;","block_context":{"text":"Coordinate","link":"http:\/\/www.robertosedda.it\/?cat=52"},"img":{"alt_text":"","src":"https:\/\/i0.wp.com\/www.robertosedda.it\/wp-content\/uploads\/2016\/09\/20160903_175803.jpg?fit=1200%2C720&resize=350%2C200","width":350,"height":200,"srcset":"https:\/\/i0.wp.com\/www.robertosedda.it\/wp-content\/uploads\/2016\/09\/20160903_175803.jpg?fit=1200%2C720&resize=350%2C200 1x, https:\/\/i0.wp.com\/www.robertosedda.it\/wp-content\/uploads\/2016\/09\/20160903_175803.jpg?fit=1200%2C720&resize=700%2C400 2x, https:\/\/i0.wp.com\/www.robertosedda.it\/wp-content\/uploads\/2016\/09\/20160903_175803.jpg?fit=1200%2C720&resize=1050%2C600 3x"},"classes":[]},{"id":12677,"url":"http:\/\/www.robertosedda.it\/?p=12677","url_meta":{"origin":6847,"position":2},"title":"E sono quindici (pi\u00f9 quindici)","author":"Rufus","date":"20\/10\/2016","format":"image","excerpt":"","rel":"","context":"In &quot;Coordinate&quot;","block_context":{"text":"Coordinate","link":"http:\/\/www.robertosedda.it\/?cat=52"},"img":{"alt_text":"","src":"https:\/\/i0.wp.com\/www.robertosedda.it\/wp-content\/uploads\/2016\/10\/ALIM0389.jpg?fit=817%2C1200&resize=350%2C200","width":350,"height":200,"srcset":"https:\/\/i0.wp.com\/www.robertosedda.it\/wp-content\/uploads\/2016\/10\/ALIM0389.jpg?fit=817%2C1200&resize=350%2C200 1x, https:\/\/i0.wp.com\/www.robertosedda.it\/wp-content\/uploads\/2016\/10\/ALIM0389.jpg?fit=817%2C1200&resize=700%2C400 2x"},"classes":[]},{"id":10554,"url":"http:\/\/www.robertosedda.it\/?p=10554","url_meta":{"origin":6847,"position":3},"title":"Luoghi cari al cuore","author":"Rufus","date":"16\/07\/2015","format":false,"excerpt":"Ieri sono andato per questioni di Banca Etica a Porto Torres. Finito quel che dovevo fare risalgo in macchina e vedo l'indicazione:\u00a0Stintino. Ventiquattro chilometri. Siccome ne faccio gi\u00e0 quasi cinquecento in una sola serata penso che una cinquantina in pi\u00f9 cosa vuoi che sia e quindi giro a destra invece\u2026","rel":"","context":"In &quot;Coordinate&quot;","block_context":{"text":"Coordinate","link":"http:\/\/www.robertosedda.it\/?cat=52"},"img":{"alt_text":"","src":"https:\/\/i0.wp.com\/www.robertosedda.it\/wp-content\/uploads\/2015\/07\/Iole-Sedda-e-famiglia.jpg?fit=960%2C720&resize=350%2C200","width":350,"height":200,"srcset":"https:\/\/i0.wp.com\/www.robertosedda.it\/wp-content\/uploads\/2015\/07\/Iole-Sedda-e-famiglia.jpg?fit=960%2C720&resize=350%2C200 1x, https:\/\/i0.wp.com\/www.robertosedda.it\/wp-content\/uploads\/2015\/07\/Iole-Sedda-e-famiglia.jpg?fit=960%2C720&resize=700%2C400 2x"},"classes":[]},{"id":10215,"url":"http:\/\/www.robertosedda.it\/?p=10215","url_meta":{"origin":6847,"position":4},"title":"Poche parole di benvenuto","author":"Rufus","date":"14\/05\/2015","format":false,"excerpt":"Per la comodit\u00e0 dei parenti e la curiosit\u00e0 degli amici pubblico il saluto dello zio Alberto, il decano della nostra famiglia, al raduno dei Delitala, prima di pranzo. Alberto (con la famiglia) \u00e8 giunto appositamente dal Canada per partecipare. Poche parole di \u201cbenvenuto\u201d dette da Alberto Delitala Come decano della\u2026","rel":"","context":"In &quot;Coordinate&quot;","block_context":{"text":"Coordinate","link":"http:\/\/www.robertosedda.it\/?cat=52"},"img":{"alt_text":"","src":"https:\/\/i0.wp.com\/www.robertosedda.it\/wp-content\/uploads\/2015\/04\/ALIM4024.jpg?fit=1024%2C768&resize=350%2C200","width":350,"height":200,"srcset":"https:\/\/i0.wp.com\/www.robertosedda.it\/wp-content\/uploads\/2015\/04\/ALIM4024.jpg?fit=1024%2C768&resize=350%2C200 1x, https:\/\/i0.wp.com\/www.robertosedda.it\/wp-content\/uploads\/2015\/04\/ALIM4024.jpg?fit=1024%2C768&resize=700%2C400 2x"},"classes":[]},{"id":3872,"url":"http:\/\/www.robertosedda.it\/?p=3872","url_meta":{"origin":6847,"position":5},"title":"Una famiglia perfetta","author":"Rufus","date":"06\/07\/2013","format":"video","excerpt":"Ho visto ieri nella benemerita rassegna estiva di Villa Muscas Una famiglia perfetta di Paolo Genovese. Il gruppo \"La Pira\" in questo periodo sta facendo un lavoro sulle relazioni familiari e quindi la visione del film si prestava, o cos\u00ec pensavo, a fare un po' da sponda a temi di\u2026","rel":"","context":"In &quot;Coordinate&quot;","block_context":{"text":"Coordinate","link":"http:\/\/www.robertosedda.it\/?cat=52"},"img":{"alt_text":"","src":"https:\/\/i0.wp.com\/www.robertosedda.it\/wp-content\/uploads\/2013\/07\/Famiglia-perfetta.jpg?fit=1024%2C619&resize=350%2C200","width":350,"height":200,"srcset":"https:\/\/i0.wp.com\/www.robertosedda.it\/wp-content\/uploads\/2013\/07\/Famiglia-perfetta.jpg?fit=1024%2C619&resize=350%2C200 1x, https:\/\/i0.wp.com\/www.robertosedda.it\/wp-content\/uploads\/2013\/07\/Famiglia-perfetta.jpg?fit=1024%2C619&resize=700%2C400 2x"},"classes":[]}],"_links":{"self":[{"href":"http:\/\/www.robertosedda.it\/index.php?rest_route=\/wp\/v2\/posts\/6847"}],"collection":[{"href":"http:\/\/www.robertosedda.it\/index.php?rest_route=\/wp\/v2\/posts"}],"about":[{"href":"http:\/\/www.robertosedda.it\/index.php?rest_route=\/wp\/v2\/types\/post"}],"author":[{"embeddable":true,"href":"http:\/\/www.robertosedda.it\/index.php?rest_route=\/wp\/v2\/users\/1"}],"replies":[{"embeddable":true,"href":"http:\/\/www.robertosedda.it\/index.php?rest_route=%2Fwp%2Fv2%2Fcomments&post=6847"}],"version-history":[{"count":4,"href":"http:\/\/www.robertosedda.it\/index.php?rest_route=\/wp\/v2\/posts\/6847\/revisions"}],"predecessor-version":[{"id":6855,"href":"http:\/\/www.robertosedda.it\/index.php?rest_route=\/wp\/v2\/posts\/6847\/revisions\/6855"}],"wp:featuredmedia":[{"embeddable":true,"href":"http:\/\/www.robertosedda.it\/index.php?rest_route=\/wp\/v2\/media\/6850"}],"wp:attachment":[{"href":"http:\/\/www.robertosedda.it\/index.php?rest_route=%2Fwp%2Fv2%2Fmedia&parent=6847"}],"wp:term":[{"taxonomy":"category","embeddable":true,"href":"http:\/\/www.robertosedda.it\/index.php?rest_route=%2Fwp%2Fv2%2Fcategories&post=6847"},{"taxonomy":"post_tag","embeddable":true,"href":"http:\/\/www.robertosedda.it\/index.php?rest_route=%2Fwp%2Fv2%2Ftags&post=6847"}],"curies":[{"name":"wp","href":"https:\/\/api.w.org\/{rel}","templated":true}]}}