{"id":6834,"date":"2014-03-25T17:50:40","date_gmt":"2014-03-25T16:50:40","guid":{"rendered":"http:\/\/www.robertosedda.it\/?p=6834"},"modified":"2022-03-29T11:07:39","modified_gmt":"2022-03-29T09:07:39","slug":"bye-bye-pigliaru","status":"publish","type":"post","link":"http:\/\/www.robertosedda.it\/?p=6834","title":{"rendered":"Bye bye Pigliaru"},"content":{"rendered":"<p>Rilancio un intervento fatto su <em>Facebook<\/em> da Marco Zurru. Sono molto d&#8217;accordo, quasi parola per parola, e mi sembra un punto di vista importante su cui confrontarsi (<a title=\"Z. La guerra dei narcos\" href=\"http:\/\/www.robertosedda.it\/?p=4708\">c&#8217;era una preoccupazione simile&nbsp;alla fine di&nbsp;una mia vecchia recensione<\/a>). Rispetto all&#8217;originale ho fatto solo alcuni brevi aggiustamenti grafici. Naturalmente, prendete questo <em>reblogging<\/em> anche come il suggerimento di <a href=\"https:\/\/www.facebook.com\/marco.zurru.12\">seguire Marco<\/a>, che produce spesso contenuti molto interessanti, su <em>Facebook<\/em>.<\/p>\n<h2>Bye bye Pigliaru<\/h2>\n<h3>di Marco Zurru<\/h3>\n<p><a href=\"https:\/\/i0.wp.com\/www.robertosedda.it\/wp-content\/uploads\/2014\/03\/pigliaru_menhir.jpg\"><img data-attachment-id=\"6835\" data-permalink=\"http:\/\/www.robertosedda.it\/?attachment_id=6835\" data-orig-file=\"https:\/\/i0.wp.com\/www.robertosedda.it\/wp-content\/uploads\/2014\/03\/pigliaru_menhir.jpg?fit=240%2C369\" data-orig-size=\"240,369\" data-comments-opened=\"1\" data-image-meta=\"{&quot;aperture&quot;:&quot;0&quot;,&quot;credit&quot;:&quot;&quot;,&quot;camera&quot;:&quot;&quot;,&quot;caption&quot;:&quot;&quot;,&quot;created_timestamp&quot;:&quot;0&quot;,&quot;copyright&quot;:&quot;&quot;,&quot;focal_length&quot;:&quot;0&quot;,&quot;iso&quot;:&quot;0&quot;,&quot;shutter_speed&quot;:&quot;0&quot;,&quot;title&quot;:&quot;&quot;}\" data-image-title=\"pigliaru_menhir\" data-image-description=\"\" data-image-caption=\"\" data-medium-file=\"https:\/\/i0.wp.com\/www.robertosedda.it\/wp-content\/uploads\/2014\/03\/pigliaru_menhir.jpg?fit=195%2C300\" data-large-file=\"https:\/\/i0.wp.com\/www.robertosedda.it\/wp-content\/uploads\/2014\/03\/pigliaru_menhir.jpg?fit=240%2C369\" decoding=\"async\" loading=\"lazy\" class=\"alignleft size-medium wp-image-6835\" alt=\"pigliaru_menhir\" src=\"https:\/\/i0.wp.com\/www.robertosedda.it\/wp-content\/uploads\/2014\/03\/pigliaru_menhir.jpg?resize=195%2C300\" width=\"195\" height=\"300\" srcset=\"https:\/\/i0.wp.com\/www.robertosedda.it\/wp-content\/uploads\/2014\/03\/pigliaru_menhir.jpg?resize=195%2C300 195w, https:\/\/i0.wp.com\/www.robertosedda.it\/wp-content\/uploads\/2014\/03\/pigliaru_menhir.jpg?resize=97%2C150 97w, https:\/\/i0.wp.com\/www.robertosedda.it\/wp-content\/uploads\/2014\/03\/pigliaru_menhir.jpg?w=240 240w\" sizes=\"(max-width: 195px) 100vw, 195px\" data-recalc-dims=\"1\" \/><\/a>Il pi\u00f9 classico tra i classici dei lavori sulla societ\u00e0 sarda si apre con una distinzione chiara e limpida tra la \u201csociet\u00e0 dei ladroni\u201d &#8211; la mafia, la criminalit\u00e0 organizzata nelle sue varie versioni \u2013 e la comunit\u00e0 del noi pastori, la societ\u00e0 barbaricina. <em>La vendetta barbaricina come ordinamento giuridico<\/em> \u00e8 un saggio di antropologia del diritto che inizia comparando tre sistemi l\u2019un l\u2019altro alternativi, quello statale, quello mafioso e quello barbaricino.<\/p>\n<p>Ma per Pigliaru solo l\u2019ordinamento mafioso viene ritenuto incompatibile con gli altri due; esso \u00e8 tenuto in disparte e posizionato in una dimensione secondaria. Infatti, per Pigliaru i due veri protagonisti del confronto sono lo Stato e il sistema barbaricino. Solo questi sono \u00aboggetti interi e complessi, caratterizzati dalla comune pretesa di universalit\u00e0\u00bb.<\/p>\n<p>Solo il codice della vendetta e quello dello Stato sono superiori al diritto dei mafiosi perch\u00e9 esprimono una \u00abambizione olistica\u00bb. Viceversa, la mafia, la societ\u00e0 dei ladroni, appare s\u00ec come un ente razionale e coerente, ma rimane un ordinamento limitato perch\u00e9 \u00abstrumentale\u00bb, \u00abparziale\u00bb, valido solo per gli uomini d&#8217;onore, i suoi associati. La vendetta, nei gruppi mafiosi, non \u00e8 una forma di autotutela della comunit\u00e0 intera, come accade nel \u201cnoi pastori\u201d, ma solo un metodo attraverso cui il gruppo si impone ai propri membri e al resto della comunit\u00e0. La vendetta mafiosa appare a Pigliaru solo come uno strumento attraverso il quali una <em>\u00e9lite<\/em> di uomini d\u2019onore schiaccia la massa.<\/p>\n<p>Per lo studioso sardo, il sistema giuridico barbaricino \u00abnon si sente strumento di alcunch\u00e9\u00bb: \u00e8 un fine in se stesso, un valore fondante, un assoluto per tutti i membri del &#8220;noi pastori&#8221;. E questo perch\u00e9 il sistema della vendetta barbaricina d\u00e0 conto di una forma e sostanza identitaria antica e originaria. Le sue norme possono anche escludere qualche componente della comunit\u00e0 territoriale (alcune categorie sociali sono esentate dall\u2019osservarle), ma esso \u00e8 valido per ogni membro della comunit\u00e0 del noi pastori, che \u00e8 il vero centro dell\u2019universo etico: \u00abLa differenza essenziale tra le norme che pongono la vendetta nel sistema della societ\u00e0 criminale e le norme che regolano la vendetta nella societ\u00e0 barbaricina, \u00e8 proprio nel fatto che quelle presuppongono il ladrone (anche se dentro il ladrone pensano l\u2019uomo); queste pensano l\u2019uomo&#8230;\u00bb.<\/p>\n<p>Oggi, alle 10.30 all&#8217;ingresso di Lanusei, Roberto Aresu, un imprenditore locale, ha acceso la sua <em>Clio<\/em>, ha percorso alcune decine di metri ed \u00e8 saltato in aria, provocando la sua morte e il ferimento di numerose persone che stazionavano nelle vicinanze.&nbsp;<\/p>\n<p>Pigliaru non conta pi\u00f9. Le sue raffinate analisi non sono pi\u00f9 capaci di cogliere questi processi di modernizzazione del fare criminale nella nostra isola. La sostanza e la forma dei gesti richiamano la fattispecie mafiosa; lo spregio nei confronti dei passanti, di chiunque sia stato casualmente nelle vicinanze dell&#8217;obiettivo (il povero Aresu), richiama una forma di assoluta volont\u00e0 di distruzione, di annientamento, costi quel che costi. Una forma di violenza che tracima nel terrorismo, che fa terrore, proprio perch\u00e9 casuale, pu\u00f2 colpire chiunque. Proprio perch\u00e9 <em>random<\/em> non \u00e8 comprensibile all&#8217;interno di alcun sistema di regole, pur criminale che sia.<\/p>\n<p>Insieme all&#8217;espansione del mercato degli stupefacenti, alle incursioni di cosche mafiose, camorriste e della <em>&#8216;ndrangheta<\/em> nella costruzione di un sistema di riciclo e reinvestimento di danari sporchi di sangue nel tessuto socio-economico isolano, alle scorribande nel sistema degli appalti pubblici, questo di oggi \u00e8 un campanello d&#8217;allarme importantissimo che va preso con la massima seriet\u00e0. Quando un contesto sociale ed economico si indebolisce, quando i meccanismi di autodifesa diventano deboli, quando i meccanismi istituzionali di difesa si dimostrano poco reattivi, le possibilit\u00e0 di entropia aumentano. Ed \u00e8 un guaio serio, per tutti.<\/p>\n","protected":false},"excerpt":{"rendered":"<p>Rilancio un intervento fatto su Facebook da Marco Zurru. Sono molto d&#8217;accordo, quasi parola per parola, e mi sembra un<\/p>\n","protected":false},"author":1,"featured_media":19358,"comment_status":"open","ping_status":"open","sticky":false,"template":"","format":"standard","meta":{"_mi_skip_tracking":false,"_monsterinsights_sitenote_active":false,"_monsterinsights_sitenote_note":"","_monsterinsights_sitenote_category":0,"jetpack_post_was_ever_published":false,"_jetpack_newsletter_access":"","jetpack_publicize_message":"","jetpack_is_tweetstorm":false,"jetpack_publicize_feature_enabled":true,"jetpack_social_post_already_shared":true,"jetpack_social_options":{"image_generator_settings":{"template":"highway","enabled":false}}},"categories":[52,55,77,17,16],"tags":[],"jetpack_publicize_connections":[],"jetpack_featured_media_url":"https:\/\/i0.wp.com\/www.robertosedda.it\/wp-content\/uploads\/2014\/03\/Pigliaru.jpg?fit=500%2C709","jetpack_sharing_enabled":true,"jetpack_shortlink":"https:\/\/wp.me\/p4jV2T-1Me","jetpack_likes_enabled":true,"jetpack-related-posts":[{"id":9694,"url":"http:\/\/www.robertosedda.it\/?p=9694","url_meta":{"origin":6834,"position":0},"title":"Anche per fare il Presidente della Regione ci vuole orecchio","author":"Rufus","date":"27\/02\/2015","format":false,"excerpt":"Questo articolo viene pubblicato anche sui siti di Fondazione Sardinia, Tramasdeamistade, Sardegna Soprattutto, Sportello Formaparis,Tottusinpari e sui blog di Enrico Lobina, Vito Biolchini e Francesca Madrigali. Anche per fare il Presidente della Regione ci vuole orecchio di Vito Biolchini Nessuno ha fatto il bilancio del primo anno di Francesco Pigliaru\u2026","rel":"","context":"In &quot;Coordinate&quot;","block_context":{"text":"Coordinate","link":"http:\/\/www.robertosedda.it\/?cat=52"},"img":{"alt_text":"","src":"https:\/\/i0.wp.com\/www.robertosedda.it\/wp-content\/uploads\/2014\/02\/Vittoria-Pigliaru.jpg?fit=960%2C637&resize=350%2C200","width":350,"height":200,"srcset":"https:\/\/i0.wp.com\/www.robertosedda.it\/wp-content\/uploads\/2014\/02\/Vittoria-Pigliaru.jpg?fit=960%2C637&resize=350%2C200 1x, https:\/\/i0.wp.com\/www.robertosedda.it\/wp-content\/uploads\/2014\/02\/Vittoria-Pigliaru.jpg?fit=960%2C637&resize=700%2C400 2x"},"classes":[]},{"id":6491,"url":"http:\/\/www.robertosedda.it\/?p=6491","url_meta":{"origin":6834,"position":1},"title":"Mi espongo alla berlina: elezioni regionali","author":"Rufus","date":"18\/02\/2014","format":false,"excerpt":"Ai bei vecchi tempi di it.arti.cinema si usava il tag \"miespongoallaberlina\" per introdurre post in cui si lodavano film universalmente considerati brutti o si facevano altre cose estremamente imprudenti. Lo metto come titolo a questo articolo perch\u00e9 sto per fare una cosa che davvero non si dovrebbe fare: commentare i\u2026","rel":"","context":"In &quot;Coordinate&quot;","block_context":{"text":"Coordinate","link":"http:\/\/www.robertosedda.it\/?cat=52"},"img":{"alt_text":"","src":"https:\/\/i0.wp.com\/www.robertosedda.it\/wp-content\/uploads\/2014\/02\/Vittoria-Pigliaru.jpg?fit=960%2C637&resize=350%2C200","width":350,"height":200,"srcset":"https:\/\/i0.wp.com\/www.robertosedda.it\/wp-content\/uploads\/2014\/02\/Vittoria-Pigliaru.jpg?fit=960%2C637&resize=350%2C200 1x, https:\/\/i0.wp.com\/www.robertosedda.it\/wp-content\/uploads\/2014\/02\/Vittoria-Pigliaru.jpg?fit=960%2C637&resize=700%2C400 2x"},"classes":[]},{"id":15691,"url":"http:\/\/www.robertosedda.it\/?p=15691","url_meta":{"origin":6834,"position":2},"title":"Se dieci anni vi sembran pochi","author":"Rufus","date":"27\/09\/2018","format":false,"excerpt":"Mi ha fatto molta impressione, l'altro giorno, invitare un amico, studente universitario, all'incontro delle Scuole popolari di economia che si terr\u00e0 a Cagliari domani e dopo e rendermi conto che per la maggior parte della sua vita sociale cosciente, da adulto, ha convissuto con la crisi, che conta ormai dieci\u2026","rel":"","context":"In &quot;Banche e finanza&quot;","block_context":{"text":"Banche e finanza","link":"http:\/\/www.robertosedda.it\/?cat=72"},"img":{"alt_text":"","src":"https:\/\/i0.wp.com\/www.robertosedda.it\/wp-content\/uploads\/2018\/09\/SPE-Cagliari-web.jpg?fit=996%2C547&resize=350%2C200","width":350,"height":200,"srcset":"https:\/\/i0.wp.com\/www.robertosedda.it\/wp-content\/uploads\/2018\/09\/SPE-Cagliari-web.jpg?fit=996%2C547&resize=350%2C200 1x, https:\/\/i0.wp.com\/www.robertosedda.it\/wp-content\/uploads\/2018\/09\/SPE-Cagliari-web.jpg?fit=996%2C547&resize=700%2C400 2x"},"classes":[]},{"id":8414,"url":"http:\/\/www.robertosedda.it\/?p=8414","url_meta":{"origin":6834,"position":3},"title":"I consigli del venerd\u00ec &#8211; 2","author":"Rufus","date":"15\/09\/2014","format":false,"excerpt":"Seconda puntata della rassegna settimanale delle mie letture, pagine visitate e link condivisi. In fondo trovate un po' di cose goderecce, ma prima ancora uno sguardo sui massimi sistemi e i problemi del mondo. E l'economia? Bene (?!), grazie Su\u00a0nonconimieisoldi\u00a0Andrea Baranes ha scritto un articolo che sostanzialmente argomenta che siamo\u2026","rel":"","context":"In &quot;Coordinate&quot;","block_context":{"text":"Coordinate","link":"http:\/\/www.robertosedda.it\/?cat=52"},"img":{"alt_text":"","src":"https:\/\/i0.wp.com\/www.robertosedda.it\/wp-content\/uploads\/2014\/09\/Zerocalcare-litigi-web.jpg?fit=692%2C526&resize=350%2C200","width":350,"height":200},"classes":[]},{"id":6923,"url":"http:\/\/www.robertosedda.it\/?p=6923","url_meta":{"origin":6834,"position":4},"title":"Sardegna, a ciascuno il suo silenzio (un intervento di Vito Biolchini)","author":"Rufus","date":"08\/04\/2014","format":false,"excerpt":"Oltre che su questo blog, questo articolo viene pubblicato anche sui siti\u00a0di Vito Biolchini,\u00a0Enrico Lobina,\u00a0Fondazione Sardinia,\u00a0Aladinpensiero,\u00a0Tramas de Amistade,\u00a0Madrigopolis,\u00a0Sardegna Soprattutto,\u00a0Sportello Formaparis,\u00a0Tottusinpari. Sardegna, a ciascuno il suo silenzio (Pigliaru non spiega: almeno ascolter\u00e0?) di Vito Biolchini E all'improvviso scese il silenzio. Se nei sette mesi che hanno preceduto il voto una febbre\u2026","rel":"","context":"In &quot;Coordinate&quot;","block_context":{"text":"Coordinate","link":"http:\/\/www.robertosedda.it\/?cat=52"},"img":{"alt_text":"","src":"https:\/\/i0.wp.com\/www.robertosedda.it\/wp-content\/uploads\/2014\/02\/videolina_pigliaru.jpg?fit=1200%2C900&resize=350%2C200","width":350,"height":200,"srcset":"https:\/\/i0.wp.com\/www.robertosedda.it\/wp-content\/uploads\/2014\/02\/videolina_pigliaru.jpg?fit=1200%2C900&resize=350%2C200 1x, https:\/\/i0.wp.com\/www.robertosedda.it\/wp-content\/uploads\/2014\/02\/videolina_pigliaru.jpg?fit=1200%2C900&resize=700%2C400 2x, https:\/\/i0.wp.com\/www.robertosedda.it\/wp-content\/uploads\/2014\/02\/videolina_pigliaru.jpg?fit=1200%2C900&resize=1050%2C600 3x"},"classes":[]},{"id":3838,"url":"http:\/\/www.robertosedda.it\/?p=3838","url_meta":{"origin":6834,"position":5},"title":"A proposito di playlist","author":"Rufus","date":"04\/07\/2013","format":false,"excerpt":"Il post di stamattina sulla playlist alla radio mi ha ricordato che in un libro di una delle mie serie di gialli preferita (quella\u00a0Prey con protagonista Lucas Davenport, di John Sandford) c'\u00e8 cucito nel romanzo un tormentone sul fatto che al protagonista hanno regalato un iPod con un buono d'acquisto\u2026","rel":"","context":"In &quot;Coordinate&quot;","block_context":{"text":"Coordinate","link":"http:\/\/www.robertosedda.it\/?cat=52"},"img":{"alt_text":"","src":"https:\/\/i0.wp.com\/www.robertosedda.it\/wp-content\/uploads\/2013\/07\/john-sandford-c-david-burnett.jpg?fit=898%2C1200&resize=350%2C200","width":350,"height":200,"srcset":"https:\/\/i0.wp.com\/www.robertosedda.it\/wp-content\/uploads\/2013\/07\/john-sandford-c-david-burnett.jpg?fit=898%2C1200&resize=350%2C200 1x, https:\/\/i0.wp.com\/www.robertosedda.it\/wp-content\/uploads\/2013\/07\/john-sandford-c-david-burnett.jpg?fit=898%2C1200&resize=700%2C400 2x"},"classes":[]}],"_links":{"self":[{"href":"http:\/\/www.robertosedda.it\/index.php?rest_route=\/wp\/v2\/posts\/6834"}],"collection":[{"href":"http:\/\/www.robertosedda.it\/index.php?rest_route=\/wp\/v2\/posts"}],"about":[{"href":"http:\/\/www.robertosedda.it\/index.php?rest_route=\/wp\/v2\/types\/post"}],"author":[{"embeddable":true,"href":"http:\/\/www.robertosedda.it\/index.php?rest_route=\/wp\/v2\/users\/1"}],"replies":[{"embeddable":true,"href":"http:\/\/www.robertosedda.it\/index.php?rest_route=%2Fwp%2Fv2%2Fcomments&post=6834"}],"version-history":[{"count":2,"href":"http:\/\/www.robertosedda.it\/index.php?rest_route=\/wp\/v2\/posts\/6834\/revisions"}],"predecessor-version":[{"id":19355,"href":"http:\/\/www.robertosedda.it\/index.php?rest_route=\/wp\/v2\/posts\/6834\/revisions\/19355"}],"wp:featuredmedia":[{"embeddable":true,"href":"http:\/\/www.robertosedda.it\/index.php?rest_route=\/wp\/v2\/media\/19358"}],"wp:attachment":[{"href":"http:\/\/www.robertosedda.it\/index.php?rest_route=%2Fwp%2Fv2%2Fmedia&parent=6834"}],"wp:term":[{"taxonomy":"category","embeddable":true,"href":"http:\/\/www.robertosedda.it\/index.php?rest_route=%2Fwp%2Fv2%2Fcategories&post=6834"},{"taxonomy":"post_tag","embeddable":true,"href":"http:\/\/www.robertosedda.it\/index.php?rest_route=%2Fwp%2Fv2%2Ftags&post=6834"}],"curies":[{"name":"wp","href":"https:\/\/api.w.org\/{rel}","templated":true}]}}