{"id":6796,"date":"2014-03-21T18:21:05","date_gmt":"2014-03-21T17:21:05","guid":{"rendered":"http:\/\/www.robertosedda.it\/?p=6796"},"modified":"2016-03-22T09:50:00","modified_gmt":"2016-03-22T08:50:00","slug":"quel-che-ho-detto-alla-festa-dei-quindici-anni-di-banca-etica-a-sassari","status":"publish","type":"post","link":"http:\/\/www.robertosedda.it\/?p=6796","title":{"rendered":"Quel che ho detto alla festa dei quindici anni di Banca Etica a Sassari"},"content":{"rendered":"<p>Ieri con Gaetano e Claudio siamo andati in trasferta (piuttosto stancante, devo dire, si vede che non ho pi\u00f9 l&#8217;et\u00e0) a Sassari per festeggiare anche l\u00ec i quindici anni di Banca Etica, insieme ai soci della Sardegna Settentrionale in un incontro davvero molto partecipato all&#8217;Universit\u00e0.<\/p>\n<p><a href=\"https:\/\/i0.wp.com\/www.robertosedda.it\/wp-content\/uploads\/2014\/03\/Incontro-Sassari-quindici-anni.png\"><img data-attachment-id=\"6779\" data-permalink=\"http:\/\/www.robertosedda.it\/?attachment_id=6779\" data-orig-file=\"https:\/\/i0.wp.com\/www.robertosedda.it\/wp-content\/uploads\/2014\/03\/Incontro-Sassari-quindici-anni.png?fit=960%2C347\" data-orig-size=\"960,347\" data-comments-opened=\"1\" data-image-meta=\"{&quot;aperture&quot;:&quot;0&quot;,&quot;credit&quot;:&quot;&quot;,&quot;camera&quot;:&quot;&quot;,&quot;caption&quot;:&quot;&quot;,&quot;created_timestamp&quot;:&quot;0&quot;,&quot;copyright&quot;:&quot;&quot;,&quot;focal_length&quot;:&quot;0&quot;,&quot;iso&quot;:&quot;0&quot;,&quot;shutter_speed&quot;:&quot;0&quot;,&quot;title&quot;:&quot;&quot;}\" data-image-title=\"Incontro Sassari quindici anni\" data-image-description=\"\" data-image-caption=\"\" data-medium-file=\"https:\/\/i0.wp.com\/www.robertosedda.it\/wp-content\/uploads\/2014\/03\/Incontro-Sassari-quindici-anni.png?fit=300%2C108\" data-large-file=\"https:\/\/i0.wp.com\/www.robertosedda.it\/wp-content\/uploads\/2014\/03\/Incontro-Sassari-quindici-anni.png?fit=510%2C184\" decoding=\"async\" loading=\"lazy\" class=\"aligncenter size-full wp-image-6779\" src=\"https:\/\/i0.wp.com\/www.robertosedda.it\/wp-content\/uploads\/2014\/03\/Incontro-Sassari-quindici-anni.png?resize=800%2C289\" alt=\"Incontro Sassari quindici anni\" width=\"800\" height=\"289\" srcset=\"https:\/\/i0.wp.com\/www.robertosedda.it\/wp-content\/uploads\/2014\/03\/Incontro-Sassari-quindici-anni.png?w=960 960w, https:\/\/i0.wp.com\/www.robertosedda.it\/wp-content\/uploads\/2014\/03\/Incontro-Sassari-quindici-anni.png?resize=150%2C54 150w, https:\/\/i0.wp.com\/www.robertosedda.it\/wp-content\/uploads\/2014\/03\/Incontro-Sassari-quindici-anni.png?resize=300%2C108 300w, https:\/\/i0.wp.com\/www.robertosedda.it\/wp-content\/uploads\/2014\/03\/Incontro-Sassari-quindici-anni.png?resize=700%2C253 700w\" sizes=\"(max-width: 800px) 100vw, 800px\" data-recalc-dims=\"1\" \/><\/a>Nell&#8217;occasione\u00a0mi hanno chiesto un saluto da Referente dei soci dell&#8217;Italia centrale, cosa che ho fatto molto volentieri: ma siccome l&#8217;incontro aveva lo scopo di riflettere su cosa \u00e8 stata Banca Etica in Sardegna in questi quindici anni, mi sono un po&#8217; allargato a riflettere a voce alta su cosa ha voluto dire essere socio della Banca in questa regione per me (e credo anche per altri). Le cose che ho pensato e che ho detto le riporto, pi\u00f9 o meno esatte, qui sotto (e poi prometto che dopo una serie di articoli tutti su Banca Etica, la settimana prossima parlo d&#8217;altro).<\/p>\n<h2>Popolarit\u00e0 e\u00a0associazionismo&#8230;<\/h2>\n<p><a href=\"https:\/\/i0.wp.com\/www.robertosedda.it\/wp-content\/uploads\/2014\/03\/Cinque-su-quindici-2.jpg\"><img data-attachment-id=\"6797\" data-permalink=\"http:\/\/www.robertosedda.it\/?attachment_id=6797\" data-orig-file=\"https:\/\/i0.wp.com\/www.robertosedda.it\/wp-content\/uploads\/2014\/03\/Cinque-su-quindici-2.jpg?fit=600%2C450\" data-orig-size=\"600,450\" data-comments-opened=\"1\" data-image-meta=\"{&quot;aperture&quot;:&quot;0&quot;,&quot;credit&quot;:&quot;&quot;,&quot;camera&quot;:&quot;&quot;,&quot;caption&quot;:&quot;&quot;,&quot;created_timestamp&quot;:&quot;0&quot;,&quot;copyright&quot;:&quot;&quot;,&quot;focal_length&quot;:&quot;0&quot;,&quot;iso&quot;:&quot;0&quot;,&quot;shutter_speed&quot;:&quot;0&quot;,&quot;title&quot;:&quot;&quot;}\" data-image-title=\"Cinque su quindici 2\" data-image-description=\"\" data-image-caption=\"\" data-medium-file=\"https:\/\/i0.wp.com\/www.robertosedda.it\/wp-content\/uploads\/2014\/03\/Cinque-su-quindici-2.jpg?fit=300%2C225\" data-large-file=\"https:\/\/i0.wp.com\/www.robertosedda.it\/wp-content\/uploads\/2014\/03\/Cinque-su-quindici-2.jpg?fit=510%2C383\" decoding=\"async\" loading=\"lazy\" class=\"alignleft size-medium wp-image-6797\" src=\"https:\/\/i0.wp.com\/www.robertosedda.it\/wp-content\/uploads\/2014\/03\/Cinque-su-quindici-2.jpg?resize=300%2C225\" alt=\"Cinque su quindici 2\" width=\"300\" height=\"225\" srcset=\"https:\/\/i0.wp.com\/www.robertosedda.it\/wp-content\/uploads\/2014\/03\/Cinque-su-quindici-2.jpg?resize=300%2C225 300w, https:\/\/i0.wp.com\/www.robertosedda.it\/wp-content\/uploads\/2014\/03\/Cinque-su-quindici-2.jpg?resize=150%2C112 150w, https:\/\/i0.wp.com\/www.robertosedda.it\/wp-content\/uploads\/2014\/03\/Cinque-su-quindici-2.jpg?resize=268%2C200 268w, https:\/\/i0.wp.com\/www.robertosedda.it\/wp-content\/uploads\/2014\/03\/Cinque-su-quindici-2.jpg?w=600 600w\" sizes=\"(max-width: 300px) 100vw, 300px\" data-recalc-dims=\"1\" \/><\/a>Quando sono entrato in Banca Etica, pi\u00f9 o meno nel &#8217;96, venivo dall&#8217;Azione Cattolica. Venivo cio\u00e8 da una grande associazione popolare, organizzata territorialmente, che permetteva a milioni di persone di vivere per suo tramite la partecipazione alla vita sociale, sperimentare la democrazia, condividere un&#8217;identit\u00e0.<\/p>\n<p>Entrando in Banca Etica non ho faticato a riconoscere nell&#8217;organizzazione territoriale dei soci lo stesso modello, che del resto era condiviso da altre grandi realt\u00e0 associative che collaboravano a fondare la Banca, l&#8217;ARCI, le ACLI, gli <em>scout<\/em>, i partiti. Oggi, a quasi vent&#8217;anni di distanza, osservo che questo modello associativo si \u00e8 spesso spento o indebolito: cio\u00e8 che ci sono in giro in Italia molti meno gruppi parrocchiali, molte Case del Popolo sono diventate semplici bar, molte sezioni di partito sono state chiuse. L&#8217;organizzazione territoriale dei soci di Banca Etica, pur con tutte le sue fragilit\u00e0, mantiene la sua vitalit\u00e0. Non pretendo primati, so benissimo che non \u00e8 l&#8217;unica, per\u00f2 osservo che insieme con altri continua a testimoniare l&#8217;utilit\u00e0 di un modello associativo di partecipazione, diffuso sui territori e basato su dinamiche democratiche. Nel momento in cui per esempio la politica sembra tendere verso altri modelli di partecipazione mi sembra un contributo importante che l&#8217;organizzazione territoriale dei soci di Banca Etica, aldil\u00e0 della sua utilit\u00e0 per la vita interna della Banca,\u00a0propone al dibattito culturale del paese.<\/p>\n<h2>Associazionismo e mutualit\u00e0<\/h2>\n<p><a href=\"https:\/\/i0.wp.com\/www.robertosedda.it\/wp-content\/uploads\/2014\/03\/Rufus-a-Cinque-su-quindici.jpg\"><img data-attachment-id=\"6798\" data-permalink=\"http:\/\/www.robertosedda.it\/?attachment_id=6798\" data-orig-file=\"https:\/\/i0.wp.com\/www.robertosedda.it\/wp-content\/uploads\/2014\/03\/Rufus-a-Cinque-su-quindici.jpg?fit=600%2C800\" data-orig-size=\"600,800\" data-comments-opened=\"1\" data-image-meta=\"{&quot;aperture&quot;:&quot;0&quot;,&quot;credit&quot;:&quot;&quot;,&quot;camera&quot;:&quot;&quot;,&quot;caption&quot;:&quot;&quot;,&quot;created_timestamp&quot;:&quot;0&quot;,&quot;copyright&quot;:&quot;&quot;,&quot;focal_length&quot;:&quot;0&quot;,&quot;iso&quot;:&quot;0&quot;,&quot;shutter_speed&quot;:&quot;0&quot;,&quot;title&quot;:&quot;&quot;}\" data-image-title=\"Rufus a Cinque su quindici\" data-image-description=\"\" data-image-caption=\"\" data-medium-file=\"https:\/\/i0.wp.com\/www.robertosedda.it\/wp-content\/uploads\/2014\/03\/Rufus-a-Cinque-su-quindici.jpg?fit=225%2C300\" data-large-file=\"https:\/\/i0.wp.com\/www.robertosedda.it\/wp-content\/uploads\/2014\/03\/Rufus-a-Cinque-su-quindici.jpg?fit=510%2C680\" decoding=\"async\" loading=\"lazy\" class=\"alignright size-medium wp-image-6798\" src=\"https:\/\/i0.wp.com\/www.robertosedda.it\/wp-content\/uploads\/2014\/03\/Rufus-a-Cinque-su-quindici.jpg?resize=225%2C300\" alt=\"Rufus a Cinque su quindici\" width=\"225\" height=\"300\" srcset=\"https:\/\/i0.wp.com\/www.robertosedda.it\/wp-content\/uploads\/2014\/03\/Rufus-a-Cinque-su-quindici.jpg?resize=225%2C300 225w, https:\/\/i0.wp.com\/www.robertosedda.it\/wp-content\/uploads\/2014\/03\/Rufus-a-Cinque-su-quindici.jpg?resize=112%2C150 112w, https:\/\/i0.wp.com\/www.robertosedda.it\/wp-content\/uploads\/2014\/03\/Rufus-a-Cinque-su-quindici.jpg?w=600 600w\" sizes=\"(max-width: 225px) 100vw, 225px\" data-recalc-dims=\"1\" \/><\/a>Sempre sul tema di che cosa abbia voluto per me essere socio mi sembra interessante riflettere sul tema della mutualit\u00e0. Si tratta di un valore che la Banca tende a perseguire nella sua azione in termini di solidariet\u00e0, per esempio, fra risparmiatori e destinatari dei finanziamenti, ma io credo che sia interessante rifletterci da un altro punto di vista.<\/p>\n<p>La mutualit\u00e0 \u00e8 qualcosa che nella vita della Banca in questi quindici anni ho sperimentato anche in cose molto quotidiane: per esempio in questi anni per casa mia, a mangiare, a dormire, \u00e8 passata mezza Banca, e io stesso, in altre parti d&#8217;Italia, ho mangiato o dormito in casa di un sacco di gente.<\/p>\n<p>Ma c&#8217;\u00e8 anche, in una grande organizzazione nazionale come Banca Etica,\u00a0una mutualit\u00e0\u00a0fra territori. Prima di me \u00e8 intervenuto Riccardo Dugini, responsabile di Banca Etica per l&#8217;Area Centro: la Banca in Sardegna non si farebbe senza il suo lavoro, di fiorentino che lavora a Roma, o senza il contributo e il supporto di Roberto Marino, un altro romano, e chi ha vissuto Banca Etica in Sardegna in questi anni sa quanto abbia contato il contributo del predecessore di Riccardo, Alessandro Celoni, o quello di Fabio Faina, il mio predecessore, che partendo da Perugia \u00e8 stata\u00a0la persona che pi\u00f9 di tutti ha contribuito a dare\u00a0a Banca Etica\u00a0la forma\u00a0che oggi ha in Sardegna.<\/p>\n<p>Mi faceva piacere citare e ringraziare, nella festa dei quindici anni, Alessandro e Fabio, ma non \u00e8 stato solo un trucco retorico per i ringraziamenti: penso davvero che la Banca, come grande organizzazione nazionale, contribuisca a far sperimentare una mutualit\u00e0 fra territori, la possibilit\u00e0 di contribuire a una identit\u00e0 <em>nazionale<\/em> e una capacit\u00e0 di proiettare lo sguardo oltre i confini, tutti cose\u00a0che trovo molto assenti dal panorama del dibattito cuilturale in Sardegna, in questo momento.<\/p>\n<h2>\u00abSono qui per reclutarvi&#8230;\u00bb<\/h2>\n<p>Sono arrivato a Sassari un po&#8217; in ritardo, dopo l&#8217;inizio del convegno, e sono entrato nella sala gi\u00e0 affollata. Mi ha colpito la presenza di tanti che erano palesemente studenti: mi sono chiesto i motivi dell&#8217;interesse, se fossero venuti al traino di qualche docente (ce n&#8217;erano diversi fra gli organizzatori e il pubblico), se fossero capitati per caso, o perch\u00e9 in fase di preparazione di una tesi, di un esame&#8230;<\/p>\n<p>Pi\u00f9 in generale, ho pensato che dopo quindici anni una nuova ondata di giovani farebbe bene alla Banca, considerato che chi l&#8217;ha fondata adesso ha vent&#8217;anni di pi\u00f9, e quindi quell&#8217;et\u00e0 l&#8217;ha per forza lasciata da un pezzo.<\/p>\n<p>A me sulla soglia dei trent&#8217;anni entrare in Banca Etica ha cambiato la vita. Tutt&#8217;ora ritengo che ci siano poche battaglie culturali e politiche cos\u00ec importanti come fare Banca Etica: non \u00e8 una cattiva cosa di cui innamorarsi, conoscendola per caso a un convegno all&#8217;Universit\u00e0. E quindi in conclusione ho fatto un po&#8217; di mozione agli affetti, invitando gli studenti presenti a farsi avanti. Ho citato Harvey Milk, l&#8217;attivista dei diritti degli omosessuali in California (<a href=\"http:\/\/it.wikipedia.org\/wiki\/Milk_(film)\">quello del film con Sean Penn<\/a>), che iniziava tutti i suoi comizi con la frase: \u00abSono venuto a reclutarvi\u00bb.<\/p>\n<p>Vedete lo zio Rufus: solo lui pu\u00f2 iniziare un intervento con l&#8217;Azione Cattolica e chiuderlo con Harvey Milk!<\/p>\n<p>(le foto a corredo di questo articolo sono state scattate da diversi partecipanti)<\/p>\n","protected":false},"excerpt":{"rendered":"<p>Ieri con Gaetano e Claudio siamo andati in trasferta (piuttosto stancante, devo dire, si vede che non ho pi\u00f9 l&#8217;et\u00e0)<\/p>\n","protected":false},"author":1,"featured_media":6798,"comment_status":"open","ping_status":"open","sticky":false,"template":"","format":"standard","meta":{"_mi_skip_tracking":false,"_monsterinsights_sitenote_active":false,"_monsterinsights_sitenote_note":"","_monsterinsights_sitenote_category":0,"jetpack_post_was_ever_published":false,"_jetpack_newsletter_access":"","jetpack_publicize_message":"Quel che ho detto alla festa dei quindici anni di Banca Etica a Sassari","jetpack_is_tweetstorm":false,"jetpack_publicize_feature_enabled":true,"jetpack_social_post_already_shared":true,"jetpack_social_options":{"image_generator_settings":{"template":"highway","enabled":false}}},"categories":[72,52,55,17,16],"tags":[],"jetpack_publicize_connections":[],"jetpack_featured_media_url":"https:\/\/i0.wp.com\/www.robertosedda.it\/wp-content\/uploads\/2014\/03\/Rufus-a-Cinque-su-quindici.jpg?fit=600%2C800","jetpack_sharing_enabled":true,"jetpack_shortlink":"https:\/\/wp.me\/p4jV2T-1LC","jetpack_likes_enabled":true,"jetpack-related-posts":[{"id":6640,"url":"http:\/\/www.robertosedda.it\/?p=6640","url_meta":{"origin":6796,"position":0},"title":"Cominciate a segnarvi queste due date&#8230;","author":"Rufus","date":"04\/03\/2014","format":false,"excerpt":"Festeggiamenti! Festeggiamenti! In questo stesso momento in cui scrivo alla Sala delle Colonne della Camera dei Deputati viene presentata la ricerca sull'impatto sociale di Banca Etica nei suoi primi quindici anni di vita\u00a0(e no, questa volta non sono potuto andare). Con questa presentazione iniziano di fatto i quindici giorni di\u2026","rel":"","context":"In &quot;Banche e finanza&quot;","block_context":{"text":"Banche e finanza","link":"http:\/\/www.robertosedda.it\/?cat=72"},"img":{"alt_text":"","src":"https:\/\/i0.wp.com\/www.robertosedda.it\/wp-content\/uploads\/2014\/02\/Banca-Etica-15-anni.jpg?fit=510%2C250&resize=350%2C200","width":350,"height":200},"classes":[]},{"id":6777,"url":"http:\/\/www.robertosedda.it\/?p=6777","url_meta":{"origin":6796,"position":1},"title":"\u00abFai un intervento politico&#8230;\u00bb","author":"Rufus","date":"18\/03\/2014","format":false,"excerpt":"\u00abFai un intervento politico...\u00bb \u00e8 la raccomandazione che sto facendo a tutti quelli che mi chiedono: \u00abChe devo dire?\u00bb. Stasera modero il dibattito (che spero succoso, interessante e partecipato) durante La finanza non \u00e8 un gioco, l'appuntamento cagliaritano della festa della finanza etica\u00a0che in tutta Italia\u00a0celebra i quindici anni di\u2026","rel":"","context":"In &quot;Banche e finanza&quot;","block_context":{"text":"Banche e finanza","link":"http:\/\/www.robertosedda.it\/?cat=72"},"img":{"alt_text":"","src":"https:\/\/i0.wp.com\/www.robertosedda.it\/wp-content\/uploads\/2014\/03\/Locandina.jpg?fit=664%2C960&resize=350%2C200","width":350,"height":200},"classes":[]},{"id":5935,"url":"http:\/\/www.robertosedda.it\/?p=5935","url_meta":{"origin":6796,"position":2},"title":"Quello che ho detto all&#8217;Assemblea del GIT di Sassari","author":"Rufus","date":"27\/01\/2014","format":false,"excerpt":"Mercoled\u00ec scorso sono\u00a0andato a Sassari\u00a0con Gaetano Lauta, coordinatore dei soci di Banca Etica della Sardegna meridionale, all'assemblea dei cugini soci della Sardegna settentrionale. \u00c8 stata un'Assemblea molto bella e piuttosto intensa e, naturalmente, a un certo punto mi hanno fatto parlare. Ne ho approfittato per dire un paio delle cose\u2026","rel":"","context":"In &quot;Banche e finanza&quot;","block_context":{"text":"Banche e finanza","link":"http:\/\/www.robertosedda.it\/?cat=72"},"img":{"alt_text":"","src":"https:\/\/i0.wp.com\/www.robertosedda.it\/wp-content\/uploads\/2012\/11\/2012-11-18-10.14.20.jpg?fit=1200%2C900&resize=350%2C200","width":350,"height":200,"srcset":"https:\/\/i0.wp.com\/www.robertosedda.it\/wp-content\/uploads\/2012\/11\/2012-11-18-10.14.20.jpg?fit=1200%2C900&resize=350%2C200 1x, https:\/\/i0.wp.com\/www.robertosedda.it\/wp-content\/uploads\/2012\/11\/2012-11-18-10.14.20.jpg?fit=1200%2C900&resize=700%2C400 2x, https:\/\/i0.wp.com\/www.robertosedda.it\/wp-content\/uploads\/2012\/11\/2012-11-18-10.14.20.jpg?fit=1200%2C900&resize=1050%2C600 3x"},"classes":[]},{"id":6151,"url":"http:\/\/www.robertosedda.it\/?p=6151","url_meta":{"origin":6796,"position":3},"title":"Ricchezza, imprenditorialit\u00e0 sociale, politiche di sviluppo","author":"Rufus","date":"05\/02\/2014","format":false,"excerpt":"Fra il 2006 e il 2008 Banca Etica condusse in Sardegna un progetto chiamato Nuove Officine (per i tecnici: era un PIC Equal finanziato dal Fondo Sociale Europeo e codificato come IT-G2-SAR-026 - a distanza di tanto tempo ricordo ancora l'identificativo, perch\u00e9 per anni \u00e8 stato il mio pane e\u2026","rel":"","context":"In &quot;Banche e finanza&quot;","block_context":{"text":"Banche e finanza","link":"http:\/\/www.robertosedda.it\/?cat=72"},"img":{"alt_text":"","src":"https:\/\/i0.wp.com\/www.robertosedda.it\/wp-content\/uploads\/2014\/02\/A.jpg?fit=425%2C423&resize=350%2C200","width":350,"height":200},"classes":[]},{"id":4744,"url":"http:\/\/www.robertosedda.it\/?p=4744","url_meta":{"origin":6796,"position":4},"title":"Sabato la finanza etica era a Olbia","author":"Rufus","date":"21\/10\/2013","format":"video","excerpt":"Il 19 ottobre sono intervenuto con Carlo Usai al convegno La finanza etica ti toglie un peso. C'era anche Gaetano Lauta, responsabile dei soci di Banca Etica di Cagliari, e sia gli organizzatori che il pubblico erano largamente presenti persone legate al Movimento Cinque Stelle. \u00c8 stato un dibattito molto\u2026","rel":"","context":"In &quot;Banche e finanza&quot;","block_context":{"text":"Banche e finanza","link":"http:\/\/www.robertosedda.it\/?cat=72"},"img":{"alt_text":"","src":"https:\/\/i0.wp.com\/www.robertosedda.it\/wp-content\/uploads\/2013\/10\/Finanza-etica-Olbia-219x300.jpeg?resize=350%2C200","width":350,"height":200},"classes":[]},{"id":10205,"url":"http:\/\/www.robertosedda.it\/?p=10205","url_meta":{"origin":6796,"position":5},"title":"Articoli dimenticati","author":"Rufus","date":"08\/05\/2015","format":false,"excerpt":"Mi sono accorto oggi che non avevo riportato sul\u00a0blog l'articolo che ho pubblicato sul supplemento diocesano di\u00a0Avvenire\u00a0del 19 aprile 2015, dedicato a Banca Etica. Lo riposto qui: \u00e8 un articolo brevissimo e anche piuttosto anonimo (me lo dico da solo...), nel senso che occorreva prima di tutto presentare la Banca\u2026","rel":"","context":"In &quot;Banche e finanza&quot;","block_context":{"text":"Banche e finanza","link":"http:\/\/www.robertosedda.it\/?cat=72"},"img":{"alt_text":"","src":"https:\/\/i0.wp.com\/www.robertosedda.it\/wp-content\/uploads\/2015\/05\/Avvenire-Cagliari-testata.jpg?fit=648%2C218&resize=350%2C200","width":350,"height":200},"classes":[]}],"_links":{"self":[{"href":"http:\/\/www.robertosedda.it\/index.php?rest_route=\/wp\/v2\/posts\/6796"}],"collection":[{"href":"http:\/\/www.robertosedda.it\/index.php?rest_route=\/wp\/v2\/posts"}],"about":[{"href":"http:\/\/www.robertosedda.it\/index.php?rest_route=\/wp\/v2\/types\/post"}],"author":[{"embeddable":true,"href":"http:\/\/www.robertosedda.it\/index.php?rest_route=\/wp\/v2\/users\/1"}],"replies":[{"embeddable":true,"href":"http:\/\/www.robertosedda.it\/index.php?rest_route=%2Fwp%2Fv2%2Fcomments&post=6796"}],"version-history":[{"count":7,"href":"http:\/\/www.robertosedda.it\/index.php?rest_route=\/wp\/v2\/posts\/6796\/revisions"}],"predecessor-version":[{"id":11708,"href":"http:\/\/www.robertosedda.it\/index.php?rest_route=\/wp\/v2\/posts\/6796\/revisions\/11708"}],"wp:featuredmedia":[{"embeddable":true,"href":"http:\/\/www.robertosedda.it\/index.php?rest_route=\/wp\/v2\/media\/6798"}],"wp:attachment":[{"href":"http:\/\/www.robertosedda.it\/index.php?rest_route=%2Fwp%2Fv2%2Fmedia&parent=6796"}],"wp:term":[{"taxonomy":"category","embeddable":true,"href":"http:\/\/www.robertosedda.it\/index.php?rest_route=%2Fwp%2Fv2%2Fcategories&post=6796"},{"taxonomy":"post_tag","embeddable":true,"href":"http:\/\/www.robertosedda.it\/index.php?rest_route=%2Fwp%2Fv2%2Ftags&post=6796"}],"curies":[{"name":"wp","href":"https:\/\/api.w.org\/{rel}","templated":true}]}}