{"id":669,"date":"2012-08-23T13:48:50","date_gmt":"2012-08-23T11:48:50","guid":{"rendered":"http:\/\/www.robertosedda.it\/?p=669"},"modified":"2013-03-28T17:01:40","modified_gmt":"2013-03-28T16:01:40","slug":"la-globalizzazione-di-vinoba","status":"publish","type":"post","link":"http:\/\/www.robertosedda.it\/?p=669","title":{"rendered":"La globalizzazione di Vinoba"},"content":{"rendered":"<p><a href=\"https:\/\/i0.wp.com\/www.robertosedda.it\/wp-content\/uploads\/2012\/08\/villaggio_gandhi_b.jpg\"><img data-attachment-id=\"671\" data-permalink=\"http:\/\/www.robertosedda.it\/?attachment_id=671\" data-orig-file=\"https:\/\/i0.wp.com\/www.robertosedda.it\/wp-content\/uploads\/2012\/08\/villaggio_gandhi_b.jpg?fit=400%2C597\" data-orig-size=\"400,597\" data-comments-opened=\"1\" data-image-meta=\"{&quot;aperture&quot;:&quot;0&quot;,&quot;credit&quot;:&quot;&quot;,&quot;camera&quot;:&quot;CanoScan LiDE 100&quot;,&quot;caption&quot;:&quot;&quot;,&quot;created_timestamp&quot;:&quot;1279039257&quot;,&quot;copyright&quot;:&quot;&quot;,&quot;focal_length&quot;:&quot;0&quot;,&quot;iso&quot;:&quot;0&quot;,&quot;shutter_speed&quot;:&quot;0&quot;,&quot;title&quot;:&quot;&quot;}\" data-image-title=\"villaggio_gandhi_b\" data-image-description=\"\" data-image-caption=\"\" data-medium-file=\"https:\/\/i0.wp.com\/www.robertosedda.it\/wp-content\/uploads\/2012\/08\/villaggio_gandhi_b.jpg?fit=201%2C300\" data-large-file=\"https:\/\/i0.wp.com\/www.robertosedda.it\/wp-content\/uploads\/2012\/08\/villaggio_gandhi_b.jpg?fit=400%2C597\" decoding=\"async\" loading=\"lazy\" class=\"alignright size-medium wp-image-671\" title=\"villaggio_gandhi_b\" alt=\"\" src=\"https:\/\/i0.wp.com\/www.robertosedda.it\/wp-content\/uploads\/2012\/08\/villaggio_gandhi_b.jpg?resize=201%2C300\" width=\"201\" height=\"300\" srcset=\"https:\/\/i0.wp.com\/www.robertosedda.it\/wp-content\/uploads\/2012\/08\/villaggio_gandhi_b.jpg?resize=201%2C300 201w, https:\/\/i0.wp.com\/www.robertosedda.it\/wp-content\/uploads\/2012\/08\/villaggio_gandhi_b.jpg?w=400 400w\" sizes=\"(max-width: 201px) 100vw, 201px\" data-recalc-dims=\"1\" \/><\/a>Sto leggendo una raccolta di scritti di Gandhi su <em>Villaggio e autonomia<\/em>. Si tratta di una discreta sintesi del pensiero di Gandhi sul futuro economico e poitico dell&#8217;India e in particolare delle sue enormi masse rurali, per le quali Gandhi proponeva quella che oggi chiameremmo <em>devolution,<\/em> cio\u00e8 in pratica una federazione di villaggi locali, collegati per avere in comune certi servizi (scuole) troppo onerosi per un singolo villaggio ma per il resto autonomi.<\/p>\n<p>Questo lo sapevo&#8230; quello che mi ha fatto sobbalzare \u00e8 un testo di Vinoba, allievo di Gandhi, posto a prefazione. Ve lo riporto integralmente, poi faccio qualche commento, ma tenete presente che \u00e8 un testo di quasi cinquant&#8217;anni fa:<\/p>\n<blockquote><p>Nella comunit\u00e0 futura, avremo soltanto due cose: il villaggio e il mondo. Ci potranno essere i nomi degli stati sulle carte geografiche, ma in realt\u00e0 non ci sar\u00e0 pi\u00f9 alcun intermediario fra il mondo e il villaggio.<\/p><\/blockquote>\n<p>[Perdinci! &#8211; penso io &#8211; ma questa \u00e8 la globalizzazione! Esatta esatta, annunciata decenni prima. E Vinoba continua&#8230;]<\/p>\n<blockquote><p>Tutta l&#8217;autorit\u00e0 per la parte materiale della vita risieder\u00e0 nel villaggio. Il villaggio avr\u00e0 il potere di ordinare la propria vita. Il potere di una crescita morale risieder\u00e0 nei centri pi\u00f9 evoluti del mondo. I distretti e gli stati saranno solamente gli esecutori della volont\u00e0 dei villaggi. Cos\u00ec avremo il villaggio alla base e l&#8217;autorit\u00e0 del mondo nei centri migliori. L&#8217;umanit\u00e0 sar\u00e0 organizzata sulla base di piccole comunit\u00e0 di villaggio&#8230;<\/p><\/blockquote>\n<p>e prosegue con alcune note sull&#8217;economia cooperativa di villaggio, che vi risparmio.<\/p>\n<p>L&#8217;ho trovato veramente fulminante. Ho fatto questa riflessione: la profezia di Vinoba si \u00e8 avverata, ma&#8230; al contrario.<\/p>\n<p>Laddove Vinoba ipotizzava &#8220;l&#8217;autorit\u00e0 materiale&#8221; nel villaggio e &#8220;l&#8217;autorit\u00e0 morale&#8221; nei grandi centri di elaborazione del pensiero (credo avesse in mente l&#8217;ONU e le altre grandi organizzazioni sovranazionali) noi oggi abbiamo che in pochi centri mondiali (diciamo le multinazionali) vengono decise le linee di sviluppo materiale, mentre nei villaggi (diciamo nei centri di potere locale) la resistenza \u00e8 affidata a una eleborazione di pensieri morali e culturali particolari.<\/p>\n<p>E mi \u00e8 venuto da pensare che la distorsione della globalizzazione sta tutta qui.<\/p>\n","protected":false},"excerpt":{"rendered":"<p>Sto leggendo una raccolta di scritti di Gandhi su Villaggio e autonomia. Si tratta di una discreta sintesi del pensiero<\/p>\n","protected":false},"author":1,"featured_media":671,"comment_status":"open","ping_status":"open","sticky":false,"template":"","format":"standard","meta":{"_mi_skip_tracking":false,"_monsterinsights_sitenote_active":false,"_monsterinsights_sitenote_note":"","_monsterinsights_sitenote_category":0,"jetpack_post_was_ever_published":false,"_jetpack_newsletter_access":"","jetpack_publicize_message":"","jetpack_is_tweetstorm":false,"jetpack_publicize_feature_enabled":true,"jetpack_social_post_already_shared":false,"jetpack_social_options":{"image_generator_settings":{"template":"highway","enabled":false}}},"categories":[52,57,17,59,16],"tags":[],"jetpack_publicize_connections":[],"jetpack_featured_media_url":"https:\/\/i0.wp.com\/www.robertosedda.it\/wp-content\/uploads\/2012\/08\/villaggio_gandhi_b.jpg?fit=400%2C597","jetpack_sharing_enabled":true,"jetpack_shortlink":"https:\/\/wp.me\/p4jV2T-aN","jetpack_likes_enabled":true,"jetpack-related-posts":[{"id":593,"url":"http:\/\/www.robertosedda.it\/?p=593","url_meta":{"origin":669,"position":0},"title":"Umanit\u00e0 in frantumi","author":"Rufus","date":"22\/08\/2012","format":false,"excerpt":"Mi \u00e8 capitato ieri di partecipare a una occasione di formazione in cui \u00e8 stato distribuito un testo di Francuccio Gesualdi, che fu uno dei \u201cragazzi di Barbiana\u201d di don Milani ed \u00e8 adesso l\u2019animatore del Centro Nuovo Modello di Sviluppo. Il testo \u00e8 tratto da un libretto molto agile\u2026","rel":"","context":"In &quot;Coordinate&quot;","block_context":{"text":"Coordinate","link":"http:\/\/www.robertosedda.it\/?cat=52"},"img":{"alt_text":"","src":"","width":0,"height":0},"classes":[]},{"id":6715,"url":"http:\/\/www.robertosedda.it\/?p=6715","url_meta":{"origin":669,"position":1},"title":"Cosa c&#8217;entra la noviolenza col Museo Nivola di Orani?","author":"Rufus","date":"17\/03\/2014","format":false,"excerpt":"Un'ascendenza fortemente sentita Non so se ho mai raccontato qui sul blog di essere mezzo oranese - Delitala da parte di madre, e fierissimo di questa ascendenza - e quindi dotato di solidissime radici barbaricine. Se Cagliari \u00e8 la mia citt\u00e0 del cuore, senza merito perch\u00e9 vi sono nato e\u2026","rel":"","context":"In &quot;Coordinate&quot;","block_context":{"text":"Coordinate","link":"http:\/\/www.robertosedda.it\/?cat=52"},"img":{"alt_text":"","src":"https:\/\/i0.wp.com\/www.robertosedda.it\/wp-content\/uploads\/2014\/03\/Davanti-Sa-Itria-a-Orani.jpg?fit=960%2C720&resize=350%2C200","width":350,"height":200,"srcset":"https:\/\/i0.wp.com\/www.robertosedda.it\/wp-content\/uploads\/2014\/03\/Davanti-Sa-Itria-a-Orani.jpg?fit=960%2C720&resize=350%2C200 1x, https:\/\/i0.wp.com\/www.robertosedda.it\/wp-content\/uploads\/2014\/03\/Davanti-Sa-Itria-a-Orani.jpg?fit=960%2C720&resize=700%2C400 2x"},"classes":[]},{"id":19606,"url":"http:\/\/www.robertosedda.it\/?p=19606","url_meta":{"origin":669,"position":2},"title":"Diari di progettazione: le cose che mi sono portato dietro per parlare di conflitto","author":"Rufus","date":"11\/05\/2022","format":false,"excerpt":"Il 30 aprile i soci di Banca Etica hanno fatto una giornata di formazione, nella sempre accogliente Domu de sa Contissa di Selegas, sul tema del conflitto. Non era, nelle intenzioni, un incontro di formazione sulla gestione del conflitto, tanto meno sulla gestione nonviolenta dei conflitti, per quanto quello fosse\u2026","rel":"","context":"In &quot;Coordinate&quot;","block_context":{"text":"Coordinate","link":"http:\/\/www.robertosedda.it\/?cat=52"},"img":{"alt_text":"","src":"https:\/\/i0.wp.com\/www.robertosedda.it\/wp-content\/uploads\/2022\/05\/Training-2.jpg?fit=400%2C552&resize=350%2C200","width":350,"height":200},"classes":[]},{"id":5307,"url":"http:\/\/www.robertosedda.it\/?p=5307","url_meta":{"origin":669,"position":3},"title":"Le poesie del giovane Rufus","author":"Rufus","date":"04\/12\/2013","format":false,"excerpt":"Tranquilli, non sono mie. \u00c8 solo che oggi mi \u00e8 venuta voglia di riprendere in mano una busta, che tengo chiusa in mezzo ai libri sullo scaffale. Dentro ci sono tre quaderni di scuola, piuttosto fini perch\u00e9 strappavo i fogli per farci i disegnini. Sono intitolati Lo que mas quiero,\u2026","rel":"","context":"In &quot;Coordinate&quot;","block_context":{"text":"Coordinate","link":"http:\/\/www.robertosedda.it\/?cat=52"},"img":{"alt_text":"","src":"https:\/\/i0.wp.com\/www.robertosedda.it\/wp-content\/uploads\/2013\/07\/Geek-girl.jpg?fit=900%2C1200&resize=350%2C200","width":350,"height":200,"srcset":"https:\/\/i0.wp.com\/www.robertosedda.it\/wp-content\/uploads\/2013\/07\/Geek-girl.jpg?fit=900%2C1200&resize=350%2C200 1x, https:\/\/i0.wp.com\/www.robertosedda.it\/wp-content\/uploads\/2013\/07\/Geek-girl.jpg?fit=900%2C1200&resize=700%2C400 2x"},"classes":[]},{"id":17427,"url":"http:\/\/www.robertosedda.it\/?p=17427","url_meta":{"origin":669,"position":4},"title":"Corruzione svizzero-africana","author":"Rufus","date":"09\/10\/2019","format":false,"excerpt":"Ho visto ieri, all'interno della rassegna sui neo-colonialismi organizzata dal Laboratorio 28, il film senegalese Hy\u00e8nes di Djibril Diop Mambety (ma la produzione \u00e8 francese). https:\/\/youtu.be\/xEsF9RR3FOs Il film \u00e8 tratto dalla tragedia di Friedrich D\u00fcrrenmatt La visita della vecchia signora. Non avendola letta non posso giudicare dell'adattamento, che a occhio\u2026","rel":"","context":"In &quot;Coordinate&quot;","block_context":{"text":"Coordinate","link":"http:\/\/www.robertosedda.it\/?cat=52"},"img":{"alt_text":"","src":"https:\/\/i0.wp.com\/www.robertosedda.it\/wp-content\/uploads\/2019\/10\/Hi\u00e8nes.jpg?fit=779%2C479&resize=350%2C200","width":350,"height":200,"srcset":"https:\/\/i0.wp.com\/www.robertosedda.it\/wp-content\/uploads\/2019\/10\/Hi\u00e8nes.jpg?fit=779%2C479&resize=350%2C200 1x, https:\/\/i0.wp.com\/www.robertosedda.it\/wp-content\/uploads\/2019\/10\/Hi\u00e8nes.jpg?fit=779%2C479&resize=700%2C400 2x"},"classes":[]},{"id":14849,"url":"http:\/\/www.robertosedda.it\/?p=14849","url_meta":{"origin":669,"position":5},"title":"Tre consigli per renitenti","author":"Rufus","date":"15\/03\/2018","format":false,"excerpt":"Mi sono riletto, ieri l'altro,\u00a0Fare il morto di Enrico Euli, un po' come antidoto al livello asfissiante di propaganda che ci circonda in questo periodo. \u00c8 stata una soluzione di ripiego perch\u00e9 il testo di Enrico pi\u00f9 adatto sarebbe stato Casca il mondo!, ma quello avrebbe richiesto una lettura pi\u00f9\u2026","rel":"","context":"In &quot;Coordinate&quot;","block_context":{"text":"Coordinate","link":"http:\/\/www.robertosedda.it\/?cat=52"},"img":{"alt_text":"","src":"https:\/\/i0.wp.com\/www.robertosedda.it\/wp-content\/uploads\/2018\/03\/Ma-ri-pozzu-toccai.jpg?fit=480%2C480&resize=350%2C200","width":350,"height":200},"classes":[]}],"_links":{"self":[{"href":"http:\/\/www.robertosedda.it\/index.php?rest_route=\/wp\/v2\/posts\/669"}],"collection":[{"href":"http:\/\/www.robertosedda.it\/index.php?rest_route=\/wp\/v2\/posts"}],"about":[{"href":"http:\/\/www.robertosedda.it\/index.php?rest_route=\/wp\/v2\/types\/post"}],"author":[{"embeddable":true,"href":"http:\/\/www.robertosedda.it\/index.php?rest_route=\/wp\/v2\/users\/1"}],"replies":[{"embeddable":true,"href":"http:\/\/www.robertosedda.it\/index.php?rest_route=%2Fwp%2Fv2%2Fcomments&post=669"}],"version-history":[{"count":4,"href":"http:\/\/www.robertosedda.it\/index.php?rest_route=\/wp\/v2\/posts\/669\/revisions"}],"predecessor-version":[{"id":2716,"href":"http:\/\/www.robertosedda.it\/index.php?rest_route=\/wp\/v2\/posts\/669\/revisions\/2716"}],"wp:featuredmedia":[{"embeddable":true,"href":"http:\/\/www.robertosedda.it\/index.php?rest_route=\/wp\/v2\/media\/671"}],"wp:attachment":[{"href":"http:\/\/www.robertosedda.it\/index.php?rest_route=%2Fwp%2Fv2%2Fmedia&parent=669"}],"wp:term":[{"taxonomy":"category","embeddable":true,"href":"http:\/\/www.robertosedda.it\/index.php?rest_route=%2Fwp%2Fv2%2Fcategories&post=669"},{"taxonomy":"post_tag","embeddable":true,"href":"http:\/\/www.robertosedda.it\/index.php?rest_route=%2Fwp%2Fv2%2Ftags&post=669"}],"curies":[{"name":"wp","href":"https:\/\/api.w.org\/{rel}","templated":true}]}}