{"id":6680,"date":"2014-03-11T18:40:00","date_gmt":"2014-03-11T17:40:00","guid":{"rendered":"http:\/\/www.robertosedda.it\/?p=6680"},"modified":"2014-03-14T10:07:46","modified_gmt":"2014-03-14T09:07:46","slug":"chi-ha-paura-di-giorgio-mazzella-la-crisi-di-sardegna-uno-simbolo-dellinformazione-isolana-in-caduta-libera-un-articolo-di-vito-biolchini","status":"publish","type":"post","link":"http:\/\/www.robertosedda.it\/?p=6680","title":{"rendered":"Chi ha paura di Giorgio Mazzella? La crisi di Sardegna Uno simbolo dell\u2019informazione isolana in caduta libera. Un articolo di Vito Biolchini"},"content":{"rendered":"<p>Oltre che su questo <em>blog<\/em>, questo articolo viene pubblicato anche sui siti di\u00a0<em><a href=\"http:\/\/www.fondazionesardinia.eu\/ita\/\">Fondazione Sardinia<\/a><\/em>,\u00a0<em><a href=\"http:\/\/www.aladinpensiero.it\/\">Aladin Pensiero<\/a><\/em>,\u00a0<em><a href=\"http:\/\/www.tramasdeamistade.org\/\">Tramas de Amistade<\/a><\/em>,\u00a0<em><a href=\"http:\/\/madrigopolis.blogspot.it\/\">Madrigopolis<\/a><\/em>,\u00a0<em><a href=\"http:\/\/www.sardegnasoprattutto.com\/\">SardegnaSoprattutto<\/a><\/em>,\u00a0<em><a href=\"http:\/\/www.formaparis.com\/blog\">Sportello Formaparis<\/a><\/em>,\u00a0<em><a href=\"http:\/\/tottusinpari.blog.tiscali.it\/\">Tottusinpari<\/a><\/em>\u00a0e sui <em>blog<\/em>\u00a0di <a href=\"http:\/\/www.enricolobina.org\/wp\/\">Enrico Lobina<\/a> e <a href=\"http:\/\/www.vitobiolchini.it\">Vito Biolchini<\/a>.<\/p>\n<h2>Chi ha paura di Giorgio Mazzella? La crisi di <em>Sardegna Uno<\/em> simbolo dell\u2019informazione isolana in caduta libera<\/h2>\n<h3>di Vito Biolchini<\/h3>\n<p><a href=\"https:\/\/i0.wp.com\/www.robertosedda.it\/wp-content\/uploads\/2014\/03\/Striscione-Sardegna-Uno.jpg\"><img data-attachment-id=\"6681\" data-permalink=\"http:\/\/www.robertosedda.it\/?attachment_id=6681\" data-orig-file=\"https:\/\/i0.wp.com\/www.robertosedda.it\/wp-content\/uploads\/2014\/03\/Striscione-Sardegna-Uno.jpg?fit=786%2C445\" data-orig-size=\"786,445\" data-comments-opened=\"1\" data-image-meta=\"{&quot;aperture&quot;:&quot;0&quot;,&quot;credit&quot;:&quot;&quot;,&quot;camera&quot;:&quot;&quot;,&quot;caption&quot;:&quot;&quot;,&quot;created_timestamp&quot;:&quot;0&quot;,&quot;copyright&quot;:&quot;&quot;,&quot;focal_length&quot;:&quot;0&quot;,&quot;iso&quot;:&quot;0&quot;,&quot;shutter_speed&quot;:&quot;0&quot;,&quot;title&quot;:&quot;&quot;}\" data-image-title=\"Striscione Sardegna Uno\" data-image-description=\"\" data-image-caption=\"\" data-medium-file=\"https:\/\/i0.wp.com\/www.robertosedda.it\/wp-content\/uploads\/2014\/03\/Striscione-Sardegna-Uno.jpg?fit=300%2C169\" data-large-file=\"https:\/\/i0.wp.com\/www.robertosedda.it\/wp-content\/uploads\/2014\/03\/Striscione-Sardegna-Uno.jpg?fit=510%2C289\" decoding=\"async\" loading=\"lazy\" class=\"aligncenter size-full wp-image-6681\" alt=\"Striscione Sardegna Uno\" src=\"https:\/\/i0.wp.com\/www.robertosedda.it\/wp-content\/uploads\/2014\/03\/Striscione-Sardegna-Uno.jpg?resize=786%2C445\" width=\"786\" height=\"445\" srcset=\"https:\/\/i0.wp.com\/www.robertosedda.it\/wp-content\/uploads\/2014\/03\/Striscione-Sardegna-Uno.jpg?w=786 786w, https:\/\/i0.wp.com\/www.robertosedda.it\/wp-content\/uploads\/2014\/03\/Striscione-Sardegna-Uno.jpg?resize=150%2C84 150w, https:\/\/i0.wp.com\/www.robertosedda.it\/wp-content\/uploads\/2014\/03\/Striscione-Sardegna-Uno.jpg?resize=300%2C169 300w, https:\/\/i0.wp.com\/www.robertosedda.it\/wp-content\/uploads\/2014\/03\/Striscione-Sardegna-Uno.jpg?resize=700%2C396 700w\" sizes=\"(max-width: 786px) 100vw, 786px\" data-recalc-dims=\"1\" \/><\/a>I lavoratori di Sardegna Uno sono ormai in sciopero da oltre cinquanta giorni. A differenza di tante altre mobilitazioni che costellano il nostro disastrato scenario economico e sociale, la loro non fa notizia se non nella misura in cui si rende platealmente evidente.<\/p>\n<p>Da qualche giorno \u00e8 on line il sito <strong><a href=\"http:\/\/spegnereinformazione.tumblr.com\/\">Chi vuole spegnere l\u2019informazione?<\/a><\/strong>, ideato dal fotografo <strong>Nico<\/strong> <strong>Massa<\/strong> che ha ritratto i giornalisti e operatori dell\u2019emittente con un cerotto in bocca: &#8220;C\u2019\u00e8 qualcuno che disprezza i giornalisti liberi&#8221;, recita una didascalia.<\/p>\n<p>C\u2019\u00e8 qualcosa che rende indigesta la coraggiosa protesta di una redazione che chiede il pagamento di sei mensilit\u00e0 arretrate e che contesta i tredici licenziamenti (su 27 dipendenti in organico) disposti dalla propriet\u00e0. Non solo perch\u00e9 parlare di libert\u00e0 di stampa vuol dire parlare di tutte le libert\u00e0 (e questo potrebbe essere per alcuni rischioso) ma anche perch\u00e9 l\u2019informazione isolana sarebbe costretta a mettere in discussione se stessa e le regole che la governano: troppo pericoloso.<\/p>\n<p>Ma c&#8217;\u00e8 anche un altro elemento che costringe la vertenza <em>Sardegna Uno<\/em> ad essere una notizia &#8220;a met\u00e0&#8221;: la presenza di un imprenditore che, secondo i lavoratori, avrebbe contribuito a provocare la situazione di crisi dell&#8217;emittente: stiamo parlando di Giorgio <strong>Mazzella<\/strong>, attuale presidente della Banca di Credito Sardo.<\/p>\n<p>Da qualche mese <strong>Mazzella<\/strong> ha ceduto la tv e formalmente l\u2019editore di <em>Sardegna Uno<\/em> non \u00e8 pi\u00f9 lui: suscita per\u00f2 pi\u00f9 di un interrogativo il fatto che il passaggio delle quote della societ\u00e0 sia costato ai nuovi proprietari appena 4000 euro.<\/p>\n<p><em>Sardegna Uno<\/em> ha sempre avuto un ruolo importante nel panorama informativo regionale e proprio l\u2019acquisto da parte di <strong>Mazzella<\/strong> aveva fatto sperare in un rilancio dell&#8217;emittente: \u00e8 avvenuto esattamente il contrario.<\/p>\n<p>Gli anni della sua gestione sono stati contrassegnati da scelte editoriali discutibili (ricordo solamente l&#8217;episodio che segn\u00f2 la chiusura del programma di Giacomo <strong>Mameli<\/strong>, avvenuta perch\u00e9 l&#8217;editore, in una puntata dedicata al precariato, aveva &#8220;chiesto&#8221; al giornalista di non ospitare l&#8217;allora segretario regionale della Cgil Gianpaolo <strong>Diana<\/strong>) e da rapporti con la redazione certamente non improntati al rispetto del ruolo dei giornalisti e della loro professionalit\u00e0 e deontologia.<\/p>\n<p>Per questo potremmo dire che la crisi economica poi sopraggiunta \u00e8 stata come una febbre capace di mettere a rischio la vita di un soggetto gi\u00e0 fortemente malato: l&#8217;esistenza di <em>Sardegna Uno<\/em> \u00e8 oggi appesa ad un filo.<\/p>\n<p>Eppure di <strong>Mazzella<\/strong> non parla nessuno. Tutte le redazioni hanno espresso solidariet\u00e0 ai colleghi, ma le testate (soprattutto quelle con le spalle pi\u00f9 larghe, come l&#8217;<em>Unione Sarda<\/em> e la <em>Nuova Sardegna<\/em>) si sono finora ben guardate dallo scrivere una bella inchiesta sull&#8217;imprenditore e sul suo ruolo nella crisi dell\u2019emittente. Questa vicenda non meriterebbe forse di essere approfondita? Perch\u00e9 non raccontare in che modo <strong>Mazzella<\/strong> ha gestito la testata? E poi, chi \u00e8 <strong>Mazzella<\/strong>? In quali ambiti economici opera? Perch\u00e9 \u00e8 stato nominato presidente del secondo istituto di credito isolano? E quali risultati sta ottenendo?<\/p>\n<p>I due quotidiani tacciono, come se quella di <em>Sardegna Uno<\/em> fosse una vertenza minore. Oppure ci sono argomenti che non possono essere trattati, personalit\u00e0 che devono stare lontano dai riflettori della critica pubblica? Ma non \u00e8 forse &#8220;di ci\u00f2 che non si pu\u00f2 parlare che si deve parlare&#8221;?<\/p>\n<p>La storia di <em>Sardegna Uno<\/em> \u00e8 emblematica della situazione dell&#8217;informazione in Sardegna, ormai in caduta libera. A rischio non ci sono solo i posti di lavoro di tanti professionisti ma la capacit\u00e0 dell\u2019isola di raccontare se stessa, di riflettere su se stessa, di prendere coscienza della sua collocazione attuale nella storia e nel mondo attraverso una pratica (quella del giornalismo) che consente di riportare ad unit\u00e0 tutte le storie e tutte le vicende che la quotidianit\u00e0 fa emergere. \u00c8 vero, grazie ad internet oggi circolano molte pi\u00f9 informazioni: ma &#8220;l\u2019informazione&#8221; \u00e8 un\u2019altra cosa.<\/p>\n<p>Senza organi di informazione sani, la Sardegna regredisce paurosamente. L\u2019<em>Unione Sarda<\/em> e la <em>Nuova Sardegna<\/em> stanno progressivamente perdendo la loro identit\u00e0 di quotidiani regionali, l\u2019impegno della <em>Rai<\/em> \u00e8 quantitativamente inadeguato, l&#8217;emittenza televisiva e radiofonica conosce una crisi senza precedenti, le testate <em>on line<\/em> stentano a decollare.<\/p>\n<p>Come si \u00e8 potuti arrivare a questo punto? Responsabilit\u00e0 diffuse: i giornalisti hanno perso la capacit\u00e0 di lottare e ragionare come una categoria unita, gli imprenditori non hanno mai visto nel settore editoriale la possibilit\u00e0 di fare <em>business<\/em> e contemporaneamente contribuire alla crescita della societ\u00e0 sarda. La politica invece ha lasciato che la situazione degenerasse, impedendo che il pluralismo fosse un obiettivo possibile e non una parola vuota da pronunciare mentre concretamente forze politiche di ogni schieramento lavoravano per rafforzare l&#8217;oligopolio dell&#8217;informazione.<\/p>\n<p>La Sardegna attende da tempo un nuovo statuto di autonomia. Saremmo capaci di andare oltre il dettato dell&#8217;articolo 21 della Costituzione italiana che si limita a riconoscere che &#8220;tutti hanno diritto di manifestare liberamente il proprio pensiero con la parola, lo scritto e ogni altro mezzo di diffusione&#8221; e finalmente affermare solennemente che i sardi hanno il diritto ad essere informati da un sistema di testate plurale e libero da ingerenze politiche ed economiche?<\/p>\n<p>Quella di <em>Sardegna Uno<\/em> \u00e8 la battaglia decisiva per l&#8217;informazione nell\u2019isola: se si perde, ricostruire dalle macerie sar\u00e0 difficilissimo.<\/p>\n<h4><strong>Post scriptum<\/strong><\/h4>\n<p>Domenica 16 marzo, a partire dalle 22.30 ai <em>Sette Vizi<\/em>, presso la\u00a0<em>MEM<\/em> in via Mameli a Cagliari, \u00e8 in programma la <em>Festa della stampa solidale<\/em>: musica, spettacolo, poesia e soprattutto solidariet\u00e0 a favore dei lavoratori di <em>Sardegna Uno<\/em>. Siamo tutti invitati.<\/p>\n","protected":false},"excerpt":{"rendered":"<p>Oltre che su questo blog, questo articolo viene pubblicato anche sui siti di\u00a0Fondazione Sardinia,\u00a0Aladin Pensiero,\u00a0Tramas de Amistade,\u00a0Madrigopolis,\u00a0SardegnaSoprattutto,\u00a0Sportello Formaparis,\u00a0Tottusinpari\u00a0e sui blog\u00a0di<\/p>\n","protected":false},"author":1,"featured_media":6681,"comment_status":"open","ping_status":"open","sticky":false,"template":"","format":"standard","meta":{"_mi_skip_tracking":false,"_monsterinsights_sitenote_active":false,"_monsterinsights_sitenote_note":"","_monsterinsights_sitenote_category":0,"jetpack_post_was_ever_published":false,"_jetpack_newsletter_access":"","jetpack_publicize_message":"","jetpack_is_tweetstorm":false,"jetpack_publicize_feature_enabled":true,"jetpack_social_post_already_shared":true,"jetpack_social_options":{"image_generator_settings":{"template":"highway","enabled":false}}},"categories":[52,57,17,59,16],"tags":[],"jetpack_publicize_connections":[],"jetpack_featured_media_url":"https:\/\/i0.wp.com\/www.robertosedda.it\/wp-content\/uploads\/2014\/03\/Striscione-Sardegna-Uno.jpg?fit=786%2C445","jetpack_sharing_enabled":true,"jetpack_shortlink":"https:\/\/wp.me\/p4jV2T-1JK","jetpack_likes_enabled":true,"jetpack-related-posts":[{"id":6923,"url":"http:\/\/www.robertosedda.it\/?p=6923","url_meta":{"origin":6680,"position":0},"title":"Sardegna, a ciascuno il suo silenzio (un intervento di Vito Biolchini)","author":"Rufus","date":"08\/04\/2014","format":false,"excerpt":"Oltre che su questo blog, questo articolo viene pubblicato anche sui siti\u00a0di Vito Biolchini,\u00a0Enrico Lobina,\u00a0Fondazione Sardinia,\u00a0Aladinpensiero,\u00a0Tramas de Amistade,\u00a0Madrigopolis,\u00a0Sardegna Soprattutto,\u00a0Sportello Formaparis,\u00a0Tottusinpari. Sardegna, a ciascuno il suo silenzio (Pigliaru non spiega: almeno ascolter\u00e0?) di Vito Biolchini E all'improvviso scese il silenzio. Se nei sette mesi che hanno preceduto il voto una febbre\u2026","rel":"","context":"In &quot;Coordinate&quot;","block_context":{"text":"Coordinate","link":"http:\/\/www.robertosedda.it\/?cat=52"},"img":{"alt_text":"","src":"https:\/\/i0.wp.com\/www.robertosedda.it\/wp-content\/uploads\/2014\/02\/videolina_pigliaru.jpg?fit=1200%2C900&resize=350%2C200","width":350,"height":200,"srcset":"https:\/\/i0.wp.com\/www.robertosedda.it\/wp-content\/uploads\/2014\/02\/videolina_pigliaru.jpg?fit=1200%2C900&resize=350%2C200 1x, https:\/\/i0.wp.com\/www.robertosedda.it\/wp-content\/uploads\/2014\/02\/videolina_pigliaru.jpg?fit=1200%2C900&resize=700%2C400 2x, https:\/\/i0.wp.com\/www.robertosedda.it\/wp-content\/uploads\/2014\/02\/videolina_pigliaru.jpg?fit=1200%2C900&resize=1050%2C600 3x"},"classes":[]},{"id":9694,"url":"http:\/\/www.robertosedda.it\/?p=9694","url_meta":{"origin":6680,"position":1},"title":"Anche per fare il Presidente della Regione ci vuole orecchio","author":"Rufus","date":"27\/02\/2015","format":false,"excerpt":"Questo articolo viene pubblicato anche sui siti di Fondazione Sardinia, Tramasdeamistade, Sardegna Soprattutto, Sportello Formaparis,Tottusinpari e sui blog di Enrico Lobina, Vito Biolchini e Francesca Madrigali. Anche per fare il Presidente della Regione ci vuole orecchio di Vito Biolchini Nessuno ha fatto il bilancio del primo anno di Francesco Pigliaru\u2026","rel":"","context":"In &quot;Coordinate&quot;","block_context":{"text":"Coordinate","link":"http:\/\/www.robertosedda.it\/?cat=52"},"img":{"alt_text":"","src":"https:\/\/i0.wp.com\/www.robertosedda.it\/wp-content\/uploads\/2014\/02\/Vittoria-Pigliaru.jpg?fit=960%2C637&resize=350%2C200","width":350,"height":200,"srcset":"https:\/\/i0.wp.com\/www.robertosedda.it\/wp-content\/uploads\/2014\/02\/Vittoria-Pigliaru.jpg?fit=960%2C637&resize=350%2C200 1x, https:\/\/i0.wp.com\/www.robertosedda.it\/wp-content\/uploads\/2014\/02\/Vittoria-Pigliaru.jpg?fit=960%2C637&resize=700%2C400 2x"},"classes":[]},{"id":8914,"url":"http:\/\/www.robertosedda.it\/?p=8914","url_meta":{"origin":6680,"position":2},"title":"Quali intellettuali in Sardegna? Un intervento di Piero Marcialis","author":"Rufus","date":"19\/11\/2014","format":false,"excerpt":"Oltre che su questo\u00a0blog questo articolo viene pubblicato anche sui siti di\u00a0Fondazione Sardinia,\u00a0Aladinpensiero,\u00a0Tramas de amistade,\u00a0Sardegna Soprattutto,\u00a0Sportello Formaparis,\u00a0Tottusinpari e sui blog di\u00a0Enrico Lobina,\u00a0Vito Biolchini\u00a0e\u00a0Francesca Madrigali. Quali intellettuali in Sardegna? di Piero Marcialis Si scalda (forse) il dibattito sugli intellettuali in Sardegna. Non mi soffermo a dire che intellettuali siamo un po\u2019\u2026","rel":"","context":"In &quot;Coordinate&quot;","block_context":{"text":"Coordinate","link":"http:\/\/www.robertosedda.it\/?cat=52"},"img":{"alt_text":"","src":"https:\/\/i0.wp.com\/www.robertosedda.it\/wp-content\/uploads\/2014\/11\/intellettuali1.jpg?fit=360%2C269&resize=350%2C200","width":350,"height":200},"classes":[]},{"id":7923,"url":"http:\/\/www.robertosedda.it\/?p=7923","url_meta":{"origin":6680,"position":3},"title":"Anche i professori a volte sbagliano (un intervento di Nicol\u00f2 Migheli)","author":"Rufus","date":"08\/07\/2014","format":false,"excerpt":"L'articolo dei blogger del luned\u00ec\u00a0\u00e8 pubblicato oltre che su questo sito anche su quelli\u00a0di\u00a0Fondazione Sardinia,\u00a0Tramas de amistade,\u00a0Aladin pensiero,\u00a0Vito Biolchini,\u00a0Sardegna soprattutto,\u00a0Enrico Lobina,\u00a0Madrigopolis,\u00a0Forma paris\u00a0e\u00a0Tottus in pari. Anche i professori a volte sbagliano di Nicol\u00f2 Migheli Chiunque in questi ultimi vent'anni abbia seguito le tendenze demografiche della Sardegna ha consapevolezza che l'isola \u00e8\u2026","rel":"","context":"In &quot;Coordinate&quot;","block_context":{"text":"Coordinate","link":"http:\/\/www.robertosedda.it\/?cat=52"},"img":{"alt_text":"","src":"https:\/\/i0.wp.com\/www.robertosedda.it\/wp-content\/uploads\/2014\/07\/Nicol\u00f2-Migheli.jpg?fit=417%2C628&resize=350%2C200","width":350,"height":200},"classes":[]},{"id":9559,"url":"http:\/\/www.robertosedda.it\/?p=9559","url_meta":{"origin":6680,"position":4},"title":"Bainzu Piliu, Pertini e Mattarella. E la Sardegna come l\u2019Alabama (di Piero Marcialis)","author":"Rufus","date":"10\/02\/2015","format":false,"excerpt":"Questo articolo viene\u00a0pubblicato anche dai siti\u00a0di\u00a0Fondazione Sardinia, Tramasdeamistade,\u00a0 SardegnaSoprattutto,\u00a0Sportello Formaparis,\u00a0Tottusinpari e sui blog\u00a0di\u00a0Enrico Lobina,\u00a0Vito Biolchini\u00a0e\u00a0Francesca Madrigali. Bainzu Piliu, Pertini e Mattarella. E la Sardegna come l\u2019Alabama di Piero Marcialis In questi primi giorni di febbraio sono impegnato a scrivere la riduzione teatrale del libro di Bainzu Piliu Cella n. 21.\u2026","rel":"","context":"In &quot;Coordinate&quot;","block_context":{"text":"Coordinate","link":"http:\/\/www.robertosedda.it\/?cat=52"},"img":{"alt_text":"","src":"https:\/\/i0.wp.com\/www.robertosedda.it\/wp-content\/uploads\/2015\/02\/Baizu-Piliu.jpg?fit=500%2C378&resize=350%2C200","width":350,"height":200},"classes":[]},{"id":5852,"url":"http:\/\/www.robertosedda.it\/?p=5852","url_meta":{"origin":6680,"position":5},"title":"Le elezioni che vengono, tra fantasmi e attese (di Salvatore Cubeddu)","author":"Rufus","date":"14\/01\/2014","format":false,"excerpt":"Mentre ieri ero impegnato a gestire PIN di famiglia e fare una serie di strane pratiche sul sito dell'INPS (questo \u00e8 anche il motivo per il quale ieri non ho pubblicato niente), i\u00a0blogger del luned\u00ec si sono riuniti, ripartendo mi pare quasi esattamente da dove si erano lasciati. Quello che\u2026","rel":"","context":"In &quot;Coordinate&quot;","block_context":{"text":"Coordinate","link":"http:\/\/www.robertosedda.it\/?cat=52"},"img":{"alt_text":"","src":"https:\/\/i0.wp.com\/www.robertosedda.it\/wp-content\/uploads\/2013\/12\/Salvatore-Cubeddu.jpg?fit=500%2C374&resize=350%2C200","width":350,"height":200},"classes":[]}],"_links":{"self":[{"href":"http:\/\/www.robertosedda.it\/index.php?rest_route=\/wp\/v2\/posts\/6680"}],"collection":[{"href":"http:\/\/www.robertosedda.it\/index.php?rest_route=\/wp\/v2\/posts"}],"about":[{"href":"http:\/\/www.robertosedda.it\/index.php?rest_route=\/wp\/v2\/types\/post"}],"author":[{"embeddable":true,"href":"http:\/\/www.robertosedda.it\/index.php?rest_route=\/wp\/v2\/users\/1"}],"replies":[{"embeddable":true,"href":"http:\/\/www.robertosedda.it\/index.php?rest_route=%2Fwp%2Fv2%2Fcomments&post=6680"}],"version-history":[{"count":1,"href":"http:\/\/www.robertosedda.it\/index.php?rest_route=\/wp\/v2\/posts\/6680\/revisions"}],"predecessor-version":[{"id":6682,"href":"http:\/\/www.robertosedda.it\/index.php?rest_route=\/wp\/v2\/posts\/6680\/revisions\/6682"}],"wp:featuredmedia":[{"embeddable":true,"href":"http:\/\/www.robertosedda.it\/index.php?rest_route=\/wp\/v2\/media\/6681"}],"wp:attachment":[{"href":"http:\/\/www.robertosedda.it\/index.php?rest_route=%2Fwp%2Fv2%2Fmedia&parent=6680"}],"wp:term":[{"taxonomy":"category","embeddable":true,"href":"http:\/\/www.robertosedda.it\/index.php?rest_route=%2Fwp%2Fv2%2Fcategories&post=6680"},{"taxonomy":"post_tag","embeddable":true,"href":"http:\/\/www.robertosedda.it\/index.php?rest_route=%2Fwp%2Fv2%2Ftags&post=6680"}],"curies":[{"name":"wp","href":"https:\/\/api.w.org\/{rel}","templated":true}]}}