{"id":6661,"date":"2014-03-06T12:48:59","date_gmt":"2014-03-06T11:48:59","guid":{"rendered":"http:\/\/www.robertosedda.it\/?p=6661"},"modified":"2014-03-12T10:16:33","modified_gmt":"2014-03-12T09:16:33","slug":"economia-della-condivisione-anche-in-sardegna","status":"publish","type":"post","link":"http:\/\/www.robertosedda.it\/?p=6661","title":{"rendered":"Economia della condivisione. Anche in Sardegna?"},"content":{"rendered":"<p>Oltre che su questo <em>blog<\/em>, questo articolo viene pubblicato anche sui siti <a href=\"http:\/\/www.fondazionesardinia.eu\/ita\/\" target=\"_blank\">Fondazione Sardinia<\/a>, <a href=\"http:\/\/www.aladinpensiero.it\/\" target=\"_blank\">Aladin Pensiero<\/a>, <a href=\"http:\/\/madrigopolis.blogspot.it\/\" target=\"_blank\">Madrigopolis<\/a>, <a href=\"http:\/\/www.sardegnasoprattutto.com\/\" target=\"_blank\">SardegnaSoprattutto<\/a>, <a href=\"http:\/\/www.formaparis.com\/blog\" target=\"_blank\">Sportello Formaparis<\/a>, <em><a href=\"http:\/\/tottusinpari.blog.tiscali.it\/\" target=\"_blank\">Tottusinpari<\/a><\/em> e sui blog di <a href=\"http:\/\/www.enricolobina.org\/wp\/\" target=\"_blank\">Enrico Lobina<\/a> e <a href=\"http:\/\/www.vitobiolchini.it\/\">Vito Biolchini<\/a>.<\/p>\n<h2>La \u201csharing economy\u201d in Sardegna. Possibile modello economico o una moda destinata a sparire?<\/h2>\n<h3>di Fabrizio Palazzari<\/h3>\n<p><a href=\"https:\/\/i0.wp.com\/www.robertosedda.it\/wp-content\/uploads\/2013\/12\/2013-12-01-17.44.57.jpg\"><img data-attachment-id=\"5192\" data-permalink=\"http:\/\/www.robertosedda.it\/?attachment_id=5192\" data-orig-file=\"https:\/\/i0.wp.com\/www.robertosedda.it\/wp-content\/uploads\/2013\/12\/2013-12-01-17.44.57.jpg?fit=2048%2C1536\" data-orig-size=\"2048,1536\" data-comments-opened=\"1\" data-image-meta=\"{&quot;aperture&quot;:&quot;2.6&quot;,&quot;credit&quot;:&quot;&quot;,&quot;camera&quot;:&quot;YP-G70&quot;,&quot;caption&quot;:&quot;&quot;,&quot;created_timestamp&quot;:&quot;1385919897&quot;,&quot;copyright&quot;:&quot;&quot;,&quot;focal_length&quot;:&quot;3.79&quot;,&quot;iso&quot;:&quot;400&quot;,&quot;shutter_speed&quot;:&quot;0.11111111111111&quot;,&quot;title&quot;:&quot;&quot;}\" data-image-title=\"2013-12-01 17.44.57\" data-image-description=\"\" data-image-caption=\"\" data-medium-file=\"https:\/\/i0.wp.com\/www.robertosedda.it\/wp-content\/uploads\/2013\/12\/2013-12-01-17.44.57.jpg?fit=300%2C225\" data-large-file=\"https:\/\/i0.wp.com\/www.robertosedda.it\/wp-content\/uploads\/2013\/12\/2013-12-01-17.44.57.jpg?fit=510%2C383\" decoding=\"async\" loading=\"lazy\" class=\"alignright size-medium wp-image-5192\" alt=\"2013-12-01 17.44.57\" src=\"https:\/\/i0.wp.com\/www.robertosedda.it\/wp-content\/uploads\/2013\/12\/2013-12-01-17.44.57.jpg?resize=300%2C225\" width=\"300\" height=\"225\" srcset=\"https:\/\/i0.wp.com\/www.robertosedda.it\/wp-content\/uploads\/2013\/12\/2013-12-01-17.44.57.jpg?resize=300%2C225 300w, https:\/\/i0.wp.com\/www.robertosedda.it\/wp-content\/uploads\/2013\/12\/2013-12-01-17.44.57.jpg?resize=150%2C112 150w, https:\/\/i0.wp.com\/www.robertosedda.it\/wp-content\/uploads\/2013\/12\/2013-12-01-17.44.57.jpg?resize=1024%2C768 1024w, https:\/\/i0.wp.com\/www.robertosedda.it\/wp-content\/uploads\/2013\/12\/2013-12-01-17.44.57.jpg?resize=268%2C200 268w, https:\/\/i0.wp.com\/www.robertosedda.it\/wp-content\/uploads\/2013\/12\/2013-12-01-17.44.57.jpg?resize=700%2C525 700w, https:\/\/i0.wp.com\/www.robertosedda.it\/wp-content\/uploads\/2013\/12\/2013-12-01-17.44.57.jpg?w=2048 2048w, https:\/\/i0.wp.com\/www.robertosedda.it\/wp-content\/uploads\/2013\/12\/2013-12-01-17.44.57.jpg?w=1600 1600w\" sizes=\"(max-width: 300px) 100vw, 300px\" data-recalc-dims=\"1\" \/><\/a>La &#8220;<strong>sharing econom<\/strong>y&#8221; si traduce con &#8220;<strong>economia della condivisione<\/strong>&#8221; o della &#8220;<strong>collaborazione<\/strong>&#8220;.\u00a0\u00c8 un&#8217;espressione che, soprattutto in Italia, richiama esperienze di lunga tradizione, dal mutualismo alle cooperative fino alle imprese sociali. Si propone come un nuovo modello economico, capace di rispondere alle sfide della crisi e di promuovere forme di consumo pi\u00f9 consapevoli basate sul riuso invece che sull&#8217;acquisto e sull&#8217;accesso e la condivisione piuttosto che sulla propriet\u00e0 esclusiva.<\/p>\n<p><strong>In tempi recenti<\/strong> ha goduto di un improvviso successo grazie all&#8217;effetto concomitante di due fattori: da un lato lo sviluppo dei <em>social network<\/em> facilitato dalla diffusione di <em>internet<\/em> in mobilit\u00e0; dall&#8217;altro la crisi che, con la riduzione del potere di acquisto, ha aumentato la sensibilit\u00e0 delle persone verso nuove forme di &#8220;consumo&#8221; e di abbattimento delle spese in moneta corrente.<\/p>\n<p>Come di norma accade ai fenomeni che godono di improvviso successo, \u00e8 facile trovare all&#8217;interno della stessa definizione delle pratiche spesso molto diverse tra loro. Crescono i servizi collaborativi digitali ossia quei servizi <em>peer to peer<\/em> che mettono in contatto le persone e che utilizzano la tecnologia. Per esempio per condividere la casa o una stanza, un passaggio in auto, gli oggetti, il tempo o per prestare il proprio denaro attraverso una delle numerose piattaforme di <em>crowdfunding<\/em> (raccolta di fondi).<\/p>\n<p><strong><a href=\"https:\/\/i0.wp.com\/www.robertosedda.it\/wp-content\/uploads\/2013\/12\/2013-12-01-18.28.44.jpg\"><img data-attachment-id=\"5212\" data-permalink=\"http:\/\/www.robertosedda.it\/?attachment_id=5212\" data-orig-file=\"https:\/\/i0.wp.com\/www.robertosedda.it\/wp-content\/uploads\/2013\/12\/2013-12-01-18.28.44.jpg?fit=2048%2C1536\" data-orig-size=\"2048,1536\" data-comments-opened=\"1\" data-image-meta=\"{&quot;aperture&quot;:&quot;2.6&quot;,&quot;credit&quot;:&quot;&quot;,&quot;camera&quot;:&quot;YP-G70&quot;,&quot;caption&quot;:&quot;&quot;,&quot;created_timestamp&quot;:&quot;1385922524&quot;,&quot;copyright&quot;:&quot;&quot;,&quot;focal_length&quot;:&quot;3.79&quot;,&quot;iso&quot;:&quot;100&quot;,&quot;shutter_speed&quot;:&quot;0.083333333333333&quot;,&quot;title&quot;:&quot;&quot;}\" data-image-title=\"2013-12-01 18.28.44\" data-image-description=\"\" data-image-caption=\"\" data-medium-file=\"https:\/\/i0.wp.com\/www.robertosedda.it\/wp-content\/uploads\/2013\/12\/2013-12-01-18.28.44.jpg?fit=300%2C225\" data-large-file=\"https:\/\/i0.wp.com\/www.robertosedda.it\/wp-content\/uploads\/2013\/12\/2013-12-01-18.28.44.jpg?fit=510%2C383\" decoding=\"async\" loading=\"lazy\" class=\"size-medium wp-image-5212 alignleft\" alt=\"2013-12-01 18.28.44\" src=\"https:\/\/i0.wp.com\/www.robertosedda.it\/wp-content\/uploads\/2013\/12\/2013-12-01-18.28.44.jpg?resize=300%2C225\" width=\"300\" height=\"225\" srcset=\"https:\/\/i0.wp.com\/www.robertosedda.it\/wp-content\/uploads\/2013\/12\/2013-12-01-18.28.44.jpg?resize=300%2C225 300w, https:\/\/i0.wp.com\/www.robertosedda.it\/wp-content\/uploads\/2013\/12\/2013-12-01-18.28.44.jpg?resize=150%2C112 150w, https:\/\/i0.wp.com\/www.robertosedda.it\/wp-content\/uploads\/2013\/12\/2013-12-01-18.28.44.jpg?resize=1024%2C768 1024w, https:\/\/i0.wp.com\/www.robertosedda.it\/wp-content\/uploads\/2013\/12\/2013-12-01-18.28.44.jpg?resize=268%2C200 268w, https:\/\/i0.wp.com\/www.robertosedda.it\/wp-content\/uploads\/2013\/12\/2013-12-01-18.28.44.jpg?resize=700%2C525 700w, https:\/\/i0.wp.com\/www.robertosedda.it\/wp-content\/uploads\/2013\/12\/2013-12-01-18.28.44.jpg?w=2048 2048w, https:\/\/i0.wp.com\/www.robertosedda.it\/wp-content\/uploads\/2013\/12\/2013-12-01-18.28.44.jpg?w=1600 1600w\" sizes=\"(max-width: 300px) 100vw, 300px\" data-recalc-dims=\"1\" \/><\/a>In Italia,<\/strong> lo rivela uno studio <em>Duepuntozero DOXA,<\/em> il 13% della popolazione ha preso parte almeno una volta all&#8217;economia collaborativa. Per un confronto, negli Stati Uniti il 52% delle persone hanno scambiato o prestato dei beni, mentre in Inghilterra si arriva al 64%. Secondo una ricerca dell\u2019Universit\u00e0 Cattolica del Sacro Cuore di Milano abbiamo ad oggi circa 160 piattaforme di scambio e condivisione e circa 40 esperienze di autoproduzione. Dal 2011 a oggi i numeri sono pi\u00f9 che triplicati, in particolare nell&#8217;ambito del turismo, dei trasporti, delle energie, dell&#8217;alimentazione e del <em>design<\/em>.<\/p>\n<p><strong>Da questo quadro,<\/strong> sebbene non esaustivo, si evince come la crisi economica e la tecnologia digitale stiano cambiando il modo di interagire delle persone.\u00a0\u00c8 difficile conoscere sin da adesso se questi cambiamenti saranno permanenti o se si ritorner\u00e0 alla situazione precedente, e quindi al prevalere del desiderio di possesso in esclusivit\u00e0. In ogni modo, il perpetuarsi della crisi stessa e la sensazione che non si tratti di un evento ciclico e di sistema ma di un mutamento profondo dello stesso, portano a pensare che questi cambiamenti avranno comunque effetti di lunga durata.<\/p>\n<p>Tutto questo dovrebbe, a mio avviso, entrare a far parte anche del dibattito interno alla nostra regione sul modello (o sui modelli) di sviluppo economico da perseguire e, conseguentemente, sulla nostra capacit\u00e0 di articolare delle politiche in grado di dare risposte concrete alle domande sempre pi\u00f9 complesse e urgenti della societ\u00e0 sarda.<\/p>\n<p><strong><a href=\"https:\/\/i0.wp.com\/www.robertosedda.it\/wp-content\/uploads\/2013\/12\/2013-12-01-17.45.36.jpg\"><img data-attachment-id=\"5193\" data-permalink=\"http:\/\/www.robertosedda.it\/?attachment_id=5193\" data-orig-file=\"https:\/\/i0.wp.com\/www.robertosedda.it\/wp-content\/uploads\/2013\/12\/2013-12-01-17.45.36.jpg?fit=2048%2C1536\" data-orig-size=\"2048,1536\" data-comments-opened=\"1\" data-image-meta=\"{&quot;aperture&quot;:&quot;2.6&quot;,&quot;credit&quot;:&quot;&quot;,&quot;camera&quot;:&quot;YP-G70&quot;,&quot;caption&quot;:&quot;&quot;,&quot;created_timestamp&quot;:&quot;1385919936&quot;,&quot;copyright&quot;:&quot;&quot;,&quot;focal_length&quot;:&quot;3.79&quot;,&quot;iso&quot;:&quot;200&quot;,&quot;shutter_speed&quot;:&quot;0.083333333333333&quot;,&quot;title&quot;:&quot;&quot;}\" data-image-title=\"2013-12-01 17.45.36\" data-image-description=\"\" data-image-caption=\"\" data-medium-file=\"https:\/\/i0.wp.com\/www.robertosedda.it\/wp-content\/uploads\/2013\/12\/2013-12-01-17.45.36.jpg?fit=300%2C225\" data-large-file=\"https:\/\/i0.wp.com\/www.robertosedda.it\/wp-content\/uploads\/2013\/12\/2013-12-01-17.45.36.jpg?fit=510%2C383\" decoding=\"async\" loading=\"lazy\" class=\"alignright size-medium wp-image-5193\" alt=\"2013-12-01 17.45.36\" src=\"https:\/\/i0.wp.com\/www.robertosedda.it\/wp-content\/uploads\/2013\/12\/2013-12-01-17.45.36.jpg?resize=300%2C225\" width=\"300\" height=\"225\" srcset=\"https:\/\/i0.wp.com\/www.robertosedda.it\/wp-content\/uploads\/2013\/12\/2013-12-01-17.45.36.jpg?resize=300%2C225 300w, https:\/\/i0.wp.com\/www.robertosedda.it\/wp-content\/uploads\/2013\/12\/2013-12-01-17.45.36.jpg?resize=150%2C112 150w, https:\/\/i0.wp.com\/www.robertosedda.it\/wp-content\/uploads\/2013\/12\/2013-12-01-17.45.36.jpg?resize=1024%2C768 1024w, https:\/\/i0.wp.com\/www.robertosedda.it\/wp-content\/uploads\/2013\/12\/2013-12-01-17.45.36.jpg?resize=268%2C200 268w, https:\/\/i0.wp.com\/www.robertosedda.it\/wp-content\/uploads\/2013\/12\/2013-12-01-17.45.36.jpg?resize=700%2C525 700w, https:\/\/i0.wp.com\/www.robertosedda.it\/wp-content\/uploads\/2013\/12\/2013-12-01-17.45.36.jpg?w=2048 2048w, https:\/\/i0.wp.com\/www.robertosedda.it\/wp-content\/uploads\/2013\/12\/2013-12-01-17.45.36.jpg?w=1600 1600w\" sizes=\"(max-width: 300px) 100vw, 300px\" data-recalc-dims=\"1\" \/><\/a>Innanzitutto,<\/strong> ci si dovrebbe chiedere quanto questi modelli siano legati alla crisi oppure rispondano a un ripensamento pi\u00f9 strutturale dei rapporti tra economia e societ\u00e0. In secondo luogo, se questo dovesse essere il caso, gli interrogativi da porci sarebbero molteplici. Per esempio: disoccupazione, emigrazione, invecchiamento della popolazione e spopolamento <strong>sono problemi che potrebbero essere mitigati grazie alla diffusione dell&#8217;economia &#8220;collaborativa&#8221;?<\/strong> Che ruolo attribuire al pubblico e alla Regione in questo scenario? Quello di solo regolatore o anche quello di attore, investitore e animatore di iniziative? E ancora, come affrontare il rapporto tra distruzione di valore nei settori tradizionali e creazione di nuovo valore (l&#8217;ambito in cui questa ambivalenza si sta ponendo in forma evidente \u00e8, ad esempio, quello dei servizi di ospitalit\u00e0 in forma &#8220;condivisa&#8221;<strong>, <\/strong>che se da una parte stanno mettendo in difficolt\u00e0 il comparto alberghiero, dall&#8217;altra incidono positivamente sui consumi culturali e la ristorazione)?<\/p>\n<p><strong>Diverse esperienze internazionali ci vengono in aiuto<\/strong>. Per la loro tendenza a essere facilmente replicabili anche in altri contesti, non dovremmo tralasciare quanto sta per esempio avvenendo in Ecuador con il progetto per la creazione di una &#8220;societ\u00e0 della conoscenza libera e aperta&#8221; (<a href=\"http:\/\/www.floksociety.org\/\">www.floksociety.org<\/a>) o in Uruguay con il progetto &#8220;C3&#8221; (<a href=\"http:\/\/www.c3uruguay.com.uy\/\">www.c3uruguay.com.uy<\/a>), per la creazione di un &#8220;Circuito di Credito Commerciale&#8221; per le micro, piccole e medie imprese uruguaiane.<\/p>\n<p><strong>E la Sardegna cosa ha da offrire?<\/strong> In realt\u00e0 per secoli varie forme di &#8220;economia condivisa&#8221; hanno caratterizzato il sistema economico pre-moderno delle nostre comunit\u00e0. Il cosiddetto &#8220;aggiudu torrau&#8221;, ovvero &#8220;l\u2019aiuto reciproco&#8221;, altro non era se non una forma di <em>sharing economy<\/em> tra persone. Inoltre, sono stati diversi gli intellettuali sardi che, come Eliseo Spiga nel <em>Manifesto delle Comunit\u00e0 di Sardegna<\/em>, hanno elaborato delle proposte concrete per la costruzione di un nuovo paradigma, culturale ed economico, basato sulla collaborazione e la solidariet\u00e0. Lo stesso tipo di paradigma che, nel 1958, fu tra i principi alla base dell&#8217;accordo tra il <em>Movimento Comunit\u00e0<\/em> di Adriano Olivetti e il <em>Partito Sardo d\u2019Azione<\/em>.<\/p>\n<p><strong>In altri termin<\/strong>i anche una crisi profonda come quella che stiamo vivendo pu\u00f2 essere un&#8217;occasione per cambiare. Orientarsi al recupero dei legami con il territorio, all&#8217;aumento della sua resilienza e alla necessit\u00e0 di un rinnovato sistema economico e finanziario che sia al servizio del bene comune, pone sicuramente i modelli basati sui principi dell&#8217;economia di collaborazione come meritevoli di considerazione anche in Sardegna. Sia per la loro capacit\u00e0 di generare una domanda che altrimenti rimarrebbe latente e inespressa, che per il loro stimolo alla creazione di nuove iniziative d\u2019impresa.<\/p>\n<p><strong>Anche in assenza di un intervento pubblico<\/strong> <strong>dall&#8217;alto<\/strong> questo processo, per la naturale tendenza di questi modelli verso la decentralizzazione, potrebbe comunque partire dal basso. In questo caso un ruolo di primo piano potr\u00e0 essere svolto dai Comuni, a patto per\u00f2 che ci siano degli attori politici capaci di farsene carico.<\/p>\n","protected":false},"excerpt":{"rendered":"<p>Oltre che su questo blog, questo articolo viene pubblicato anche sui siti Fondazione Sardinia, Aladin Pensiero, Madrigopolis, SardegnaSoprattutto, Sportello Formaparis,<\/p>\n","protected":false},"author":1,"featured_media":5192,"comment_status":"open","ping_status":"open","sticky":false,"template":"","format":"standard","meta":{"_mi_skip_tracking":false,"_monsterinsights_sitenote_active":false,"_monsterinsights_sitenote_note":"","_monsterinsights_sitenote_category":0,"jetpack_post_was_ever_published":false,"_jetpack_newsletter_access":"","jetpack_publicize_message":"","jetpack_is_tweetstorm":false,"jetpack_publicize_feature_enabled":true,"jetpack_social_post_already_shared":true,"jetpack_social_options":{"image_generator_settings":{"template":"highway","enabled":false}}},"categories":[52,55,77,17,16],"tags":[],"jetpack_publicize_connections":[],"jetpack_featured_media_url":"https:\/\/i0.wp.com\/www.robertosedda.it\/wp-content\/uploads\/2013\/12\/2013-12-01-17.44.57.jpg?fit=2048%2C1536","jetpack_sharing_enabled":true,"jetpack_shortlink":"https:\/\/wp.me\/p4jV2T-1Jr","jetpack_likes_enabled":true,"jetpack-related-posts":[{"id":4220,"url":"http:\/\/www.robertosedda.it\/?p=4220","url_meta":{"origin":6661,"position":0},"title":"Buone vacanze!","author":"Rufus","date":"03\/08\/2013","format":false,"excerpt":"Passer\u00f2 i prossimi giorni a Tonara, nel centro della Sardegna, quindi anche il blog si prende una vacanza. Mi porto dietro il\u00a0computer (luned\u00ec c'\u00e8 una\u00a0Skype call con i coordinatori dei vari gruppi di soci dell'Area Centro di Banca Etica) ma non conto di scrivere frequentemente sul blog:\u00a0 potr\u00e0 capitare ogni\u2026","rel":"","context":"In &quot;Coordinate&quot;","block_context":{"text":"Coordinate","link":"http:\/\/www.robertosedda.it\/?cat=52"},"img":{"alt_text":"","src":"https:\/\/i0.wp.com\/www.robertosedda.it\/wp-content\/uploads\/2013\/08\/ALIM0692.jpg?fit=1200%2C900&resize=350%2C200","width":350,"height":200,"srcset":"https:\/\/i0.wp.com\/www.robertosedda.it\/wp-content\/uploads\/2013\/08\/ALIM0692.jpg?fit=1200%2C900&resize=350%2C200 1x, https:\/\/i0.wp.com\/www.robertosedda.it\/wp-content\/uploads\/2013\/08\/ALIM0692.jpg?fit=1200%2C900&resize=700%2C400 2x, https:\/\/i0.wp.com\/www.robertosedda.it\/wp-content\/uploads\/2013\/08\/ALIM0692.jpg?fit=1200%2C900&resize=1050%2C600 3x"},"classes":[]},{"id":1727,"url":"http:\/\/www.robertosedda.it\/?p=1727","url_meta":{"origin":6661,"position":1},"title":"Belle foto della Sardegna","author":"Rufus","date":"19\/12\/2012","format":"image","excerpt":"Mio cognato Alberto, maledetto toscano, ha la passione per la fotografia e ottiene risultati mi sembra non disprezzabili, a parte coi fenicotteri (ma questa \u00e8 un'altra storia e sar\u00e0 raccontata un'altra volta). \u00c8 anche l'autore di alcune delle foto che compaiono in testata - quelle pi\u00f9 belle, le altre sono\u2026","rel":"","context":"In &quot;Coordinate&quot;","block_context":{"text":"Coordinate","link":"http:\/\/www.robertosedda.it\/?cat=52"},"img":{"alt_text":"Poster","src":"https:\/\/i0.wp.com\/www.robertosedda.it\/wp-content\/uploads\/2012\/12\/Temporary-Poster-5-1024x722.jpg?resize=350%2C200","width":350,"height":200,"srcset":"https:\/\/i0.wp.com\/www.robertosedda.it\/wp-content\/uploads\/2012\/12\/Temporary-Poster-5-1024x722.jpg?resize=350%2C200 1x, https:\/\/i0.wp.com\/www.robertosedda.it\/wp-content\/uploads\/2012\/12\/Temporary-Poster-5-1024x722.jpg?resize=700%2C400 2x"},"classes":[]},{"id":8914,"url":"http:\/\/www.robertosedda.it\/?p=8914","url_meta":{"origin":6661,"position":2},"title":"Quali intellettuali in Sardegna? Un intervento di Piero Marcialis","author":"Rufus","date":"19\/11\/2014","format":false,"excerpt":"Oltre che su questo\u00a0blog questo articolo viene pubblicato anche sui siti di\u00a0Fondazione Sardinia,\u00a0Aladinpensiero,\u00a0Tramas de amistade,\u00a0Sardegna Soprattutto,\u00a0Sportello Formaparis,\u00a0Tottusinpari e sui blog di\u00a0Enrico Lobina,\u00a0Vito Biolchini\u00a0e\u00a0Francesca Madrigali. Quali intellettuali in Sardegna? di Piero Marcialis Si scalda (forse) il dibattito sugli intellettuali in Sardegna. Non mi soffermo a dire che intellettuali siamo un po\u2019\u2026","rel":"","context":"In &quot;Coordinate&quot;","block_context":{"text":"Coordinate","link":"http:\/\/www.robertosedda.it\/?cat=52"},"img":{"alt_text":"","src":"https:\/\/i0.wp.com\/www.robertosedda.it\/wp-content\/uploads\/2014\/11\/intellettuali1.jpg?fit=360%2C269&resize=350%2C200","width":350,"height":200},"classes":[]},{"id":6680,"url":"http:\/\/www.robertosedda.it\/?p=6680","url_meta":{"origin":6661,"position":3},"title":"Chi ha paura di Giorgio Mazzella? La crisi di Sardegna Uno simbolo dell\u2019informazione isolana in caduta libera. Un articolo di Vito Biolchini","author":"Rufus","date":"11\/03\/2014","format":false,"excerpt":"Oltre che su questo blog, questo articolo viene pubblicato anche sui siti di\u00a0Fondazione Sardinia,\u00a0Aladin Pensiero,\u00a0Tramas de Amistade,\u00a0Madrigopolis,\u00a0SardegnaSoprattutto,\u00a0Sportello Formaparis,\u00a0Tottusinpari\u00a0e sui blog\u00a0di Enrico Lobina e Vito Biolchini. Chi ha paura di Giorgio Mazzella? La crisi di Sardegna Uno simbolo dell\u2019informazione isolana in caduta libera di Vito Biolchini I lavoratori di Sardegna Uno\u2026","rel":"","context":"In &quot;Coordinate&quot;","block_context":{"text":"Coordinate","link":"http:\/\/www.robertosedda.it\/?cat=52"},"img":{"alt_text":"","src":"https:\/\/i0.wp.com\/www.robertosedda.it\/wp-content\/uploads\/2014\/03\/Striscione-Sardegna-Uno.jpg?fit=786%2C445&resize=350%2C200","width":350,"height":200,"srcset":"https:\/\/i0.wp.com\/www.robertosedda.it\/wp-content\/uploads\/2014\/03\/Striscione-Sardegna-Uno.jpg?fit=786%2C445&resize=350%2C200 1x, https:\/\/i0.wp.com\/www.robertosedda.it\/wp-content\/uploads\/2014\/03\/Striscione-Sardegna-Uno.jpg?fit=786%2C445&resize=700%2C400 2x"},"classes":[]},{"id":6563,"url":"http:\/\/www.robertosedda.it\/?p=6563","url_meta":{"origin":6661,"position":4},"title":"Restare umani. Anche in Sardegna","author":"Rufus","date":"25\/02\/2014","format":false,"excerpt":"Pubblico con vero piacere il consueto frutto delle riunioni dei blogger del luned\u00ec, questa volta a firma di Francesca Madrigali, ed \u00e8 anche l'occasione per suggerire la lettura del suo blog, che \u00e8 sempre molto piacevole e che oggi viene anche inserito nella posizione di amico della settimana. Oltre che\u2026","rel":"","context":"In &quot;Coordinate&quot;","block_context":{"text":"Coordinate","link":"http:\/\/www.robertosedda.it\/?cat=52"},"img":{"alt_text":"","src":"https:\/\/i0.wp.com\/www.robertosedda.it\/wp-content\/uploads\/2014\/02\/videolina_pigliaru.jpg?fit=1200%2C900&resize=350%2C200","width":350,"height":200,"srcset":"https:\/\/i0.wp.com\/www.robertosedda.it\/wp-content\/uploads\/2014\/02\/videolina_pigliaru.jpg?fit=1200%2C900&resize=350%2C200 1x, https:\/\/i0.wp.com\/www.robertosedda.it\/wp-content\/uploads\/2014\/02\/videolina_pigliaru.jpg?fit=1200%2C900&resize=700%2C400 2x, https:\/\/i0.wp.com\/www.robertosedda.it\/wp-content\/uploads\/2014\/02\/videolina_pigliaru.jpg?fit=1200%2C900&resize=1050%2C600 3x"},"classes":[]},{"id":6923,"url":"http:\/\/www.robertosedda.it\/?p=6923","url_meta":{"origin":6661,"position":5},"title":"Sardegna, a ciascuno il suo silenzio (un intervento di Vito Biolchini)","author":"Rufus","date":"08\/04\/2014","format":false,"excerpt":"Oltre che su questo blog, questo articolo viene pubblicato anche sui siti\u00a0di Vito Biolchini,\u00a0Enrico Lobina,\u00a0Fondazione Sardinia,\u00a0Aladinpensiero,\u00a0Tramas de Amistade,\u00a0Madrigopolis,\u00a0Sardegna Soprattutto,\u00a0Sportello Formaparis,\u00a0Tottusinpari. Sardegna, a ciascuno il suo silenzio (Pigliaru non spiega: almeno ascolter\u00e0?) di Vito Biolchini E all'improvviso scese il silenzio. Se nei sette mesi che hanno preceduto il voto una febbre\u2026","rel":"","context":"In &quot;Coordinate&quot;","block_context":{"text":"Coordinate","link":"http:\/\/www.robertosedda.it\/?cat=52"},"img":{"alt_text":"","src":"https:\/\/i0.wp.com\/www.robertosedda.it\/wp-content\/uploads\/2014\/02\/videolina_pigliaru.jpg?fit=1200%2C900&resize=350%2C200","width":350,"height":200,"srcset":"https:\/\/i0.wp.com\/www.robertosedda.it\/wp-content\/uploads\/2014\/02\/videolina_pigliaru.jpg?fit=1200%2C900&resize=350%2C200 1x, https:\/\/i0.wp.com\/www.robertosedda.it\/wp-content\/uploads\/2014\/02\/videolina_pigliaru.jpg?fit=1200%2C900&resize=700%2C400 2x, https:\/\/i0.wp.com\/www.robertosedda.it\/wp-content\/uploads\/2014\/02\/videolina_pigliaru.jpg?fit=1200%2C900&resize=1050%2C600 3x"},"classes":[]}],"_links":{"self":[{"href":"http:\/\/www.robertosedda.it\/index.php?rest_route=\/wp\/v2\/posts\/6661"}],"collection":[{"href":"http:\/\/www.robertosedda.it\/index.php?rest_route=\/wp\/v2\/posts"}],"about":[{"href":"http:\/\/www.robertosedda.it\/index.php?rest_route=\/wp\/v2\/types\/post"}],"author":[{"embeddable":true,"href":"http:\/\/www.robertosedda.it\/index.php?rest_route=\/wp\/v2\/users\/1"}],"replies":[{"embeddable":true,"href":"http:\/\/www.robertosedda.it\/index.php?rest_route=%2Fwp%2Fv2%2Fcomments&post=6661"}],"version-history":[{"count":4,"href":"http:\/\/www.robertosedda.it\/index.php?rest_route=\/wp\/v2\/posts\/6661\/revisions"}],"predecessor-version":[{"id":6665,"href":"http:\/\/www.robertosedda.it\/index.php?rest_route=\/wp\/v2\/posts\/6661\/revisions\/6665"}],"wp:featuredmedia":[{"embeddable":true,"href":"http:\/\/www.robertosedda.it\/index.php?rest_route=\/wp\/v2\/media\/5192"}],"wp:attachment":[{"href":"http:\/\/www.robertosedda.it\/index.php?rest_route=%2Fwp%2Fv2%2Fmedia&parent=6661"}],"wp:term":[{"taxonomy":"category","embeddable":true,"href":"http:\/\/www.robertosedda.it\/index.php?rest_route=%2Fwp%2Fv2%2Fcategories&post=6661"},{"taxonomy":"post_tag","embeddable":true,"href":"http:\/\/www.robertosedda.it\/index.php?rest_route=%2Fwp%2Fv2%2Ftags&post=6661"}],"curies":[{"name":"wp","href":"https:\/\/api.w.org\/{rel}","templated":true}]}}