{"id":6653,"date":"2014-03-05T18:44:59","date_gmt":"2014-03-05T17:44:59","guid":{"rendered":"http:\/\/www.robertosedda.it\/?p=6653"},"modified":"2014-03-13T13:59:14","modified_gmt":"2014-03-13T12:59:14","slug":"lo-scrittore-bianco-e-linvestigatrice-nera","status":"publish","type":"post","link":"http:\/\/www.robertosedda.it\/?p=6653","title":{"rendered":"Lo scrittore bianco e l&#8217;investigatrice nera"},"content":{"rendered":"<div class=\"jetpack-video-wrapper\"><span class=\"embed-youtube\" style=\"text-align:center; display: block;\"><iframe class=\"youtube-player\" width=\"800\" height=\"450\" src=\"https:\/\/www.youtube.com\/embed\/_DZ3_obMXwU?version=3&#038;rel=1&#038;showsearch=0&#038;showinfo=1&#038;iv_load_policy=1&#038;fs=1&#038;hl=it-IT&#038;autohide=2&#038;wmode=transparent\" allowfullscreen=\"true\" style=\"border:0;\" sandbox=\"allow-scripts allow-same-origin allow-popups allow-presentation\"><\/iframe><\/span><\/div>\n<p>Comincio l&#8217;articolo con <em>Respect<\/em>, che abbiamo usato come pausa musicale, perch\u00e9 io ho davvero un grandissimo rispetto per la formidabile Precious Ramotswe. Non so se dalla puntata si capisce, ma consiglio <em>davvero<\/em> di cuore i libri di cui \u00e8 protagonista: sono spiritosi, di lettura facile e intrigante, trasportano in una ambientazione poco nota e interessante e, oltretutto, sono pieni di buoni sentimenti e hanno addirittura qualche sprazzo di poesia. Se non fosse che in Italia in maniera inspiegabile sono pubblicati a partire dal <em>secondo<\/em> libro della serie, cosa che priva il lettore locale di diverse premesse e lo obbliga a qualche acrobazia di comprensione, sarebbero <em>perfetti<\/em>.<\/p>\n<div class=\"jetpack-video-wrapper\"><span class=\"embed-youtube\" style=\"text-align:center; display: block;\"><iframe class=\"youtube-player\" width=\"800\" height=\"450\" src=\"https:\/\/www.youtube.com\/embed\/l_U50guXoTk?version=3&#038;rel=1&#038;showsearch=0&#038;showinfo=1&#038;iv_load_policy=1&#038;fs=1&#038;hl=it-IT&#038;autohide=2&#038;wmode=transparent\" allowfullscreen=\"true\" style=\"border:0;\" sandbox=\"allow-scripts allow-same-origin allow-popups allow-presentation\"><\/iframe><\/span><\/div>\n<p>La puntata si prestava anche a qualche disquisizione di pi\u00f9 sul giallo umoristico, cosa che per\u00f2 non ho avuto il tempo di fare in trasmissione e per la quale, a dir la verit\u00e0, non ho probabilmente la competenza necessaria, per cui preferisco rimandare a occasioni migliori: in ogni caso il riferimento conclusivo ad Asimov e ai suoi <em>Vedovi Neri<\/em> \u00e8 gi\u00e0 una prima pista di lavoro interessante.<\/p>\n<p>Preferisco invece prendere un po&#8217; di spazio per dire che mentre ho il massimo rispetto per la migliore investigatrice donna del Botswana, ne ho progressivamente meno per il suo autore, Alexander McCall Smith, nel senso che mi sono convinto che i suoi gialli peccano effettivamente di paternalismo (e forse di un filo di razzismo).<\/p>\n<p>Il problema \u00e8 quello che ho indicato in trasmissione: un anziano professore europeo, bianco, che ha vissuto in Africa, si suppone come parte dell&#8217;<em>elite<\/em> dei dominatori coloniali e che scrive di una signora nera, ignorante e (relativamente) povera. Il fatto che Precious sia incantevole e tratteggiata con molto affetto non cancella questa discarsia, e la situazione \u00e8 aggravata dal tono da favola con cui sono descritte le sue avventure: perch\u00e9 gli africani finiscono per sembrare tutti dei bambinoni le cui vicende (e di seguito i cui sentimenti, credenze, convinzioni e valori), in fondo, non possono essere presi troppo sul serio.<\/p>\n<p>Non metto in dubbio l&#8217;adesione sentimentale di McCall Smith alle vicende dei suoi personaggi e l&#8217;affetto sincero che mostra per l&#8217;Africa e la sua gente 8per la quale, leggo, spende anche impegno caritativo: ma c&#8217;\u00e8 appunto, il rischio di un tono di paternalismo che rovina un po&#8217; l&#8217;effetto complessivo. Ho riletto i libri pi\u00f9 e pi\u00f9 volte e la sensazione non va via, anzi peggiora, quindi non c&#8217;\u00e8 niente da fare.<\/p>\n<p>E quindi? Leggeteli: sono bei libri. Solo, fate finta che non ve l&#8217;abbia detto, chi \u00e8 l&#8217;autore.<\/p>\n","protected":false},"excerpt":{"rendered":"<p>Comincio l&#8217;articolo con Respect, che abbiamo usato come pausa musicale, perch\u00e9 io ho davvero un grandissimo rispetto per la formidabile<\/p>\n","protected":false},"author":1,"featured_media":0,"comment_status":"open","ping_status":"open","sticky":false,"template":"","format":"video","meta":{"_mi_skip_tracking":false,"_monsterinsights_sitenote_active":false,"_monsterinsights_sitenote_note":"","_monsterinsights_sitenote_category":0,"jetpack_post_was_ever_published":false,"_jetpack_newsletter_access":"","jetpack_publicize_message":"","jetpack_is_tweetstorm":false,"jetpack_publicize_feature_enabled":true,"jetpack_social_post_already_shared":true,"jetpack_social_options":{"image_generator_settings":{"template":"highway","enabled":false}}},"categories":[70,52,56,13,12],"tags":[],"jetpack_publicize_connections":[],"jetpack_featured_media_url":"","jetpack_sharing_enabled":true,"jetpack_shortlink":"https:\/\/wp.me\/p4jV2T-1Jj","jetpack_likes_enabled":true,"jetpack-related-posts":[{"id":3922,"url":"http:\/\/www.robertosedda.it\/?p=3922","url_meta":{"origin":6653,"position":0},"title":"Il monello","author":"Rufus","date":"09\/07\/2013","format":"video","excerpt":"Ho messo oggi in linea la venticinquesima puntata di Oggi parliamo di libri, quella dedicata all'Huckleberry Finn di Mark Twain: dopo la conclusione delle puntate e la pausa estiva mi sono un po' rilassato e ho tardato a mettere su YouTube le ultime. http:\/\/www.youtube.com\/watch?v=Nno7I6lj_oY A proposito delle cose che ho\u2026","rel":"","context":"In &quot;Cappe e spade&quot;","block_context":{"text":"Cappe e spade","link":"http:\/\/www.robertosedda.it\/?cat=70"},"img":{"alt_text":"","src":"https:\/\/i0.wp.com\/www.robertosedda.it\/wp-content\/uploads\/2013\/07\/Huck-Finn.png?fit=768%2C454&resize=350%2C200","width":350,"height":200,"srcset":"https:\/\/i0.wp.com\/www.robertosedda.it\/wp-content\/uploads\/2013\/07\/Huck-Finn.png?fit=768%2C454&resize=350%2C200 1x, https:\/\/i0.wp.com\/www.robertosedda.it\/wp-content\/uploads\/2013\/07\/Huck-Finn.png?fit=768%2C454&resize=700%2C400 2x"},"classes":[]},{"id":7289,"url":"http:\/\/www.robertosedda.it\/?p=7289","url_meta":{"origin":6653,"position":1},"title":"La poco convincente visione del mondo di Alicia Gimenez-Bartlett","author":"Rufus","date":"07\/05\/2014","format":"video","excerpt":"Sono finalmente giunto in possesso dei file delle ultime puntate di Oggi parliamo di libri e ho ricominciato a caricarle sul mio canale Youtube. Ho iniziato con la ventunesima puntata, che era dedicata ai gialli con protagonista Petra Delicado, di Alicia Gimenez-Bartlett. http:\/\/www.youtube.com\/watch?v=-SyNLB7irCQ Se avete ascoltato la puntata vi sarete\u2026","rel":"","context":"In &quot;Coordinate&quot;","block_context":{"text":"Coordinate","link":"http:\/\/www.robertosedda.it\/?cat=52"},"img":{"alt_text":"","src":"https:\/\/i0.wp.com\/www.robertosedda.it\/wp-content\/uploads\/2014\/05\/Petra-Delicado.jpg?fit=224%2C313&resize=350%2C200","width":350,"height":200},"classes":[]},{"id":7441,"url":"http:\/\/www.robertosedda.it\/?p=7441","url_meta":{"origin":6653,"position":2},"title":"Gialli al femminile: \u00abuna ragazzina lo sai che io son per te\u00bb","author":"Rufus","date":"16\/05\/2014","format":"video","excerpt":"Prima di tutto credo di dover spiegare il titolo: il riferimento \u00e8 a una canzone di Sylvie Vartan dell'epoca della mia infanzia, Come un ragazzo http:\/\/www.youtube.com\/watch?v=cllAhRvHk3s Sara Paretsky, Linda Barnes e Sue Grafton La puntata di Oggi parliamo di libri trasmessa nella settimana dell'8 marzo era dedicata, con un accostamento\u2026","rel":"","context":"In &quot;Coordinate&quot;","block_context":{"text":"Coordinate","link":"http:\/\/www.robertosedda.it\/?cat=52"},"img":{"alt_text":"","src":"https:\/\/i0.wp.com\/img.youtube.com\/vi\/cllAhRvHk3s\/0.jpg?resize=350%2C200","width":350,"height":200},"classes":[]},{"id":11264,"url":"http:\/\/www.robertosedda.it\/?p=11264","url_meta":{"origin":6653,"position":3},"title":"Che furbastro, quel Volpone!","author":"Rufus","date":"09\/12\/2015","format":"video","excerpt":"La cosa che pi\u00f9 mi colpisce di questa stagione di Oggi parliamo di libri \u00e8 la quantit\u00e0 di scoperte che faccio. Queste scoperte continue sono il motivo per il quale, dopo avere molto esitato a riprendere la trasmissione, mi sto invece divertendo moltissimo: sarei contentissimo di sapere che questo mio\u2026","rel":"","context":"In &quot;Coordinate&quot;","block_context":{"text":"Coordinate","link":"http:\/\/www.robertosedda.it\/?cat=52"},"img":{"alt_text":"","src":"https:\/\/i0.wp.com\/img.youtube.com\/vi\/C5JoMYsYQr0\/0.jpg?resize=350%2C200","width":350,"height":200},"classes":[]},{"id":9399,"url":"http:\/\/www.robertosedda.it\/?p=9399","url_meta":{"origin":6653,"position":4},"title":"Storie fatte di silenzi: &#8220;Touch&#8221; di Mitsuru Adachi","author":"Rufus","date":"15\/01\/2015","format":"video","excerpt":"Cominciamo prima di tutto a ringraziare Marcello Cadeddu, mio antico collega universitario e contatto di Facebook, che mi ha suggerito come pausa musicale un brano da Hadestown di\u00a0Ana\u00efs Mitchell: forse lui in realt\u00e0 proponeva un altro brano, troppo lungo, e non sono ormai nemmeno sicuro che fra le puntate che\u2026","rel":"","context":"In &quot;Coordinate&quot;","block_context":{"text":"Coordinate","link":"http:\/\/www.robertosedda.it\/?cat=52"},"img":{"alt_text":"","src":"https:\/\/i0.wp.com\/www.robertosedda.it\/wp-content\/uploads\/2015\/01\/Touch.jpg?fit=1011%2C760&resize=350%2C200","width":350,"height":200,"srcset":"https:\/\/i0.wp.com\/www.robertosedda.it\/wp-content\/uploads\/2015\/01\/Touch.jpg?fit=1011%2C760&resize=350%2C200 1x, https:\/\/i0.wp.com\/www.robertosedda.it\/wp-content\/uploads\/2015\/01\/Touch.jpg?fit=1011%2C760&resize=700%2C400 2x"},"classes":[]},{"id":12380,"url":"http:\/\/www.robertosedda.it\/?p=12380","url_meta":{"origin":6653,"position":5},"title":"\u010cechov, che cultura","author":"Rufus","date":"30\/08\/2016","format":"video","excerpt":"Diciamolo subito:\u00a0Il giardino dei ciliegi \u00e8 bellissimo. Non l'avevo mai letto (anzi: mi ero sempre guardato bene) e avevo dell'opera un'idea molto strana, mediata da fonti forse anche un po' improbabili, come\u00a0Turn\u00e9\u00a0di Salvatores. https:\/\/www.youtube.com\/watch?v=x3cImjMuF_A Avevo deciso per\u00f2 da almeno un paio di mesi prima della puntata che analizzando la crisi\u2026","rel":"","context":"In &quot;Coordinate&quot;","block_context":{"text":"Coordinate","link":"http:\/\/www.robertosedda.it\/?cat=52"},"img":{"alt_text":"","src":"https:\/\/i0.wp.com\/img.youtube.com\/vi\/x3cImjMuF_A\/0.jpg?resize=350%2C200","width":350,"height":200},"classes":[]}],"_links":{"self":[{"href":"http:\/\/www.robertosedda.it\/index.php?rest_route=\/wp\/v2\/posts\/6653"}],"collection":[{"href":"http:\/\/www.robertosedda.it\/index.php?rest_route=\/wp\/v2\/posts"}],"about":[{"href":"http:\/\/www.robertosedda.it\/index.php?rest_route=\/wp\/v2\/types\/post"}],"author":[{"embeddable":true,"href":"http:\/\/www.robertosedda.it\/index.php?rest_route=\/wp\/v2\/users\/1"}],"replies":[{"embeddable":true,"href":"http:\/\/www.robertosedda.it\/index.php?rest_route=%2Fwp%2Fv2%2Fcomments&post=6653"}],"version-history":[{"count":5,"href":"http:\/\/www.robertosedda.it\/index.php?rest_route=\/wp\/v2\/posts\/6653\/revisions"}],"predecessor-version":[{"id":6659,"href":"http:\/\/www.robertosedda.it\/index.php?rest_route=\/wp\/v2\/posts\/6653\/revisions\/6659"}],"wp:attachment":[{"href":"http:\/\/www.robertosedda.it\/index.php?rest_route=%2Fwp%2Fv2%2Fmedia&parent=6653"}],"wp:term":[{"taxonomy":"category","embeddable":true,"href":"http:\/\/www.robertosedda.it\/index.php?rest_route=%2Fwp%2Fv2%2Fcategories&post=6653"},{"taxonomy":"post_tag","embeddable":true,"href":"http:\/\/www.robertosedda.it\/index.php?rest_route=%2Fwp%2Fv2%2Ftags&post=6653"}],"curies":[{"name":"wp","href":"https:\/\/api.w.org\/{rel}","templated":true}]}}