{"id":6648,"date":"2014-03-05T15:38:38","date_gmt":"2014-03-05T14:38:38","guid":{"rendered":"http:\/\/www.robertosedda.it\/?p=6648"},"modified":"2014-03-10T19:30:46","modified_gmt":"2014-03-10T18:30:46","slug":"perche-io-avrei-fatto-diversamente-la-terna-per-il-presidente-diocesano-dellazione-cattolica","status":"publish","type":"post","link":"http:\/\/www.robertosedda.it\/?p=6648","title":{"rendered":"Perch\u00e9 io avrei fatto diversamente la terna per il Presidente diocesano dell&#8217;Azione Cattolica"},"content":{"rendered":"<p><a href=\"https:\/\/i0.wp.com\/www.robertosedda.it\/wp-content\/uploads\/2014\/03\/Giovanissimi-di-AC.jpg\"><img data-attachment-id=\"6649\" data-permalink=\"http:\/\/www.robertosedda.it\/?attachment_id=6649\" data-orig-file=\"https:\/\/i0.wp.com\/www.robertosedda.it\/wp-content\/uploads\/2014\/03\/Giovanissimi-di-AC.jpg?fit=594%2C604\" data-orig-size=\"594,604\" data-comments-opened=\"1\" data-image-meta=\"{&quot;aperture&quot;:&quot;0&quot;,&quot;credit&quot;:&quot;&quot;,&quot;camera&quot;:&quot;&quot;,&quot;caption&quot;:&quot;&quot;,&quot;created_timestamp&quot;:&quot;0&quot;,&quot;copyright&quot;:&quot;&quot;,&quot;focal_length&quot;:&quot;0&quot;,&quot;iso&quot;:&quot;0&quot;,&quot;shutter_speed&quot;:&quot;0&quot;,&quot;title&quot;:&quot;&quot;}\" data-image-title=\"Giovanissimi di AC\" data-image-description=\"\" data-image-caption=\"\" data-medium-file=\"https:\/\/i0.wp.com\/www.robertosedda.it\/wp-content\/uploads\/2014\/03\/Giovanissimi-di-AC.jpg?fit=295%2C300\" data-large-file=\"https:\/\/i0.wp.com\/www.robertosedda.it\/wp-content\/uploads\/2014\/03\/Giovanissimi-di-AC.jpg?fit=510%2C519\" decoding=\"async\" loading=\"lazy\" class=\"alignleft size-medium wp-image-6649\" alt=\"Giovanissimi di AC\" src=\"https:\/\/i0.wp.com\/www.robertosedda.it\/wp-content\/uploads\/2014\/03\/Giovanissimi-di-AC.jpg?resize=295%2C300\" width=\"295\" height=\"300\" srcset=\"https:\/\/i0.wp.com\/www.robertosedda.it\/wp-content\/uploads\/2014\/03\/Giovanissimi-di-AC.jpg?resize=295%2C300 295w, https:\/\/i0.wp.com\/www.robertosedda.it\/wp-content\/uploads\/2014\/03\/Giovanissimi-di-AC.jpg?resize=147%2C150 147w, https:\/\/i0.wp.com\/www.robertosedda.it\/wp-content\/uploads\/2014\/03\/Giovanissimi-di-AC.jpg?w=594 594w\" sizes=\"(max-width: 295px) 100vw, 295px\" data-recalc-dims=\"1\" \/><\/a>Anche se ultimamente sono molto defilato seguo sempre con interesse le vicende dell&#8217;Azione Cattolica diocesana, l&#8217;associazione nella quale mi sono formato e in cui ancora mi onoro di militare.<\/p>\n<p>Pochi giorni fa \u00e8 stato completamente rinnovato il Consiglio diocesano dell&#8217;AC e luned\u00ec scorso \u00e8 stata eletta la terna fra cui il Vecovo sceglier\u00e0 il Presidente diocesano per il prossimo triennio. Oggi, mentre mi lavavo le mani per pranzo (vedi che penso all&#8217;AC in tutti i momenti) mi \u00e8 venuto improvvisamente in mente che io avrei eletto altre tre persone, cio\u00e8 avrei fatto la terna diversamente.<\/p>\n<p>Non \u00e8 un giudizio sulle persone che sono state elette, nel senso che non vadano bene, piuttosto \u00e8 il fatto che avrei usato criteri differenti. Mi spiego: l&#8217;associazione \u00e8 da tempo in crisi, la sua importanza pastorale \u00e8 molto ridimensionata e la sua capacit\u00e0 di incidere sulle vicende politiche e sociali praticamente nulla &#8211; non voglio riaprire <a href=\"http:\/\/ultimotriennio.wordpress.com\">la pagina di <em>ultimotriennio<\/em>, dove queste cose sono state spiegate e rispiegate<\/a>, ma \u00e8 cos\u00ec, c&#8217;\u00e8 poco da fare. Per\u00f2 ci sono delle associazioni <a href=\"https:\/\/i0.wp.com\/www.robertosedda.it\/wp-content\/uploads\/2014\/03\/Convegno-AC-Assemini.jpg\"><img data-attachment-id=\"6650\" data-permalink=\"http:\/\/www.robertosedda.it\/?attachment_id=6650\" data-orig-file=\"https:\/\/i0.wp.com\/www.robertosedda.it\/wp-content\/uploads\/2014\/03\/Convegno-AC-Assemini.jpg?fit=720%2C960\" data-orig-size=\"720,960\" data-comments-opened=\"1\" data-image-meta=\"{&quot;aperture&quot;:&quot;0&quot;,&quot;credit&quot;:&quot;&quot;,&quot;camera&quot;:&quot;&quot;,&quot;caption&quot;:&quot;&quot;,&quot;created_timestamp&quot;:&quot;0&quot;,&quot;copyright&quot;:&quot;&quot;,&quot;focal_length&quot;:&quot;0&quot;,&quot;iso&quot;:&quot;0&quot;,&quot;shutter_speed&quot;:&quot;0&quot;,&quot;title&quot;:&quot;&quot;}\" data-image-title=\"Convegno AC Assemini\" data-image-description=\"\" data-image-caption=\"\" data-medium-file=\"https:\/\/i0.wp.com\/www.robertosedda.it\/wp-content\/uploads\/2014\/03\/Convegno-AC-Assemini.jpg?fit=225%2C300\" data-large-file=\"https:\/\/i0.wp.com\/www.robertosedda.it\/wp-content\/uploads\/2014\/03\/Convegno-AC-Assemini.jpg?fit=510%2C680\" decoding=\"async\" loading=\"lazy\" class=\"alignright size-medium wp-image-6650\" alt=\"Convegno AC Assemini\" src=\"https:\/\/i0.wp.com\/www.robertosedda.it\/wp-content\/uploads\/2014\/03\/Convegno-AC-Assemini.jpg?resize=225%2C300\" width=\"225\" height=\"300\" srcset=\"https:\/\/i0.wp.com\/www.robertosedda.it\/wp-content\/uploads\/2014\/03\/Convegno-AC-Assemini.jpg?resize=225%2C300 225w, https:\/\/i0.wp.com\/www.robertosedda.it\/wp-content\/uploads\/2014\/03\/Convegno-AC-Assemini.jpg?resize=112%2C150 112w, https:\/\/i0.wp.com\/www.robertosedda.it\/wp-content\/uploads\/2014\/03\/Convegno-AC-Assemini.jpg?resize=700%2C933 700w, https:\/\/i0.wp.com\/www.robertosedda.it\/wp-content\/uploads\/2014\/03\/Convegno-AC-Assemini.jpg?w=720 720w\" sizes=\"(max-width: 225px) 100vw, 225px\" data-recalc-dims=\"1\" \/><\/a>parrocchiali che mostrano vitalit\u00e0, e soprattutto che dimostrano di avere un&#8217;idea di che ruolo giocare nel proprio contesto ecclesiale e sociale: San Lucifero, il Carmine di Assemini, S. Elena a Quartu (certamente altre che adesso non mi vengono in mente).<\/p>\n<p>Sarebbe stato interessante inserire nella terna qualche esponente di queste parrocchie: vuol dire anche, in qualche modo, premiare i risultati, mostrare di avere capito che in queste situazioni c&#8217;\u00e8 un gruppetto di responsabili parrocchiali e di soci che ha deciso di giocarsela fino in fondo e di non stare fermi ad aspettare il domani. Invece tutte e tre le persone inserite nella terna vengono da associazioni parrocchiali che, senza voler essere ingenerosi, languono da tempo o sono addirittura sull&#8217;orlo dell&#8217;estinzione. Sicuramente saranno persone con esperienza e delle doti proprie, per\u00f2 personalmente avrei preferito qualcuno, appunto, espressione di una maggiore vitalit\u00e0 associativa di base,\u00a0e anche\u00a0espressione di una dimensione comunitaria, non persone scelte\u00a0guardando esclusivamente al profilo individuale.<\/p>\n<p>Giusto il mio contributo alla discussione, eh!<\/p>\n","protected":false},"excerpt":{"rendered":"<p>Anche se ultimamente sono molto defilato seguo sempre con interesse le vicende dell&#8217;Azione Cattolica diocesana, l&#8217;associazione nella quale mi sono<\/p>\n","protected":false},"author":1,"featured_media":6650,"comment_status":"open","ping_status":"open","sticky":false,"template":"","format":"standard","meta":{"_mi_skip_tracking":false,"_monsterinsights_sitenote_active":false,"_monsterinsights_sitenote_note":"","_monsterinsights_sitenote_category":0,"jetpack_post_was_ever_published":false,"_jetpack_newsletter_access":"","jetpack_publicize_message":"","jetpack_is_tweetstorm":false,"jetpack_publicize_feature_enabled":true,"jetpack_social_post_already_shared":true,"jetpack_social_options":{"image_generator_settings":{"template":"highway","enabled":false}}},"categories":[76,54,17,16],"tags":[],"jetpack_publicize_connections":[],"jetpack_featured_media_url":"https:\/\/i0.wp.com\/www.robertosedda.it\/wp-content\/uploads\/2014\/03\/Convegno-AC-Assemini.jpg?fit=720%2C960","jetpack_sharing_enabled":true,"jetpack_shortlink":"https:\/\/wp.me\/p4jV2T-1Je","jetpack_likes_enabled":true,"jetpack-related-posts":[{"id":7770,"url":"http:\/\/www.robertosedda.it\/?p=7770","url_meta":{"origin":6648,"position":0},"title":"Il responsabile della comunicazione diocesano","author":"Rufus","date":"13\/06\/2014","format":false,"excerpt":"Ho ritrovato sull'hard disk una mia vecchia proposta alla Presidenza diocesana per l'istituzione di un\u00a0vero responsabile della comunicazione, una\u00a0roba che come al solito mi capitava non venne mai presa seriamente in considerazione (e i frutti si sono visti, diciamo). Siccome vedo che\u00a0il\u00a0documento assembleare dell'Azione Cattolica diocesana\u00a0dice: si rende indispensabile un\u2026","rel":"","context":"In &quot;Azione Cattolica&quot;","block_context":{"text":"Azione Cattolica","link":"http:\/\/www.robertosedda.it\/?cat=76"},"img":{"alt_text":"","src":"https:\/\/i0.wp.com\/www.robertosedda.it\/wp-content\/uploads\/2014\/06\/Azione-Cattolica-riunione.jpg?fit=604%2C453&resize=350%2C200","width":350,"height":200},"classes":[]},{"id":7919,"url":"http:\/\/www.robertosedda.it\/?p=7919","url_meta":{"origin":6648,"position":1},"title":"La solita impossibilit\u00e0 di farmi gli affari miei (e l&#8217;Azione Cattolica)","author":"Rufus","date":"11\/07\/2014","format":false,"excerpt":"Vedo status\u00a0di Facebook di ex responsabili dell'AC\u00a0dal tono deprecatorio ed amaro, sento di mail che girano per mezza Sardegna\u00a0e mi sembra di capire che nei nuovi assetti dell'AC diocesana c'\u00e8 qualche scricchiolio. Mi permetto di dire la mia, sapendo benissimo di trovarmi nella posizione di quello al quale si adatta\u2026","rel":"","context":"In &quot;Azione Cattolica&quot;","block_context":{"text":"Azione Cattolica","link":"http:\/\/www.robertosedda.it\/?cat=76"},"img":{"alt_text":"","src":"https:\/\/i0.wp.com\/www.robertosedda.it\/wp-content\/uploads\/2014\/07\/Azione-Cattolica_07.jpg?fit=330%2C241&resize=350%2C200","width":350,"height":200},"classes":[]},{"id":577,"url":"http:\/\/www.robertosedda.it\/?p=577","url_meta":{"origin":6648,"position":2},"title":"La grande famiglia","author":"Rufus","date":"22\/08\/2012","format":false,"excerpt":"Per otto anni sono stata animatrice parrocchiale nell\u2019Azione Cattolica. Trovo questa frase, per noi abbastanza usuale, ad aprire il secondo capitolo di un libro \u201cdi richiamo\u201d appena uscito, Ave Mary di Michela Murgia, scritttrice ormai affermata dopo aver vinto con Accabbadora il premio Campiello e opinionista seguitissima, sia sul suo\u2026","rel":"","context":"In &quot;Azione Cattolica&quot;","block_context":{"text":"Azione Cattolica","link":"http:\/\/www.robertosedda.it\/?cat=76"},"img":{"alt_text":"","src":"","width":0,"height":0},"classes":[]},{"id":602,"url":"http:\/\/www.robertosedda.it\/?p=602","url_meta":{"origin":6648,"position":3},"title":"Determinanti","author":"Rufus","date":"22\/08\/2012","format":false,"excerpt":"Secondo quanto riporta l\u2019agenzia di stampa ASCA, il Presidente dell\u2019Azione Cattolica, Franco Miano, commentando i risultati del referendum ha dichiarato che i cattolici sono stati determinanti. Ho l\u2019impressione che la frase, per quanto riportata con pi\u00f9 o meno\u00a0evidenza su tutti gli organi di stampa, non fosse particolarmente centrale nel ragionamento\u2026","rel":"","context":"In &quot;Coordinate&quot;","block_context":{"text":"Coordinate","link":"http:\/\/www.robertosedda.it\/?cat=52"},"img":{"alt_text":"","src":"","width":0,"height":0},"classes":[]},{"id":11403,"url":"http:\/\/www.robertosedda.it\/?p=11403","url_meta":{"origin":6648,"position":4},"title":"Ricordando Iside Spanu De Zolt","author":"Rufus","date":"15\/01\/2016","format":false,"excerpt":"Mi sono dimenticato di segnalare che sull'inserto diocesano\u00a0di Avvenire\u00a0del 20 dicembre scorso \u00e8 uscito un mio articolo dedicato a Iside De Zolt. Devo dire che, mentre ho molto apprezzato il fatto che l'Ufficio diocesano delle comunicazioni sociali\u00a0abbia deciso di ricordare Iside e di parlare, di conseguenza, di laici e di\u2026","rel":"","context":"In &quot;Coordinate&quot;","block_context":{"text":"Coordinate","link":"http:\/\/www.robertosedda.it\/?cat=52"},"img":{"alt_text":"","src":"","width":0,"height":0},"classes":[]},{"id":13242,"url":"http:\/\/www.robertosedda.it\/?p=13242","url_meta":{"origin":6648,"position":5},"title":"Normalizzare","author":"Rufus","date":"14\/02\/2017","format":false,"excerpt":"Molti anni fa, all'epoca nella quale ero Segretario diocesano dell'Azione Cattolica (credo cio\u00e8 intorno al 1990) fui mandato a normalizzare il Movimento Maestri. Ecco, lo dico subito: ero giovane. E in questa storia non ci faccio una gran figura, come avrete capito gi\u00e0 dai termini.\u00a0Normalizzare.\u00a0Pfui. Dunque, la storia era questa.\u2026","rel":"","context":"In &quot;Azione Cattolica&quot;","block_context":{"text":"Azione Cattolica","link":"http:\/\/www.robertosedda.it\/?cat=76"},"img":{"alt_text":"","src":"https:\/\/i0.wp.com\/www.robertosedda.it\/wp-content\/uploads\/2017\/02\/AC-1969.jpg?resize=350%2C200","width":350,"height":200},"classes":[]}],"_links":{"self":[{"href":"http:\/\/www.robertosedda.it\/index.php?rest_route=\/wp\/v2\/posts\/6648"}],"collection":[{"href":"http:\/\/www.robertosedda.it\/index.php?rest_route=\/wp\/v2\/posts"}],"about":[{"href":"http:\/\/www.robertosedda.it\/index.php?rest_route=\/wp\/v2\/types\/post"}],"author":[{"embeddable":true,"href":"http:\/\/www.robertosedda.it\/index.php?rest_route=\/wp\/v2\/users\/1"}],"replies":[{"embeddable":true,"href":"http:\/\/www.robertosedda.it\/index.php?rest_route=%2Fwp%2Fv2%2Fcomments&post=6648"}],"version-history":[{"count":3,"href":"http:\/\/www.robertosedda.it\/index.php?rest_route=\/wp\/v2\/posts\/6648\/revisions"}],"predecessor-version":[{"id":6654,"href":"http:\/\/www.robertosedda.it\/index.php?rest_route=\/wp\/v2\/posts\/6648\/revisions\/6654"}],"wp:featuredmedia":[{"embeddable":true,"href":"http:\/\/www.robertosedda.it\/index.php?rest_route=\/wp\/v2\/media\/6650"}],"wp:attachment":[{"href":"http:\/\/www.robertosedda.it\/index.php?rest_route=%2Fwp%2Fv2%2Fmedia&parent=6648"}],"wp:term":[{"taxonomy":"category","embeddable":true,"href":"http:\/\/www.robertosedda.it\/index.php?rest_route=%2Fwp%2Fv2%2Fcategories&post=6648"},{"taxonomy":"post_tag","embeddable":true,"href":"http:\/\/www.robertosedda.it\/index.php?rest_route=%2Fwp%2Fv2%2Ftags&post=6648"}],"curies":[{"name":"wp","href":"https:\/\/api.w.org\/{rel}","templated":true}]}}