{"id":6640,"date":"2014-03-04T12:06:42","date_gmt":"2014-03-04T11:06:42","guid":{"rendered":"http:\/\/www.robertosedda.it\/?p=6640"},"modified":"2022-03-07T11:29:20","modified_gmt":"2022-03-07T10:29:20","slug":"cominciate-a-segnarvi-queste-due-date","status":"publish","type":"post","link":"http:\/\/www.robertosedda.it\/?p=6640","title":{"rendered":"Cominciate a segnarvi queste due date&#8230;"},"content":{"rendered":"<h2>Festeggiamenti! Festeggiamenti!<\/h2>\n<p><a href=\"https:\/\/i0.wp.com\/www.robertosedda.it\/wp-content\/uploads\/2014\/02\/Banca-Etica-15-anni.jpg\"><img data-attachment-id=\"6143\" data-permalink=\"http:\/\/www.robertosedda.it\/?attachment_id=6143\" data-orig-file=\"https:\/\/i0.wp.com\/www.robertosedda.it\/wp-content\/uploads\/2014\/02\/Banca-Etica-15-anni.jpg?fit=510%2C250\" data-orig-size=\"510,250\" data-comments-opened=\"1\" data-image-meta=\"{&quot;aperture&quot;:&quot;0&quot;,&quot;credit&quot;:&quot;&quot;,&quot;camera&quot;:&quot;&quot;,&quot;caption&quot;:&quot;&quot;,&quot;created_timestamp&quot;:&quot;0&quot;,&quot;copyright&quot;:&quot;&quot;,&quot;focal_length&quot;:&quot;0&quot;,&quot;iso&quot;:&quot;0&quot;,&quot;shutter_speed&quot;:&quot;0&quot;,&quot;title&quot;:&quot;&quot;}\" data-image-title=\"Banca Etica 15 anni\" data-image-description=\"\" data-image-caption=\"\" data-medium-file=\"https:\/\/i0.wp.com\/www.robertosedda.it\/wp-content\/uploads\/2014\/02\/Banca-Etica-15-anni.jpg?fit=300%2C147\" data-large-file=\"https:\/\/i0.wp.com\/www.robertosedda.it\/wp-content\/uploads\/2014\/02\/Banca-Etica-15-anni.jpg?fit=510%2C250\" decoding=\"async\" loading=\"lazy\" class=\"alignleft size-medium wp-image-6143\" alt=\"Banca Etica 15 anni\" src=\"https:\/\/i0.wp.com\/www.robertosedda.it\/wp-content\/uploads\/2014\/02\/Banca-Etica-15-anni.jpg?resize=300%2C147\" width=\"300\" height=\"147\" srcset=\"https:\/\/i0.wp.com\/www.robertosedda.it\/wp-content\/uploads\/2014\/02\/Banca-Etica-15-anni.jpg?resize=300%2C147 300w, https:\/\/i0.wp.com\/www.robertosedda.it\/wp-content\/uploads\/2014\/02\/Banca-Etica-15-anni.jpg?resize=150%2C73 150w, https:\/\/i0.wp.com\/www.robertosedda.it\/wp-content\/uploads\/2014\/02\/Banca-Etica-15-anni.jpg?w=510 510w\" sizes=\"(max-width: 300px) 100vw, 300px\" data-recalc-dims=\"1\" \/><\/a>In questo stesso momento in cui scrivo <a href=\"http:\/\/www.bancaetica.it\/15anni\/evento\/limpatto-sociale-di-banca-etica\">alla Sala delle Colonne della Camera dei Deputati viene presentata la ricerca sull&#8217;impatto sociale di Banca Etica nei suoi primi quindici anni di vita<\/a>\u00a0(e no, <a title=\"A Montecitorio\" href=\"http:\/\/www.robertosedda.it\/?p=1149\">questa volta non sono potuto andare<\/a>).<\/p>\n<p>Con questa presentazione iniziano di fatto i quindici giorni di festeggiamenti per il quindicesimo compleanno di Banca Etica, che vedranno nei prossimi giorni realizzarsi eventi dappertutto in giro per l&#8217;Italia &#8211; sul sito della Banca c&#8217;\u00e8 <a href=\"http:\/\/www.bancaetica.it\/15anni\/eventi\">un elenco in verit\u00e0 piuttosto impressionante per vastit\u00e0 e variet\u00e0<\/a>, e poco importa che domenica alla nostra riunione del Coordinamento i soci avessero tutti la lingua di fuori e l&#8217;aria da: \u00ab\u00c8 tutto un casino, non \u00e8 a posto niente\u00bb, quando sar\u00e0 il momento le varie iniziative saranno pronte.<\/p>\n<h2>Festeggiamenti anche in Sardegna<\/h2>\n<p>Anche qui non abbiamo voluto farci mancare niente, quindi nell&#8217;attesa che comincino a girare gli inviti ufficiali comincio a &#8220;lanciare&#8221; in giro le date, perch\u00e9 tutti facciano un cerchio nel calendario e non prendano altri impegni.<\/p>\n<p><a href=\"https:\/\/i0.wp.com\/www.robertosedda.it\/wp-content\/uploads\/2014\/02\/logo-15-anni.png\"><img data-attachment-id=\"6141\" data-permalink=\"http:\/\/www.robertosedda.it\/?attachment_id=6141\" data-orig-file=\"https:\/\/i0.wp.com\/www.robertosedda.it\/wp-content\/uploads\/2014\/02\/logo-15-anni.png?fit=175%2C115\" data-orig-size=\"175,115\" data-comments-opened=\"1\" data-image-meta=\"{&quot;aperture&quot;:&quot;0&quot;,&quot;credit&quot;:&quot;&quot;,&quot;camera&quot;:&quot;&quot;,&quot;caption&quot;:&quot;&quot;,&quot;created_timestamp&quot;:&quot;0&quot;,&quot;copyright&quot;:&quot;&quot;,&quot;focal_length&quot;:&quot;0&quot;,&quot;iso&quot;:&quot;0&quot;,&quot;shutter_speed&quot;:&quot;0&quot;,&quot;title&quot;:&quot;&quot;}\" data-image-title=\"logo 15 anni\" data-image-description=\"\" data-image-caption=\"\" data-medium-file=\"https:\/\/i0.wp.com\/www.robertosedda.it\/wp-content\/uploads\/2014\/02\/logo-15-anni.png?fit=175%2C115\" data-large-file=\"https:\/\/i0.wp.com\/www.robertosedda.it\/wp-content\/uploads\/2014\/02\/logo-15-anni.png?fit=175%2C115\" decoding=\"async\" loading=\"lazy\" class=\"alignright size-full wp-image-6141\" alt=\"logo 15 anni\" src=\"https:\/\/i0.wp.com\/www.robertosedda.it\/wp-content\/uploads\/2014\/02\/logo-15-anni.png?resize=175%2C115\" width=\"175\" height=\"115\" srcset=\"https:\/\/i0.wp.com\/www.robertosedda.it\/wp-content\/uploads\/2014\/02\/logo-15-anni.png?w=175 175w, https:\/\/i0.wp.com\/www.robertosedda.it\/wp-content\/uploads\/2014\/02\/logo-15-anni.png?resize=150%2C98 150w\" sizes=\"(max-width: 175px) 100vw, 175px\" data-recalc-dims=\"1\" \/><\/a>Si inizia a Cagliari, il 18 marzo alle 17.30 alla sala Search nel Largo Carlo Felice. \u00c8 l&#8217;evento pi\u00f9 <em>politico<\/em>, gli abbiamo dato come titolo <em>La finanza non \u00e8 un gioco<\/em> e sar\u00e0 l&#8217;occasione di esplorare scenari globali e di ragionare sul ruolo della finanza etica rispetto a temi come la corruzione internazionale, la speculzione finanziaria e altre cose. Magari esploreremo anche il filo rosso che lega i <em>casino<\/em> virtuali e le <em>slot machine<\/em> fino a quell&#8217;altro <em>casino<\/em> globale che \u00e8 la speculazione finanziaria. E un pochino giocheremo anche noi partecipanti&#8230;<\/p>\n<p>A Sassari invece, il 20 marzo alle ore 16 all&#8217;Universit\u00e0 faremo il bilancio di quello che Banca Etica ha fatto in Sardegna in questi anni, chi ha finanziato, con chi abbiamo lavorato, chi c&#8217;\u00e8 stato e chi si \u00e8 passato e diremo cosa pensiamo di fare in Sardegna nel futuro: diciamo nei prossimi quindici anni. Il titolo \u00e8 <em>Cinque su quindici<\/em>, perch\u00e9 \u00e8 anche l&#8217;occasione di festeggiare i cinque anni di attivit\u00e0 del banchiere ambulante in Sardegna.<\/p>\n<p>Ah, dimenticavo: torna in Sardegna per l&#8217;occasione Nicoletta Dentico, il consigliere d&#8217;amministrazione\u00a0dell&#8217;Area Centro, che sar\u00e0 <em>main guest<\/em> nelle due occasioni, ma stiamo invitando a partecipare tanta altra bella gente.<\/p>\n<p>Segnatevi le date. Non mancate.<\/p>\n","protected":false},"excerpt":{"rendered":"<p>Festeggiamenti! Festeggiamenti! In questo stesso momento in cui scrivo alla Sala delle Colonne della Camera dei Deputati viene presentata la<\/p>\n","protected":false},"author":1,"featured_media":6143,"comment_status":"open","ping_status":"open","sticky":false,"template":"","format":"standard","meta":{"_mi_skip_tracking":false,"_monsterinsights_sitenote_active":false,"_monsterinsights_sitenote_note":"","_monsterinsights_sitenote_category":0,"jetpack_post_was_ever_published":false,"_jetpack_newsletter_access":"","jetpack_publicize_message":"","jetpack_is_tweetstorm":false,"jetpack_publicize_feature_enabled":true,"jetpack_social_post_already_shared":true,"jetpack_social_options":{"image_generator_settings":{"template":"highway","enabled":false}}},"categories":[72,52,49,55,12],"tags":[],"jetpack_publicize_connections":[],"jetpack_featured_media_url":"https:\/\/i0.wp.com\/www.robertosedda.it\/wp-content\/uploads\/2014\/02\/Banca-Etica-15-anni.jpg?fit=510%2C250","jetpack_sharing_enabled":true,"jetpack_shortlink":"https:\/\/wp.me\/p4jV2T-1J6","jetpack_likes_enabled":true,"jetpack-related-posts":[{"id":6151,"url":"http:\/\/www.robertosedda.it\/?p=6151","url_meta":{"origin":6640,"position":0},"title":"Ricchezza, imprenditorialit\u00e0 sociale, politiche di sviluppo","author":"Rufus","date":"05\/02\/2014","format":false,"excerpt":"Fra il 2006 e il 2008 Banca Etica condusse in Sardegna un progetto chiamato Nuove Officine (per i tecnici: era un PIC Equal finanziato dal Fondo Sociale Europeo e codificato come IT-G2-SAR-026 - a distanza di tanto tempo ricordo ancora l'identificativo, perch\u00e9 per anni \u00e8 stato il mio pane e\u2026","rel":"","context":"In &quot;Banche e finanza&quot;","block_context":{"text":"Banche e finanza","link":"http:\/\/www.robertosedda.it\/?cat=72"},"img":{"alt_text":"","src":"https:\/\/i0.wp.com\/www.robertosedda.it\/wp-content\/uploads\/2014\/02\/A.jpg?fit=425%2C423&resize=350%2C200","width":350,"height":200},"classes":[]},{"id":7627,"url":"http:\/\/www.robertosedda.it\/?p=7627","url_meta":{"origin":6640,"position":1},"title":"Non per soldi ma per lettura","author":"Rufus","date":"06\/06\/2014","format":false,"excerpt":"Il mio amico Antonio Messina, coordinatore del gruppo dei soci di Banca Etica delle Marche settentrionali, cela fra le tante sue multiformi capacit\u00e0 e interessi anche la voglia di costruire una bibliografia di narrativa in cui si affronti in\u00a0qualche modo il tema del denaro. Antonio ha\u00a0chiesto qualche suggerimento a me\u2026","rel":"","context":"In &quot;Coordinate&quot;","block_context":{"text":"Coordinate","link":"http:\/\/www.robertosedda.it\/?cat=52"},"img":{"alt_text":"","src":"https:\/\/i0.wp.com\/www.robertosedda.it\/wp-content\/uploads\/2014\/02\/Banca-Etica-15-anni.jpg?fit=510%2C250&resize=350%2C200","width":350,"height":200},"classes":[]},{"id":6560,"url":"http:\/\/www.robertosedda.it\/?p=6560","url_meta":{"origin":6640,"position":2},"title":"Elezione del Comitato Etico: un&#8217;opinione","author":"Rufus","date":"24\/02\/2014","format":false,"excerpt":"Alla prossima Assemblea di Banca popolare Etica sar\u00e0 rinnovato il nostro comitato etico, che ha esaurito il suo mandato triennale. Con gli altri Referenti dei soci delle cinque Aree in cui \u00e8 divisa la banca ho sottoscritto un documento per provare a indirizzare il dibattito elettorale nella direzione secondo noi\u2026","rel":"","context":"In &quot;Banche e finanza&quot;","block_context":{"text":"Banche e finanza","link":"http:\/\/www.robertosedda.it\/?cat=72"},"img":{"alt_text":"","src":"https:\/\/i0.wp.com\/www.robertosedda.it\/wp-content\/uploads\/2014\/02\/Banca-Etica-15-anni.jpg?fit=510%2C250&resize=350%2C200","width":350,"height":200},"classes":[]},{"id":6796,"url":"http:\/\/www.robertosedda.it\/?p=6796","url_meta":{"origin":6640,"position":3},"title":"Quel che ho detto alla festa dei quindici anni di Banca Etica a Sassari","author":"Rufus","date":"21\/03\/2014","format":false,"excerpt":"Ieri con Gaetano e Claudio siamo andati in trasferta (piuttosto stancante, devo dire, si vede che non ho pi\u00f9 l'et\u00e0) a Sassari per festeggiare anche l\u00ec i quindici anni di Banca Etica, insieme ai soci della Sardegna Settentrionale in un incontro davvero molto partecipato all'Universit\u00e0. Nell'occasione\u00a0mi hanno chiesto un saluto\u2026","rel":"","context":"In &quot;Banche e finanza&quot;","block_context":{"text":"Banche e finanza","link":"http:\/\/www.robertosedda.it\/?cat=72"},"img":{"alt_text":"","src":"https:\/\/i0.wp.com\/www.robertosedda.it\/wp-content\/uploads\/2014\/03\/Rufus-a-Cinque-su-quindici.jpg?fit=600%2C800&resize=350%2C200","width":350,"height":200},"classes":[]},{"id":10205,"url":"http:\/\/www.robertosedda.it\/?p=10205","url_meta":{"origin":6640,"position":4},"title":"Articoli dimenticati","author":"Rufus","date":"08\/05\/2015","format":false,"excerpt":"Mi sono accorto oggi che non avevo riportato sul\u00a0blog l'articolo che ho pubblicato sul supplemento diocesano di\u00a0Avvenire\u00a0del 19 aprile 2015, dedicato a Banca Etica. Lo riposto qui: \u00e8 un articolo brevissimo e anche piuttosto anonimo (me lo dico da solo...), nel senso che occorreva prima di tutto presentare la Banca\u2026","rel":"","context":"In &quot;Banche e finanza&quot;","block_context":{"text":"Banche e finanza","link":"http:\/\/www.robertosedda.it\/?cat=72"},"img":{"alt_text":"","src":"https:\/\/i0.wp.com\/www.robertosedda.it\/wp-content\/uploads\/2015\/05\/Avvenire-Cagliari-testata.jpg?fit=648%2C218&resize=350%2C200","width":350,"height":200},"classes":[]},{"id":7459,"url":"http:\/\/www.robertosedda.it\/?p=7459","url_meta":{"origin":6640,"position":5},"title":"Il banchiere dei poveri a &#8220;Oggi parliamo di libri&#8221;","author":"Rufus","date":"17\/05\/2014","format":"video","excerpt":"Il 13 marzo, in piena festa della finanza etica sono andato in onda su Oggi parliamo di libri e ho aggiunto il mio piccolo contributo ai festeggiamenti presentando Il banchiere dei poveri di Muhammad Yunus, il fondatore della Grameen Bank del Bangladesh, considerato l'inventore del moderno microcredito. La puntata \u00e8\u2026","rel":"","context":"In &quot;Biografie&quot;","block_context":{"text":"Biografie","link":"http:\/\/www.robertosedda.it\/?cat=83"},"img":{"alt_text":"","src":"https:\/\/i0.wp.com\/www.robertosedda.it\/wp-content\/uploads\/2014\/05\/Finanza-per-indignati.jpg?fit=282%2C420&resize=350%2C200","width":350,"height":200},"classes":[]}],"_links":{"self":[{"href":"http:\/\/www.robertosedda.it\/index.php?rest_route=\/wp\/v2\/posts\/6640"}],"collection":[{"href":"http:\/\/www.robertosedda.it\/index.php?rest_route=\/wp\/v2\/posts"}],"about":[{"href":"http:\/\/www.robertosedda.it\/index.php?rest_route=\/wp\/v2\/types\/post"}],"author":[{"embeddable":true,"href":"http:\/\/www.robertosedda.it\/index.php?rest_route=\/wp\/v2\/users\/1"}],"replies":[{"embeddable":true,"href":"http:\/\/www.robertosedda.it\/index.php?rest_route=%2Fwp%2Fv2%2Fcomments&post=6640"}],"version-history":[{"count":1,"href":"http:\/\/www.robertosedda.it\/index.php?rest_route=\/wp\/v2\/posts\/6640\/revisions"}],"predecessor-version":[{"id":6641,"href":"http:\/\/www.robertosedda.it\/index.php?rest_route=\/wp\/v2\/posts\/6640\/revisions\/6641"}],"wp:featuredmedia":[{"embeddable":true,"href":"http:\/\/www.robertosedda.it\/index.php?rest_route=\/wp\/v2\/media\/6143"}],"wp:attachment":[{"href":"http:\/\/www.robertosedda.it\/index.php?rest_route=%2Fwp%2Fv2%2Fmedia&parent=6640"}],"wp:term":[{"taxonomy":"category","embeddable":true,"href":"http:\/\/www.robertosedda.it\/index.php?rest_route=%2Fwp%2Fv2%2Fcategories&post=6640"},{"taxonomy":"post_tag","embeddable":true,"href":"http:\/\/www.robertosedda.it\/index.php?rest_route=%2Fwp%2Fv2%2Ftags&post=6640"}],"curies":[{"name":"wp","href":"https:\/\/api.w.org\/{rel}","templated":true}]}}