{"id":663,"date":"2012-08-23T13:22:42","date_gmt":"2012-08-23T11:22:42","guid":{"rendered":"http:\/\/www.robertosedda.it\/?p=663"},"modified":"2013-02-26T17:13:43","modified_gmt":"2013-02-26T16:13:43","slug":"tebe-dalle-sette-porte","status":"publish","type":"post","link":"http:\/\/www.robertosedda.it\/?p=663","title":{"rendered":"Tebe dalle sette porte"},"content":{"rendered":"<p>Avete visto qualche volta nella mia firma la domanda &#8220;Tebe dalle sette porte, chi la costrui?&#8221;. Siccome qui sulla lista mi avete scritto, per prendermi in giro, \u00abInsomma, chi la costru\u00ec?!\u00bb, do&#8230; la soluzione.<\/p>\n<p>Si tratta del primo verso di una poesia di Bertolt Brecht, poeta e drammaturgo tedesco della prima met\u00e0 del ventesimo secolo.<\/p>\n<p>La passione per Brecht, marxista pi\u00f9 o meno ortodosso, esule dal nazismo, autore di scenggiature per Hollywood e poi infine residente per scelta nella Repubblica Democratica Tedesca (dove forse il suo marxismo conobbe qualche disillusione) \u00e8 una delle poche eredit\u00e0 che mi restano della mia educazione da giovane comunista (credo che mia madre mi leggesse le poesie di Brecht pi\u00f9 o meno quando avevo otto-nove anni, cosa per la quale le sono molto grato).<\/p>\n<p>Brecht \u00e8 molto noto per il teatro &#8211; per esempio, l&#8217;<em>Opera da Tre Soldi<\/em>, <em>Vita di Galileo<\/em>, con la memorabile frase<\/p>\n<blockquote><p>Beato il popolo che non ha bisogno di eroi<\/p><\/blockquote>\n<p>&#8230; ma io sono affezionato soprattutto alle poesie.<\/p>\n<p>Il mistero di Tebe dalle sette porte non ve lo rivelo (se no \u00e8 troppo facile).<\/p>\n<p>In compenso una poesia, <em>Giacigli per la notte<\/em>, che mi sembra molto adatta al gruppo <em>La Pira<\/em>:<\/p>\n<blockquote><p>Ho sentito dire che a New York<br \/>\nAll&#8217;angolo della 26^ strada e di Broadway<br \/>\nNei mesi invernali ogni sera c&#8217;\u00e8 un uomo<br \/>\nE ai senzatetto che si radunano<br \/>\nPregando i passanti procura un giaciglio per la notte.<\/p>\n<p>Con questo il mondo non cambia<br \/>\nLe relazioni fra gli uomini non migliorano<br \/>\nL&#8217;epoca dello sfruttamento non \u00e8 per questo pi\u00f9 vicina alla fine.<br \/>\nMa a qualcuno non manca un giaciglio per la notte<br \/>\nIl vento viene tenuto lontano da loro per una notte<br \/>\nLa neve destinata a loro cade sopra la strada.<\/p>\n<p>Non deporre il libro che tu leggi, uomo.<\/p>\n<p>A qualcuno non manca un libro per la notte<br \/>\nIl vento viene tenuto lontano da loro per una notte<br \/>\nLa neve destinata a loro cade sopra la strada.<br \/>\nMa con questo il mondo non cambia<br \/>\nLe relazioni fra gli uomini non migliorano<br \/>\nL&#8217;epoca dello sfruttamento non \u00e8 per questo pi\u00f9 vicina alla fine.<\/p><\/blockquote>\n","protected":false},"excerpt":{"rendered":"<p>Avete visto qualche volta nella mia firma la domanda &#8220;Tebe dalle sette porte, chi la costrui?&#8221;. Siccome qui sulla lista<\/p>\n","protected":false},"author":1,"featured_media":0,"comment_status":"open","ping_status":"open","sticky":false,"template":"","format":"standard","meta":{"_mi_skip_tracking":false,"_monsterinsights_sitenote_active":false,"_monsterinsights_sitenote_note":"","_monsterinsights_sitenote_category":0,"jetpack_post_was_ever_published":false,"_jetpack_newsletter_access":"","jetpack_publicize_message":"","jetpack_is_tweetstorm":false,"jetpack_publicize_feature_enabled":true,"jetpack_social_post_already_shared":false,"jetpack_social_options":{"image_generator_settings":{"template":"highway","enabled":false}}},"categories":[52,53,75,17,16],"tags":[],"jetpack_publicize_connections":[],"jetpack_featured_media_url":"","jetpack_sharing_enabled":true,"jetpack_shortlink":"https:\/\/wp.me\/p4jV2T-aH","jetpack_likes_enabled":true,"jetpack-related-posts":[{"id":5307,"url":"http:\/\/www.robertosedda.it\/?p=5307","url_meta":{"origin":663,"position":0},"title":"Le poesie del giovane Rufus","author":"Rufus","date":"04\/12\/2013","format":false,"excerpt":"Tranquilli, non sono mie. \u00c8 solo che oggi mi \u00e8 venuta voglia di riprendere in mano una busta, che tengo chiusa in mezzo ai libri sullo scaffale. Dentro ci sono tre quaderni di scuola, piuttosto fini perch\u00e9 strappavo i fogli per farci i disegnini. Sono intitolati Lo que mas quiero,\u2026","rel":"","context":"In &quot;Coordinate&quot;","block_context":{"text":"Coordinate","link":"http:\/\/www.robertosedda.it\/?cat=52"},"img":{"alt_text":"","src":"https:\/\/i0.wp.com\/www.robertosedda.it\/wp-content\/uploads\/2013\/07\/Geek-girl.jpg?fit=900%2C1200&resize=350%2C200","width":350,"height":200,"srcset":"https:\/\/i0.wp.com\/www.robertosedda.it\/wp-content\/uploads\/2013\/07\/Geek-girl.jpg?fit=900%2C1200&resize=350%2C200 1x, https:\/\/i0.wp.com\/www.robertosedda.it\/wp-content\/uploads\/2013\/07\/Geek-girl.jpg?fit=900%2C1200&resize=700%2C400 2x"},"classes":[]},{"id":5095,"url":"http:\/\/www.robertosedda.it\/?p=5095","url_meta":{"origin":663,"position":1},"title":"Cosa devo dir loro?","author":"Rufus","date":"24\/11\/2013","format":false,"excerpt":"Una poesia di Brecht, che mi ritorna prepotentemente nella testa mentre dovrei pensare ad altro e decidere altro. E forse per una volta essere pi\u00f9 diplomatico. E invece la voce intransigente del vecchio comunista tedesco non si decide a lasciarmi tranquillo. Guarda un po' che invadente! (ognuno di voi pu\u00f2\u2026","rel":"","context":"In &quot;Coordinate&quot;","block_context":{"text":"Coordinate","link":"http:\/\/www.robertosedda.it\/?cat=52"},"img":{"alt_text":"","src":"https:\/\/i0.wp.com\/www.robertosedda.it\/wp-content\/uploads\/2015\/09\/Brecht.jpg?fit=405%2C350&resize=350%2C200","width":350,"height":200},"classes":[]},{"id":1167,"url":"http:\/\/www.robertosedda.it\/?p=1167","url_meta":{"origin":663,"position":2},"title":"All&#8217;inizio delle piogge","author":"Rufus","date":"27\/10\/2012","format":false,"excerpt":"Oggi, uscendo di casa e salutando mia moglie sotto un diluvio, mi \u00e8 tornata in mente una poesia, adatta all'autunno e ai giorni di pioggia. Riguardatevi! La poesia \u00e8, ovviamente, di Bertolt Brecht: Da leggere il mattino e la sera Quello che amo mi ha detto che ha bisogno di\u2026","rel":"","context":"In &quot;Coordinate&quot;","block_context":{"text":"Coordinate","link":"http:\/\/www.robertosedda.it\/?cat=52"},"img":{"alt_text":"","src":"","width":0,"height":0},"classes":[]},{"id":16727,"url":"http:\/\/www.robertosedda.it\/?p=16727","url_meta":{"origin":663,"position":3},"title":"Licenzioso, ammirato omaggio","author":"Rufus","date":"24\/05\/2019","format":false,"excerpt":"Ben son, ben son Beatrice! E adesso ti faccio un mazzo cos\u00ec. Insomma, nella mia lettura del Purgatorio finalmente \u00e8 comparsa Beatrice: dato che nulla mi ricordavo mi sono molto divertito a vederla strascinare Dante nella polvere, traendone l'idea di un tipino che \u00e8 meglio non fare arrabbiare. Assolutamente, meglio\u2026","rel":"","context":"In &quot;Coordinate&quot;","block_context":{"text":"Coordinate","link":"http:\/\/www.robertosedda.it\/?cat=52"},"img":{"alt_text":"","src":"https:\/\/i0.wp.com\/www.robertosedda.it\/wp-content\/uploads\/2019\/05\/Dante-Rossetti-2.jpg?fit=593%2C334&resize=350%2C200","width":350,"height":200},"classes":[]},{"id":9022,"url":"http:\/\/www.robertosedda.it\/?p=9022","url_meta":{"origin":663,"position":4},"title":"Dedicata a E.E.","author":"Rufus","date":"08\/12\/2014","format":false,"excerpt":"Una poesia di Bertolt Brecht dedicata a un caro amico, che queste cose le pensa da tempo. Io magari no, ma ci sono momenti, come questi, in cui davvero gli errori sembrano finiti e pare che non ci sia pi\u00f9 niente, e allora magari intravedo le sue motivazioni. E il\u2026","rel":"","context":"In &quot;Coordinate&quot;","block_context":{"text":"Coordinate","link":"http:\/\/www.robertosedda.it\/?cat=52"},"img":{"alt_text":"","src":"","width":0,"height":0},"classes":[]},{"id":1333,"url":"http:\/\/www.robertosedda.it\/?p=1333","url_meta":{"origin":663,"position":5},"title":"A qualcuno piace la poesia","author":"Rufus","date":"14\/11\/2012","format":false,"excerpt":"Ieri era il compleanno di mia moglie, e ovviamente sulla\u00a0mailing list\u00a0del gruppo \"La Pira\" le hanno fatto gli auguri. Per sdebitarsi Maria Bonaria ha pubblicato sulla lista una poesia di Wislawa Szymborska (che \u00e8 la sua poetessa, come Brecht per me). \u00c8 una poesia molto bella, e mi va di\u2026","rel":"","context":"In &quot;Coordinate&quot;","block_context":{"text":"Coordinate","link":"http:\/\/www.robertosedda.it\/?cat=52"},"img":{"alt_text":"","src":"","width":0,"height":0},"classes":[]}],"_links":{"self":[{"href":"http:\/\/www.robertosedda.it\/index.php?rest_route=\/wp\/v2\/posts\/663"}],"collection":[{"href":"http:\/\/www.robertosedda.it\/index.php?rest_route=\/wp\/v2\/posts"}],"about":[{"href":"http:\/\/www.robertosedda.it\/index.php?rest_route=\/wp\/v2\/types\/post"}],"author":[{"embeddable":true,"href":"http:\/\/www.robertosedda.it\/index.php?rest_route=\/wp\/v2\/users\/1"}],"replies":[{"embeddable":true,"href":"http:\/\/www.robertosedda.it\/index.php?rest_route=%2Fwp%2Fv2%2Fcomments&post=663"}],"version-history":[{"count":8,"href":"http:\/\/www.robertosedda.it\/index.php?rest_route=\/wp\/v2\/posts\/663\/revisions"}],"predecessor-version":[{"id":667,"href":"http:\/\/www.robertosedda.it\/index.php?rest_route=\/wp\/v2\/posts\/663\/revisions\/667"}],"wp:attachment":[{"href":"http:\/\/www.robertosedda.it\/index.php?rest_route=%2Fwp%2Fv2%2Fmedia&parent=663"}],"wp:term":[{"taxonomy":"category","embeddable":true,"href":"http:\/\/www.robertosedda.it\/index.php?rest_route=%2Fwp%2Fv2%2Fcategories&post=663"},{"taxonomy":"post_tag","embeddable":true,"href":"http:\/\/www.robertosedda.it\/index.php?rest_route=%2Fwp%2Fv2%2Ftags&post=663"}],"curies":[{"name":"wp","href":"https:\/\/api.w.org\/{rel}","templated":true}]}}