{"id":6576,"date":"2014-02-26T09:23:26","date_gmt":"2014-02-26T08:23:26","guid":{"rendered":"http:\/\/www.robertosedda.it\/?p=6576"},"modified":"2016-02-25T23:38:02","modified_gmt":"2016-02-25T22:38:02","slug":"superior-stabat-grillinus","status":"publish","type":"post","link":"http:\/\/www.robertosedda.it\/?p=6576","title":{"rendered":"Superior stabat grillinus"},"content":{"rendered":"<p>Il 20 febbraio sul sito di Beppe Grillo <a href=\"http:\/\/www.beppegrillo.it\/movimento\/parlamento\/2014\/02\/clamoroso-dalema-presentava-alle-banche-renzi-premier-gia-11-anni-fa.html\">viene pubblicata la notizia di un complotto veramente inquietante<\/a>. Il <em>lancio<\/em> della notizia lo vedete qui sotto.<\/p>\n<p><a href=\"https:\/\/i0.wp.com\/www.robertosedda.it\/wp-content\/uploads\/2014\/02\/DAlema-Renzi-undici-anni-prima.png\"><img data-attachment-id=\"6577\" data-permalink=\"http:\/\/www.robertosedda.it\/?attachment_id=6577\" data-orig-file=\"https:\/\/i0.wp.com\/www.robertosedda.it\/wp-content\/uploads\/2014\/02\/DAlema-Renzi-undici-anni-prima.png?fit=995%2C553\" data-orig-size=\"995,553\" data-comments-opened=\"1\" data-image-meta=\"{&quot;aperture&quot;:&quot;0&quot;,&quot;credit&quot;:&quot;&quot;,&quot;camera&quot;:&quot;&quot;,&quot;caption&quot;:&quot;&quot;,&quot;created_timestamp&quot;:&quot;0&quot;,&quot;copyright&quot;:&quot;&quot;,&quot;focal_length&quot;:&quot;0&quot;,&quot;iso&quot;:&quot;0&quot;,&quot;shutter_speed&quot;:&quot;0&quot;,&quot;title&quot;:&quot;&quot;}\" data-image-title=\"D&#8217;Alema Renzi undici anni prima\" data-image-description=\"\" data-image-caption=\"\" data-medium-file=\"https:\/\/i0.wp.com\/www.robertosedda.it\/wp-content\/uploads\/2014\/02\/DAlema-Renzi-undici-anni-prima.png?fit=300%2C166\" data-large-file=\"https:\/\/i0.wp.com\/www.robertosedda.it\/wp-content\/uploads\/2014\/02\/DAlema-Renzi-undici-anni-prima.png?fit=510%2C283\" decoding=\"async\" loading=\"lazy\" class=\"aligncenter size-full wp-image-6577\" src=\"https:\/\/i0.wp.com\/www.robertosedda.it\/wp-content\/uploads\/2014\/02\/DAlema-Renzi-undici-anni-prima.png?resize=800%2C445\" alt=\"D'Alema Renzi undici anni prima\" width=\"800\" height=\"445\" srcset=\"https:\/\/i0.wp.com\/www.robertosedda.it\/wp-content\/uploads\/2014\/02\/DAlema-Renzi-undici-anni-prima.png?w=995 995w, https:\/\/i0.wp.com\/www.robertosedda.it\/wp-content\/uploads\/2014\/02\/DAlema-Renzi-undici-anni-prima.png?resize=150%2C83 150w, https:\/\/i0.wp.com\/www.robertosedda.it\/wp-content\/uploads\/2014\/02\/DAlema-Renzi-undici-anni-prima.png?resize=300%2C166 300w, https:\/\/i0.wp.com\/www.robertosedda.it\/wp-content\/uploads\/2014\/02\/DAlema-Renzi-undici-anni-prima.png?resize=700%2C389 700w\" sizes=\"(max-width: 800px) 100vw, 800px\" data-recalc-dims=\"1\" \/><\/a>Il titolo \u00e8 clamoroso e il resto dell&#8217;articolo non \u00e8 da meno. Il tutto rimanda evidentemente all&#8217;esistenza\u00a0di un piano di lungo termine, tale da far impallidire Licio Gelli (oppure, si sa, \u00e8 lo <em>stesso<\/em> piano).<\/p>\n<blockquote>\n<h2>Clamoroso: D&#8217;Alema presentava alle banche &#8220;Renzi premier&#8221;&#8230; gi\u00e0 11 anni fa!<\/h2>\n<p>Sapete, anche solo per il semplice fatto di essere parlamentari si diventa collettori di ogni sorta di informazioni e confidenze, a cui da semplici cittadini non si potrebbe accedere. Un apriscatole automatico, insomma.<\/p>\n<p>Un cittadino\/parlamentare del M5S ha avuto, qualche mese fa, l&#8217;occasione di conversare con un alto dirigente di un&#8217;importante banca italiana. Con un sorriso, il dirigente gli ha confidato il seguente episodio:<\/p>\n<p><em>&#8220;Sa, onorevole, nell&#8217;ormai lontano 2003 ho ricevuto nel mio ufficio il Presidente Massimo D&#8217;Alema. Era accompagnato da due giovanissimi esponenti del suo partito, che mi present\u00f2 tessendone le lodi politiche e concludendo: &#8216;Dottore, questi due giovani un giorno saranno Primo Ministro'&#8221;.<\/em><\/p>\n<p>Uno dei due giovani era <strong>Matteo Renzi<\/strong>.<\/p>\n<p>Non era ancora neppure diventato Presidente della Provincia, aveva <strong>appena 28 anni<\/strong>, e gi\u00e0 veniva accompagnato in giro per le banche da Massimo D&#8217;Alema che lo presentava come futuro premier.<\/p>\n<p>Un tempo i giovani promettenti venivano portati ai congressi, su un palco per un comizio, o magari al tavolo di una trattativa politica.<\/p>\n<p>Oggi no. Oggi i primi ministri nascono in banca, dove fanno passerella gi\u00e0 <strong>11 anni prima<\/strong>.<\/p>\n<p><small><em>(Fonti: ovviamente, il M5S conosce i nomi della banca e dei protagonisti coinvolti)<\/em><\/small><\/p><\/blockquote>\n<p>Allora, l&#8217;articolo \u00e8 spazzatura volta alla delegittimazione dell&#8217;avversario; incrocia il nulla col niente, per\u00f2 lo fa mettendo le cose nella luce peggiore: \u00abi primi ministri nascono in banca\u00bb, \u00abaveva appena 28 anni, e gi\u00e0 veniva accompagnato in giro per le banche da Massimo D&#8217;Alema\u00bb \u00e8 tutta fuffa, ma evocativa (non parliamo poi di quel \u00ab<small>Fonti: ovviamente, il M5S conosce i nomi della banca e dei protagonisti coinvolti\u00bb a met\u00e0 fra l&#8217;orwelliano-minaccioso e il sono-un-cialtrone-che-le-spara-grosse-e-forse-molto-forse-ho-le prove-ma-non-te-le-dico-faccia-di-velluto-gne-gne-gne).<\/small><\/p>\n<p>Ma non \u00e8 dello stile comunicativo che voglio parlare.<\/p>\n<p>Il fatto \u00e8 che \u00e8 direttamente una bufala che viene rapidamente smascherata:<\/p>\n<p><a href=\"https:\/\/i0.wp.com\/www.robertosedda.it\/wp-content\/uploads\/2014\/02\/DAlema-Renzi-smentita.png\"><img data-attachment-id=\"6578\" data-permalink=\"http:\/\/www.robertosedda.it\/?attachment_id=6578\" data-orig-file=\"https:\/\/i0.wp.com\/www.robertosedda.it\/wp-content\/uploads\/2014\/02\/DAlema-Renzi-smentita.png?fit=532%2C189\" data-orig-size=\"532,189\" data-comments-opened=\"1\" data-image-meta=\"{&quot;aperture&quot;:&quot;0&quot;,&quot;credit&quot;:&quot;&quot;,&quot;camera&quot;:&quot;&quot;,&quot;caption&quot;:&quot;&quot;,&quot;created_timestamp&quot;:&quot;0&quot;,&quot;copyright&quot;:&quot;&quot;,&quot;focal_length&quot;:&quot;0&quot;,&quot;iso&quot;:&quot;0&quot;,&quot;shutter_speed&quot;:&quot;0&quot;,&quot;title&quot;:&quot;&quot;}\" data-image-title=\"D&#8217;Alema Renzi smentita\" data-image-description=\"\" data-image-caption=\"\" data-medium-file=\"https:\/\/i0.wp.com\/www.robertosedda.it\/wp-content\/uploads\/2014\/02\/DAlema-Renzi-smentita.png?fit=300%2C106\" data-large-file=\"https:\/\/i0.wp.com\/www.robertosedda.it\/wp-content\/uploads\/2014\/02\/DAlema-Renzi-smentita.png?fit=510%2C181\" decoding=\"async\" loading=\"lazy\" class=\"aligncenter size-full wp-image-6578\" src=\"https:\/\/i0.wp.com\/www.robertosedda.it\/wp-content\/uploads\/2014\/02\/DAlema-Renzi-smentita.png?resize=532%2C189\" alt=\"D'Alema Renzi smentita\" width=\"532\" height=\"189\" srcset=\"https:\/\/i0.wp.com\/www.robertosedda.it\/wp-content\/uploads\/2014\/02\/DAlema-Renzi-smentita.png?w=532 532w, https:\/\/i0.wp.com\/www.robertosedda.it\/wp-content\/uploads\/2014\/02\/DAlema-Renzi-smentita.png?resize=150%2C53 150w, https:\/\/i0.wp.com\/www.robertosedda.it\/wp-content\/uploads\/2014\/02\/DAlema-Renzi-smentita.png?resize=300%2C106 300w\" sizes=\"(max-width: 532px) 100vw, 532px\" data-recalc-dims=\"1\" \/><\/a>L&#8217;utente ha ragione: ho controllato i dati e coincidono (quasi del tutto: il <em>PD<\/em> \u00e8 stato fondato a ottobre 2007, non nel 2008). A essere benevoli, il dirigente bancario si \u00e8 confuso: capita spesso, agli alti dirigenti bancari, infatti si vede come siamo conciati. A essere malevoli, la notizia \u00e8 falsa.<\/p>\n<p>La cosa interessante, per\u00f2, sono le reazioni. C&#8217;\u00e8, ovviamente, l&#8217;arrampicarsi sugli specchi:<\/p>\n<p><a href=\"https:\/\/i0.wp.com\/www.robertosedda.it\/wp-content\/uploads\/2014\/02\/DAlema-Renzi-sgniiiiik.jpg\"><img data-attachment-id=\"6581\" data-permalink=\"http:\/\/www.robertosedda.it\/?attachment_id=6581\" data-orig-file=\"https:\/\/i0.wp.com\/www.robertosedda.it\/wp-content\/uploads\/2014\/02\/DAlema-Renzi-sgniiiiik.jpg?fit=531%2C86\" data-orig-size=\"531,86\" data-comments-opened=\"1\" data-image-meta=\"{&quot;aperture&quot;:&quot;0&quot;,&quot;credit&quot;:&quot;&quot;,&quot;camera&quot;:&quot;&quot;,&quot;caption&quot;:&quot;&quot;,&quot;created_timestamp&quot;:&quot;0&quot;,&quot;copyright&quot;:&quot;&quot;,&quot;focal_length&quot;:&quot;0&quot;,&quot;iso&quot;:&quot;0&quot;,&quot;shutter_speed&quot;:&quot;0&quot;,&quot;title&quot;:&quot;&quot;}\" data-image-title=\"D&#8217;Alema Renzi sgniiiiik\" data-image-description=\"\" data-image-caption=\"\" data-medium-file=\"https:\/\/i0.wp.com\/www.robertosedda.it\/wp-content\/uploads\/2014\/02\/DAlema-Renzi-sgniiiiik.jpg?fit=300%2C48\" data-large-file=\"https:\/\/i0.wp.com\/www.robertosedda.it\/wp-content\/uploads\/2014\/02\/DAlema-Renzi-sgniiiiik.jpg?fit=510%2C83\" decoding=\"async\" loading=\"lazy\" class=\"size-full wp-image-6581 aligncenter\" src=\"https:\/\/i0.wp.com\/www.robertosedda.it\/wp-content\/uploads\/2014\/02\/DAlema-Renzi-sgniiiiik.jpg?resize=531%2C86\" alt=\"D'Alema Renzi sgniiiiik\" width=\"531\" height=\"86\" srcset=\"https:\/\/i0.wp.com\/www.robertosedda.it\/wp-content\/uploads\/2014\/02\/DAlema-Renzi-sgniiiiik.jpg?w=531 531w, https:\/\/i0.wp.com\/www.robertosedda.it\/wp-content\/uploads\/2014\/02\/DAlema-Renzi-sgniiiiik.jpg?resize=150%2C24 150w, https:\/\/i0.wp.com\/www.robertosedda.it\/wp-content\/uploads\/2014\/02\/DAlema-Renzi-sgniiiiik.jpg?resize=300%2C48 300w\" sizes=\"(max-width: 531px) 100vw, 531px\" data-recalc-dims=\"1\" \/><\/a>\u00abIl b\/n \u00e8 scenico\u00bb: ammetterete che \u00e8 un capolavoro. A me piace moltissimo. Fantastico. Ma il meglio deve ancora venire. Metto solo un paio di esempi dell&#8217;argomentazione prevalente, che pu\u00f2 essere riassunta come: \u00ab\u00c8 tutto un magna magna, signora mia\u00bb.<\/p>\n<p><a href=\"https:\/\/i0.wp.com\/www.robertosedda.it\/wp-content\/uploads\/2014\/02\/DAlema-Renzi-\u00e8-tutto-un-magna-magna.jpg\"><img data-attachment-id=\"6582\" data-permalink=\"http:\/\/www.robertosedda.it\/?attachment_id=6582\" data-orig-file=\"https:\/\/i0.wp.com\/www.robertosedda.it\/wp-content\/uploads\/2014\/02\/DAlema-Renzi-\u00e8-tutto-un-magna-magna.jpg?fit=316%2C165\" data-orig-size=\"316,165\" data-comments-opened=\"1\" data-image-meta=\"{&quot;aperture&quot;:&quot;0&quot;,&quot;credit&quot;:&quot;&quot;,&quot;camera&quot;:&quot;&quot;,&quot;caption&quot;:&quot;&quot;,&quot;created_timestamp&quot;:&quot;0&quot;,&quot;copyright&quot;:&quot;&quot;,&quot;focal_length&quot;:&quot;0&quot;,&quot;iso&quot;:&quot;0&quot;,&quot;shutter_speed&quot;:&quot;0&quot;,&quot;title&quot;:&quot;&quot;}\" data-image-title=\"D&#8217;Alema Renzi \u00e8 tutto un magna magna\" data-image-description=\"\" data-image-caption=\"\" data-medium-file=\"https:\/\/i0.wp.com\/www.robertosedda.it\/wp-content\/uploads\/2014\/02\/DAlema-Renzi-\u00e8-tutto-un-magna-magna.jpg?fit=300%2C156\" data-large-file=\"https:\/\/i0.wp.com\/www.robertosedda.it\/wp-content\/uploads\/2014\/02\/DAlema-Renzi-\u00e8-tutto-un-magna-magna.jpg?fit=316%2C165\" decoding=\"async\" loading=\"lazy\" class=\"aligncenter size-full wp-image-6582\" src=\"https:\/\/i0.wp.com\/www.robertosedda.it\/wp-content\/uploads\/2014\/02\/DAlema-Renzi-\u00e8-tutto-un-magna-magna.jpg?resize=316%2C165\" alt=\"D'Alema Renzi \u00e8 tutto un magna magna\" width=\"316\" height=\"165\" srcset=\"https:\/\/i0.wp.com\/www.robertosedda.it\/wp-content\/uploads\/2014\/02\/DAlema-Renzi-\u00e8-tutto-un-magna-magna.jpg?w=316 316w, https:\/\/i0.wp.com\/www.robertosedda.it\/wp-content\/uploads\/2014\/02\/DAlema-Renzi-\u00e8-tutto-un-magna-magna.jpg?resize=150%2C78 150w, https:\/\/i0.wp.com\/www.robertosedda.it\/wp-content\/uploads\/2014\/02\/DAlema-Renzi-\u00e8-tutto-un-magna-magna.jpg?resize=300%2C156 300w\" sizes=\"(max-width: 316px) 100vw, 316px\" data-recalc-dims=\"1\" \/><\/a><a href=\"https:\/\/i0.wp.com\/www.robertosedda.it\/wp-content\/uploads\/2014\/02\/DAlema-Renzi-\u00e8-tutto-un-magna-magna1.jpg\"><img data-attachment-id=\"6583\" data-permalink=\"http:\/\/www.robertosedda.it\/?attachment_id=6583\" data-orig-file=\"https:\/\/i0.wp.com\/www.robertosedda.it\/wp-content\/uploads\/2014\/02\/DAlema-Renzi-\u00e8-tutto-un-magna-magna1.jpg?fit=615%2C159\" data-orig-size=\"615,159\" data-comments-opened=\"1\" data-image-meta=\"{&quot;aperture&quot;:&quot;0&quot;,&quot;credit&quot;:&quot;&quot;,&quot;camera&quot;:&quot;&quot;,&quot;caption&quot;:&quot;&quot;,&quot;created_timestamp&quot;:&quot;0&quot;,&quot;copyright&quot;:&quot;&quot;,&quot;focal_length&quot;:&quot;0&quot;,&quot;iso&quot;:&quot;0&quot;,&quot;shutter_speed&quot;:&quot;0&quot;,&quot;title&quot;:&quot;&quot;}\" data-image-title=\"D&#8217;Alema Renzi \u00e8 tutto un magna magna1\" data-image-description=\"\" data-image-caption=\"\" data-medium-file=\"https:\/\/i0.wp.com\/www.robertosedda.it\/wp-content\/uploads\/2014\/02\/DAlema-Renzi-\u00e8-tutto-un-magna-magna1.jpg?fit=300%2C77\" data-large-file=\"https:\/\/i0.wp.com\/www.robertosedda.it\/wp-content\/uploads\/2014\/02\/DAlema-Renzi-\u00e8-tutto-un-magna-magna1.jpg?fit=510%2C132\" decoding=\"async\" loading=\"lazy\" class=\"aligncenter size-full wp-image-6583\" src=\"https:\/\/i0.wp.com\/www.robertosedda.it\/wp-content\/uploads\/2014\/02\/DAlema-Renzi-\u00e8-tutto-un-magna-magna1.jpg?resize=615%2C159\" alt=\"D'Alema Renzi \u00e8 tutto un magna magna1\" width=\"615\" height=\"159\" srcset=\"https:\/\/i0.wp.com\/www.robertosedda.it\/wp-content\/uploads\/2014\/02\/DAlema-Renzi-\u00e8-tutto-un-magna-magna1.jpg?w=615 615w, https:\/\/i0.wp.com\/www.robertosedda.it\/wp-content\/uploads\/2014\/02\/DAlema-Renzi-\u00e8-tutto-un-magna-magna1.jpg?resize=150%2C38 150w, https:\/\/i0.wp.com\/www.robertosedda.it\/wp-content\/uploads\/2014\/02\/DAlema-Renzi-\u00e8-tutto-un-magna-magna1.jpg?resize=300%2C77 300w\" sizes=\"(max-width: 615px) 100vw, 615px\" data-recalc-dims=\"1\" \/><\/a><a href=\"https:\/\/i0.wp.com\/www.robertosedda.it\/wp-content\/uploads\/2014\/02\/DAlema-Renzi-\u00e8-tutto-un-magna-magna2.jpg\"><img data-attachment-id=\"6584\" data-permalink=\"http:\/\/www.robertosedda.it\/?attachment_id=6584\" data-orig-file=\"https:\/\/i0.wp.com\/www.robertosedda.it\/wp-content\/uploads\/2014\/02\/DAlema-Renzi-\u00e8-tutto-un-magna-magna2.jpg?fit=610%2C182\" data-orig-size=\"610,182\" data-comments-opened=\"1\" data-image-meta=\"{&quot;aperture&quot;:&quot;0&quot;,&quot;credit&quot;:&quot;&quot;,&quot;camera&quot;:&quot;&quot;,&quot;caption&quot;:&quot;&quot;,&quot;created_timestamp&quot;:&quot;0&quot;,&quot;copyright&quot;:&quot;&quot;,&quot;focal_length&quot;:&quot;0&quot;,&quot;iso&quot;:&quot;0&quot;,&quot;shutter_speed&quot;:&quot;0&quot;,&quot;title&quot;:&quot;&quot;}\" data-image-title=\"D&#8217;Alema Renzi \u00e8 tutto un magna magna2\" data-image-description=\"\" data-image-caption=\"\" data-medium-file=\"https:\/\/i0.wp.com\/www.robertosedda.it\/wp-content\/uploads\/2014\/02\/DAlema-Renzi-\u00e8-tutto-un-magna-magna2.jpg?fit=300%2C89\" data-large-file=\"https:\/\/i0.wp.com\/www.robertosedda.it\/wp-content\/uploads\/2014\/02\/DAlema-Renzi-\u00e8-tutto-un-magna-magna2.jpg?fit=510%2C152\" decoding=\"async\" loading=\"lazy\" class=\"aligncenter size-full wp-image-6584\" src=\"https:\/\/i0.wp.com\/www.robertosedda.it\/wp-content\/uploads\/2014\/02\/DAlema-Renzi-\u00e8-tutto-un-magna-magna2.jpg?resize=610%2C182\" alt=\"D'Alema Renzi \u00e8 tutto un magna magna2\" width=\"610\" height=\"182\" srcset=\"https:\/\/i0.wp.com\/www.robertosedda.it\/wp-content\/uploads\/2014\/02\/DAlema-Renzi-\u00e8-tutto-un-magna-magna2.jpg?w=610 610w, https:\/\/i0.wp.com\/www.robertosedda.it\/wp-content\/uploads\/2014\/02\/DAlema-Renzi-\u00e8-tutto-un-magna-magna2.jpg?resize=150%2C44 150w, https:\/\/i0.wp.com\/www.robertosedda.it\/wp-content\/uploads\/2014\/02\/DAlema-Renzi-\u00e8-tutto-un-magna-magna2.jpg?resize=300%2C89 300w\" sizes=\"(max-width: 610px) 100vw, 610px\" data-recalc-dims=\"1\" \/><\/a><a href=\"https:\/\/i0.wp.com\/www.robertosedda.it\/wp-content\/uploads\/2014\/02\/DAlema-Renzi-\u00e8-tutto-un-magna-magna4.jpg\"><img data-attachment-id=\"6585\" data-permalink=\"http:\/\/www.robertosedda.it\/?attachment_id=6585\" data-orig-file=\"https:\/\/i0.wp.com\/www.robertosedda.it\/wp-content\/uploads\/2014\/02\/DAlema-Renzi-\u00e8-tutto-un-magna-magna4.jpg?fit=615%2C176\" data-orig-size=\"615,176\" data-comments-opened=\"1\" data-image-meta=\"{&quot;aperture&quot;:&quot;0&quot;,&quot;credit&quot;:&quot;&quot;,&quot;camera&quot;:&quot;&quot;,&quot;caption&quot;:&quot;&quot;,&quot;created_timestamp&quot;:&quot;0&quot;,&quot;copyright&quot;:&quot;&quot;,&quot;focal_length&quot;:&quot;0&quot;,&quot;iso&quot;:&quot;0&quot;,&quot;shutter_speed&quot;:&quot;0&quot;,&quot;title&quot;:&quot;&quot;}\" data-image-title=\"D&#8217;Alema Renzi \u00e8 tutto un magna magna4\" data-image-description=\"\" data-image-caption=\"\" data-medium-file=\"https:\/\/i0.wp.com\/www.robertosedda.it\/wp-content\/uploads\/2014\/02\/DAlema-Renzi-\u00e8-tutto-un-magna-magna4.jpg?fit=300%2C85\" data-large-file=\"https:\/\/i0.wp.com\/www.robertosedda.it\/wp-content\/uploads\/2014\/02\/DAlema-Renzi-\u00e8-tutto-un-magna-magna4.jpg?fit=510%2C146\" decoding=\"async\" loading=\"lazy\" class=\"aligncenter size-full wp-image-6585\" src=\"https:\/\/i0.wp.com\/www.robertosedda.it\/wp-content\/uploads\/2014\/02\/DAlema-Renzi-\u00e8-tutto-un-magna-magna4.jpg?resize=615%2C176\" alt=\"D'Alema Renzi \u00e8 tutto un magna magna4\" width=\"615\" height=\"176\" srcset=\"https:\/\/i0.wp.com\/www.robertosedda.it\/wp-content\/uploads\/2014\/02\/DAlema-Renzi-\u00e8-tutto-un-magna-magna4.jpg?w=615 615w, https:\/\/i0.wp.com\/www.robertosedda.it\/wp-content\/uploads\/2014\/02\/DAlema-Renzi-\u00e8-tutto-un-magna-magna4.jpg?resize=150%2C42 150w, https:\/\/i0.wp.com\/www.robertosedda.it\/wp-content\/uploads\/2014\/02\/DAlema-Renzi-\u00e8-tutto-un-magna-magna4.jpg?resize=300%2C85 300w\" sizes=\"(max-width: 615px) 100vw, 615px\" data-recalc-dims=\"1\" \/><\/a>E anche per lo <em>staff<\/em> l&#8217;appartenenza a due partiti diversi, la mancanza di corrispondenza di date, il &#8220;clamoroso&#8221; sparato nel titolo, la mancanza di fonti&#8230; non impensierisce:<\/p>\n<p><a href=\"https:\/\/i0.wp.com\/www.robertosedda.it\/wp-content\/uploads\/2014\/02\/DAlema-Renzi-\u00e8-tutto-un-magna-magna3.jpg\"><img data-attachment-id=\"6586\" data-permalink=\"http:\/\/www.robertosedda.it\/?attachment_id=6586\" data-orig-file=\"https:\/\/i0.wp.com\/www.robertosedda.it\/wp-content\/uploads\/2014\/02\/DAlema-Renzi-\u00e8-tutto-un-magna-magna3.jpg?fit=655%2C210\" data-orig-size=\"655,210\" data-comments-opened=\"1\" data-image-meta=\"{&quot;aperture&quot;:&quot;0&quot;,&quot;credit&quot;:&quot;&quot;,&quot;camera&quot;:&quot;&quot;,&quot;caption&quot;:&quot;&quot;,&quot;created_timestamp&quot;:&quot;0&quot;,&quot;copyright&quot;:&quot;&quot;,&quot;focal_length&quot;:&quot;0&quot;,&quot;iso&quot;:&quot;0&quot;,&quot;shutter_speed&quot;:&quot;0&quot;,&quot;title&quot;:&quot;&quot;}\" data-image-title=\"D&#8217;Alema Renzi \u00e8 tutto un magna magna3\" data-image-description=\"\" data-image-caption=\"\" data-medium-file=\"https:\/\/i0.wp.com\/www.robertosedda.it\/wp-content\/uploads\/2014\/02\/DAlema-Renzi-\u00e8-tutto-un-magna-magna3.jpg?fit=300%2C96\" data-large-file=\"https:\/\/i0.wp.com\/www.robertosedda.it\/wp-content\/uploads\/2014\/02\/DAlema-Renzi-\u00e8-tutto-un-magna-magna3.jpg?fit=510%2C164\" decoding=\"async\" loading=\"lazy\" class=\"aligncenter size-full wp-image-6586\" src=\"https:\/\/i0.wp.com\/www.robertosedda.it\/wp-content\/uploads\/2014\/02\/DAlema-Renzi-\u00e8-tutto-un-magna-magna3.jpg?resize=655%2C210\" alt=\"D'Alema Renzi \u00e8 tutto un magna magna3\" width=\"655\" height=\"210\" srcset=\"https:\/\/i0.wp.com\/www.robertosedda.it\/wp-content\/uploads\/2014\/02\/DAlema-Renzi-\u00e8-tutto-un-magna-magna3.jpg?w=655 655w, https:\/\/i0.wp.com\/www.robertosedda.it\/wp-content\/uploads\/2014\/02\/DAlema-Renzi-\u00e8-tutto-un-magna-magna3.jpg?resize=150%2C48 150w, https:\/\/i0.wp.com\/www.robertosedda.it\/wp-content\/uploads\/2014\/02\/DAlema-Renzi-\u00e8-tutto-un-magna-magna3.jpg?resize=300%2C96 300w\" sizes=\"(max-width: 655px) 100vw, 655px\" data-recalc-dims=\"1\" \/><\/a>Allora: si potrebbero trarre diverse conclusioni da questo episodio minore. Dello stile di comunicazione del <em>Movimento 5 Stelle <\/em>non mi interessa parlare: credo si commenti da solo.<\/p>\n<p>Mi interessa di pi\u00f9 la reazione dei frequentatori del sito, tetragoni a qualunque evidenza. Sarebbe facile mettere in evidenza le carenze politiche e culturali, il fatto che l&#8217;ansia polemica spinge a incamminarsi su sentieri della giustificazione ad ogni costo che sfiderebbero anche la credulit\u00e0 di mia nipote di sei anni.<\/p>\n<p>Troppo comodo. Troppo facile passare semplicemente per sprovveduti.<\/p>\n<p>Perch\u00e9 il meccanismo: &#8220;io ti accuso &#8211; tu mi smonti l&#8217;accusa &#8211; io ti dico che comunque c&#8217;ho ragione lo stesso&#8221; \u00e8 stato messo in scena da un uomo saggio di molti secoli fa, e la sua conclusione, coloro ai quali applica la sua favola, non \u00e8 rivolta agli ingenui, ma ai perversi:<\/p>\n<blockquote><p>Un lupo e un agnello, spinti dalla sete, vanno allo stesso ruscello.<\/p>\n<p>Il lupo sta pi\u00f9 in alto e, un po&#8217; pi\u00f9 lontano, in basso, l&#8217;agnello.<\/p>\n<p>Allora il malvagio, incitato dalla gola insaziabile, cerca una causa di litigio.<\/p>\n<p>\u00abPerch\u00e9 &#8211; dice &#8211; mi hai fatto diventare torbida l&#8217;acqua che sto bevendo?\u00bb<\/p>\n<p>E l&#8217;agnello, tremando:<\/p>\n<p>\u00abCome posso &#8211; dice &#8211; fare quello che lamenti, lupo? L&#8217;acqua scorre da te alle mie sorsate!\u00bb<\/p>\n<p>Quello, respinto dalla forza della verit\u00e0:<\/p>\n<p>\u00abSei mesi fa &#8211; aggiunge &#8211; hai parlato male di me!\u00bb<\/p>\n<p>Risponde l&#8217;agnello:<\/p>\n<p>\u00abMa veramente&#8230; non ero ancora nato!\u00bb<\/p>\n<p>\u00abPer Ercole! Tuo padre &#8211; dice &#8211; ha parlato male di me!\u00bb<\/p>\n<p>E cos\u00ec, lo afferra e lo uccide dandogli una morte ingiusta.<\/p>\n<p>Questa favola \u00e8 scritta per quegli uomini che opprimono gli innocenti con falsi pretesti.<\/p><\/blockquote>\n","protected":false},"excerpt":{"rendered":"<p>Il 20 febbraio sul sito di Beppe Grillo viene pubblicata la notizia di un complotto veramente inquietante. Il lancio della<\/p>\n","protected":false},"author":1,"featured_media":6577,"comment_status":"open","ping_status":"open","sticky":false,"template":"","format":"standard","meta":{"_mi_skip_tracking":false,"_monsterinsights_sitenote_active":false,"_monsterinsights_sitenote_note":"","_monsterinsights_sitenote_category":0,"jetpack_post_was_ever_published":false,"_jetpack_newsletter_access":"","jetpack_publicize_message":"","jetpack_is_tweetstorm":false,"jetpack_publicize_feature_enabled":true,"jetpack_social_post_already_shared":true,"jetpack_social_options":{"image_generator_settings":{"template":"highway","enabled":false}}},"categories":[52,64,55,17,16],"tags":[],"jetpack_publicize_connections":[],"jetpack_featured_media_url":"https:\/\/i0.wp.com\/www.robertosedda.it\/wp-content\/uploads\/2014\/02\/DAlema-Renzi-undici-anni-prima.png?fit=995%2C553","jetpack_sharing_enabled":true,"jetpack_shortlink":"https:\/\/wp.me\/p4jV2T-1I4","jetpack_likes_enabled":true,"jetpack-related-posts":[{"id":13450,"url":"http:\/\/www.robertosedda.it\/?p=13450","url_meta":{"origin":6576,"position":0},"title":"La fabbrica delle bugie","author":"Rufus","date":"22\/03\/2017","format":false,"excerpt":"Sapete che mi piace Brecht. Stamattina riflettevo sui\u00a0social e un po' di cose collegate (compreso l'ignobile starnazzo legato\u00a0ai confronti fra donne dell'Est e italiane e\u00a0altri clamorosi casi di fragorosi tonfi dal pero a scoppio ritardato) e mi sono ricordato del vecchio Bertolt: Hollywood Ogni mattina, per guadagnarmi da vivere, vado\u2026","rel":"","context":"In &quot;Coordinate&quot;","block_context":{"text":"Coordinate","link":"http:\/\/www.robertosedda.it\/?cat=52"},"img":{"alt_text":"","src":"https:\/\/i0.wp.com\/www.robertosedda.it\/wp-content\/uploads\/2015\/09\/Brecht.jpg?fit=405%2C350&resize=350%2C200","width":350,"height":200},"classes":[]},{"id":164,"url":"http:\/\/www.robertosedda.it\/?p=164","url_meta":{"origin":6576,"position":1},"title":"Un pasticcio riprovevole","author":"Rufus","date":"21\/08\/2012","format":false,"excerpt":"Notte a Is Arenas (Pansa, Il Maestrale 2010) Notte a Is Arenas di Giampaolo Pansa\u00a0ha una trama arruffata e poco credibile, personaggi di cartapesta e una scrittura banale e sciatta, che oltretutto non trova mai il passo giusto, e dialoghi irreali. A questi difetti, in s\u00e9 esiziali, si aggiungono una\u2026","rel":"","context":"In &quot;Coordinate&quot;","block_context":{"text":"Coordinate","link":"http:\/\/www.robertosedda.it\/?cat=52"},"img":{"alt_text":"","src":"","width":0,"height":0},"classes":[]},{"id":17061,"url":"http:\/\/www.robertosedda.it\/?p=17061","url_meta":{"origin":6576,"position":2},"title":"Un giorno a Cagliari","author":"Rufus","date":"24\/08\/2019","format":false,"excerpt":"Vedo che Cagliari ha un nuovo video istituzionale di presentazione per i turisti. https:\/\/www.youtube.com\/watch?v=V0zYpeuUA2E&fbclid=IwAR1ywZfCwsJVj1PeijRzLzjE6_x6cmtZUfmKRGOS_yDmNxZDOhPCuxbMjKI Resto un pochino perplesso per un paio di insistenze su certi esercizi commerciali rispetto ad altri, per alcune clamorose omissioni (niente Museo Archeologico, niente lungomare Poetto con quelli che fanno sport o si godono la vita,\u2026","rel":"","context":"In &quot;Coordinate&quot;","block_context":{"text":"Coordinate","link":"http:\/\/www.robertosedda.it\/?cat=52"},"img":{"alt_text":"","src":"https:\/\/i0.wp.com\/www.robertosedda.it\/wp-content\/uploads\/2019\/08\/Logo-Cagliari.jpg?fit=1200%2C758&resize=350%2C200","width":350,"height":200,"srcset":"https:\/\/i0.wp.com\/www.robertosedda.it\/wp-content\/uploads\/2019\/08\/Logo-Cagliari.jpg?fit=1200%2C758&resize=350%2C200 1x, https:\/\/i0.wp.com\/www.robertosedda.it\/wp-content\/uploads\/2019\/08\/Logo-Cagliari.jpg?fit=1200%2C758&resize=700%2C400 2x, https:\/\/i0.wp.com\/www.robertosedda.it\/wp-content\/uploads\/2019\/08\/Logo-Cagliari.jpg?fit=1200%2C758&resize=1050%2C600 3x"},"classes":[]},{"id":14380,"url":"http:\/\/www.robertosedda.it\/?p=14380","url_meta":{"origin":6576,"position":3},"title":"Altro che Accademia della Crusca","author":"Rufus","date":"01\/12\/2017","format":false,"excerpt":"Grazie alla segnalazione di Mashable e Motherboard ho scoperto che la National Security Agency, oltre a controllare i telefoni di mezzo mondo, ha un suo bollettino interno e in questo bollettino interno ha una rubrica dedicata alla grammatica, probabilmente al fine di permettere all'agente segreto di redigere i propri rapporti\u2026","rel":"","context":"In &quot;Coordinate&quot;","block_context":{"text":"Coordinate","link":"http:\/\/www.robertosedda.it\/?cat=52"},"img":{"alt_text":"","src":"https:\/\/i0.wp.com\/www.robertosedda.it\/wp-content\/uploads\/2017\/12\/NSA-meme.jpg?fit=311%2C307&resize=350%2C200","width":350,"height":200},"classes":[]},{"id":15463,"url":"http:\/\/www.robertosedda.it\/?p=15463","url_meta":{"origin":6576,"position":4},"title":"Come battere l&#8217;algoritmo di Facebook","author":"Rufus","date":"12\/07\/2018","format":false,"excerpt":"Vedo passare sulle bacheche di diversi miei contatti un testo che riguarda il modo di\u00a0bypassare il presunto nuovo algoritmo di\u00a0Facebook per evitare che ti faccia vedere sempre e solo i soliti venticinque amici. Ora, \u00e8 chiaro che \u00e8 una bufala, che tra l'altro girava pi\u00f9 o meno uguale un paio\u2026","rel":"","context":"In &quot;Coordinate&quot;","block_context":{"text":"Coordinate","link":"http:\/\/www.robertosedda.it\/?cat=52"},"img":{"alt_text":"","src":"https:\/\/i0.wp.com\/www.robertosedda.it\/wp-content\/uploads\/2018\/07\/Algoritmo-1.jpg?fit=1195%2C707&resize=350%2C200","width":350,"height":200,"srcset":"https:\/\/i0.wp.com\/www.robertosedda.it\/wp-content\/uploads\/2018\/07\/Algoritmo-1.jpg?fit=1195%2C707&resize=350%2C200 1x, https:\/\/i0.wp.com\/www.robertosedda.it\/wp-content\/uploads\/2018\/07\/Algoritmo-1.jpg?fit=1195%2C707&resize=700%2C400 2x, https:\/\/i0.wp.com\/www.robertosedda.it\/wp-content\/uploads\/2018\/07\/Algoritmo-1.jpg?fit=1195%2C707&resize=1050%2C600 3x"},"classes":[]},{"id":9491,"url":"http:\/\/www.robertosedda.it\/?p=9491","url_meta":{"origin":6576,"position":5},"title":"Avventure di giochi di ruolo in villaggetti dell&#8217;Alaska (e la catena alimentare del giornalismo) &#8211; 1","author":"Rufus","date":"29\/01\/2015","format":false,"excerpt":"Premessa: questo \u00e8 un articolo di giochi di ruolo. Ma siccome sono incapace di fare le cose semplici, per arrivarci far\u00f2 prima un largo giro e parler\u00f2 di giornalismo, nostrano o meno. Quindi chi \u00e8 interessato ai giochi vada alla terza\u00a0parte, chi \u00e8 interessato a come si costruiscono le notizie\u2026","rel":"","context":"In &quot;Coordinate&quot;","block_context":{"text":"Coordinate","link":"http:\/\/www.robertosedda.it\/?cat=52"},"img":{"alt_text":"","src":"https:\/\/i0.wp.com\/www.robertosedda.it\/wp-content\/uploads\/2015\/01\/Whittier-by-Jen-Kinney.jpg?fit=803%2C800&resize=350%2C200","width":350,"height":200,"srcset":"https:\/\/i0.wp.com\/www.robertosedda.it\/wp-content\/uploads\/2015\/01\/Whittier-by-Jen-Kinney.jpg?fit=803%2C800&resize=350%2C200 1x, https:\/\/i0.wp.com\/www.robertosedda.it\/wp-content\/uploads\/2015\/01\/Whittier-by-Jen-Kinney.jpg?fit=803%2C800&resize=700%2C400 2x"},"classes":[]}],"_links":{"self":[{"href":"http:\/\/www.robertosedda.it\/index.php?rest_route=\/wp\/v2\/posts\/6576"}],"collection":[{"href":"http:\/\/www.robertosedda.it\/index.php?rest_route=\/wp\/v2\/posts"}],"about":[{"href":"http:\/\/www.robertosedda.it\/index.php?rest_route=\/wp\/v2\/types\/post"}],"author":[{"embeddable":true,"href":"http:\/\/www.robertosedda.it\/index.php?rest_route=\/wp\/v2\/users\/1"}],"replies":[{"embeddable":true,"href":"http:\/\/www.robertosedda.it\/index.php?rest_route=%2Fwp%2Fv2%2Fcomments&post=6576"}],"version-history":[{"count":13,"href":"http:\/\/www.robertosedda.it\/index.php?rest_route=\/wp\/v2\/posts\/6576\/revisions"}],"predecessor-version":[{"id":11604,"href":"http:\/\/www.robertosedda.it\/index.php?rest_route=\/wp\/v2\/posts\/6576\/revisions\/11604"}],"wp:featuredmedia":[{"embeddable":true,"href":"http:\/\/www.robertosedda.it\/index.php?rest_route=\/wp\/v2\/media\/6577"}],"wp:attachment":[{"href":"http:\/\/www.robertosedda.it\/index.php?rest_route=%2Fwp%2Fv2%2Fmedia&parent=6576"}],"wp:term":[{"taxonomy":"category","embeddable":true,"href":"http:\/\/www.robertosedda.it\/index.php?rest_route=%2Fwp%2Fv2%2Fcategories&post=6576"},{"taxonomy":"post_tag","embeddable":true,"href":"http:\/\/www.robertosedda.it\/index.php?rest_route=%2Fwp%2Fv2%2Ftags&post=6576"}],"curies":[{"name":"wp","href":"https:\/\/api.w.org\/{rel}","templated":true}]}}