{"id":657,"date":"2012-08-23T11:47:06","date_gmt":"2012-08-23T09:47:06","guid":{"rendered":"http:\/\/www.robertosedda.it\/?p=657"},"modified":"2012-08-23T11:52:21","modified_gmt":"2012-08-23T09:52:21","slug":"non-poteva-funzionare","status":"publish","type":"post","link":"http:\/\/www.robertosedda.it\/?p=657","title":{"rendered":"Non poteva funzionare"},"content":{"rendered":"<p>Credo di avere sentito parlare per la prima volta di Banca Popolare Etica nell\u2019ottobre del 1995; un amico trasferitosi a Viterbo per studiare era entrato a far parte del GIT locale e ci segnal\u00f2 una presentazione pubblica che si doveva tenere a Cagliari. Mia moglie, che l\u2019ha sempre saputa molto pi\u00f9 lunga di me, insistette per andare e cos\u00ec ci ritrovammo in quattro gatti in una sala dell\u2019Universit\u00e0 a sentir parlare di questa strana banca che si voleva fondare.<\/p>\n<p>Posso permettermi di dirlo con franchezza, adesso: quella presentazione non mi fece una grossa impressione. Ero molto imbevuto di idee economiche ultraortodosse, e semplicemente mi dissi che \u201cnon poteva funzionare\u201d. A mia moglie, invece, l\u2019idea piacque parecchio.<\/p>\n<figure id=\"attachment_658\" aria-describedby=\"caption-attachment-658\" style=\"width: 300px\" class=\"wp-caption alignright\"><a href=\"https:\/\/i0.wp.com\/www.robertosedda.it\/wp-content\/uploads\/2012\/08\/8930_1166680499070_1260200_n.jpg\"><img data-attachment-id=\"658\" data-permalink=\"http:\/\/www.robertosedda.it\/?attachment_id=658\" data-orig-file=\"https:\/\/i0.wp.com\/www.robertosedda.it\/wp-content\/uploads\/2012\/08\/8930_1166680499070_1260200_n.jpg?fit=604%2C453\" data-orig-size=\"604,453\" data-comments-opened=\"1\" data-image-meta=\"{&quot;aperture&quot;:&quot;0&quot;,&quot;credit&quot;:&quot;&quot;,&quot;camera&quot;:&quot;&quot;,&quot;caption&quot;:&quot;&quot;,&quot;created_timestamp&quot;:&quot;0&quot;,&quot;copyright&quot;:&quot;&quot;,&quot;focal_length&quot;:&quot;0&quot;,&quot;iso&quot;:&quot;0&quot;,&quot;shutter_speed&quot;:&quot;0&quot;,&quot;title&quot;:&quot;&quot;}\" data-image-title=\"8930_1166680499070_1260200_n\" data-image-description=\"\" data-image-caption=\"&lt;p&gt;Io e Maria Bonaria con Jos\u00e9, un socio francese della NEF&lt;\/p&gt;\n\" data-medium-file=\"https:\/\/i0.wp.com\/www.robertosedda.it\/wp-content\/uploads\/2012\/08\/8930_1166680499070_1260200_n.jpg?fit=300%2C225\" data-large-file=\"https:\/\/i0.wp.com\/www.robertosedda.it\/wp-content\/uploads\/2012\/08\/8930_1166680499070_1260200_n.jpg?fit=510%2C383\" decoding=\"async\" loading=\"lazy\" class=\"size-medium wp-image-658\" title=\"8930_1166680499070_1260200_n\" src=\"https:\/\/i0.wp.com\/www.robertosedda.it\/wp-content\/uploads\/2012\/08\/8930_1166680499070_1260200_n.jpg?resize=300%2C225\" alt=\"\" width=\"300\" height=\"225\" srcset=\"https:\/\/i0.wp.com\/www.robertosedda.it\/wp-content\/uploads\/2012\/08\/8930_1166680499070_1260200_n.jpg?resize=300%2C225 300w, https:\/\/i0.wp.com\/www.robertosedda.it\/wp-content\/uploads\/2012\/08\/8930_1166680499070_1260200_n.jpg?resize=268%2C200 268w, https:\/\/i0.wp.com\/www.robertosedda.it\/wp-content\/uploads\/2012\/08\/8930_1166680499070_1260200_n.jpg?w=604 604w\" sizes=\"(max-width: 300px) 100vw, 300px\" data-recalc-dims=\"1\" \/><\/a><figcaption id=\"caption-attachment-658\" class=\"wp-caption-text\">Io e Maria Bonaria con Jos\u00e9, un socio francese della NEF<\/figcaption><\/figure>\n<p>L\u2019anno seguente, durante la famosa crisi durante la quale la Banca d\u2019Italia spost\u00f2 l\u2019obiettivo della raccolta del capitale sociale [per costituire\u00a0Banca Etica]\u00a0da due miliardi e mezzo a dodici, la banca\u00a0 decise di promuovere dei corsi di formazione per soci referenti delle zone non ancora coperte da GIT, tra cui la Sardegna. Un altro amico ci segnal\u00f2 la cosa e mia moglie, che continuava a saperla molto pi\u00f9 lunga di me, mi convinse a presentare domanda con lei. Sorprendentemente, fummo accettati, ma io continuavo a essere scettico: ricordo che nel primo seminario dissi papale papale a Mario Cavani e Fabio Silva (due vicepresidenti della futura Banca!) che secondo me non poteva funzionare e che li sfidavo a convincermi. Ah-ah! Questo dimostra quanto ero giovane e stupido! E, considerando che al termine di quella settimana di formazione non c\u2019era al mondo sostenitore della Banca Etica pi\u00f9 convinto di me, dimostra anche quanto erano bravi loro come formatori. E naturalmente, dimostra ancora una volta che mia moglie effettivamente la sapeva molto pi\u00f9 lunga di me.<\/p>\n<p>Tornati a Cagliari, costituimmo finalmente il primo gruppo di intervento territoriale locale, aggregando pian piano le persone e le organizzazioni che avevano gi\u00e0 aderito alla Banca, e imparando a stringere relazioni, alcune anche impensate. Qui, l\u2019accento va su relazioni e impensate.<\/p>\n<p>Il tema della relazione \u00e8 quello che fa da sottofondo in maniera pi\u00f9 costante alla vita del nostro GIT; noi stessi siamo entrati dentro il progetto di Banca Etica grazie al passaparola di amici, e cos\u00ec credo per la stragrande maggioranza dei nuovi soci. E poi i momenti di grazia del GIT sono sempre stati quelli in cui si \u00e8 stati capaci di lavorare sulle relazioni fra i soci, rendendo ciascuno parte non solo di un progetto astratto ma piuttosto di una realt\u00e0 vorrei dire piuttosto materiale, fatta di persone concrete, incontri (e scontri!) faccia a faccia, tempo passato insieme, che fosse ai banchetti per strada o in interminabili riunioni (e al contrario, un vago senso di colpa mi coglie sempre quando penso ai soci che non frequentano o che non conosco, e mi chiedo se non sia perch\u00e9 non abbiamo saputo costruire relazioni personali con ciascuno di loro). \u00c8 una eredit\u00e0 che credo ci abbia aiutato anche nelle nostre ultime realizzazioni, come il progetto <em>Nuove Officine<\/em>.<\/p>\n<p>Per me personalmente, la vita con la Bancaha comportato piuttosto una scoperta continua: di stili di vita insospettati, di persone fantastiche intente caparbiamente a migliorare il mondo, di soluzioni geniali e semplicissime (dopo averci pensato, naturalmente) a problemi sociali apparentemente insolubili. E ricordo di essere andato in viaggio di nozze a Riace (sempre grazie a un\u2019idea di mia moglie), di essere stato accolto con grande amicizia e poi, appena dichiarata l\u2019appartenenza a &#8220;Banca Etica&#8221;, di essere stato messo a compilare moduli per richieste di finanziamento, \u00abperch\u00e9 tu te ne intendi\u00bb. Io, che per i ragazzi della cooperativo nutrivo una ammirazione sconfinata e osservavo con stupore il loro progetto. Relazioni e sorprese, appunto.<\/p>\n<p>Certo, in Sardegna per molto tempo, non essendoci una operativit\u00e0 immediata della Banca, alcuni dei progetti finanziati di cui leggevamo su <em>BancaNote<\/em> acquisivano un tono un po\u2019 leggendario, ed \u00e8 sempre stato importante che qualcuno, di ritorno \u201cdal Continente\u201d raccontasse le esperienze dirette, da come era fatta la filiale di Roma a come era concretamente fatta questa benedetta Abbazia di Lanuvio (peraltro la comparsa dei prodotti dei monaci sugli scaffali della Bottega e della Conad locale fu salutata come una vittoria epocale).<\/p>\n<p>Naturalmente, adesso non \u00e8 pi\u00f9 cos\u00ec; con la presenza del banchiere ambulante stiamo entrando in una situazione completamente nuova, come il passaggio alla maturit\u00e0. Certo, valeva la pena di faticare per arrivarci, e credo che valga ancora la pena di crederci e volerci lavorare anche per chi \u00e8 socio da tanto tempo\u2026 ma certo a me l\u2019idea che fra due anni o tre ci possa essere una filiale a Cagliari continua a sembrare una sorta di miracolo improbabile. L\u2019altro giorno ho detto a mia moglie: \u00abMa tu, ci avresti mai creduto che avremmo avuto una filiale a Cagliari, un giorno?\u00bb. Lei mi ha guardato come se io mi stessi meravigliando perch\u00e9 il sole sorge tutte le mattine, e mi ha detto: \u00abCerto!\u00bb. Ma del resto, mia moglie l\u2019ha sempre saputa molto pi\u00f9 lunga di me.<\/p>\n","protected":false},"excerpt":{"rendered":"<p>Credo di avere sentito parlare per la prima volta di Banca Popolare Etica nell\u2019ottobre del 1995; un amico trasferitosi a<\/p>\n","protected":false},"author":1,"featured_media":658,"comment_status":"open","ping_status":"open","sticky":false,"template":"","format":"standard","meta":{"_mi_skip_tracking":false,"_monsterinsights_sitenote_active":false,"_monsterinsights_sitenote_note":"","_monsterinsights_sitenote_category":0,"jetpack_post_was_ever_published":false,"_jetpack_newsletter_access":"","jetpack_publicize_message":"","jetpack_is_tweetstorm":false,"jetpack_publicize_feature_enabled":true,"jetpack_social_post_already_shared":false,"jetpack_social_options":{"image_generator_settings":{"template":"highway","enabled":false}}},"categories":[72,52,55,18,16],"tags":[],"jetpack_publicize_connections":[],"jetpack_featured_media_url":"https:\/\/i0.wp.com\/www.robertosedda.it\/wp-content\/uploads\/2012\/08\/8930_1166680499070_1260200_n.jpg?fit=604%2C453","jetpack_sharing_enabled":true,"jetpack_shortlink":"https:\/\/wp.me\/p4jV2T-aB","jetpack_likes_enabled":true,"jetpack-related-posts":[{"id":6140,"url":"http:\/\/www.robertosedda.it\/?p=6140","url_meta":{"origin":657,"position":0},"title":"La mia banca \u00e8 differente","author":"Rufus","date":"04\/02\/2014","format":false,"excerpt":"Credo che molti dei miei amici e lettori sappiano gi\u00e0 che quest'anno Banca Etica, avendo aperto l'8 maggio del 1999, festeggia il suo quindicesimo anno di vita. Sul sito della Banca \u00e8 stata aperta una sezione molto bella, molto narrativa, molto interattiva, che racconta sia le iniziative in programma in\u2026","rel":"","context":"In &quot;Coordinate&quot;","block_context":{"text":"Coordinate","link":"http:\/\/www.robertosedda.it\/?cat=52"},"img":{"alt_text":"","src":"https:\/\/i0.wp.com\/www.robertosedda.it\/wp-content\/uploads\/2014\/02\/Banca-Etica-15-anni.jpg?fit=510%2C250&resize=350%2C200","width":350,"height":200},"classes":[]},{"id":3312,"url":"http:\/\/www.robertosedda.it\/?p=3312","url_meta":{"origin":657,"position":1},"title":"Quel che ho raccontato a Bologna","author":"Rufus","date":"31\/05\/2013","format":false,"excerpt":"Mi \u00e8 arrivata avantieri una mail che mi ha fatto molto piacere e che, nel ringraziare tanti che hanno collaborato a Terra Equa, tra l'altro dice: Grazie a tutti quelli che hanno partecipato alla tavola rotonda di sabato 25 [...]... a Roberto Sedda (Sardegna) per aver ricordato che le reti\u2026","rel":"","context":"In &quot;Banche e finanza&quot;","block_context":{"text":"Banche e finanza","link":"http:\/\/www.robertosedda.it\/?cat=72"},"img":{"alt_text":"","src":"https:\/\/i0.wp.com\/www.robertosedda.it\/wp-content\/uploads\/2013\/05\/2013-05-25-11.10.44.jpg?fit=640%2C480&resize=350%2C200","width":350,"height":200},"classes":[]},{"id":3858,"url":"http:\/\/www.robertosedda.it\/?p=3858","url_meta":{"origin":657,"position":2},"title":"\u00c8 in linea l&#8217;intervista su Banca Etica a Radio X","author":"Rufus","date":"04\/07\/2013","format":false,"excerpt":"Ho visto che su Radio X \u00e8 stata messa on line la puntata di ieri di Extralive! in cui sono stato intervistato da Vito Biolchini su Banca Etica. In sala c'eravamo io, Maria Bonaria (grazie alle sue arti promozionali e a quelle di Viviana siamo stati invitati) e Gaetano, i\u2026","rel":"","context":"In &quot;Banche e finanza&quot;","block_context":{"text":"Banche e finanza","link":"http:\/\/www.robertosedda.it\/?cat=72"},"img":{"alt_text":"","src":"https:\/\/i0.wp.com\/www.robertosedda.it\/wp-content\/uploads\/2013\/07\/20130703_190126.jpg?fit=1200%2C900&resize=350%2C200","width":350,"height":200,"srcset":"https:\/\/i0.wp.com\/www.robertosedda.it\/wp-content\/uploads\/2013\/07\/20130703_190126.jpg?fit=1200%2C900&resize=350%2C200 1x, https:\/\/i0.wp.com\/www.robertosedda.it\/wp-content\/uploads\/2013\/07\/20130703_190126.jpg?fit=1200%2C900&resize=700%2C400 2x, https:\/\/i0.wp.com\/www.robertosedda.it\/wp-content\/uploads\/2013\/07\/20130703_190126.jpg?fit=1200%2C900&resize=1050%2C600 3x"},"classes":[]},{"id":6847,"url":"http:\/\/www.robertosedda.it\/?p=6847","url_meta":{"origin":657,"position":3},"title":"La lingua batte dove il dente duole&#8230;","author":"Rufus","date":"27\/03\/2014","format":false,"excerpt":"Dopo la mia piccola incursione televisiva per parlare di Banca Etica\u00a0(dal minuto 7:00 circa) la maggior parte dei commenti che ho ricevuto poteva essere riassunta nella frase: \u00abBravo, per\u00f2 un po' di\u00a0jogging non farebbe male\u00bb. Apparentemente non ci ho fatto molto caso, ma sono osservazioni che devono avere sedimentato in\u2026","rel":"","context":"In &quot;Coordinate&quot;","block_context":{"text":"Coordinate","link":"http:\/\/www.robertosedda.it\/?cat=52"},"img":{"alt_text":"","src":"https:\/\/i0.wp.com\/www.robertosedda.it\/wp-content\/uploads\/2014\/03\/Cetriolo-grasso.jpg?fit=590%2C778&resize=350%2C200","width":350,"height":200},"classes":[]},{"id":17656,"url":"http:\/\/www.robertosedda.it\/?p=17656","url_meta":{"origin":657,"position":4},"title":"Ma esattamente, cosa state facendo?","author":"Rufus","date":"10\/01\/2020","format":false,"excerpt":"Stasera inizia un trittico di iniziative del gruppo locale dei soci di Banca Etica che si snoder\u00e0 fra Cagliari e Iglesias e per il quale lavoriamo da mesi, con grandi fatiche. Parentesi, assolutamente fuori tema: tutte le volte che si parla di fatiche, mi viene in mente un brano bellissimo\u2026","rel":"","context":"In &quot;Banche e finanza&quot;","block_context":{"text":"Banche e finanza","link":"http:\/\/www.robertosedda.it\/?cat=72"},"img":{"alt_text":"","src":"https:\/\/i0.wp.com\/www.robertosedda.it\/wp-content\/uploads\/2020\/01\/Locandina-generale.jpg?fit=848%2C1200&resize=350%2C200","width":350,"height":200,"srcset":"https:\/\/i0.wp.com\/www.robertosedda.it\/wp-content\/uploads\/2020\/01\/Locandina-generale.jpg?fit=848%2C1200&resize=350%2C200 1x, https:\/\/i0.wp.com\/www.robertosedda.it\/wp-content\/uploads\/2020\/01\/Locandina-generale.jpg?fit=848%2C1200&resize=700%2C400 2x"},"classes":[]},{"id":14108,"url":"http:\/\/www.robertosedda.it\/?p=14108","url_meta":{"origin":657,"position":5},"title":"I fantasmi di Gramsci","author":"Rufus","date":"05\/09\/2017","format":"video","excerpt":"https:\/\/www.youtube.com\/watch?v=1950jqyfK6I Visto ieri\u00a0Nel mondo grande e terribile, piccolo e interessante film su Gramsci, che copre sostanzialmente il periodo della detenzione nel carcere di Turi di Bari. Non sono abbastanza esperto di Gramsci per giudicare della resa delle sue idee, che mi \u00e8 parsa a un tempo interessante e zoppicante: marginalmente\u2026","rel":"","context":"In &quot;Biografie&quot;","block_context":{"text":"Biografie","link":"http:\/\/www.robertosedda.it\/?cat=83"},"img":{"alt_text":"","src":"https:\/\/i0.wp.com\/www.robertosedda.it\/wp-content\/uploads\/2017\/09\/Gramsci.jpg?fit=1200%2C646&resize=350%2C200","width":350,"height":200,"srcset":"https:\/\/i0.wp.com\/www.robertosedda.it\/wp-content\/uploads\/2017\/09\/Gramsci.jpg?fit=1200%2C646&resize=350%2C200 1x, https:\/\/i0.wp.com\/www.robertosedda.it\/wp-content\/uploads\/2017\/09\/Gramsci.jpg?fit=1200%2C646&resize=700%2C400 2x, https:\/\/i0.wp.com\/www.robertosedda.it\/wp-content\/uploads\/2017\/09\/Gramsci.jpg?fit=1200%2C646&resize=1050%2C600 3x"},"classes":[]}],"_links":{"self":[{"href":"http:\/\/www.robertosedda.it\/index.php?rest_route=\/wp\/v2\/posts\/657"}],"collection":[{"href":"http:\/\/www.robertosedda.it\/index.php?rest_route=\/wp\/v2\/posts"}],"about":[{"href":"http:\/\/www.robertosedda.it\/index.php?rest_route=\/wp\/v2\/types\/post"}],"author":[{"embeddable":true,"href":"http:\/\/www.robertosedda.it\/index.php?rest_route=\/wp\/v2\/users\/1"}],"replies":[{"embeddable":true,"href":"http:\/\/www.robertosedda.it\/index.php?rest_route=%2Fwp%2Fv2%2Fcomments&post=657"}],"version-history":[{"count":4,"href":"http:\/\/www.robertosedda.it\/index.php?rest_route=\/wp\/v2\/posts\/657\/revisions"}],"predecessor-version":[{"id":662,"href":"http:\/\/www.robertosedda.it\/index.php?rest_route=\/wp\/v2\/posts\/657\/revisions\/662"}],"wp:featuredmedia":[{"embeddable":true,"href":"http:\/\/www.robertosedda.it\/index.php?rest_route=\/wp\/v2\/media\/658"}],"wp:attachment":[{"href":"http:\/\/www.robertosedda.it\/index.php?rest_route=%2Fwp%2Fv2%2Fmedia&parent=657"}],"wp:term":[{"taxonomy":"category","embeddable":true,"href":"http:\/\/www.robertosedda.it\/index.php?rest_route=%2Fwp%2Fv2%2Fcategories&post=657"},{"taxonomy":"post_tag","embeddable":true,"href":"http:\/\/www.robertosedda.it\/index.php?rest_route=%2Fwp%2Fv2%2Ftags&post=657"}],"curies":[{"name":"wp","href":"https:\/\/api.w.org\/{rel}","templated":true}]}}