{"id":6519,"date":"2014-02-20T17:27:51","date_gmt":"2014-02-20T16:27:51","guid":{"rendered":"http:\/\/www.robertosedda.it\/?p=6519"},"modified":"2016-02-22T10:27:12","modified_gmt":"2016-02-22T09:27:12","slug":"bustianu-e-marcello-fois","status":"publish","type":"post","link":"http:\/\/www.robertosedda.it\/?p=6519","title":{"rendered":"Bustianu e Marcello Fois"},"content":{"rendered":"<p>Ho dedicato una puntata a Bustianu e ai gialli di ambientazione ottocentesca di Marcello Fois, <em>Sempre caro<\/em>, <em>Sangue dal cielo<\/em> e <em>L&#8217;altro mondo<\/em> con qualche esitazione e una sicurezza.<\/p>\n<p>La sicurezza era che il brano musicale scelto per l&#8217;intermezzo era uno dei migliori di tutte le puntate:<\/p>\n<div class=\"jetpack-video-wrapper\"><span class=\"embed-youtube\" style=\"text-align:center; display: block;\"><iframe class=\"youtube-player\" width=\"800\" height=\"450\" src=\"https:\/\/www.youtube.com\/embed\/p6OI5M5DYWw?version=3&#038;rel=1&#038;showsearch=0&#038;showinfo=1&#038;iv_load_policy=1&#038;fs=1&#038;hl=it-IT&#038;autohide=2&#038;wmode=transparent\" allowfullscreen=\"true\" style=\"border:0;\" sandbox=\"allow-scripts allow-same-origin allow-popups allow-presentation\"><\/iframe><\/span><\/div>\n<p>Fin da quando l&#8217;ho sentita, in una delle <em>playlist<\/em> che girano la notte su <em>Radiopress<\/em> da quando \u00e8 fallita (c&#8217;\u00e8 qualcosa di molto <em>cyberpunk<\/em> in una radio priva di personale che continua a trasmettere musica scelta roboticamente, all&#8217;infinito, su una frequenza quasi fantasma) ho deciso che l&#8217;avrei portata su <em>Radio Kalaritana<\/em>, in un modo o nell&#8217;altro, e quello pi\u00f9 semplice era parlare di gialli ambientati in Sardegna (o scritti da sardi).<\/p>\n<p>Era a questo punto che nascevano le esitazioni: perch\u00e9 ho pi\u00f9 di una insofferenza per il <em>personaggio<\/em> Fois (l&#8217;<em>intellettuale <\/em>Fois, contrapposto all&#8217;<em>autore<\/em> Fois), perch\u00e9 il gioco linguistico &#8211; platealmente a traino di Camilleri, che firma l&#8217;introduzione di <em>Sempre caro<\/em>\u00a0&#8211; mi pare a distanza di tempo risultare\u00a0contemporaneamente molto datato e poco attraente e, infine, perch\u00e9 ricordavo che i primi due romanzi della serie mi erano piaciuti parecchio ma avevo trovato mediocre il terzo (e una veloce rilettura prima della puntata aveva, casomai, tolto qualche tacca al piacere dei primi due).<\/p>\n<p>Se ho deciso alla fine di fare la puntata \u00e8 stato perch\u00e9, a parte <em>Ruz\u00e4ju,<\/em> mi \u00e8 sembrato che in una serie di trasmissioni sui gialli fatte da una radio sarda non si potesse parlare delle storie di ambientazione locale, e che il pubblico &#8211; il misterioso pubblico di <em>Oggi parliamo di libri<\/em>, che non si fa mai vivo\u00a0&#8211; meritasse la segnalazione di una serie li libri scritti da sardi e ambientati in Sardegna e, se devo giudicare dai gusti del mitico Pino, ne gradisse la lettura: \u00e8 vero che sono stati pi\u00f9 volte ripubblicati, anche come supplementi dei quotidiani locali, ma una segnalazione in pi\u00f9 non fa mai male.<\/p>\n<p>Ho anche ragionato sul fatto che probabilmente la mia <a title=\"Io non sono sardo (o meglio: io si, voi non so)\" href=\"http:\/\/www.robertosedda.it\/?p=4245\">crescente idiosincrasia per le tematiche identitarie<\/a> mi porta a prendere in mano questi libri con un po&#8217; pi\u00f9 di diffidenza del dovuto, e quindi mi \u00e8 sembrato probabile che i libri fossero <em>migliori<\/em> di come paiono a me; e poi la puntata, come sentirete, forniva l&#8217;occasione per riprendere in mano alcune cose accennate in altre occasioni (i gialli di ambientazione storica, per esempio) ed esplorarle, anche se brevemente, rispetto alla situazione italiana: mettere al centro della narrazione un personaggio noto del passato &#8211; come usa in Italia &#8211; o invece concentrarsi sul <em>periodo<\/em>, come \u00e8 pi\u00f9 frequente nell&#8217;ambiente anglosassone? E siamo coscienti che il gioco sulle lingue regionali \u00e8 tipico della nostra letteratura?\u00a0Con queste domande la puntata su Bustianu si mette in continuit\u00e0 con quella su fratello Cadfael e con la successiva, sull&#8217;Aristotele della Margaret Doody.<\/p>\n<div class=\"jetpack-video-wrapper\"><span class=\"embed-youtube\" style=\"text-align:center; display: block;\"><iframe class=\"youtube-player\" width=\"800\" height=\"450\" src=\"https:\/\/www.youtube.com\/embed\/2-08E3cXaIc?version=3&#038;rel=1&#038;showsearch=0&#038;showinfo=1&#038;iv_load_policy=1&#038;fs=1&#038;hl=it-IT&#038;autohide=2&#038;wmode=transparent\" allowfullscreen=\"true\" style=\"border:0;\" sandbox=\"allow-scripts allow-same-origin allow-popups allow-presentation\"><\/iframe><\/span><\/div>\n<p>Avrei anche potuto osservare che le storie di Bustianu, nella misura in cui sono l&#8217;occasione per Fois di riflettere da una parte sul rapporto fra isola e stato italiano, e dall&#8217;altra sul gioco politico del nascente movimento socialista nella Nuoro di fine Ottocento, sono l&#8217;ennesima conferma della facilit\u00e0 con cui i gialli, pi\u00f9 forse di qualunque altro genere letterario, si prestano a farsi modalit\u00e0 di espressione delle convinzioni politiche e sociali dell&#8217;autore &#8211; ma direi direttamente, pensando a Chandler o Izzo,\u00a0&#8220;convinzioni etiche&#8221;. Il tema mi \u00e8 sfuggito, nella concitazione del discorso, ma era presente nei miei appunti per la preparazione della puntata.<\/p>\n<p>Infine, mi rimangono un suggerimento\u00a0e una giustificazione. La giustificazione \u00e8 questa: non ho citato, fra i gialli ambientati in Sardegna, nessuno di quelli ambientati dopo gli anni &#8217;20. Perch\u00e9? Il problema \u00e8 che trovo\u00a0gli altri gialli dello stesso Fois molto inferiori,\u00a0non conosco abbastanza <a href=\"http:\/\/it.wikipedia.org\/wiki\/Giulio_Angioni\">Giulio Angioni<\/a>\u00a0e <a href=\"http:\/\/it.wikipedia.org\/wiki\/Salvatore_Niffoi\">Salvatore Niffoi<\/a>\u00a0e sono in una fase di\u00a0incertezza sul\u00a0valore effettivo dei gialli di Massimo Carlotto con protagonista l&#8217;<em>Alligatore<\/em>, uno dei quali, <em>Il mistero di Mangiabarche<\/em>, \u00e8 ambientato a Cagliari: quindi pi\u00f9 che rispettivamente sconsigliarli, segnalarli e menzionarli non mi sentivo (non mi sento)\u00a0di fare.<\/p>\n<p>Il suggerimento\u00a0invece \u00e8\u00a0di usare\u00a0l&#8217;ottima <em>Sardinia Digital Library<\/em>, nella quale i tre gialli di Fois con protagonista Bustianu sono comodamente e gratuitamente reperibili in formato\u00a0.pdf:<\/p>\n<ul>\n<li><a href=\"http:\/\/www.sardegnacultura.it\/documenti\/7_93_20060703131357.pdf\"><em>Sempre caro<\/em><\/a><\/li>\n<li><a href=\"http:\/\/www.sardegnacultura.it\/documenti\/7_93_20060703131343.pdf\"><em>Sangue dal cielo<\/em><\/a><\/li>\n<li><a href=\"http:\/\/www.sardegnadigitallibrary.it\/mmt\/fullsize\/2008040218483000006.pdf\"><em>L&#8217;altro mondo<\/em><\/a><\/li>\n<\/ul>\n","protected":false},"excerpt":{"rendered":"<p>Ho dedicato una puntata a Bustianu e ai gialli di ambientazione ottocentesca di Marcello Fois, Sempre caro, Sangue dal cielo<\/p>\n","protected":false},"author":1,"featured_media":0,"comment_status":"open","ping_status":"open","sticky":false,"template":"","format":"video","meta":{"_mi_skip_tracking":false,"_monsterinsights_sitenote_active":false,"_monsterinsights_sitenote_note":"","_monsterinsights_sitenote_category":0,"jetpack_post_was_ever_published":false,"_jetpack_newsletter_access":"","jetpack_publicize_message":"","jetpack_is_tweetstorm":false,"jetpack_publicize_feature_enabled":true,"jetpack_social_post_already_shared":true,"jetpack_social_options":{"image_generator_settings":{"template":"highway","enabled":false}}},"categories":[52,56,13,68,12],"tags":[],"jetpack_publicize_connections":[],"jetpack_featured_media_url":"","jetpack_sharing_enabled":true,"jetpack_shortlink":"https:\/\/wp.me\/p4jV2T-1H9","jetpack_likes_enabled":true,"jetpack-related-posts":[{"id":4594,"url":"http:\/\/www.robertosedda.it\/?p=4594","url_meta":{"origin":6519,"position":0},"title":"La musica che metter\u00f2, se me la consigliate","author":"Rufus","date":"10\/10\/2013","format":false,"excerpt":"Sono ripartite su Radio Kalaritana le trasmissioni di Oggi parliamo di libri. Ok, breve riassunto pubblicitario: vado in onda il gioved\u00ec alle 19,10 e in replica il venerd\u00ec alle 8,30 del mattino sui 97.5 FM (o in streaming). La trasmissione ha anche una sua pagina Facebook che dopo la pausa\u2026","rel":"","context":"In &quot;Coordinate&quot;","block_context":{"text":"Coordinate","link":"http:\/\/www.robertosedda.it\/?cat=52"},"img":{"alt_text":"","src":"https:\/\/i0.wp.com\/www.robertosedda.it\/wp-content\/uploads\/2013\/03\/535033_144686819023383_216259237_n.jpg?fit=960%2C960&resize=350%2C200","width":350,"height":200,"srcset":"https:\/\/i0.wp.com\/www.robertosedda.it\/wp-content\/uploads\/2013\/03\/535033_144686819023383_216259237_n.jpg?fit=960%2C960&resize=350%2C200 1x, https:\/\/i0.wp.com\/www.robertosedda.it\/wp-content\/uploads\/2013\/03\/535033_144686819023383_216259237_n.jpg?fit=960%2C960&resize=700%2C400 2x"},"classes":[]},{"id":6454,"url":"http:\/\/www.robertosedda.it\/?p=6454","url_meta":{"origin":6519,"position":1},"title":"Le cronache di fratello Cadfael","author":"Rufus","date":"14\/02\/2014","format":"video","excerpt":"Una divagazione epic metal Allora: cominciamo con la gaffe stratosferica della puntata, che forse qualcuno di voi ha colto anche in questo formato\u00a0in cui\u00a0l'intermezzo musicale \u00e8 omesso. Sarebbe stato ovvio\u00a0usare come pausa una qualche forma di riproposizione di musica medievale o le solite ballate di sapore celtico che\u00a0vanno in questi\u2026","rel":"","context":"In &quot;Coordinate&quot;","block_context":{"text":"Coordinate","link":"http:\/\/www.robertosedda.it\/?cat=52"},"img":{"alt_text":"","src":"https:\/\/i0.wp.com\/img.youtube.com\/vi\/7V9vuYcncH8\/0.jpg?resize=350%2C200","width":350,"height":200},"classes":[]},{"id":5438,"url":"http:\/\/www.robertosedda.it\/?p=5438","url_meta":{"origin":6519,"position":2},"title":"La puntata di &#8220;Oggi parliamo di libri&#8221; su Martin Beck","author":"Rufus","date":"15\/12\/2013","format":"video","excerpt":"Da Sherlock Holmes ai romanzi polizieschi della coppia Maj Sj\u00f6wall e Per Wahl\u00f6\u00f6 c'\u00e8 una certa distanza, ma ho deciso di non organizzare le puntate secondo un criterio cronologico o tematico, ma di procedere per suggestioni e contrapposizioni e, diciamolo, un po' come mi veniva (anche perch\u00e9 ho spostato pi\u00f9\u2026","rel":"","context":"In &quot;Coordinate&quot;","block_context":{"text":"Coordinate","link":"http:\/\/www.robertosedda.it\/?cat=52"},"img":{"alt_text":"","src":"https:\/\/i0.wp.com\/img.youtube.com\/vi\/lekpM7u1meM\/0.jpg?resize=350%2C200","width":350,"height":200},"classes":[]},{"id":3424,"url":"http:\/\/www.robertosedda.it\/?p=3424","url_meta":{"origin":6519,"position":3},"title":"I gialli di cui parler\u00f2 (se voi me li consigliate)","author":"Rufus","date":"04\/06\/2013","format":false,"excerpt":"Mentre Oggi parliamo di libri del 2012\/2013 si avvia alla conclusione (per l'estate ci fermiamo) mi \u00e8 venuta voglia di dedicare un po' di tempo a progettare la prossima stagione, lavoro per il quale chiedo aiuto a voi, affezionati lettori. Dedicher\u00f2 sicuramente un ciclo di puntate ai gialli. Ho messo\u2026","rel":"","context":"In &quot;Coordinate&quot;","block_context":{"text":"Coordinate","link":"http:\/\/www.robertosedda.it\/?cat=52"},"img":{"alt_text":"","src":"https:\/\/i0.wp.com\/www.robertosedda.it\/wp-content\/uploads\/2012\/11\/92_1334481194.jpg?fit=447%2C335&resize=350%2C200","width":350,"height":200},"classes":[]},{"id":5667,"url":"http:\/\/www.robertosedda.it\/?p=5667","url_meta":{"origin":6519,"position":4},"title":"Una coppia di detective navajo","author":"Rufus","date":"31\/12\/2013","format":"video","excerpt":"Ho voluto dedicare una puntata di Oggi parliamo di libri ai gialli in cui Tony Hillerman mette in scena le avventure degli agenti della Polizia Tribale Navajo prima di tutto perch\u00e9 mi piacciono molto: se avessi dovuto seguire rigidamente le regole che mi sono dato per le trasmissioni difficilmente questi\u2026","rel":"","context":"In &quot;Coordinate&quot;","block_context":{"text":"Coordinate","link":"http:\/\/www.robertosedda.it\/?cat=52"},"img":{"alt_text":"","src":"https:\/\/i0.wp.com\/www.robertosedda.it\/wp-content\/uploads\/2013\/12\/Skinwalkers-Leaphorn-and-Chee.jpg?fit=863%2C583&resize=350%2C200","width":350,"height":200,"srcset":"https:\/\/i0.wp.com\/www.robertosedda.it\/wp-content\/uploads\/2013\/12\/Skinwalkers-Leaphorn-and-Chee.jpg?fit=863%2C583&resize=350%2C200 1x, https:\/\/i0.wp.com\/www.robertosedda.it\/wp-content\/uploads\/2013\/12\/Skinwalkers-Leaphorn-and-Chee.jpg?fit=863%2C583&resize=700%2C400 2x"},"classes":[]},{"id":2398,"url":"http:\/\/www.robertosedda.it\/?p=2398","url_meta":{"origin":6519,"position":5},"title":"La mano sinistra delle tenebre","author":"Rufus","date":"01\/03\/2013","format":"video","excerpt":"Ho messo in linea una nuova puntata di Oggi parliamo di libri, quella dedicata a La mano sinistra delle tenebre di Ursula K. LeGuin. Riascoltando la puntata mi accorgo, come gi\u00e0 subito dopo la trasmissione, che ho fatto un bel po' di pasticci terminologici, in una occasione in cui scegliere\u2026","rel":"","context":"In &quot;Coordinate&quot;","block_context":{"text":"Coordinate","link":"http:\/\/www.robertosedda.it\/?cat=52"},"img":{"alt_text":"","src":"https:\/\/i0.wp.com\/www.robertosedda.it\/wp-content\/uploads\/2013\/03\/WeirdTales-Feb36-205x300.jpg?resize=350%2C200","width":350,"height":200},"classes":[]}],"_links":{"self":[{"href":"http:\/\/www.robertosedda.it\/index.php?rest_route=\/wp\/v2\/posts\/6519"}],"collection":[{"href":"http:\/\/www.robertosedda.it\/index.php?rest_route=\/wp\/v2\/posts"}],"about":[{"href":"http:\/\/www.robertosedda.it\/index.php?rest_route=\/wp\/v2\/types\/post"}],"author":[{"embeddable":true,"href":"http:\/\/www.robertosedda.it\/index.php?rest_route=\/wp\/v2\/users\/1"}],"replies":[{"embeddable":true,"href":"http:\/\/www.robertosedda.it\/index.php?rest_route=%2Fwp%2Fv2%2Fcomments&post=6519"}],"version-history":[{"count":8,"href":"http:\/\/www.robertosedda.it\/index.php?rest_route=\/wp\/v2\/posts\/6519\/revisions"}],"predecessor-version":[{"id":11584,"href":"http:\/\/www.robertosedda.it\/index.php?rest_route=\/wp\/v2\/posts\/6519\/revisions\/11584"}],"wp:attachment":[{"href":"http:\/\/www.robertosedda.it\/index.php?rest_route=%2Fwp%2Fv2%2Fmedia&parent=6519"}],"wp:term":[{"taxonomy":"category","embeddable":true,"href":"http:\/\/www.robertosedda.it\/index.php?rest_route=%2Fwp%2Fv2%2Fcategories&post=6519"},{"taxonomy":"post_tag","embeddable":true,"href":"http:\/\/www.robertosedda.it\/index.php?rest_route=%2Fwp%2Fv2%2Ftags&post=6519"}],"curies":[{"name":"wp","href":"https:\/\/api.w.org\/{rel}","templated":true}]}}