{"id":6513,"date":"2014-02-19T17:04:38","date_gmt":"2014-02-19T16:04:38","guid":{"rendered":"http:\/\/www.robertosedda.it\/?p=6513"},"modified":"2014-02-19T17:10:39","modified_gmt":"2014-02-19T16:10:39","slug":"cappellacciberlusconi-hanno-perso-la-sardegna-ancora-non-ha-vinto-un-articolo-di-salvatore-cubeddu","status":"publish","type":"post","link":"http:\/\/www.robertosedda.it\/?p=6513","title":{"rendered":"Cappellacci\/Berlusconi hanno perso. La Sardegna ancora non ha vinto. Un articolo di Salvatore Cubeddu"},"content":{"rendered":"<p>Con la fine delle elezioni i <em>blogger<\/em> del luned\u00ec devono avere ripreso le riunioni, perch\u00e9 vedo comparire sui siti amici l&#8217;articolo che segue (devo dire la verit\u00e0, non me l&#8217;hanno mandato: ahi! che offesa, <em>mi coraz\u00f2n<\/em>).<\/p>\n<p><a href=\"https:\/\/i0.wp.com\/www.robertosedda.it\/wp-content\/uploads\/2013\/12\/Salvatore-Cubeddu.jpg\"><img data-attachment-id=\"5229\" data-permalink=\"http:\/\/www.robertosedda.it\/?attachment_id=5229\" data-orig-file=\"https:\/\/i0.wp.com\/www.robertosedda.it\/wp-content\/uploads\/2013\/12\/Salvatore-Cubeddu.jpg?fit=500%2C374\" data-orig-size=\"500,374\" data-comments-opened=\"1\" data-image-meta=\"{&quot;aperture&quot;:&quot;2.9&quot;,&quot;credit&quot;:&quot;&quot;,&quot;camera&quot;:&quot;VG110,D700&quot;,&quot;caption&quot;:&quot;&quot;,&quot;created_timestamp&quot;:&quot;1326990798&quot;,&quot;copyright&quot;:&quot;&quot;,&quot;focal_length&quot;:&quot;4.8&quot;,&quot;iso&quot;:&quot;125&quot;,&quot;shutter_speed&quot;:&quot;0.033333333333333&quot;,&quot;title&quot;:&quot;OLYMPUS DIGITAL CAMERA&quot;}\" data-image-title=\"Salvatore Cubeddu\" data-image-description=\"\" data-image-caption=\"\" data-medium-file=\"https:\/\/i0.wp.com\/www.robertosedda.it\/wp-content\/uploads\/2013\/12\/Salvatore-Cubeddu.jpg?fit=300%2C224\" data-large-file=\"https:\/\/i0.wp.com\/www.robertosedda.it\/wp-content\/uploads\/2013\/12\/Salvatore-Cubeddu.jpg?fit=500%2C374\" decoding=\"async\" loading=\"lazy\" class=\"alignright size-medium wp-image-5229\" alt=\"OLYMPUS DIGITAL CAMERA\" src=\"https:\/\/i0.wp.com\/www.robertosedda.it\/wp-content\/uploads\/2013\/12\/Salvatore-Cubeddu.jpg?resize=300%2C224\" width=\"300\" height=\"224\" srcset=\"https:\/\/i0.wp.com\/www.robertosedda.it\/wp-content\/uploads\/2013\/12\/Salvatore-Cubeddu.jpg?resize=300%2C224 300w, https:\/\/i0.wp.com\/www.robertosedda.it\/wp-content\/uploads\/2013\/12\/Salvatore-Cubeddu.jpg?resize=150%2C112 150w, https:\/\/i0.wp.com\/www.robertosedda.it\/wp-content\/uploads\/2013\/12\/Salvatore-Cubeddu.jpg?resize=268%2C200 268w, https:\/\/i0.wp.com\/www.robertosedda.it\/wp-content\/uploads\/2013\/12\/Salvatore-Cubeddu.jpg?w=500 500w\" sizes=\"(max-width: 300px) 100vw, 300px\" data-recalc-dims=\"1\" \/><\/a>L&#8217;autore \u00e8 Salvatore Cubeddu e, come sempre, corredo l&#8217;articolo con una sua foto. Se mi avete letto ieri, capirete che <a title=\"Mi espongo alla berlina: elezioni regionali\" href=\"http:\/\/www.robertosedda.it\/?p=6491\">la mia chiave di lettura \u00e8 molto differente da quella che usa Salvatore<\/a>, che trovo troppo, davvero troppo concentrato su una visione dell&#8217;area sovranista che ha meriti a prescindere, quando in realt\u00e0 ha oggi soprattutto responsabilit\u00e0 e inadeguatezza; d&#8217;altra parte le regole del gioco sono che ognuno si concentra su ci\u00f2 che vuole e pertanto, con grande piacere, io pubblico: ci sar\u00e0 tempo per argomentare risposte.<\/p>\n<p>Come al solito l\u2019articolo \u00e8 stato o sar\u00e0 pubblicato, oltre che su questo sito, su quelli di <a href=\"http:\/\/www.fondazionesardinia.eu\/ita\/\"><em>Fondazione Sardinia<\/em><\/a><em>, <a href=\"http:\/\/www.tramasdeamistade.org\/\">Tramas de amistade<\/a><\/em>, <a href=\"http:\/\/www.aladinpensiero.it\/\"><em>Aladin pensiero<\/em><\/a>, <a href=\"http:\/\/www.vitobiolchini.it\/\">Vito Biolchini<\/a>, <a href=\"http:\/\/www.sardegnasoprattutto.com\/\"><em>Sardegna soprattutto<\/em><\/a>, <a href=\"http:\/\/www.enricolobina.org\/wp\/\">Enrico Lobina<\/a><em>, <a href=\"http:\/\/madrigopolis.blogspot.it\/\">Madrigopolis<\/a><\/em>, <a href=\"http:\/\/www.formaparis.com\/blog\"><em>Forma paris<\/em><\/a>, <a href=\"http:\/\/tottusinpari.blog.tiscali.it\/\"><em>Tottus in pari<\/em><\/a> e <a href=\"http:\/\/www.esseblog.it\/\"><em>Esseblog<\/em><\/a>.<\/p>\n<h2>Cappellacci\/Berlusconi hanno perso. La Sardegna ancora non ha vinto<\/h2>\n<h3>di Salvatore Cubeddu<\/h3>\n<p>Abbiamo un presidente votato da un sardo ogni cinque. \u00c8 preoccupante. Ma se ne parler\u00e0\u00a0 per qualche giorno, poi \u00abchi ha vinto, ha vinto; chi ha perso, ha perso\u00bb. Se qualcuno tra coloro che non \u00e8 andato a votare ha creduto di fare un dispetto al ceto politico dominante ha sbagliato i conti. Pura reazione emotiva, infantilismo. O frustrazione. O rabbia. L&#8217;astensione preoccupa prima del voto. A voto mancato, chi ha scelto decide su tutto.<\/p>\n<p>Cappellacci ha perso, a ulteriore conferma del tramonto del berlusconismo.\u00a0 L&#8217;uomo della Certosa ha \u2013 presso le istituzioni della Sardegna \u2013 un servo in meno. Gli emiri dovranno adattarsi a nuovi interlocutori. Mauro Pili dovr\u00e0 guardarsi le spalle ogni volta che esce per strada. Speriamo di vedere Ugo rispondere almeno del disastro di Furtei.<\/p>\n<p>Pigliaru ha vinto, la sua seriet\u00e0 ha prevalso. Ma su gran parte di quello che lo aspetta \u00e8, per tanti, un mistero. La sua breve campagna elettorale gli ha consentito di porsi alcune domande urgenti,\u00a0 con risposte esaurienti, almeno per la maggioranza dei votanti. Non conosciamo, per\u00f2, un dato fondamentale: qual&#8217;\u00e8 la sua idea di Sardegna? Dell&#8217;Isola che c\u2019\u00e8 e, soprattutto, di &#8220;quella che non c\u2019\u00e8&#8221;? Ne capiremo di pi\u00f9, ad iniziare da domani.<\/p>\n<p>C&#8217;\u00e8 chi \u00e8 andato a votare, ma non decider\u00e0 niente. La legge elettorale sarda non reggerebbe probabilmente ad una seria disanima da parte della Consulta. Ma il danno \u00e8 fatto. Coloro che hanno scelto un bipolarismo escludente si proponevano la riconferma di chi gi\u00e0 stazionava in Consiglio. I consiglieri uscenti niente hanno fatto che non mettesse al primo posto la convenienza, propria o del proprio gruppo. Puniti dal popolo dei dieci referendum avevano nascosto nella notte la ricostituzione dei propri stipendi. Le vergogne dei consigli regionali d&#8217;Italia \u2013 da Torino fino a Scilla e Cariddi &#8211; avevano trovato il primo inciampo rivelatore in un&#8217;apparente caso di <em>stalking<\/em> all\u2019interno di un piccolo gruppo politico del nostro consiglio. Questa legge elettorale \u00e8 stata la seconda grande porcata.<\/p>\n<p>Michela Murgia avrebbe potuto gridare oggi &#8220;vittoria!&#8221; se le sue\u00a0 attese avessero meglio tenuto conto della ferocia di quelle regole e della difficile raccolta dei consensi.\u00a0 Ma, col suo abbondante 10% ed il 7% delle liste, ha raggiunto in sette mesi quasi quanto il partito sardo ottenne dopo decenni di faticosa presenza nella societ\u00e0 e nelle istituzioni. La ripresa del terzo sardismo veniva enunciata nel 1979 quando il PSd&#8217;Az ebbe solo \u00a0il 3,3% dei consensi. Il top del successo sardista arriv\u00f2 nel 1984 e super\u00f2 appena il 14% e, con esso, mand\u00f2 Mario Melis alla presidenza della Regione. Il <em>Progetto Sardegna<\/em> di un Soru vincente non and\u00f2 oltre il 7%.<\/p>\n<p>Se al voto della Murgia aggiungiamo l&#8217;1% di Devias e\u00a0 lo 0,8% di Gavino Sale, lo 0,7% di Gigi Sanna, il 4,7 del <em>PSd&#8217;Az<\/em>, il\u00a0\u00a0 2,6 % dei <em>Rossomori<\/em> e il 2,7\u00a0 del <em>Partito dei sardi<\/em>\u00a0 si supera di molto il punto pi\u00f9 alto di quanto raggiunto trent&#8217;anni fa. E poi: Mauro Pili (5,7%%) ha fatto una campagna elettorale che &#8220;pi\u00f9 sardista non si pu\u00f2&#8221;. E lo &#8220;Stato patrigno&#8221; di Ugo Cappellacci? Un\u2019<em>overdose<\/em> di protesta e di analisi critiche dei rapporti della Sardegna con l&#8217;Italia da cui l&#8217;unico escluso sembra il PD. E\u00a0 con lui\u2026 anche la gran parte della maggioranza del prossimo consiglio regionale.<\/p>\n<p>Cosa rester\u00e0, d&#8217;ora in poi, di un sardismo\/sovranismo\/indipendentismo se non riuscisse a condizionare il grave ritardo di elaborazione istituzionale della sinistra? Cosa risponder\u00e0 \u2013 e si tratta solo della prima urgenza \u2013 la maggioranza di Pigliaru ai pericoli &#8220;renziani&#8221; del senato delle autonomie dove la Sardegna continuerebbe a non contare?<\/p>\n<p><em>Sardegna possibile<\/em>, con met\u00e0 dei voti identitari, rappresenta un patrimonio di &#8220;possibilit\u00e0&#8221;. Ma l&#8217;attivit\u00e0 politica, anche per gli appassionati e per gli idealisti, domanda delle risorse. Di tempo e di forze, le pi\u00f9 varie. Dopo qualche settimana di riposo si porranno per i loro candidati\u00a0 e militanti dei nuovi problemi. Intanto, in molti devono loro un grazie!<\/p>\n","protected":false},"excerpt":{"rendered":"<p>Con la fine delle elezioni i blogger del luned\u00ec devono avere ripreso le riunioni, perch\u00e9 vedo comparire sui siti amici<\/p>\n","protected":false},"author":1,"featured_media":5229,"comment_status":"open","ping_status":"open","sticky":false,"template":"","format":"standard","meta":{"_mi_skip_tracking":false,"_monsterinsights_sitenote_active":false,"_monsterinsights_sitenote_note":"","_monsterinsights_sitenote_category":0,"jetpack_post_was_ever_published":false,"_jetpack_newsletter_access":"","jetpack_publicize_message":"","jetpack_is_tweetstorm":false,"jetpack_publicize_feature_enabled":true,"jetpack_social_post_already_shared":true,"jetpack_social_options":{"image_generator_settings":{"template":"highway","enabled":false}}},"categories":[52,57,17,59,16],"tags":[],"jetpack_publicize_connections":[],"jetpack_featured_media_url":"https:\/\/i0.wp.com\/www.robertosedda.it\/wp-content\/uploads\/2013\/12\/Salvatore-Cubeddu.jpg?fit=500%2C374","jetpack_sharing_enabled":true,"jetpack_shortlink":"https:\/\/wp.me\/p4jV2T-1H3","jetpack_likes_enabled":true,"jetpack-related-posts":[{"id":9083,"url":"http:\/\/www.robertosedda.it\/?p=9083","url_meta":{"origin":6513,"position":0},"title":"Verso il baratro, un intervento di Salvatore Cubeddu","author":"Rufus","date":"22\/12\/2014","format":false,"excerpt":"Oltre che su questo\u00a0blog questo articolo \u00e8 stato pubblicato la settimana scorsa\u00a0anche sui siti di\u00a0Fondazione Sardinia,\u00a0Aladinpensiero,\u00a0Tramas de amistade,\u00a0Sardegna Soprattutto,\u00a0Sportello Formaparis,\u00a0Tottusinpari e sui blog di\u00a0Enrico Lobina,\u00a0Vito Biolchini\u00a0e\u00a0Francesca Madrigali. Il mio\u00a0blog era bloccato, quindi recupero adesso, anche perch\u00e9 l'argomento \u00e8 importante. Verso il baratro \u2026 di Salvatore Cubeddu A Sassari l\u2019hanno chiamata\u2026","rel":"","context":"In &quot;Coordinate&quot;","block_context":{"text":"Coordinate","link":"http:\/\/www.robertosedda.it\/?cat=52"},"img":{"alt_text":"","src":"https:\/\/i0.wp.com\/www.robertosedda.it\/wp-content\/uploads\/2013\/12\/Salvatore-Cubeddu.jpg?fit=500%2C374&resize=350%2C200","width":350,"height":200},"classes":[]},{"id":8806,"url":"http:\/\/www.robertosedda.it\/?p=8806","url_meta":{"origin":6513,"position":1},"title":"L\u2019amara verit\u00e0 del sindacato, italiano e sardo. Un intervento di Salvatore Cubeddu","author":"Rufus","date":"06\/11\/2014","format":false,"excerpt":"Non so pi\u00f9 bene se i\u00a0blogger del luned\u00ec si stiano ancora ritrovando o meno, perch\u00e9 devo essermi perso delle\u00a0mail o forse non me le mandano, non saprei. Ma vedo che Salvatore Cubeddu ha pubblicato un nuovo articolo indicandomi nella solita catena di siti che si rilanciano a vicenda e quindi\u2026","rel":"","context":"In &quot;Coordinate&quot;","block_context":{"text":"Coordinate","link":"http:\/\/www.robertosedda.it\/?cat=52"},"img":{"alt_text":"","src":"https:\/\/i0.wp.com\/www.robertosedda.it\/wp-content\/uploads\/2014\/11\/camusso-e-renzi1.jpg?fit=394%2C296&resize=350%2C200","width":350,"height":200},"classes":[]},{"id":5852,"url":"http:\/\/www.robertosedda.it\/?p=5852","url_meta":{"origin":6513,"position":2},"title":"Le elezioni che vengono, tra fantasmi e attese (di Salvatore Cubeddu)","author":"Rufus","date":"14\/01\/2014","format":false,"excerpt":"Mentre ieri ero impegnato a gestire PIN di famiglia e fare una serie di strane pratiche sul sito dell'INPS (questo \u00e8 anche il motivo per il quale ieri non ho pubblicato niente), i\u00a0blogger del luned\u00ec si sono riuniti, ripartendo mi pare quasi esattamente da dove si erano lasciati. Quello che\u2026","rel":"","context":"In &quot;Coordinate&quot;","block_context":{"text":"Coordinate","link":"http:\/\/www.robertosedda.it\/?cat=52"},"img":{"alt_text":"","src":"https:\/\/i0.wp.com\/www.robertosedda.it\/wp-content\/uploads\/2013\/12\/Salvatore-Cubeddu.jpg?fit=500%2C374&resize=350%2C200","width":350,"height":200},"classes":[]},{"id":5227,"url":"http:\/\/www.robertosedda.it\/?p=5227","url_meta":{"origin":6513,"position":3},"title":"Temi su cui dire &#8220;no&#8221; o &#8220;si&#8221;","author":"Rufus","date":"03\/12\/2013","format":false,"excerpt":"L'articolo settimanale \u00e8 stato scritto da Salvatore Cubeddu, che vedete qui a fianco in una foto\u00a0casalinga che ho\u00a0preso dal sito di Enrico Lobina. Questa settimana non ho partecipato alla discussione; mi ero dato un mese di prova nelle riunioni settimanali, il mese \u00e8 scaduto e\u00a0manco a farlo apposta mi sono\u2026","rel":"","context":"In &quot;Coordinate&quot;","block_context":{"text":"Coordinate","link":"http:\/\/www.robertosedda.it\/?cat=52"},"img":{"alt_text":"","src":"https:\/\/i0.wp.com\/www.robertosedda.it\/wp-content\/uploads\/2013\/12\/Salvatore-Cubeddu.jpg?fit=500%2C374&resize=350%2C200","width":350,"height":200},"classes":[]},{"id":9939,"url":"http:\/\/www.robertosedda.it\/?p=9939","url_meta":{"origin":6513,"position":4},"title":"DUN, dun, dun \u2026 il governo ribusser\u00e0 alle nostre porte","author":"Rufus","date":"10\/04\/2015","format":false,"excerpt":"Questo articolo viene pubblicato anche sui siti di Fondazione Sardinia, Tramasdeamistade, Sardegna Soprattutto, Sportello Formaparis,Tottusinpari e sui blog di Enrico Lobina, Vito Biolchini e\u00a0Francesca Madrigali. DUN, dun, dun \u2026 il governo ribusser\u00e0 alle nostre porte di Salvatore Cubeddu La notizia \u00e8 che il ministro Gian Luca Galletti seguir\u00e0 per il\u2026","rel":"","context":"In &quot;Coordinate&quot;","block_context":{"text":"Coordinate","link":"http:\/\/www.robertosedda.it\/?cat=52"},"img":{"alt_text":"","src":"https:\/\/i0.wp.com\/www.robertosedda.it\/wp-content\/uploads\/2013\/12\/Salvatore-Cubeddu.jpg?fit=500%2C374&resize=350%2C200","width":350,"height":200},"classes":[]},{"id":7893,"url":"http:\/\/www.robertosedda.it\/?p=7893","url_meta":{"origin":6513,"position":5},"title":"La Sardegna verso il baratro della Storia: sette punti per riprendere il cammino (un intervento di Salvatore Cubeddu)","author":"Rufus","date":"02\/07\/2014","format":false,"excerpt":"\u00c8 ripreso dopo una lunga interruzione l'invio degli articoli dei\u00a0blogger del luned\u00ec. Questa settimana Salvatore Cubeddu. Come al solito l'articolo \u00e8 pubblicato oltre che qui anche sui siti\u00a0di\u00a0Fondazione Sardinia, Tramas de amistade,\u00a0Aladin pensiero, Vito Biolchini,\u00a0Sardegna soprattutto,\u00a0Enrico Lobina,\u00a0Madrigopolis,\u00a0Forma paris\u00a0e\u00a0Tottus in pari. La Sardegna verso il baratro della Storia: sette punti per\u2026","rel":"","context":"In &quot;Coordinate&quot;","block_context":{"text":"Coordinate","link":"http:\/\/www.robertosedda.it\/?cat=52"},"img":{"alt_text":"","src":"https:\/\/i0.wp.com\/www.robertosedda.it\/wp-content\/uploads\/2013\/12\/Salvatore-Cubeddu.jpg?fit=500%2C374&resize=350%2C200","width":350,"height":200},"classes":[]}],"_links":{"self":[{"href":"http:\/\/www.robertosedda.it\/index.php?rest_route=\/wp\/v2\/posts\/6513"}],"collection":[{"href":"http:\/\/www.robertosedda.it\/index.php?rest_route=\/wp\/v2\/posts"}],"about":[{"href":"http:\/\/www.robertosedda.it\/index.php?rest_route=\/wp\/v2\/types\/post"}],"author":[{"embeddable":true,"href":"http:\/\/www.robertosedda.it\/index.php?rest_route=\/wp\/v2\/users\/1"}],"replies":[{"embeddable":true,"href":"http:\/\/www.robertosedda.it\/index.php?rest_route=%2Fwp%2Fv2%2Fcomments&post=6513"}],"version-history":[{"count":4,"href":"http:\/\/www.robertosedda.it\/index.php?rest_route=\/wp\/v2\/posts\/6513\/revisions"}],"predecessor-version":[{"id":6517,"href":"http:\/\/www.robertosedda.it\/index.php?rest_route=\/wp\/v2\/posts\/6513\/revisions\/6517"}],"wp:featuredmedia":[{"embeddable":true,"href":"http:\/\/www.robertosedda.it\/index.php?rest_route=\/wp\/v2\/media\/5229"}],"wp:attachment":[{"href":"http:\/\/www.robertosedda.it\/index.php?rest_route=%2Fwp%2Fv2%2Fmedia&parent=6513"}],"wp:term":[{"taxonomy":"category","embeddable":true,"href":"http:\/\/www.robertosedda.it\/index.php?rest_route=%2Fwp%2Fv2%2Fcategories&post=6513"},{"taxonomy":"post_tag","embeddable":true,"href":"http:\/\/www.robertosedda.it\/index.php?rest_route=%2Fwp%2Fv2%2Ftags&post=6513"}],"curies":[{"name":"wp","href":"https:\/\/api.w.org\/{rel}","templated":true}]}}