{"id":6491,"date":"2014-02-18T19:10:46","date_gmt":"2014-02-18T18:10:46","guid":{"rendered":"http:\/\/www.robertosedda.it\/?p=6491"},"modified":"2022-02-22T15:50:07","modified_gmt":"2022-02-22T14:50:07","slug":"mi-espongo-alla-berlina-elezioni-regionali","status":"publish","type":"post","link":"http:\/\/www.robertosedda.it\/?p=6491","title":{"rendered":"Mi espongo alla berlina: elezioni regionali"},"content":{"rendered":"<p>Ai bei vecchi tempi di <em>it.arti.cinema<\/em> si usava il <em>tag<\/em> &#8220;miespongoallaberlina&#8221; per introdurre <em>post<\/em> in cui si lodavano film universalmente considerati brutti o si facevano altre cose estremamente imprudenti.<\/p>\n<p>Lo metto come titolo a questo articolo perch\u00e9 sto per fare una cosa che davvero non si dovrebbe fare: commentare i risultati elettorali senza avere alcun titolo professionale che lo giustifichi, cosa che espone sempre al trombonismo e oltretutto rischia di urtare un po&#8217; di suscettibilit\u00e0, soprattutto nei perdenti. Ma ho bisogno di fissare un po&#8217; di cose nella memoria e, come al solito, non mi dispiacerebbe trovare qualcuno con cui intavolare una discussione.<\/p>\n<p>E quindi, ecco a voi. L&#8217;ho scritto ieri a risultati in evoluzione, in maniera ondivaga, elencando chi ha vinto e chi ha perso &#8211; ovviamente secondo il mio limitato punto di vista &#8211;\u00a0e l&#8217;ho poi rivisto pochissimo.<\/p>\n<h2>Chi ha vinto e chi ha perso alle elezioni regionali<\/h2>\n<p>Prima di tutto, anche se sembra banale, <strong>ha vinto Francesco Pigliaru<\/strong>.\u00a0Portare al successo una campagna elettorale iniziata praticamente fuori tempo massimo, anche ammettendo che qualche pedina sulla scacchiera fosse stata giocata in anticipo, non \u00e8 cosa da tutti. E Pigliaru ha vinto\u00a0mantenendo il suo proprio stile e dettando i suoi tempi alla campagna elettorale, senza piegarsi allo stile e ai tempi altrui. Non \u00e8 poco, fermo restando che il bello e il brutto vengono adesso, e mantenere la barra diritta allo stesso modo durante i prossimi cinque anni di governo non sar\u00e0 per niente facile.<\/p>\n<p><img data-attachment-id=\"6505\" data-permalink=\"http:\/\/www.robertosedda.it\/?attachment_id=6505\" data-orig-file=\"https:\/\/i0.wp.com\/www.robertosedda.it\/wp-content\/uploads\/2014\/02\/Vittoria-Pigliaru.jpg?fit=960%2C637\" data-orig-size=\"960,637\" data-comments-opened=\"1\" data-image-meta=\"{&quot;aperture&quot;:&quot;0&quot;,&quot;credit&quot;:&quot;&quot;,&quot;camera&quot;:&quot;&quot;,&quot;caption&quot;:&quot;&quot;,&quot;created_timestamp&quot;:&quot;0&quot;,&quot;copyright&quot;:&quot;&quot;,&quot;focal_length&quot;:&quot;0&quot;,&quot;iso&quot;:&quot;0&quot;,&quot;shutter_speed&quot;:&quot;0&quot;,&quot;title&quot;:&quot;&quot;}\" data-image-title=\"Vittoria Pigliaru\" data-image-description=\"\" data-image-caption=\"\" data-medium-file=\"https:\/\/i0.wp.com\/www.robertosedda.it\/wp-content\/uploads\/2014\/02\/Vittoria-Pigliaru.jpg?fit=300%2C199\" data-large-file=\"https:\/\/i0.wp.com\/www.robertosedda.it\/wp-content\/uploads\/2014\/02\/Vittoria-Pigliaru.jpg?fit=510%2C338\" decoding=\"async\" loading=\"lazy\" class=\"aligncenter size-full wp-image-6505\" src=\"https:\/\/i0.wp.com\/www.robertosedda.it\/wp-content\/uploads\/2014\/02\/Vittoria-Pigliaru.jpg?resize=800%2C531\" alt=\"Vittoria Pigliaru\" width=\"800\" height=\"531\" srcset=\"https:\/\/i0.wp.com\/www.robertosedda.it\/wp-content\/uploads\/2014\/02\/Vittoria-Pigliaru.jpg?w=960 960w, https:\/\/i0.wp.com\/www.robertosedda.it\/wp-content\/uploads\/2014\/02\/Vittoria-Pigliaru.jpg?resize=150%2C99 150w, https:\/\/i0.wp.com\/www.robertosedda.it\/wp-content\/uploads\/2014\/02\/Vittoria-Pigliaru.jpg?resize=300%2C199 300w, https:\/\/i0.wp.com\/www.robertosedda.it\/wp-content\/uploads\/2014\/02\/Vittoria-Pigliaru.jpg?resize=700%2C464 700w\" sizes=\"(max-width: 800px) 100vw, 800px\" data-recalc-dims=\"1\" \/>Non sono originale a dirlo: l&#8217;incapacit\u00e0 della sinistra di ripagare con il buon governo la commovente capacit\u00e0 del suo popolo di rinnovare ancora e ancora la fiducia \u00e8 conclamata, quindi, con tutto il rispetto, dagli apparati di partito, dai consiglieri e dai futuri assessori \u00e8 lecito aspettarsi di tutto, compreso il peggio: d&#8217;altra parte Pigliaru mi sembra dotato di schiena dritta a sufficienza. Sar\u00e0 interessante stare a vedere.<\/p>\n<p>Come molti altri ex studenti di Scienze Politiche sono stato allievo di Pigliaru (uno dei corsi pi\u00f9 intellettualmente stimolanti che abbia mai seguito), e ho per lui molta ammirazione. Sono anche consapevole che la mia visione dell&#8217;economia e la sua sono abbastanza lontane: all&#8217;epoca della <a title=\"Null\u2019altro rimane intorno alle rovine\" href=\"http:\/\/www.robertosedda.it\/?p=2812\">morte della Thatcher<\/a> scrisse sulla sua pagina <em>Facebook <\/em>(non ci si crede alle cose che conserva, lo zio Rufus)<a href=\"https:\/\/i0.wp.com\/www.robertosedda.it\/wp-content\/uploads\/2014\/02\/Pigliaru-1.jpg\"><img data-attachment-id=\"6506\" data-permalink=\"http:\/\/www.robertosedda.it\/?attachment_id=6506\" data-orig-file=\"https:\/\/i0.wp.com\/www.robertosedda.it\/wp-content\/uploads\/2014\/02\/Pigliaru-1.jpg?fit=541%2C251\" data-orig-size=\"541,251\" data-comments-opened=\"1\" data-image-meta=\"{&quot;aperture&quot;:&quot;0&quot;,&quot;credit&quot;:&quot;Roberto Sedda&quot;,&quot;camera&quot;:&quot;&quot;,&quot;caption&quot;:&quot;&quot;,&quot;created_timestamp&quot;:&quot;1365692537&quot;,&quot;copyright&quot;:&quot;&quot;,&quot;focal_length&quot;:&quot;0&quot;,&quot;iso&quot;:&quot;0&quot;,&quot;shutter_speed&quot;:&quot;0&quot;,&quot;title&quot;:&quot;&quot;}\" data-image-title=\"Pigliaru 1\" data-image-description=\"\" data-image-caption=\"\" data-medium-file=\"https:\/\/i0.wp.com\/www.robertosedda.it\/wp-content\/uploads\/2014\/02\/Pigliaru-1.jpg?fit=300%2C139\" data-large-file=\"https:\/\/i0.wp.com\/www.robertosedda.it\/wp-content\/uploads\/2014\/02\/Pigliaru-1.jpg?fit=510%2C237\" decoding=\"async\" loading=\"lazy\" class=\"aligncenter size-full wp-image-6506\" src=\"https:\/\/i0.wp.com\/www.robertosedda.it\/wp-content\/uploads\/2014\/02\/Pigliaru-1.jpg?resize=541%2C251\" alt=\"Pigliaru 1\" width=\"541\" height=\"251\" srcset=\"https:\/\/i0.wp.com\/www.robertosedda.it\/wp-content\/uploads\/2014\/02\/Pigliaru-1.jpg?w=541 541w, https:\/\/i0.wp.com\/www.robertosedda.it\/wp-content\/uploads\/2014\/02\/Pigliaru-1.jpg?resize=150%2C69 150w, https:\/\/i0.wp.com\/www.robertosedda.it\/wp-content\/uploads\/2014\/02\/Pigliaru-1.jpg?resize=300%2C139 300w\" sizes=\"(max-width: 541px) 100vw, 541px\" data-recalc-dims=\"1\" \/><\/a><\/p>\n<p><a href=\"https:\/\/i0.wp.com\/www.robertosedda.it\/wp-content\/uploads\/2014\/02\/Pigliaru3.jpg\"><img data-attachment-id=\"6507\" data-permalink=\"http:\/\/www.robertosedda.it\/?attachment_id=6507\" data-orig-file=\"https:\/\/i0.wp.com\/www.robertosedda.it\/wp-content\/uploads\/2014\/02\/Pigliaru3.jpg?fit=536%2C157\" data-orig-size=\"536,157\" data-comments-opened=\"1\" data-image-meta=\"{&quot;aperture&quot;:&quot;0&quot;,&quot;credit&quot;:&quot;Roberto Sedda&quot;,&quot;camera&quot;:&quot;&quot;,&quot;caption&quot;:&quot;&quot;,&quot;created_timestamp&quot;:&quot;1365692668&quot;,&quot;copyright&quot;:&quot;&quot;,&quot;focal_length&quot;:&quot;0&quot;,&quot;iso&quot;:&quot;0&quot;,&quot;shutter_speed&quot;:&quot;0&quot;,&quot;title&quot;:&quot;&quot;}\" data-image-title=\"Pigliaru3\" data-image-description=\"\" data-image-caption=\"\" data-medium-file=\"https:\/\/i0.wp.com\/www.robertosedda.it\/wp-content\/uploads\/2014\/02\/Pigliaru3.jpg?fit=300%2C87\" data-large-file=\"https:\/\/i0.wp.com\/www.robertosedda.it\/wp-content\/uploads\/2014\/02\/Pigliaru3.jpg?fit=510%2C149\" decoding=\"async\" loading=\"lazy\" class=\"aligncenter size-full wp-image-6507\" src=\"https:\/\/i0.wp.com\/www.robertosedda.it\/wp-content\/uploads\/2014\/02\/Pigliaru3.jpg?resize=536%2C157\" alt=\"Pigliaru3\" width=\"536\" height=\"157\" srcset=\"https:\/\/i0.wp.com\/www.robertosedda.it\/wp-content\/uploads\/2014\/02\/Pigliaru3.jpg?w=536 536w, https:\/\/i0.wp.com\/www.robertosedda.it\/wp-content\/uploads\/2014\/02\/Pigliaru3.jpg?resize=150%2C43 150w, https:\/\/i0.wp.com\/www.robertosedda.it\/wp-content\/uploads\/2014\/02\/Pigliaru3.jpg?resize=300%2C87 300w\" sizes=\"(max-width: 536px) 100vw, 536px\" data-recalc-dims=\"1\" \/><\/a><\/p>\n<p>D&#8217;altra parte ricordo che proprio a lezione Pigliaru illustr\u00f2 il modello economico di Lucas raccontando\u00a0con molta passione come l&#8217;anziano liberista si\u00a0fosse trovato a fare i conti con le diseguaglianze economiche mondiali e avesse cambiato il suo modo di ragionare. Se si \u00e8 ammansito l&#8217;arcigno Lucas, a maggior ragione potr\u00e0 farlo Pigliaru sulla scomoda poltrona di Presidente della Regione, diciamo.<\/p>\n<p><strong><a href=\"https:\/\/i0.wp.com\/www.robertosedda.it\/wp-content\/uploads\/2014\/02\/Ichnusa-Barracciu.jpg\"><img data-attachment-id=\"6504\" data-permalink=\"http:\/\/www.robertosedda.it\/?attachment_id=6504\" data-orig-file=\"https:\/\/i0.wp.com\/www.robertosedda.it\/wp-content\/uploads\/2014\/02\/Ichnusa-Barracciu.jpg?fit=421%2C424\" data-orig-size=\"421,424\" data-comments-opened=\"1\" data-image-meta=\"{&quot;aperture&quot;:&quot;0&quot;,&quot;credit&quot;:&quot;&quot;,&quot;camera&quot;:&quot;&quot;,&quot;caption&quot;:&quot;&quot;,&quot;created_timestamp&quot;:&quot;0&quot;,&quot;copyright&quot;:&quot;&quot;,&quot;focal_length&quot;:&quot;0&quot;,&quot;iso&quot;:&quot;0&quot;,&quot;shutter_speed&quot;:&quot;0&quot;,&quot;title&quot;:&quot;&quot;}\" data-image-title=\"Ichnusa Barracciu\" data-image-description=\"\" data-image-caption=\"\" data-medium-file=\"https:\/\/i0.wp.com\/www.robertosedda.it\/wp-content\/uploads\/2014\/02\/Ichnusa-Barracciu.jpg?fit=297%2C300\" data-large-file=\"https:\/\/i0.wp.com\/www.robertosedda.it\/wp-content\/uploads\/2014\/02\/Ichnusa-Barracciu.jpg?fit=421%2C424\" decoding=\"async\" loading=\"lazy\" class=\"size-medium wp-image-6504 alignright\" src=\"https:\/\/i0.wp.com\/www.robertosedda.it\/wp-content\/uploads\/2014\/02\/Ichnusa-Barracciu.jpg?resize=297%2C300\" alt=\"Ichnusa Barracciu\" width=\"297\" height=\"300\" srcset=\"https:\/\/i0.wp.com\/www.robertosedda.it\/wp-content\/uploads\/2014\/02\/Ichnusa-Barracciu.jpg?resize=297%2C300 297w, https:\/\/i0.wp.com\/www.robertosedda.it\/wp-content\/uploads\/2014\/02\/Ichnusa-Barracciu.jpg?resize=148%2C150 148w, https:\/\/i0.wp.com\/www.robertosedda.it\/wp-content\/uploads\/2014\/02\/Ichnusa-Barracciu.jpg?resize=100%2C100 100w, https:\/\/i0.wp.com\/www.robertosedda.it\/wp-content\/uploads\/2014\/02\/Ichnusa-Barracciu.jpg?w=421 421w\" sizes=\"(max-width: 297px) 100vw, 297px\" data-recalc-dims=\"1\" \/><\/a><\/strong><strong>Ha perso Francesca Barracciu<\/strong>. E non ha perso quando ha dovuto rinunciare (quando \u00e8 stata costretta a rinunciare) alla candidatura. Ha perso secondo me quando ha postato le foto della birretta, annunciando al mondo l&#8217;intenzione di fare <a title=\"Campagna elettorale for dummies\" href=\"http:\/\/www.robertosedda.it\/?p=5896\">una campagna elettorale <em>for dummies<\/em><\/a>. Il carisma \u00e8 una strana cosa e la Barracciu se n&#8217;\u00e8 trovata sprovvista molto prima dell&#8217;arrivo dei guai giudiziari. Siccome non \u00e8 certamente una sprovveduta (cio\u00e8 \u00e8 una risorsa per il suo partito),\u00a0eppure negli ultimi sei mesi si \u00e8 ripetutamente mostrata non all&#8217;altezza, sono curioso di vedere cosa far\u00e0 in futuro. Per il momento, per\u00f2, ha perso.<\/p>\n<p><strong>Ha perso Cappellacci<\/strong>. Non \u00e8 che c&#8217;\u00e8 molto da discutere: quando la tua coalizione prende pi\u00f9 voti di te e alla fine si perde per il voto disgiunto, la sconfitta non pu\u00f2 essere che colpa tua. D&#8217;altra parte, con Cappellacci <strong>perde<\/strong> <strong>la <\/strong><em><strong>leadership<\/strong><\/em> <strong>de<\/strong><strong>l <\/strong><strong>centrodestra<\/strong>, perch\u00e9 il candidato presidente si decide insieme. Al contrario della sinistra, a destra non c&#8217;\u00e8 l&#8217;abitudine di divorare i propri <em>leader<\/em> per punirli degli errori di strategia, quindi non sapremo mai chi ha scelto di puntare su Cappellacci e che responsabilit\u00e0 gli viene addossata. \u00c8 anche per queste opacit\u00e0 &#8211; e quindi per una destra che non si rinnova mai &#8211; che in Italia non abbiamo un polo conservatore di qualit\u00e0 europea.<\/p>\n<p><strong>Ha vinto Paolo Maninchedda<\/strong>, che ha impartito una lezione di politica a tutta l&#8217;area sovranista, e <strong>ha perso &#8211; perso male, molto male\u00a0&#8211; <em>Progres<\/em><\/strong><em>.<\/em> Il progetto politico della sua dirigenza era quello di spiazzare tutti gli altri partiti indipendentisti &#8211; grazie a una candidatura carismatica &#8211; e accreditarsi come unico rappresentante di quell&#8217;area, non solo: accreditarsi e dimostrare l&#8217;esistenza di una componente indipendentista ineliminabile dalla societ\u00e0 sarda, avviando un processo via via irreversibile secondo un modello catalano. Solo che quando hanno visto Michela Murgia avvicinarsi con il coltello da scanno gli altri indipendentisti non sono rimasti l\u00ec a offrire la gola, come forse quelli di <em>Progres<\/em> ingenuamente credevano, ma hanno trovato Maninchedda che li ha traghettati fuori del deserto\u00a0fino a\u00a0un rifugio sicuro. Il professore ha eluso abilmente la trappola e ha lasciato <em>Progres<\/em> a schiantarsi trascinato dal proprio stesso slancio. Siccome Maninchedda era accreditato di intenzioni di candidatura alla presidenza, e invece ha freddamente riconsiderato la situazione scegliendo la migliore strada possibile, la sua lezione \u00e8 anche personale nei confronti di Michela, che invece una candidatura ha cercato a tutti i costi: spiace dirlo, ma c&#8217;\u00e8 un divario di statura politica abissale.<\/p>\n<p>Se si ricorda la storia di scissioni reciproche che lega <em>Partito dei Sardi<\/em>, <em>IRS<\/em>\u00a0e <em>Progres<\/em> e si guardano i voti rispettivi si scopre che i primi due, considerati insieme, prendono pi\u00f9 voti, molti pi\u00f9 voti,\u00a0del terzo, ed entreranno in Consiglio regionale, dove nessun indipendentista era mai arrivato. Maninchedda si \u00e8 costruito un futuro,<em> Progres<\/em> sembra improvvisamente senza futuro. Se fosse entrato in Consiglio Franciscu Sedda, fondatore del partito che la <em>leadership<\/em> crescente di Michela ha messo ai margini fino di fatto all&#8217;espulsione, a quelli di <em>Progres<\/em> non sarebbe rimasto altro che fare un <em>seppuku<\/em> di massa. Cos\u00ec hanno &#8220;solo&#8221; subito una batosta epocale: il problema, mi pare, \u00e8 che non se ne accorgono. Leggo commenti in cui si d\u00e0 la colpa della catastrofe a qualunque cosa tranne che a se stessi (per non parlare delle giustificazioni risibili del genere: \u00abper noi \u00e8 gi\u00e0 una vittoria\u00bb, \u00abpuntiamo ad altri traguardi\u00bb e perfino: \u00abcomunque siamo stati molto bene insieme, c&#8217;era sempre un buon clima\u00bb): il che dimostra che dopo aver fatto una campagna elettorale di stampo prettamente berlusconiano nella sconfitta prendono il peggio della sinistra: non siamo noi che non siamo in sintonia con il popolo, sono i sardi che sono schiavi delle clientele.<\/p>\n<p>A proposito: se Franciscu Sedda probabilmente in questi giorni mediter\u00e0 sul sapore della vendetta che si gusta a freddo, fatico a considerarlo pienamente un vincitore. Perch\u00e9 non \u00e8 entrato in Consiglio regionale, e un po&#8217; ha il vizio di ficcarsi in queste situazioni in cui deve dividere la <em>leadership<\/em> con qualcun altro: prima Gavino Sale, poi <em>Progres<\/em>, poi Maninchedda. Diciamo che per il momento ha pareggiato in trasferta con una rete in contropiede: per il resto chi vivr\u00e0 vedr\u00e0.<\/p>\n<p>In ogni caso, <strong>addio Catalogna<\/strong>. Perch\u00e9 per entrare nella coalizione di centrosinistra l&#8217;area sovranista ha dovuto molto emascularsi, e in ogni caso perch\u00e9 il segno politico delle elezioni va in tutt&#8217;altra direzione. <strong>\u00c8 tutta l&#8217;area identitaria che, complessivamente, ha perso<\/strong>. I sardi hanno scelto l&#8217;unico candidato alla presidenza che non ha speso nemmeno mezza parola sull&#8217;identit\u00e0 (non deve nemmeno aver pronunciato una parola in sardo in tutta la campagna) e il primo partito \u00e8 il PD, che \u00e8 quanto di meno sovranista si possa immaginare, tolto forse <em>Fratelli d&#8217;Italia<\/em> e l&#8217;Arma dei Carabinieri. Se i sardi avessero voluto votare per la lingua, per l&#8217;identit\u00e0<em>, <\/em>per distinguersi, per i pastori e la <em>mastrucca<\/em> avrebbero votato diversamente: e di questo credo che tutti alla fine dovranno tenere conto, anche perch\u00e9 alla fine l&#8217;area <em>Rossomori<\/em> &#8211; a proposito, <strong>Muledda \u00e8 un altro che in questo periodo ha dato lezioni di politica<\/strong> &#8211; e <em>Partito dei Sardi<\/em> non avr\u00e0 abbastanza consiglieri da poter condizionare Pigliaru pi\u00f9 di tanto. Il discorso indipendentista torna improvvisamente indietro di dieci anni.<\/p>\n<p><a href=\"https:\/\/i0.wp.com\/www.robertosedda.it\/wp-content\/uploads\/2013\/07\/Michela-Murgia.jpg\"><img data-attachment-id=\"3777\" data-permalink=\"http:\/\/www.robertosedda.it\/?attachment_id=3777\" data-orig-file=\"https:\/\/i0.wp.com\/www.robertosedda.it\/wp-content\/uploads\/2013\/07\/Michela-Murgia.jpg?fit=960%2C639\" data-orig-size=\"960,639\" data-comments-opened=\"1\" data-image-meta=\"{&quot;aperture&quot;:&quot;0&quot;,&quot;credit&quot;:&quot;&quot;,&quot;camera&quot;:&quot;&quot;,&quot;caption&quot;:&quot;&quot;,&quot;created_timestamp&quot;:&quot;0&quot;,&quot;copyright&quot;:&quot;&quot;,&quot;focal_length&quot;:&quot;0&quot;,&quot;iso&quot;:&quot;0&quot;,&quot;shutter_speed&quot;:&quot;0&quot;,&quot;title&quot;:&quot;&quot;}\" data-image-title=\"Michela Murgia\" data-image-description=\"\" data-image-caption=\"\" data-medium-file=\"https:\/\/i0.wp.com\/www.robertosedda.it\/wp-content\/uploads\/2013\/07\/Michela-Murgia.jpg?fit=300%2C199\" data-large-file=\"https:\/\/i0.wp.com\/www.robertosedda.it\/wp-content\/uploads\/2013\/07\/Michela-Murgia.jpg?fit=510%2C339\" decoding=\"async\" loading=\"lazy\" class=\"alignright size-medium wp-image-3777\" src=\"https:\/\/i0.wp.com\/www.robertosedda.it\/wp-content\/uploads\/2013\/07\/Michela-Murgia.jpg?resize=300%2C199\" alt=\"Michela Murgia\" width=\"300\" height=\"199\" srcset=\"https:\/\/i0.wp.com\/www.robertosedda.it\/wp-content\/uploads\/2013\/07\/Michela-Murgia.jpg?resize=300%2C199 300w, https:\/\/i0.wp.com\/www.robertosedda.it\/wp-content\/uploads\/2013\/07\/Michela-Murgia.jpg?resize=700%2C465 700w, https:\/\/i0.wp.com\/www.robertosedda.it\/wp-content\/uploads\/2013\/07\/Michela-Murgia.jpg?w=960 960w\" sizes=\"(max-width: 300px) 100vw, 300px\" data-recalc-dims=\"1\" \/><\/a>E quindi <strong>ha perso Michela Murgia<\/strong>. Ha giocato un azzardo e ha perso. E le dimensioni della sconfitta sono tali, le conseguenze cos\u00ec pervasive per <em>Progres<\/em> e per tutta l&#8217;area, e chiamano in causa tali e tante responsabilit\u00e0 personali di Michela, e risultano cos\u00ec profondamente diseducative &#8211; io e Michela veniamo entrambi dall&#8217;Azione Cattolica, e per la nostra provenienza non\u00a0pu\u00f2 esserci\u00a0niente di peggio &#8211; nei confronti di un&#8217;ampia fascia di suoi elettori in buona fede, che il tutto non pu\u00f2 che suggerire l&#8217;abbandono definitivo del campo. <a title=\"Non ho pi\u00f9 tempo\" href=\"http:\/\/www.robertosedda.it\/?p=4407\">Non abbiamo bisogno di perdere altro tempo<\/a>.<\/p>\n<p>Con Michela <strong>perde tutta la dirigenza di <em>Progres<\/em>,<\/strong> per non parlare di <strong>gente come Valentina Sanna e Romina Congera<\/strong>.\u00a0Diciamolo chiaramente:<em>\u00a0<\/em><strong>perde anche\u00a0la Sardegna complessivamente<\/strong>, perch\u00e9 obiettivamente non \u00e8 segno di democrazia che settantamila votanti restino esclusi dalla rappresentanza. Solo che per la dirigenza di\u00a0<em>Sardegna Possibile<\/em> \u00e8 casomai un&#8217;aggravante, perch\u00e9 loro stessi hanno sperato di volgere a proprio vantaggio una legge schifosa lucrando sul premio di maggioranza.<\/p>\n<p>Perde anche, ovviamente, <strong>Anthony Muroni e <em>L&#8217;Unione Sarda<\/em><\/strong><em>,<\/em><em>\u00a0<\/em>ma\u00a0la loro sconfitta impallidisce a paragone di <strong>tutto quel giro di giornalisti continentali che in questi mesi hanno dimostrato di non capire nulla della Sardegna<\/strong> e hanno raccontato una realt\u00e0 inesistente;\u00a0<strong>perde quel partito trasversale di\u00a0strateghi da tavolino che pianificano la vita della sinistra<\/strong> in maniera astratta e che piegano la descrizione della realt\u00e0 ai propri desideri, tanto che alcune volte \u00e8 sembrato che nella testa di alcuni commentatori il confronto fra <em>Sardegna Possibile<\/em> e centrosinistra fosse una sorte di faida interna nel <em>PD<\/em> &#8211; cosa che certamente non era. Tanto strateghi da tavolino che oggi <a href=\"http:\/\/panicodemocratico.blogautore.espresso.repubblica.it\/2014\/02\/17\/la-lezione-della-sardegna-che-il-cortocircuito-mediatico-non-capira\/\">uno dei pi\u00f9 stretti collaboratori di Renzi si pu\u00f2 permettere di irriderli<\/a>, facendo scomparire, fra le pieghe della sconfitta altrui, il fatto reale che nella coalizione di centrosinistra un bel po&#8217; di magagne ci sono, che prima di imboccare la strada giusta il <em>PD<\/em> e la sua dirigenza (e vale anche per <em>SEL<\/em>) ci hanno messo un bel po&#8217; dando uno spettacolo desolante, e soprattutto che il <em>PD<\/em> \u00e8, di fatto, un partito di una sinistra molto moderata: basta guardare la lista degli eletti per convincersene e capire che, complessivamente, <strong>perde la sinistra non moderata<\/strong>.<\/p>\n<p>Il problema, per\u00f2, \u00e8 che queste elezioni dicono, per l&#8217;ennesima volta, che <strong>il PD \u00e8 resiliente e per questo (talvolta) vince<\/strong>. Sinora tutti quelli che, all&#8217;interno o all&#8217;esterno, hanno sperato di far esplodere le contraddizioni del PD non hanno mai incontrato il favore della base del partito (che \u00e8 in genere molto migliore della sua dirigenza) e si sono spaccati le corna, perch\u00e9 correttamente l&#8217;elettorato del PD\u00a0ha ritenuto che il PD sia ancora un presidio democratico <em>migliore<\/em> delle alternative.\u00a0Sar\u00e0 il caso che se si vuole creare uno spazio politico a sinistra del PD si rinunci all&#8217;idea di mettere il cuneo nell&#8217;interstizio delle debolezze altrui e si lavori diversamente. Vale anche per <em>SEL<\/em>, un altro partito\u00a0a cui la vittoria permette di mascherare pi\u00f9 di una magagna.<\/p>\n<p>Solo che costruire una sinistra-sinistra richiede di saper fare politica, una competenza che \u00e8 oggi davvero pochissimo diffusa e la cui assenza, per esempio, <strong>ha determinato la sconfitta del <em>M5S<\/em><\/strong>, il movimento che non sa fare politica per antonomasia, che qui da noi si \u00e8 praticamente suicidato e che, probabilmente, non entrer\u00e0 mai pi\u00f9 nel Consiglio regionale, salvo che non venga la catastrofe &#8211;\u00a0ma non possiamo augurarci la catastrofe solo per avere i grillini in via Roma. Ma qui nella mia riflessione ho pi\u00f9 in testa tutta la galassia che va dal movimento antiglobalizzazione &#8211; molti dei quali hanno lavorato per <em>Sardegna Possibile<\/em> &#8211; ai resti del movimento ambientalista a un sacco di altra gente: \u00e8 il caso di ricominciare a fare politica. Altrimenti si pu\u00f2 sempre andare a sentire i <em>Sikitis<\/em>.<\/p>\n<p>Infine, e anche se pu\u00f2 sembrare paradossale, a occhio direi che con queste elezioni <strong>ha vinto il rinnovamento<\/strong>: una buona percentuale\u00a0degli eletti\u00a0entrano per la prima volta in Consiglio, mentre molti degli uscenti non si sono presentati o non sono stati riconfermati. Lo dico perch\u00e9 \u00e8 un segnale che, anche con leggi elettorali pessime e anche con un generale immobilismo della classe politica, ci sono movimenti e flussi che sarebbe sbagliato sottovalutare: non \u00e8 solo Renzi che preme, ma tanti altri fattori. D&#8217;altra parte basta considerare la presenza di Giorgio Oppi e Mariolino\u00a0Floris per rendersi conto che non \u00e8 proprio il caso di brindare.<\/p>\n<p>Anche perch\u00e9 a fronte del rinnovamento <strong>perdono i giovani<\/strong> (a parte un paio di <em>SEL<\/em> l&#8217;et\u00e0 media sar\u00e0\u00a0almeno sui cinquanta, penso) e soprattutto<strong> perdono le donne<\/strong>, praticamente assenti dal Consiglio. C&#8217;\u00e8 molto da migliorare, insomma.<\/p>\n","protected":false},"excerpt":{"rendered":"<p>Ai bei vecchi tempi di it.arti.cinema si usava il tag &#8220;miespongoallaberlina&#8221; per introdurre post in cui si lodavano film universalmente<\/p>\n","protected":false},"author":1,"featured_media":6505,"comment_status":"open","ping_status":"open","sticky":false,"template":"","format":"standard","meta":{"_mi_skip_tracking":false,"_monsterinsights_sitenote_active":false,"_monsterinsights_sitenote_note":"","_monsterinsights_sitenote_category":0,"jetpack_post_was_ever_published":false,"_jetpack_newsletter_access":"","jetpack_publicize_message":"","jetpack_is_tweetstorm":false,"jetpack_publicize_feature_enabled":true,"jetpack_social_post_already_shared":true,"jetpack_social_options":{"image_generator_settings":{"template":"highway","enabled":false}}},"categories":[52,57,17,59,16],"tags":[],"jetpack_publicize_connections":[],"jetpack_featured_media_url":"https:\/\/i0.wp.com\/www.robertosedda.it\/wp-content\/uploads\/2014\/02\/Vittoria-Pigliaru.jpg?fit=960%2C637","jetpack_sharing_enabled":true,"jetpack_shortlink":"https:\/\/wp.me\/p4jV2T-1GH","jetpack_likes_enabled":true,"jetpack-related-posts":[{"id":16352,"url":"http:\/\/www.robertosedda.it\/?p=16352","url_meta":{"origin":6491,"position":0},"title":"Cosa dice Sedda","author":"Rufus","date":"15\/03\/2019","format":false,"excerpt":"Carlo Cefaloni di Citt\u00e0 Nuova mi ha fatto un paio di domande sulla situazione della Sardegna. Io gli ho risposto con tre pagine di divagazioni su argomenti sui quali non ho alcun titolo per parlare, ci sono stati un po' di tagli e alla fine alla fine il risultato \u00e8\u2026","rel":"","context":"In &quot;Segnalazioni&quot;","block_context":{"text":"Segnalazioni","link":"http:\/\/www.robertosedda.it\/?cat=95"},"img":{"alt_text":"","src":"https:\/\/i0.wp.com\/www.robertosedda.it\/wp-content\/uploads\/2019\/03\/capture_decran_2017-07-12_a_14.30.08.png?fit=750%2C250&resize=350%2C200","width":350,"height":200,"srcset":"https:\/\/i0.wp.com\/www.robertosedda.it\/wp-content\/uploads\/2019\/03\/capture_decran_2017-07-12_a_14.30.08.png?fit=750%2C250&resize=350%2C200 1x, https:\/\/i0.wp.com\/www.robertosedda.it\/wp-content\/uploads\/2019\/03\/capture_decran_2017-07-12_a_14.30.08.png?fit=750%2C250&resize=700%2C400 2x"},"classes":[]},{"id":15927,"url":"http:\/\/www.robertosedda.it\/?p=15927","url_meta":{"origin":6491,"position":1},"title":"Cose un po&#8217; astruse","author":"Rufus","date":"05\/12\/2018","format":false,"excerpt":"L'anno prossimo terr\u00f2, anche se non so bene quando, un seminario dal titolo Etica e videogame. \u00c8 un tema che mi prende abbastanza e sul qual torno ogni tanto (ok, tutti i giorni) discutendone fra me e me, pensando cose diverse da aggiungere e ogni tanto imbastendo discussioni con interlocutori\u2026","rel":"","context":"In &quot;Coordinate&quot;","block_context":{"text":"Coordinate","link":"http:\/\/www.robertosedda.it\/?cat=52"},"img":{"alt_text":"","src":"https:\/\/i0.wp.com\/www.robertosedda.it\/wp-content\/uploads\/2018\/12\/Etica-e-videogame.jpg?fit=1058%2C794&resize=350%2C200","width":350,"height":200,"srcset":"https:\/\/i0.wp.com\/www.robertosedda.it\/wp-content\/uploads\/2018\/12\/Etica-e-videogame.jpg?fit=1058%2C794&resize=350%2C200 1x, https:\/\/i0.wp.com\/www.robertosedda.it\/wp-content\/uploads\/2018\/12\/Etica-e-videogame.jpg?fit=1058%2C794&resize=700%2C400 2x, https:\/\/i0.wp.com\/www.robertosedda.it\/wp-content\/uploads\/2018\/12\/Etica-e-videogame.jpg?fit=1058%2C794&resize=1050%2C600 3x"},"classes":[]},{"id":8189,"url":"http:\/\/www.robertosedda.it\/?p=8189","url_meta":{"origin":6491,"position":2},"title":"Quegli stalker sul mio sito","author":"Rufus","date":"11\/08\/2014","format":false,"excerpt":"Ho iniziato a pubblicare articoli sul blog a settembre 2012, quindi ogni anno quando arriva agosto mi guardo un po' le statistiche che Google e Wordpress mi mettono a disposizione. Ovviamente non \u00e8 che tenga il blog per raggiungere la notoriet\u00e0 mondiale, vendere pubblicit\u00e0 e diventare ricco sfondato, quindi l'attenzione\u2026","rel":"","context":"In &quot;Coordinate&quot;","block_context":{"text":"Coordinate","link":"http:\/\/www.robertosedda.it\/?cat=52"},"img":{"alt_text":"","src":"https:\/\/i0.wp.com\/www.robertosedda.it\/wp-content\/uploads\/2013\/12\/Katniss-Everdeen.jpg?fit=434%2C600&resize=350%2C200","width":350,"height":200},"classes":[]},{"id":3082,"url":"http:\/\/www.robertosedda.it\/?p=3082","url_meta":{"origin":6491,"position":3},"title":"Traguardo di visitatori (e ringraziamenti)","author":"Rufus","date":"04\/05\/2013","format":false,"excerpt":"Ieri, secondo Google Analytics, il blog ha raggiunto 5.000 visitatori unici (le visualizzazioni di pagina sono pi\u00f9 di 16.000). Sono visite da fine agosto, quando ho cominciato a pubblicare articoli, a oggi. Oggetto meraviglioso, Google Analytics. Evocatore di misteri: perch\u00e9 per esempio ti informa che fra gli articoli pi\u00f9 letti\u2026","rel":"","context":"In &quot;Coordinate&quot;","block_context":{"text":"Coordinate","link":"http:\/\/www.robertosedda.it\/?cat=52"},"img":{"alt_text":"","src":"https:\/\/i0.wp.com\/www.robertosedda.it\/wp-content\/uploads\/2013\/05\/statistiche-blog.png?fit=1200%2C580&resize=350%2C200","width":350,"height":200,"srcset":"https:\/\/i0.wp.com\/www.robertosedda.it\/wp-content\/uploads\/2013\/05\/statistiche-blog.png?fit=1200%2C580&resize=350%2C200 1x, https:\/\/i0.wp.com\/www.robertosedda.it\/wp-content\/uploads\/2013\/05\/statistiche-blog.png?fit=1200%2C580&resize=700%2C400 2x, https:\/\/i0.wp.com\/www.robertosedda.it\/wp-content\/uploads\/2013\/05\/statistiche-blog.png?fit=1200%2C580&resize=1050%2C600 3x"},"classes":[]},{"id":15048,"url":"http:\/\/www.robertosedda.it\/?p=15048","url_meta":{"origin":6491,"position":4},"title":"Reportage dalla scuola di giornalismo&#8230; a Chicago","author":"Rufus","date":"20\/04\/2018","format":false,"excerpt":"Su uno dei siti che ho infilato nell'aggregatore di notizie quotidiano, ProPublica, ho trovato un articolo che illustra cosa \u00e8 successo durante un seminario di giornalismo\u00a0dal basso organizzato da\u00a0ProPublica stessa e da alcune altre organizzazioni di animazione sociale. Nonostante sia un evento piccolissimo e anche un po' ingenuo, mi \u00e8\u2026","rel":"","context":"In &quot;Coordinate&quot;","block_context":{"text":"Coordinate","link":"http:\/\/www.robertosedda.it\/?cat=52"},"img":{"alt_text":"","src":"https:\/\/i0.wp.com\/www.robertosedda.it\/wp-content\/uploads\/2018\/04\/Street-theater-3.jpg?fit=1200%2C800&resize=350%2C200","width":350,"height":200,"srcset":"https:\/\/i0.wp.com\/www.robertosedda.it\/wp-content\/uploads\/2018\/04\/Street-theater-3.jpg?fit=1200%2C800&resize=350%2C200 1x, https:\/\/i0.wp.com\/www.robertosedda.it\/wp-content\/uploads\/2018\/04\/Street-theater-3.jpg?fit=1200%2C800&resize=700%2C400 2x, https:\/\/i0.wp.com\/www.robertosedda.it\/wp-content\/uploads\/2018\/04\/Street-theater-3.jpg?fit=1200%2C800&resize=1050%2C600 3x"},"classes":[]},{"id":1935,"url":"http:\/\/www.robertosedda.it\/?p=1935","url_meta":{"origin":6491,"position":5},"title":"Falsi amici&#8230; social","author":"Rufus","date":"11\/01\/2013","format":false,"excerpt":"Come sapete sto cominciando a farmi un po' di formazione sul lavorare sul web, tramite i social network e non solo. Perci\u00f2 un titolo come Dieci regole per chi lavora con i social network, di un articolo proposto da Internazionale, non poteva che interessarmi. Peccato che nel caso specifico (e\u2026","rel":"","context":"In &quot;Coordinate&quot;","block_context":{"text":"Coordinate","link":"http:\/\/www.robertosedda.it\/?cat=52"},"img":{"alt_text":"","src":"https:\/\/i0.wp.com\/www.robertosedda.it\/wp-content\/uploads\/2013\/01\/Schermata-1.png?fit=979%2C683&resize=350%2C200","width":350,"height":200,"srcset":"https:\/\/i0.wp.com\/www.robertosedda.it\/wp-content\/uploads\/2013\/01\/Schermata-1.png?fit=979%2C683&resize=350%2C200 1x, https:\/\/i0.wp.com\/www.robertosedda.it\/wp-content\/uploads\/2013\/01\/Schermata-1.png?fit=979%2C683&resize=700%2C400 2x"},"classes":[]}],"_links":{"self":[{"href":"http:\/\/www.robertosedda.it\/index.php?rest_route=\/wp\/v2\/posts\/6491"}],"collection":[{"href":"http:\/\/www.robertosedda.it\/index.php?rest_route=\/wp\/v2\/posts"}],"about":[{"href":"http:\/\/www.robertosedda.it\/index.php?rest_route=\/wp\/v2\/types\/post"}],"author":[{"embeddable":true,"href":"http:\/\/www.robertosedda.it\/index.php?rest_route=\/wp\/v2\/users\/1"}],"replies":[{"embeddable":true,"href":"http:\/\/www.robertosedda.it\/index.php?rest_route=%2Fwp%2Fv2%2Fcomments&post=6491"}],"version-history":[{"count":10,"href":"http:\/\/www.robertosedda.it\/index.php?rest_route=\/wp\/v2\/posts\/6491\/revisions"}],"predecessor-version":[{"id":16275,"href":"http:\/\/www.robertosedda.it\/index.php?rest_route=\/wp\/v2\/posts\/6491\/revisions\/16275"}],"wp:featuredmedia":[{"embeddable":true,"href":"http:\/\/www.robertosedda.it\/index.php?rest_route=\/wp\/v2\/media\/6505"}],"wp:attachment":[{"href":"http:\/\/www.robertosedda.it\/index.php?rest_route=%2Fwp%2Fv2%2Fmedia&parent=6491"}],"wp:term":[{"taxonomy":"category","embeddable":true,"href":"http:\/\/www.robertosedda.it\/index.php?rest_route=%2Fwp%2Fv2%2Fcategories&post=6491"},{"taxonomy":"post_tag","embeddable":true,"href":"http:\/\/www.robertosedda.it\/index.php?rest_route=%2Fwp%2Fv2%2Ftags&post=6491"}],"curies":[{"name":"wp","href":"https:\/\/api.w.org\/{rel}","templated":true}]}}