{"id":6352,"date":"2014-02-11T15:19:02","date_gmt":"2014-02-11T14:19:02","guid":{"rendered":"http:\/\/www.robertosedda.it\/?p=6352"},"modified":"2015-01-10T00:03:57","modified_gmt":"2015-01-09T23:03:57","slug":"una-modesta-proposta-per-le-reti-sociali-della-sardegna","status":"publish","type":"post","link":"http:\/\/www.robertosedda.it\/?p=6352","title":{"rendered":"Una modesta proposta per le reti sociali della Sardegna"},"content":{"rendered":"<p>Sabato 8 febbraio sono andato con Gaetano ed Elena a portare il saluto dei soci di Banca Etica all&#8217;Assemblea regionale dell&#8217;ARCI: oltre a noi si sono alternati, nel corso della mattinata, un gran numero di altri ospiti in rappresentanza di associazioni e organizzazioni di vario genere che collaborano o comunque hanno rapporti con l&#8217;ARCI.<\/p>\n<p><a href=\"https:\/\/i0.wp.com\/www.robertosedda.it\/wp-content\/uploads\/2014\/02\/ARCI-dibattito.jpg\"><img data-attachment-id=\"6355\" data-permalink=\"http:\/\/www.robertosedda.it\/?attachment_id=6355\" data-orig-file=\"https:\/\/i0.wp.com\/www.robertosedda.it\/wp-content\/uploads\/2014\/02\/ARCI-dibattito.jpg?fit=2048%2C1536\" data-orig-size=\"2048,1536\" data-comments-opened=\"1\" data-image-meta=\"{&quot;aperture&quot;:&quot;2.6&quot;,&quot;credit&quot;:&quot;&quot;,&quot;camera&quot;:&quot;YP-G70&quot;,&quot;caption&quot;:&quot;&quot;,&quot;created_timestamp&quot;:&quot;1391950365&quot;,&quot;copyright&quot;:&quot;&quot;,&quot;focal_length&quot;:&quot;3.79&quot;,&quot;iso&quot;:&quot;200&quot;,&quot;shutter_speed&quot;:&quot;0.11111111111111&quot;,&quot;title&quot;:&quot;&quot;}\" data-image-title=\"ARCI dibattito\" data-image-description=\"\" data-image-caption=\"\" data-medium-file=\"https:\/\/i0.wp.com\/www.robertosedda.it\/wp-content\/uploads\/2014\/02\/ARCI-dibattito.jpg?fit=300%2C225\" data-large-file=\"https:\/\/i0.wp.com\/www.robertosedda.it\/wp-content\/uploads\/2014\/02\/ARCI-dibattito.jpg?fit=510%2C383\" decoding=\"async\" loading=\"lazy\" class=\"alignleft size-medium wp-image-6355\" src=\"https:\/\/i0.wp.com\/www.robertosedda.it\/wp-content\/uploads\/2014\/02\/ARCI-dibattito.jpg?resize=300%2C225\" alt=\"ARCI dibattito\" width=\"300\" height=\"225\" srcset=\"https:\/\/i0.wp.com\/www.robertosedda.it\/wp-content\/uploads\/2014\/02\/ARCI-dibattito.jpg?resize=300%2C225 300w, https:\/\/i0.wp.com\/www.robertosedda.it\/wp-content\/uploads\/2014\/02\/ARCI-dibattito.jpg?resize=150%2C112 150w, https:\/\/i0.wp.com\/www.robertosedda.it\/wp-content\/uploads\/2014\/02\/ARCI-dibattito.jpg?resize=1024%2C768 1024w, https:\/\/i0.wp.com\/www.robertosedda.it\/wp-content\/uploads\/2014\/02\/ARCI-dibattito.jpg?resize=268%2C200 268w, https:\/\/i0.wp.com\/www.robertosedda.it\/wp-content\/uploads\/2014\/02\/ARCI-dibattito.jpg?resize=700%2C525 700w, https:\/\/i0.wp.com\/www.robertosedda.it\/wp-content\/uploads\/2014\/02\/ARCI-dibattito.jpg?w=2048 2048w, https:\/\/i0.wp.com\/www.robertosedda.it\/wp-content\/uploads\/2014\/02\/ARCI-dibattito.jpg?w=1600 1600w\" sizes=\"(max-width: 300px) 100vw, 300px\" data-recalc-dims=\"1\" \/><\/a>Seguendo il corso del dibattito mi sono accorto che uno dei temi ricorrenti, citato in particolare ripetutamente da parte delle organizzazioni di promozione sociale presenti, era quello del <em>Forum del Terzo Settore<\/em>, il tavolo che storicamente\u00a0raccoglie l&#8217;associazionismo, la cooperazione e il volontariato che svolgono attivit\u00e0 di impresa con finalit\u00e0 pubbliche e sociali (come lo Stato) ma con una dimensione giuridica privatistica (come le aziende): \u00e8 quel mondo per il quale si usa anche la definizione di &#8220;privato sociale&#8221;, &#8220;no profit&#8221; o &#8220;economia sociale e solidale&#8221; (anche se, in realt\u00e0, la scelta della specifica espressione rivela scelte di campo e interpretazioni diverse in base alle quali ci sono state nel passato\u00a0faide furibonde).<\/p>\n<p><a href=\"http:\/\/www.forumterzosettore.it\/\">A livello nazionale il <em>Forum<\/em> svolge un ruolo importante di rappresentanza istituzionale e di coordinamento di tutto questo vasto mondo<\/a>; in Sardegna invece il tavolo regionale \u00e8 paralizzato da tempo da problemi di interrelazione fra le componenti del mondo del volontariato, dell&#8217;associazionismo e della cooperazione, tanto che ho scoperto sabato che l&#8217;ARCI, le ACLI e altri hanno formalmente abbandonato il <em>Forum<\/em> regionale, privandolo di fatto della propria funzione di rappresentanza (in realt\u00e0\u00a0ARCI e ACLI\u00a0sarebbero molto pi\u00f9 &#8220;terzo settore&#8221; delle organizzazioni di volontariato che oggi costituiscono la parte maggioritaria del <em>Forum<\/em> sardo, e del resto\u00a0il <em>Forum<\/em> regionale nacque per intuizione in particolare delle ACLI). La situazione \u00e8 stata pi\u00f9 volte deprecata nel dibattito, invocando un ventaglio di soluzioni diverse, pi\u00f9 o meno praticabili.<\/p>\n<p><a href=\"https:\/\/i0.wp.com\/www.robertosedda.it\/wp-content\/uploads\/2014\/02\/ARCI-discussione.jpg\"><img data-attachment-id=\"6354\" data-permalink=\"http:\/\/www.robertosedda.it\/?attachment_id=6354\" data-orig-file=\"https:\/\/i0.wp.com\/www.robertosedda.it\/wp-content\/uploads\/2014\/02\/ARCI-discussione.jpg?fit=2048%2C1536\" data-orig-size=\"2048,1536\" data-comments-opened=\"1\" data-image-meta=\"{&quot;aperture&quot;:&quot;2.6&quot;,&quot;credit&quot;:&quot;&quot;,&quot;camera&quot;:&quot;YP-G70&quot;,&quot;caption&quot;:&quot;&quot;,&quot;created_timestamp&quot;:&quot;1391950503&quot;,&quot;copyright&quot;:&quot;&quot;,&quot;focal_length&quot;:&quot;3.79&quot;,&quot;iso&quot;:&quot;200&quot;,&quot;shutter_speed&quot;:&quot;0.11111111111111&quot;,&quot;title&quot;:&quot;&quot;}\" data-image-title=\"ARCI discussione\" data-image-description=\"\" data-image-caption=\"\" data-medium-file=\"https:\/\/i0.wp.com\/www.robertosedda.it\/wp-content\/uploads\/2014\/02\/ARCI-discussione.jpg?fit=300%2C225\" data-large-file=\"https:\/\/i0.wp.com\/www.robertosedda.it\/wp-content\/uploads\/2014\/02\/ARCI-discussione.jpg?fit=510%2C383\" decoding=\"async\" loading=\"lazy\" class=\"aligncenter size-large wp-image-6354\" src=\"https:\/\/i0.wp.com\/www.robertosedda.it\/wp-content\/uploads\/2014\/02\/ARCI-discussione.jpg?resize=700%2C525\" alt=\"ARCI discussione\" width=\"700\" height=\"525\" srcset=\"https:\/\/i0.wp.com\/www.robertosedda.it\/wp-content\/uploads\/2014\/02\/ARCI-discussione.jpg?resize=1024%2C768 1024w, https:\/\/i0.wp.com\/www.robertosedda.it\/wp-content\/uploads\/2014\/02\/ARCI-discussione.jpg?resize=150%2C112 150w, https:\/\/i0.wp.com\/www.robertosedda.it\/wp-content\/uploads\/2014\/02\/ARCI-discussione.jpg?resize=300%2C225 300w, https:\/\/i0.wp.com\/www.robertosedda.it\/wp-content\/uploads\/2014\/02\/ARCI-discussione.jpg?resize=268%2C200 268w, https:\/\/i0.wp.com\/www.robertosedda.it\/wp-content\/uploads\/2014\/02\/ARCI-discussione.jpg?resize=700%2C525 700w, https:\/\/i0.wp.com\/www.robertosedda.it\/wp-content\/uploads\/2014\/02\/ARCI-discussione.jpg?w=2048 2048w, https:\/\/i0.wp.com\/www.robertosedda.it\/wp-content\/uploads\/2014\/02\/ARCI-discussione.jpg?w=1600 1600w\" sizes=\"(max-width: 700px) 100vw, 700px\" data-recalc-dims=\"1\" \/><\/a>Non credo che fosse compito mio n\u00e9 di Banca Etica intervenire nello specifico del problema: la banca \u00e8 una realt\u00e0 trasversale che ha come interlocutori tutte le diverse tipologie di realt\u00e0 che sono coinvolte nella questione, anche se va detto che in Sardegna i nostri approcci nei confronti sia di <em>Libera<\/em> che del coordinamento del mondo del volontariato sono sempre caduti nel vuoto &#8211;\u00a0mi chiedo dove tengano i loro soldi e cosa questi soldi facciano la notte, quando i volontari riposano dai loro sforzi: probabilmente disfano ci\u00f2 che i loro proprietari hanno fatto di giorno.<\/p>\n<p>Ci\u00f2 che penso, per\u00f2, \u00e8 che la, speriamo momentanea, paralisi del <em>Forum<\/em> regionale offre all&#8217;ARCI una opportunit\u00e0, nel senso che lascia le mani e il cervello liberi\u00a0per ragionare circa la costruzione di altri tavoli di rappresentanza,\u00a0coordinamento e\u00a0collaborazione con altre reti &#8211; \u00e8 una cosa che penso da tempo e che in qualche modo stava dietro quel che ho scritto sul <em>blog<\/em> <a href=\"http:\/\/www.robertosedda.it\/?p=4958\">qui<\/a>, <a href=\"http:\/\/www.robertosedda.it\/?p=1642\">qui<\/a>\u00a0e <a href=\"http:\/\/www.robertosedda.it\/?p=5935\">qui<\/a>\u00a0&#8211; non per abbandonare la prospettiva dell&#8217;appartenenza al Terzo Settore, che capisco che per l&#8217;ARCI sia fondante, ma per sparigliare le carte delle relazioni che le varie reti sociali in Sardegna hanno fra di loro, relazioni che potrebbero essere profondamente pi\u00f9 produttive e avere maggiore influenza a livello culturale e sociale: una rete delle reti dell&#8217;economia sociale, sostenibile e solidale \u00e8 un progetto bellissimo che in Sardegna sta diventando urgente, contemporaneamente sarebbe utilissimo\u00a0a tutti i possibili partecipanti e sarebbe, come tante altre cose che nascono in Sardegna,\u00a0straordinariamente innovativo a livello nazionale (tutte cose per le quali sono sicuro che un progetto del genere avrebbe tutto l&#8217;appoggio possibile anche dalla rete dei soci di Banca Etica della Sardegna).<\/p>\n<p>La mancanza di tempo nel dibattito mi ha impedito di sviluppare il concetto, ma ci tenevo a\u00a0 riprenderlo e lo faccio qui, insieme con una cosa che ugualmente non ho detto per la fretta e che certo avrei dovuto dire: molti auguri alla nuova dirigenza regionale dell&#8217;ARCI!<\/p>\n","protected":false},"excerpt":{"rendered":"<p>Sabato 8 febbraio sono andato con Gaetano ed Elena a portare il saluto dei soci di Banca Etica all&#8217;Assemblea regionale<\/p>\n","protected":false},"author":1,"featured_media":6354,"comment_status":"open","ping_status":"open","sticky":false,"template":"","format":"standard","meta":{"_mi_skip_tracking":false,"_monsterinsights_sitenote_active":false,"_monsterinsights_sitenote_note":"","_monsterinsights_sitenote_category":0,"jetpack_post_was_ever_published":false,"_jetpack_newsletter_access":"","jetpack_publicize_message":"","jetpack_is_tweetstorm":false,"jetpack_publicize_feature_enabled":true,"jetpack_social_post_already_shared":true,"jetpack_social_options":{"image_generator_settings":{"template":"highway","enabled":false}}},"categories":[72,52,55,17,16],"tags":[],"jetpack_publicize_connections":[],"jetpack_featured_media_url":"https:\/\/i0.wp.com\/www.robertosedda.it\/wp-content\/uploads\/2014\/02\/ARCI-discussione.jpg?fit=2048%2C1536","jetpack_sharing_enabled":true,"jetpack_shortlink":"https:\/\/wp.me\/p4jV2T-1Es","jetpack_likes_enabled":true,"jetpack-related-posts":[{"id":16265,"url":"http:\/\/www.robertosedda.it\/?p=16265","url_meta":{"origin":6352,"position":0},"title":"Tre anni entusiasmanti (o almeno belli)","author":"Rufus","date":"14\/02\/2019","format":false,"excerpt":"Con il 31 gennaio il GIT (cio\u00e8 il gruppo di segreteria\/coordinamento dei soci di Banca Etica di un certo territorio) \u00e8 scaduto. Sabato prossimo infatti c'\u00e8 l'assemblea di tutti i soci della Sardegna Meridionale per la nuova elezione. Poi domenica ce ne andiamo tutti quanti insieme in gita al Monte\u2026","rel":"","context":"In &quot;Banche e finanza&quot;","block_context":{"text":"Banche e finanza","link":"http:\/\/www.robertosedda.it\/?cat=72"},"img":{"alt_text":"","src":"https:\/\/i0.wp.com\/www.robertosedda.it\/wp-content\/uploads\/2017\/05\/18320612_1752601238100189_8065062830309173904_o.jpg?fit=1200%2C720&resize=350%2C200","width":350,"height":200,"srcset":"https:\/\/i0.wp.com\/www.robertosedda.it\/wp-content\/uploads\/2017\/05\/18320612_1752601238100189_8065062830309173904_o.jpg?fit=1200%2C720&resize=350%2C200 1x, https:\/\/i0.wp.com\/www.robertosedda.it\/wp-content\/uploads\/2017\/05\/18320612_1752601238100189_8065062830309173904_o.jpg?fit=1200%2C720&resize=700%2C400 2x, https:\/\/i0.wp.com\/www.robertosedda.it\/wp-content\/uploads\/2017\/05\/18320612_1752601238100189_8065062830309173904_o.jpg?fit=1200%2C720&resize=1050%2C600 3x"},"classes":[]},{"id":6796,"url":"http:\/\/www.robertosedda.it\/?p=6796","url_meta":{"origin":6352,"position":1},"title":"Quel che ho detto alla festa dei quindici anni di Banca Etica a Sassari","author":"Rufus","date":"21\/03\/2014","format":false,"excerpt":"Ieri con Gaetano e Claudio siamo andati in trasferta (piuttosto stancante, devo dire, si vede che non ho pi\u00f9 l'et\u00e0) a Sassari per festeggiare anche l\u00ec i quindici anni di Banca Etica, insieme ai soci della Sardegna Settentrionale in un incontro davvero molto partecipato all'Universit\u00e0. Nell'occasione\u00a0mi hanno chiesto un saluto\u2026","rel":"","context":"In &quot;Banche e finanza&quot;","block_context":{"text":"Banche e finanza","link":"http:\/\/www.robertosedda.it\/?cat=72"},"img":{"alt_text":"","src":"https:\/\/i0.wp.com\/www.robertosedda.it\/wp-content\/uploads\/2014\/03\/Rufus-a-Cinque-su-quindici.jpg?fit=600%2C800&resize=350%2C200","width":350,"height":200},"classes":[]},{"id":15112,"url":"http:\/\/www.robertosedda.it\/?p=15112","url_meta":{"origin":6352,"position":2},"title":"Se stasera sono qui&#8230;","author":"Rufus","date":"07\/05\/2018","format":false,"excerpt":"... a questo incontro organizzato in collaborazione fra noi soci di Banca Etica e l'ARCI sotto l'egida del Comitato Riconversione RWM... ... \u00e8 perch\u00e9 penso che sia tempo che la questione delle bombe itaiane in Yemen esca da un equivoco: \u00e8 un argomento di cui si parla in mezzo mondo,\u2026","rel":"","context":"In &quot;Coordinate&quot;","block_context":{"text":"Coordinate","link":"http:\/\/www.robertosedda.it\/?cat=52"},"img":{"alt_text":"","src":"https:\/\/i0.wp.com\/www.robertosedda.it\/wp-content\/uploads\/2018\/05\/Iglesias-Run4Unity.jpg?fit=960%2C528&resize=350%2C200","width":350,"height":200,"srcset":"https:\/\/i0.wp.com\/www.robertosedda.it\/wp-content\/uploads\/2018\/05\/Iglesias-Run4Unity.jpg?fit=960%2C528&resize=350%2C200 1x, https:\/\/i0.wp.com\/www.robertosedda.it\/wp-content\/uploads\/2018\/05\/Iglesias-Run4Unity.jpg?fit=960%2C528&resize=700%2C400 2x"},"classes":[]},{"id":2257,"url":"http:\/\/www.robertosedda.it\/?p=2257","url_meta":{"origin":6352,"position":3},"title":"Se lo fai ti voto","author":"Rufus","date":"19\/02\/2013","format":false,"excerpt":"Appelli (ai) politici Mai come questa volta in vista delle elezioni ci sono stati pezzi della societ\u00e0 civile (anzi, della societ\u00e0 tout court) che hanno lavorato per mettere in chiaro le proprie esigenze e aspirazioni e sottoporle ai candidati e ai partiti, in modo da sollecitare un loro pronunciamento chiaro\u2026","rel":"","context":"In &quot;Coordinate&quot;","block_context":{"text":"Coordinate","link":"http:\/\/www.robertosedda.it\/?cat=52"},"img":{"alt_text":"","src":"https:\/\/i0.wp.com\/www.robertosedda.it\/wp-content\/uploads\/2013\/02\/Greenpeace-io-non-vi-voto.jpg?fit=580%2C243&resize=350%2C200","width":350,"height":200},"classes":[]},{"id":10205,"url":"http:\/\/www.robertosedda.it\/?p=10205","url_meta":{"origin":6352,"position":4},"title":"Articoli dimenticati","author":"Rufus","date":"08\/05\/2015","format":false,"excerpt":"Mi sono accorto oggi che non avevo riportato sul\u00a0blog l'articolo che ho pubblicato sul supplemento diocesano di\u00a0Avvenire\u00a0del 19 aprile 2015, dedicato a Banca Etica. Lo riposto qui: \u00e8 un articolo brevissimo e anche piuttosto anonimo (me lo dico da solo...), nel senso che occorreva prima di tutto presentare la Banca\u2026","rel":"","context":"In &quot;Banche e finanza&quot;","block_context":{"text":"Banche e finanza","link":"http:\/\/www.robertosedda.it\/?cat=72"},"img":{"alt_text":"","src":"https:\/\/i0.wp.com\/www.robertosedda.it\/wp-content\/uploads\/2015\/05\/Avvenire-Cagliari-testata.jpg?fit=648%2C218&resize=350%2C200","width":350,"height":200},"classes":[]},{"id":6151,"url":"http:\/\/www.robertosedda.it\/?p=6151","url_meta":{"origin":6352,"position":5},"title":"Ricchezza, imprenditorialit\u00e0 sociale, politiche di sviluppo","author":"Rufus","date":"05\/02\/2014","format":false,"excerpt":"Fra il 2006 e il 2008 Banca Etica condusse in Sardegna un progetto chiamato Nuove Officine (per i tecnici: era un PIC Equal finanziato dal Fondo Sociale Europeo e codificato come IT-G2-SAR-026 - a distanza di tanto tempo ricordo ancora l'identificativo, perch\u00e9 per anni \u00e8 stato il mio pane e\u2026","rel":"","context":"In &quot;Banche e finanza&quot;","block_context":{"text":"Banche e finanza","link":"http:\/\/www.robertosedda.it\/?cat=72"},"img":{"alt_text":"","src":"https:\/\/i0.wp.com\/www.robertosedda.it\/wp-content\/uploads\/2014\/02\/A.jpg?fit=425%2C423&resize=350%2C200","width":350,"height":200},"classes":[]}],"_links":{"self":[{"href":"http:\/\/www.robertosedda.it\/index.php?rest_route=\/wp\/v2\/posts\/6352"}],"collection":[{"href":"http:\/\/www.robertosedda.it\/index.php?rest_route=\/wp\/v2\/posts"}],"about":[{"href":"http:\/\/www.robertosedda.it\/index.php?rest_route=\/wp\/v2\/types\/post"}],"author":[{"embeddable":true,"href":"http:\/\/www.robertosedda.it\/index.php?rest_route=\/wp\/v2\/users\/1"}],"replies":[{"embeddable":true,"href":"http:\/\/www.robertosedda.it\/index.php?rest_route=%2Fwp%2Fv2%2Fcomments&post=6352"}],"version-history":[{"count":4,"href":"http:\/\/www.robertosedda.it\/index.php?rest_route=\/wp\/v2\/posts\/6352\/revisions"}],"predecessor-version":[{"id":9361,"href":"http:\/\/www.robertosedda.it\/index.php?rest_route=\/wp\/v2\/posts\/6352\/revisions\/9361"}],"wp:featuredmedia":[{"embeddable":true,"href":"http:\/\/www.robertosedda.it\/index.php?rest_route=\/wp\/v2\/media\/6354"}],"wp:attachment":[{"href":"http:\/\/www.robertosedda.it\/index.php?rest_route=%2Fwp%2Fv2%2Fmedia&parent=6352"}],"wp:term":[{"taxonomy":"category","embeddable":true,"href":"http:\/\/www.robertosedda.it\/index.php?rest_route=%2Fwp%2Fv2%2Fcategories&post=6352"},{"taxonomy":"post_tag","embeddable":true,"href":"http:\/\/www.robertosedda.it\/index.php?rest_route=%2Fwp%2Fv2%2Ftags&post=6352"}],"curies":[{"name":"wp","href":"https:\/\/api.w.org\/{rel}","templated":true}]}}