{"id":6332,"date":"2014-02-10T00:04:05","date_gmt":"2014-02-09T23:04:05","guid":{"rendered":"http:\/\/www.robertosedda.it\/?p=6332"},"modified":"2014-12-30T17:54:13","modified_gmt":"2014-12-30T16:54:13","slug":"una-buona-campagna-sociale","status":"publish","type":"post","link":"http:\/\/www.robertosedda.it\/?p=6332","title":{"rendered":"Una buona campagna sociale"},"content":{"rendered":"<p>Mentre mi documentavo per un prossimo articolo sulle ONG internazionali e il rapporto talvolta conflittuale coi loro <em>testimonial<\/em> ho visto un video di <em>Greenpeace<\/em> che non avevo mai visto (si riferisce a una campagna attiva dal 2012) e che propongo perch\u00e9 lo trovo efficace e anche perch\u00e9 ha a che fare con <a title=\"Avvisi agli scettici di Hunger Games\" href=\"http:\/\/www.robertosedda.it\/?p=5417\">cose di tutt&#8217;altro genere di cui si \u00e8 parlato qui<\/a> in altre occasioni, con una commistione interessante fra immaginari anche molto diversi (e se non sapete qual \u00e8 la ragazza che libera il mondo a colpi di arco siete <em>indieeetro<\/em>).<\/p>\n<div class=\"jetpack-video-wrapper\"><span class=\"embed-youtube\" style=\"text-align:center; display: block;\"><iframe class=\"youtube-player\" width=\"800\" height=\"450\" src=\"https:\/\/www.youtube.com\/embed\/XxFWo4sCzCs?version=3&#038;rel=1&#038;showsearch=0&#038;showinfo=1&#038;iv_load_policy=1&#038;fs=1&#038;hl=it-IT&#038;autohide=2&#038;wmode=transparent\" allowfullscreen=\"true\" style=\"border:0;\" sandbox=\"allow-scripts allow-same-origin allow-popups allow-presentation\"><\/iframe><\/span><\/div>\n<p>Considerato che la campagna \u00e8 attiva da un po&#8217; e ha raggiunto dei risultati (anche rispetto ad alcune delle marche i cui simboli sono mostrati con evidenza nel video e che perci\u00f2 fanno la parte dei cattivi, e magari non lo sono pi\u00f9) mi sembra opportuno rimandarvi al <a href=\"http:\/\/www.greenpeace.org\/italy\/it\/System-templates\/Search-results\/?sort=easysearch_startpublishshort|1&amp;all=detox\">sito di <em>Greenpeace<\/em> con i vari aggiornamenti e l&#8217;elenco delle marche che hanno aderito alle richieste della campagna<\/a>.<\/p>\n","protected":false},"excerpt":{"rendered":"<p>Mentre mi documentavo per un prossimo articolo sulle ONG internazionali e il rapporto talvolta conflittuale coi loro testimonial ho visto<\/p>\n","protected":false},"author":1,"featured_media":0,"comment_status":"open","ping_status":"open","sticky":false,"template":"","format":"video","meta":{"_mi_skip_tracking":false,"_monsterinsights_sitenote_active":false,"_monsterinsights_sitenote_note":"","_monsterinsights_sitenote_category":0,"jetpack_post_was_ever_published":false,"_jetpack_newsletter_access":"","jetpack_publicize_message":"","jetpack_is_tweetstorm":false,"jetpack_publicize_feature_enabled":true,"jetpack_social_post_already_shared":true,"jetpack_social_options":{"image_generator_settings":{"template":"highway","enabled":false}}},"categories":[52,55,77,19],"tags":[],"jetpack_publicize_connections":[],"jetpack_featured_media_url":"","jetpack_sharing_enabled":true,"jetpack_shortlink":"https:\/\/wp.me\/p4jV2T-1E8","jetpack_likes_enabled":true,"jetpack-related-posts":[{"id":1438,"url":"http:\/\/www.robertosedda.it\/?p=1438","url_meta":{"origin":6332,"position":0},"title":"Aiutiamo la Norvegia","author":"Rufus","date":"23\/11\/2012","format":"video","excerpt":"Ci sono dei bambini da aiutare, in Norvegia. Bambini che congelano a morte. Serve caldo. E chi \u00e8 pi\u00f9 esperto del caldo degli africani? Da questo nasce l'idea di una ONG, Radi-Aid\u00a0(in inglese si pronuncia come irradiare), che lancia un appello corredato anche da un video stile Do they know\u2026","rel":"","context":"In &quot;Coordinate&quot;","block_context":{"text":"Coordinate","link":"http:\/\/www.robertosedda.it\/?cat=52"},"img":{"alt_text":"","src":"https:\/\/i0.wp.com\/www.robertosedda.it\/wp-content\/uploads\/2012\/11\/Aiutiamo-la-Norvegia.jpg?fit=768%2C451&resize=350%2C200","width":350,"height":200,"srcset":"https:\/\/i0.wp.com\/www.robertosedda.it\/wp-content\/uploads\/2012\/11\/Aiutiamo-la-Norvegia.jpg?fit=768%2C451&resize=350%2C200 1x, https:\/\/i0.wp.com\/www.robertosedda.it\/wp-content\/uploads\/2012\/11\/Aiutiamo-la-Norvegia.jpg?fit=768%2C451&resize=700%2C400 2x"},"classes":[]},{"id":11594,"url":"http:\/\/www.robertosedda.it\/?p=11594","url_meta":{"origin":6332,"position":1},"title":"Le migliori campagne pubblicitarie del 2015","author":"Rufus","date":"24\/02\/2016","format":"video","excerpt":"Trovo su\u00a0Business Insider\u00a0un interessante articolo che elenca le otto migliori campagne pubblicitarie del 2015 (sono principalmente\u00a0di ambito anglosassone). Non sono affatto sicuro che siano le\u00a0migliori: l'articolo cita come fonte una ricerca di\u00a0The Gunn Report\u00a0che\u00a0\u00a0ha in qualche modo stilato una classifica generale basandosi sui premi vinti da\u00a0ciascuna\u00a0campagna nei vari concorsi internazionali;\u2026","rel":"","context":"In &quot;Coordinate&quot;","block_context":{"text":"Coordinate","link":"http:\/\/www.robertosedda.it\/?cat=52"},"img":{"alt_text":"","src":"https:\/\/i0.wp.com\/img.youtube.com\/vi\/KvjIYl_Nlao\/0.jpg?resize=350%2C200","width":350,"height":200},"classes":[]},{"id":5896,"url":"http:\/\/www.robertosedda.it\/?p=5896","url_meta":{"origin":6332,"position":2},"title":"Campagna elettorale for dummies","author":"Rufus","date":"23\/01\/2014","format":false,"excerpt":"In epoca di elezioni diventa pi\u00f9 difficile scrivere di politica per chi, come me, si \u00e8 sempre ripromesso di non dire mai per chi vota. Il che un po' in questi giorni mi pesa, perch\u00e9 ho delle cose \"di politica\" da dire e non \u00e8 facile destreggiarsi. Ci provo. Una\u2026","rel":"","context":"In &quot;Coordinate&quot;","block_context":{"text":"Coordinate","link":"http:\/\/www.robertosedda.it\/?cat=52"},"img":{"alt_text":"","src":"https:\/\/i0.wp.com\/www.robertosedda.it\/wp-content\/uploads\/2014\/01\/Elezioni-per-dummies.jpg?fit=319%2C400&resize=350%2C200","width":350,"height":200},"classes":[]},{"id":16069,"url":"http:\/\/www.robertosedda.it\/?p=16069","url_meta":{"origin":6332,"position":3},"title":"Una cornice per l&#8217;azione","author":"Rufus","date":"28\/12\/2018","format":false,"excerpt":"Da alcuni anni la Fondazione\u00a0Finanza\u00a0Etica fa azionariato critico alla Rheinmetall e segue in maniera particolare la questione delle bombe che sono prodotte in Sardegna per essere usate nella guerra in Yemen: la fabbrica che le produce appartiene infatti a una consociata della multinazionale tedesca. https:\/\/youtu.be\/uy99hxCogSg All'interno di questa azione siamo\u2026","rel":"","context":"In &quot;Coordinate&quot;","block_context":{"text":"Coordinate","link":"http:\/\/www.robertosedda.it\/?cat=52"},"img":{"alt_text":"","src":"https:\/\/i0.wp.com\/www.robertosedda.it\/wp-content\/uploads\/2018\/12\/Diapositiva1.jpg?fit=960%2C720&resize=350%2C200","width":350,"height":200,"srcset":"https:\/\/i0.wp.com\/www.robertosedda.it\/wp-content\/uploads\/2018\/12\/Diapositiva1.jpg?fit=960%2C720&resize=350%2C200 1x, https:\/\/i0.wp.com\/www.robertosedda.it\/wp-content\/uploads\/2018\/12\/Diapositiva1.jpg?fit=960%2C720&resize=700%2C400 2x"},"classes":[]},{"id":12392,"url":"http:\/\/www.robertosedda.it\/?p=12392","url_meta":{"origin":6332,"position":4},"title":"Controcorrenti","author":"Rufus","date":"01\/09\/2016","format":"video","excerpt":"Avevo deciso di non entrare nella polemica sul\u00a0fertility day\u00a0sia perch\u00e9\u00a0su queste bolle di sapone normalmente non c'\u00e8 molto di sensato da dire a interlocutori sensati, sia perch\u00e9 vagamente conscio di un pensiero non proprio allineato alla maggioranza. Intendiamoci: lo stile di comunicazione della campagna \u00e8 becero e deprimente\u00a0e non c'\u00e8\u2026","rel":"","context":"In &quot;Coordinate&quot;","block_context":{"text":"Coordinate","link":"http:\/\/www.robertosedda.it\/?cat=52"},"img":{"alt_text":"","src":"https:\/\/i0.wp.com\/img.youtube.com\/vi\/PG9xtb9sxXY\/0.jpg?resize=350%2C200","width":350,"height":200},"classes":[]},{"id":8558,"url":"http:\/\/www.robertosedda.it\/?p=8558","url_meta":{"origin":6332,"position":5},"title":"Il rotocalco della settimana: la volta che sono stato colpito dal fulmine, colabrodi informatici, fumetti e cose cos\u00ec","author":"Rufus","date":"06\/10\/2014","format":false,"excerpt":"Io canto il corpo elettrico Come sanno i miei vecchi amici, io sono fra coloro che sono stati colpiti dal fulmine e sono sopravvissuti. Nel mio caso accadde durante un campo scuola dell'Azione Cattolica nella vecchia \"casa di Sinnai\": ero al telefono e cadde un fulmine sul palo all'esterno, almeno\u2026","rel":"","context":"In &quot;Coordinate&quot;","block_context":{"text":"Coordinate","link":"http:\/\/www.robertosedda.it\/?cat=52"},"img":{"alt_text":"","src":"https:\/\/i0.wp.com\/www.robertosedda.it\/wp-content\/uploads\/2014\/10\/Fulmine.jpg?fit=1200%2C675&resize=350%2C200","width":350,"height":200,"srcset":"https:\/\/i0.wp.com\/www.robertosedda.it\/wp-content\/uploads\/2014\/10\/Fulmine.jpg?fit=1200%2C675&resize=350%2C200 1x, https:\/\/i0.wp.com\/www.robertosedda.it\/wp-content\/uploads\/2014\/10\/Fulmine.jpg?fit=1200%2C675&resize=700%2C400 2x, https:\/\/i0.wp.com\/www.robertosedda.it\/wp-content\/uploads\/2014\/10\/Fulmine.jpg?fit=1200%2C675&resize=1050%2C600 3x"},"classes":[]}],"_links":{"self":[{"href":"http:\/\/www.robertosedda.it\/index.php?rest_route=\/wp\/v2\/posts\/6332"}],"collection":[{"href":"http:\/\/www.robertosedda.it\/index.php?rest_route=\/wp\/v2\/posts"}],"about":[{"href":"http:\/\/www.robertosedda.it\/index.php?rest_route=\/wp\/v2\/types\/post"}],"author":[{"embeddable":true,"href":"http:\/\/www.robertosedda.it\/index.php?rest_route=\/wp\/v2\/users\/1"}],"replies":[{"embeddable":true,"href":"http:\/\/www.robertosedda.it\/index.php?rest_route=%2Fwp%2Fv2%2Fcomments&post=6332"}],"version-history":[{"count":4,"href":"http:\/\/www.robertosedda.it\/index.php?rest_route=\/wp\/v2\/posts\/6332\/revisions"}],"predecessor-version":[{"id":9301,"href":"http:\/\/www.robertosedda.it\/index.php?rest_route=\/wp\/v2\/posts\/6332\/revisions\/9301"}],"wp:attachment":[{"href":"http:\/\/www.robertosedda.it\/index.php?rest_route=%2Fwp%2Fv2%2Fmedia&parent=6332"}],"wp:term":[{"taxonomy":"category","embeddable":true,"href":"http:\/\/www.robertosedda.it\/index.php?rest_route=%2Fwp%2Fv2%2Fcategories&post=6332"},{"taxonomy":"post_tag","embeddable":true,"href":"http:\/\/www.robertosedda.it\/index.php?rest_route=%2Fwp%2Fv2%2Ftags&post=6332"}],"curies":[{"name":"wp","href":"https:\/\/api.w.org\/{rel}","templated":true}]}}