{"id":6140,"date":"2014-02-04T18:06:51","date_gmt":"2014-02-04T17:06:51","guid":{"rendered":"http:\/\/www.robertosedda.it\/?p=6140"},"modified":"2016-02-15T09:16:48","modified_gmt":"2016-02-15T08:16:48","slug":"la-mia-banca-e-differente","status":"publish","type":"post","link":"http:\/\/www.robertosedda.it\/?p=6140","title":{"rendered":"La mia banca \u00e8 differente"},"content":{"rendered":"<p><a href=\"https:\/\/i0.wp.com\/www.robertosedda.it\/wp-content\/uploads\/2014\/02\/logo-15-anni.png\"><img data-attachment-id=\"6141\" data-permalink=\"http:\/\/www.robertosedda.it\/?attachment_id=6141\" data-orig-file=\"https:\/\/i0.wp.com\/www.robertosedda.it\/wp-content\/uploads\/2014\/02\/logo-15-anni.png?fit=175%2C115\" data-orig-size=\"175,115\" data-comments-opened=\"1\" data-image-meta=\"{&quot;aperture&quot;:&quot;0&quot;,&quot;credit&quot;:&quot;&quot;,&quot;camera&quot;:&quot;&quot;,&quot;caption&quot;:&quot;&quot;,&quot;created_timestamp&quot;:&quot;0&quot;,&quot;copyright&quot;:&quot;&quot;,&quot;focal_length&quot;:&quot;0&quot;,&quot;iso&quot;:&quot;0&quot;,&quot;shutter_speed&quot;:&quot;0&quot;,&quot;title&quot;:&quot;&quot;}\" data-image-title=\"logo 15 anni\" data-image-description=\"\" data-image-caption=\"\" data-medium-file=\"https:\/\/i0.wp.com\/www.robertosedda.it\/wp-content\/uploads\/2014\/02\/logo-15-anni.png?fit=175%2C115\" data-large-file=\"https:\/\/i0.wp.com\/www.robertosedda.it\/wp-content\/uploads\/2014\/02\/logo-15-anni.png?fit=175%2C115\" decoding=\"async\" loading=\"lazy\" class=\"alignleft size-full wp-image-6141\" src=\"https:\/\/i0.wp.com\/www.robertosedda.it\/wp-content\/uploads\/2014\/02\/logo-15-anni.png?resize=175%2C115\" alt=\"logo 15 anni\" width=\"175\" height=\"115\" srcset=\"https:\/\/i0.wp.com\/www.robertosedda.it\/wp-content\/uploads\/2014\/02\/logo-15-anni.png?w=175 175w, https:\/\/i0.wp.com\/www.robertosedda.it\/wp-content\/uploads\/2014\/02\/logo-15-anni.png?resize=150%2C98 150w\" sizes=\"(max-width: 175px) 100vw, 175px\" data-recalc-dims=\"1\" \/><\/a>Credo che molti dei miei amici e lettori sappiano gi\u00e0 che quest&#8217;anno Banca Etica, avendo aperto l&#8217;8 maggio del 1999, festeggia il suo quindicesimo anno di vita.<\/p>\n<p>Sul sito della Banca \u00e8 stata aperta una sezione molto bella, molto <em>narrativa<\/em>, molto interattiva, che racconta sia le iniziative in programma in tutta Italia per festeggiare la ricorrenza sia la storia della Banca sinora: fra l&#8217;altro vi sto caricando alcune delle mie foto prese in varie occasioni.<\/p>\n<p>C&#8217;\u00e8 anche lo spazio per mettere degli aneddoti di vita vissuta, ma purtroppo lo spazio \u00e8 evidentemente limitato (a 1024 caratteri). La mia storiella, che avevo gi\u00e0 raccontato al gruppo La Pira, \u00e8 invece pi\u00f9 lunga, quindi la posto qui.<\/p>\n<blockquote><p>Non so perch\u00e9, ma ogni volta che vado in Abruzzo \u00e8 un viaggio della speranza. Ricordo molti anni fa una lunghissima traversata in treno degli Appennini verso Pescara, una cosa come sette ore con partenza da Roma per andare a un campo nazionale dell&#8217;AC.<\/p>\n<p>Ricordo anche, l&#8217;anno che ci siamo sposati, un Natale a Caramanico Terme. Al ritorno c&#8217;era sciopero dei ferrovieri e con Maria Bonaria riuscimmo a tornare a Roma attraverso lunghe e penose deviazioni, alla ricerca del convoglio disponibile, fino a intercettare nell&#8217;alto Lazio un treno proveniente da Firenze che ci condusse finalmente a destinazione.<\/p>\n<p>Questa volta, devo dire, me la sono cercata.<\/p>\n<p>Il 16 luglio del 2011 volevo andare a L&#8217;Aquila per l&#8217;inaugurazione della Casa del Volontariato. Avendo dormito a Roma il 15 (il giorno prima ne ho approfittato per parlare a lungo col responsabile dei soci del Lazio) potevo usare due mezzi di trasporto diversi: treno o autobus.<\/p>\n<p>L&#8217;autobus, con aria condizionata, impiega circa un&#8217;ora e mezza e parte da Tiburtina pi\u00f9 o meno ogni quaranta minuti. L&#8217;ultimo disponibile per arrivare per l&#8217;inaugurazione (alle 11) partiva alle 8.59, ma io sarei voluto arrivare prima per parlare con diversa gente di Banca Etica, quindi potevo partire una qualunque ora dopo il primo autobus delle 6 del mattino.<\/p>\n<p>Il treno impiega tre ore abbondanti e parte alle 5.45&#8230; prendere il successivo voleva dire arrivare a mezzogiorno.<\/p>\n<p><a href=\"https:\/\/i0.wp.com\/www.robertosedda.it\/wp-content\/uploads\/2014\/02\/Banca-Etica-15-anni.jpg\"><img data-attachment-id=\"6143\" data-permalink=\"http:\/\/www.robertosedda.it\/?attachment_id=6143\" data-orig-file=\"https:\/\/i0.wp.com\/www.robertosedda.it\/wp-content\/uploads\/2014\/02\/Banca-Etica-15-anni.jpg?fit=510%2C250\" data-orig-size=\"510,250\" data-comments-opened=\"1\" data-image-meta=\"{&quot;aperture&quot;:&quot;0&quot;,&quot;credit&quot;:&quot;&quot;,&quot;camera&quot;:&quot;&quot;,&quot;caption&quot;:&quot;&quot;,&quot;created_timestamp&quot;:&quot;0&quot;,&quot;copyright&quot;:&quot;&quot;,&quot;focal_length&quot;:&quot;0&quot;,&quot;iso&quot;:&quot;0&quot;,&quot;shutter_speed&quot;:&quot;0&quot;,&quot;title&quot;:&quot;&quot;}\" data-image-title=\"Banca Etica 15 anni\" data-image-description=\"\" data-image-caption=\"\" data-medium-file=\"https:\/\/i0.wp.com\/www.robertosedda.it\/wp-content\/uploads\/2014\/02\/Banca-Etica-15-anni.jpg?fit=300%2C147\" data-large-file=\"https:\/\/i0.wp.com\/www.robertosedda.it\/wp-content\/uploads\/2014\/02\/Banca-Etica-15-anni.jpg?fit=510%2C250\" decoding=\"async\" loading=\"lazy\" class=\"aligncenter size-full wp-image-6143\" src=\"https:\/\/i0.wp.com\/www.robertosedda.it\/wp-content\/uploads\/2014\/02\/Banca-Etica-15-anni.jpg?resize=510%2C250\" alt=\"Banca Etica 15 anni\" width=\"510\" height=\"250\" srcset=\"https:\/\/i0.wp.com\/www.robertosedda.it\/wp-content\/uploads\/2014\/02\/Banca-Etica-15-anni.jpg?w=510 510w, https:\/\/i0.wp.com\/www.robertosedda.it\/wp-content\/uploads\/2014\/02\/Banca-Etica-15-anni.jpg?resize=150%2C73 150w, https:\/\/i0.wp.com\/www.robertosedda.it\/wp-content\/uploads\/2014\/02\/Banca-Etica-15-anni.jpg?resize=300%2C147 300w\" sizes=\"(max-width: 510px) 100vw, 510px\" data-recalc-dims=\"1\" \/><\/a>Ho preso il treno. Col senno di poi, non so perch\u00e9. Voleva dire alzarsi prima, fare un viaggio pi\u00f9 lungo&#8230; in qualche maniera confusa devo avere ragionato che in treno avrei dormito pi\u00f9 facilmente, che se invece fossi stato sveglio avrei potuto scrivere, che non ci sarebbe stato problema di curve come con l&#8217;autobus. E poi preferire il trasporto su rotaia a quello su gomma, bla bla bla&#8230;<\/p>\n<p>Insomma, ho preso il treno alle 5.45. O forse il treno ha preso me, nel senso che io a quell&#8217;ora avevo il pilota automatico, ma insomma, il risultato \u00e8 che alle 7 del mattino ero a Terni. A Terni? Eh si, perch\u00e9 a Terni, come a Chilivani, si cambia. E io sono arrivato alle 7, con sette minuti di ritardo, e la coincidenza per l&#8217;Aquila \u00e8 partita alle 6.56.<\/p>\n<p>E quindi alle 7 del mattino del 16 luglio sono alla stazione di Terni, che \u00e8 come dire nel mezzo del nulla, e il treno successivo per L&#8217;Aquila parte a mezzogiorno. Per un attimo penso che farei prima a tornare a Roma, arrivare a Tiburtina alle 8.57 e prendere quell&#8217;ultimo pullman che avevo prima disprezzato. Solo che ho l&#8217;impressione che per come si \u00e8 messa la giornata arriver\u00f2 anche l\u00ec con quei pochi ma decisivi minuti di ritardo e l&#8217;autobus sar\u00e0 partito.<\/p>\n<p>A quel punto ho l&#8217;illuminazione, e mi ricordo che Ugo Biggeri e Riccardo Dugini devono raggiungere L&#8217;Aquila partendo da Firenze.<\/p>\n<p>Li chiamo. Concordiamo un appuntamento a Orte, e torno verso Roma.<\/p>\n<p>A Orte, che \u00e8 veramente in mezzo al nulla, altro che Terni, mi accampo alla stazione e alle 9, pi\u00f9 o meno, un&#8217;auto scassata con Ugo e Riccardo mi preleva e mi porta all&#8217;Aquila.<\/p>\n<p>Quello che ho trovato all&#8217;Aquila lo racconter\u00f2 un&#8217;altra volta. Per il momento chiudo dicendovi che mi sto gi\u00e0 rivendendo la battuta che la nostra \u00e8 una banca veramente differente: in quale altra Banca se ti perdi a Terni il Presidente in persona ti viene a prendere con la sua macchina per portarti a destinazione?<\/p><\/blockquote>\n","protected":false},"excerpt":{"rendered":"<p>Credo che molti dei miei amici e lettori sappiano gi\u00e0 che quest&#8217;anno Banca Etica, avendo aperto l&#8217;8 maggio del 1999,<\/p>\n","protected":false},"author":1,"featured_media":6143,"comment_status":"open","ping_status":"open","sticky":false,"template":"","format":"standard","meta":{"_mi_skip_tracking":false,"_monsterinsights_sitenote_active":false,"_monsterinsights_sitenote_note":"","_monsterinsights_sitenote_category":0,"jetpack_post_was_ever_published":false,"_jetpack_newsletter_access":"","jetpack_publicize_message":"","jetpack_is_tweetstorm":false,"jetpack_publicize_feature_enabled":true,"jetpack_social_post_already_shared":false,"jetpack_social_options":{"image_generator_settings":{"template":"highway","enabled":false}}},"categories":[52,56,82,18,16],"tags":[],"jetpack_publicize_connections":[],"jetpack_featured_media_url":"https:\/\/i0.wp.com\/www.robertosedda.it\/wp-content\/uploads\/2014\/02\/Banca-Etica-15-anni.jpg?fit=510%2C250","jetpack_sharing_enabled":true,"jetpack_shortlink":"https:\/\/wp.me\/p4jV2T-1B2","jetpack_likes_enabled":true,"jetpack-related-posts":[{"id":16293,"url":"http:\/\/www.robertosedda.it\/?p=16293","url_meta":{"origin":6140,"position":0},"title":"Traghettatori sub-ottimali","author":"Rufus","date":"28\/02\/2019","format":false,"excerpt":"Ieri sono stato eletto Coordinatore del GIT dei soci di Banca Popolare Etica della Sardegna Meridionale. Lo racconto qui sul blog intanto perch\u00e9 \u00e8 il luogo deputato a raccontare i fatti miei e questo \u00e8 un fatto mio abbastanza importante, e poi anche per mettere le mani avanti. E qui\u2026","rel":"","context":"In &quot;Banche e finanza&quot;","block_context":{"text":"Banche e finanza","link":"http:\/\/www.robertosedda.it\/?cat=72"},"img":{"alt_text":"","src":"https:\/\/i0.wp.com\/www.robertosedda.it\/wp-content\/uploads\/2014\/05\/Banca-Etica-regionale.jpg?fit=1200%2C900&resize=350%2C200","width":350,"height":200,"srcset":"https:\/\/i0.wp.com\/www.robertosedda.it\/wp-content\/uploads\/2014\/05\/Banca-Etica-regionale.jpg?fit=1200%2C900&resize=350%2C200 1x, https:\/\/i0.wp.com\/www.robertosedda.it\/wp-content\/uploads\/2014\/05\/Banca-Etica-regionale.jpg?fit=1200%2C900&resize=700%2C400 2x, https:\/\/i0.wp.com\/www.robertosedda.it\/wp-content\/uploads\/2014\/05\/Banca-Etica-regionale.jpg?fit=1200%2C900&resize=1050%2C600 3x"},"classes":[]},{"id":6796,"url":"http:\/\/www.robertosedda.it\/?p=6796","url_meta":{"origin":6140,"position":1},"title":"Quel che ho detto alla festa dei quindici anni di Banca Etica a Sassari","author":"Rufus","date":"21\/03\/2014","format":false,"excerpt":"Ieri con Gaetano e Claudio siamo andati in trasferta (piuttosto stancante, devo dire, si vede che non ho pi\u00f9 l'et\u00e0) a Sassari per festeggiare anche l\u00ec i quindici anni di Banca Etica, insieme ai soci della Sardegna Settentrionale in un incontro davvero molto partecipato all'Universit\u00e0. Nell'occasione\u00a0mi hanno chiesto un saluto\u2026","rel":"","context":"In &quot;Banche e finanza&quot;","block_context":{"text":"Banche e finanza","link":"http:\/\/www.robertosedda.it\/?cat=72"},"img":{"alt_text":"","src":"https:\/\/i0.wp.com\/www.robertosedda.it\/wp-content\/uploads\/2014\/03\/Rufus-a-Cinque-su-quindici.jpg?fit=600%2C800&resize=350%2C200","width":350,"height":200},"classes":[]},{"id":657,"url":"http:\/\/www.robertosedda.it\/?p=657","url_meta":{"origin":6140,"position":2},"title":"Non poteva funzionare","author":"Rufus","date":"23\/08\/2012","format":false,"excerpt":"Credo di avere sentito parlare per la prima volta di Banca Popolare Etica nell\u2019ottobre del 1995; un amico trasferitosi a Viterbo per studiare era entrato a far parte del GIT locale e ci segnal\u00f2 una presentazione pubblica che si doveva tenere a Cagliari. Mia moglie, che l\u2019ha sempre saputa molto\u2026","rel":"","context":"In &quot;Banche e finanza&quot;","block_context":{"text":"Banche e finanza","link":"http:\/\/www.robertosedda.it\/?cat=72"},"img":{"alt_text":"","src":"https:\/\/i0.wp.com\/www.robertosedda.it\/wp-content\/uploads\/2012\/08\/8930_1166680499070_1260200_n.jpg?fit=604%2C453&resize=350%2C200","width":350,"height":200},"classes":[]},{"id":10205,"url":"http:\/\/www.robertosedda.it\/?p=10205","url_meta":{"origin":6140,"position":3},"title":"Articoli dimenticati","author":"Rufus","date":"08\/05\/2015","format":false,"excerpt":"Mi sono accorto oggi che non avevo riportato sul\u00a0blog l'articolo che ho pubblicato sul supplemento diocesano di\u00a0Avvenire\u00a0del 19 aprile 2015, dedicato a Banca Etica. Lo riposto qui: \u00e8 un articolo brevissimo e anche piuttosto anonimo (me lo dico da solo...), nel senso che occorreva prima di tutto presentare la Banca\u2026","rel":"","context":"In &quot;Banche e finanza&quot;","block_context":{"text":"Banche e finanza","link":"http:\/\/www.robertosedda.it\/?cat=72"},"img":{"alt_text":"","src":"https:\/\/i0.wp.com\/www.robertosedda.it\/wp-content\/uploads\/2015\/05\/Avvenire-Cagliari-testata.jpg?fit=648%2C218&resize=350%2C200","width":350,"height":200},"classes":[]},{"id":4744,"url":"http:\/\/www.robertosedda.it\/?p=4744","url_meta":{"origin":6140,"position":4},"title":"Sabato la finanza etica era a Olbia","author":"Rufus","date":"21\/10\/2013","format":"video","excerpt":"Il 19 ottobre sono intervenuto con Carlo Usai al convegno La finanza etica ti toglie un peso. C'era anche Gaetano Lauta, responsabile dei soci di Banca Etica di Cagliari, e sia gli organizzatori che il pubblico erano largamente presenti persone legate al Movimento Cinque Stelle. \u00c8 stato un dibattito molto\u2026","rel":"","context":"In &quot;Banche e finanza&quot;","block_context":{"text":"Banche e finanza","link":"http:\/\/www.robertosedda.it\/?cat=72"},"img":{"alt_text":"","src":"https:\/\/i0.wp.com\/www.robertosedda.it\/wp-content\/uploads\/2013\/10\/Finanza-etica-Olbia-219x300.jpeg?resize=350%2C200","width":350,"height":200},"classes":[]},{"id":11956,"url":"http:\/\/www.robertosedda.it\/?p=11956","url_meta":{"origin":6140,"position":5},"title":"Appello a un voto che non \u00e8 per me","author":"Rufus","date":"17\/05\/2016","format":false,"excerpt":"L'altro giorno ha suscitato panico l'idea, da me abilmente suggerita, che volessi candidarmi al Consiglio comunale.\u00a0Adesso passo direttamente all'appello al voto; ma \u00e8 per delle elezioni importanti, nelle quali per\u00f2\u00a0non sono candidato io (per fortuna di tutti). Per\u00f2 l'appello vale lo stesso e la lista, coi meccanismi partecipativi propri della\u2026","rel":"","context":"In &quot;Coordinate&quot;","block_context":{"text":"Coordinate","link":"http:\/\/www.robertosedda.it\/?cat=52"},"img":{"alt_text":"","src":"https:\/\/i0.wp.com\/www.robertosedda.it\/wp-content\/uploads\/2016\/05\/Dentico.jpg?fit=400%2C400&resize=350%2C200","width":350,"height":200},"classes":[]}],"_links":{"self":[{"href":"http:\/\/www.robertosedda.it\/index.php?rest_route=\/wp\/v2\/posts\/6140"}],"collection":[{"href":"http:\/\/www.robertosedda.it\/index.php?rest_route=\/wp\/v2\/posts"}],"about":[{"href":"http:\/\/www.robertosedda.it\/index.php?rest_route=\/wp\/v2\/types\/post"}],"author":[{"embeddable":true,"href":"http:\/\/www.robertosedda.it\/index.php?rest_route=\/wp\/v2\/users\/1"}],"replies":[{"embeddable":true,"href":"http:\/\/www.robertosedda.it\/index.php?rest_route=%2Fwp%2Fv2%2Fcomments&post=6140"}],"version-history":[{"count":3,"href":"http:\/\/www.robertosedda.it\/index.php?rest_route=\/wp\/v2\/posts\/6140\/revisions"}],"predecessor-version":[{"id":11559,"href":"http:\/\/www.robertosedda.it\/index.php?rest_route=\/wp\/v2\/posts\/6140\/revisions\/11559"}],"wp:featuredmedia":[{"embeddable":true,"href":"http:\/\/www.robertosedda.it\/index.php?rest_route=\/wp\/v2\/media\/6143"}],"wp:attachment":[{"href":"http:\/\/www.robertosedda.it\/index.php?rest_route=%2Fwp%2Fv2%2Fmedia&parent=6140"}],"wp:term":[{"taxonomy":"category","embeddable":true,"href":"http:\/\/www.robertosedda.it\/index.php?rest_route=%2Fwp%2Fv2%2Fcategories&post=6140"},{"taxonomy":"post_tag","embeddable":true,"href":"http:\/\/www.robertosedda.it\/index.php?rest_route=%2Fwp%2Fv2%2Ftags&post=6140"}],"curies":[{"name":"wp","href":"https:\/\/api.w.org\/{rel}","templated":true}]}}