{"id":6123,"date":"2014-02-03T10:23:23","date_gmt":"2014-02-03T09:23:23","guid":{"rendered":"http:\/\/www.robertosedda.it\/?p=6123"},"modified":"2022-02-15T13:27:52","modified_gmt":"2022-02-15T12:27:52","slug":"un-artista-di-cui-ieri-mi-sono-dimenticato","status":"publish","type":"post","link":"http:\/\/www.robertosedda.it\/?p=6123","title":{"rendered":"Un artista di cui ieri mi sono dimenticato&#8230;"},"content":{"rendered":"<h2>&#8230; \u00e8 <a href=\"http:\/\/www.kwadrart.com\/\">Dariusz Klimczak<\/a><\/h2>\n<p>In realt\u00e0 non mi sono proprio dimenticato, piuttosto \u00e8 un lavoro creativo che aveva a che fare con gli spaesamenti di cui ho parlato ieri ma che non giocava sulla memoria come gli altri, quindi al momento di stendere l&#8217;articolo l&#8217;ho tralasciato. Poi per\u00f2 sono andato a rileggermi <a href=\"http:\/\/www.mymodernmet.com\/profiles\/blogs\/dariusz-klimczak-surreal-photography\">l&#8217;articolo di <em>My Modern Met<\/em><\/a> a lui dedicato e ho visto questa foto<\/p>\n<p><a href=\"https:\/\/i0.wp.com\/www.robertosedda.it\/wp-content\/uploads\/2014\/02\/dariuszklimczak.jpg\"><img data-attachment-id=\"6124\" data-permalink=\"http:\/\/www.robertosedda.it\/?attachment_id=6124\" data-orig-file=\"https:\/\/i0.wp.com\/www.robertosedda.it\/wp-content\/uploads\/2014\/02\/dariuszklimczak.jpg?fit=721%2C721\" data-orig-size=\"721,721\" data-comments-opened=\"1\" data-image-meta=\"{&quot;aperture&quot;:&quot;0&quot;,&quot;credit&quot;:&quot;&quot;,&quot;camera&quot;:&quot;&quot;,&quot;caption&quot;:&quot;&quot;,&quot;created_timestamp&quot;:&quot;0&quot;,&quot;copyright&quot;:&quot;&quot;,&quot;focal_length&quot;:&quot;0&quot;,&quot;iso&quot;:&quot;0&quot;,&quot;shutter_speed&quot;:&quot;0&quot;,&quot;title&quot;:&quot;&quot;}\" data-image-title=\"dariuszklimczak\" data-image-description=\"\" data-image-caption=\"\" data-medium-file=\"https:\/\/i0.wp.com\/www.robertosedda.it\/wp-content\/uploads\/2014\/02\/dariuszklimczak.jpg?fit=300%2C300\" data-large-file=\"https:\/\/i0.wp.com\/www.robertosedda.it\/wp-content\/uploads\/2014\/02\/dariuszklimczak.jpg?fit=510%2C510\" decoding=\"async\" loading=\"lazy\" class=\"aligncenter size-full wp-image-6124\" alt=\"dariuszklimczak\" src=\"https:\/\/i0.wp.com\/www.robertosedda.it\/wp-content\/uploads\/2014\/02\/dariuszklimczak.jpg?resize=721%2C721\" width=\"721\" height=\"721\" srcset=\"https:\/\/i0.wp.com\/www.robertosedda.it\/wp-content\/uploads\/2014\/02\/dariuszklimczak.jpg?w=721 721w, https:\/\/i0.wp.com\/www.robertosedda.it\/wp-content\/uploads\/2014\/02\/dariuszklimczak.jpg?resize=150%2C150 150w, https:\/\/i0.wp.com\/www.robertosedda.it\/wp-content\/uploads\/2014\/02\/dariuszklimczak.jpg?resize=300%2C300 300w, https:\/\/i0.wp.com\/www.robertosedda.it\/wp-content\/uploads\/2014\/02\/dariuszklimczak.jpg?resize=100%2C100 100w, https:\/\/i0.wp.com\/www.robertosedda.it\/wp-content\/uploads\/2014\/02\/dariuszklimczak.jpg?resize=700%2C700 700w\" sizes=\"(max-width: 721px) 100vw, 721px\" data-recalc-dims=\"1\" \/><\/a><\/p>\n<p>che non so perch\u00e9 ma mi ha fatto molto ridere, e quindi beccatevi anche\u00a0la segnalazione dei lavori colmi di umorismo di questo artista polacco.<\/p>\n<p class=\"jetpack-slideshow-noscript robots-nocontent\">Questo slideshow richiede JavaScript.<\/p><div id=\"gallery-6123-1-slideshow\" class=\"jetpack-slideshow-window jetpack-slideshow jetpack-slideshow-black\" data-trans=\"fade\" data-autostart=\"1\" data-gallery=\"[{&quot;src&quot;:&quot;https:\\\/\\\/i0.wp.com\\\/www.robertosedda.it\\\/wp-content\\\/uploads\\\/2014\\\/02\\\/dariuszklimczak-01.jpg?fit=721%2C721&quot;,&quot;id&quot;:&quot;6125&quot;,&quot;title&quot;:&quot;dariuszklimczak 01&quot;,&quot;alt&quot;:&quot;&quot;,&quot;caption&quot;:&quot;&quot;,&quot;itemprop&quot;:&quot;image&quot;},{&quot;src&quot;:&quot;https:\\\/\\\/i0.wp.com\\\/www.robertosedda.it\\\/wp-content\\\/uploads\\\/2014\\\/02\\\/dariuszklimczak-02.jpg?fit=721%2C721&quot;,&quot;id&quot;:&quot;6126&quot;,&quot;title&quot;:&quot;dariuszklimczak 02&quot;,&quot;alt&quot;:&quot;&quot;,&quot;caption&quot;:&quot;&quot;,&quot;itemprop&quot;:&quot;image&quot;},{&quot;src&quot;:&quot;https:\\\/\\\/i0.wp.com\\\/www.robertosedda.it\\\/wp-content\\\/uploads\\\/2014\\\/02\\\/dariuszklimczak-03.jpg?fit=721%2C721&quot;,&quot;id&quot;:&quot;6127&quot;,&quot;title&quot;:&quot;dariuszklimczak 03&quot;,&quot;alt&quot;:&quot;&quot;,&quot;caption&quot;:&quot;&quot;,&quot;itemprop&quot;:&quot;image&quot;},{&quot;src&quot;:&quot;https:\\\/\\\/i0.wp.com\\\/www.robertosedda.it\\\/wp-content\\\/uploads\\\/2014\\\/02\\\/dariuszklimczak-04.jpg?fit=721%2C721&quot;,&quot;id&quot;:&quot;6128&quot;,&quot;title&quot;:&quot;dariuszklimczak 04&quot;,&quot;alt&quot;:&quot;&quot;,&quot;caption&quot;:&quot;&quot;,&quot;itemprop&quot;:&quot;image&quot;},{&quot;src&quot;:&quot;https:\\\/\\\/i0.wp.com\\\/www.robertosedda.it\\\/wp-content\\\/uploads\\\/2014\\\/02\\\/dariuszklimczak-05.jpg?fit=721%2C721&quot;,&quot;id&quot;:&quot;6129&quot;,&quot;title&quot;:&quot;dariuszklimczak 05&quot;,&quot;alt&quot;:&quot;&quot;,&quot;caption&quot;:&quot;&quot;,&quot;itemprop&quot;:&quot;image&quot;},{&quot;src&quot;:&quot;https:\\\/\\\/i0.wp.com\\\/www.robertosedda.it\\\/wp-content\\\/uploads\\\/2014\\\/02\\\/dariuszklimczak-06.jpg?fit=721%2C721&quot;,&quot;id&quot;:&quot;6130&quot;,&quot;title&quot;:&quot;dariuszklimczak 06&quot;,&quot;alt&quot;:&quot;&quot;,&quot;caption&quot;:&quot;&quot;,&quot;itemprop&quot;:&quot;image&quot;},{&quot;src&quot;:&quot;https:\\\/\\\/i0.wp.com\\\/www.robertosedda.it\\\/wp-content\\\/uploads\\\/2014\\\/02\\\/dariuszklimczak-07.jpg?fit=600%2C600&quot;,&quot;id&quot;:&quot;6131&quot;,&quot;title&quot;:&quot;dariuszklimczak 07&quot;,&quot;alt&quot;:&quot;&quot;,&quot;caption&quot;:&quot;&quot;,&quot;itemprop&quot;:&quot;image&quot;},{&quot;src&quot;:&quot;https:\\\/\\\/i0.wp.com\\\/www.robertosedda.it\\\/wp-content\\\/uploads\\\/2014\\\/02\\\/dariuszklimczak-08.jpg?fit=600%2C600&quot;,&quot;id&quot;:&quot;6132&quot;,&quot;title&quot;:&quot;dariuszklimczak 08&quot;,&quot;alt&quot;:&quot;&quot;,&quot;caption&quot;:&quot;&quot;,&quot;itemprop&quot;:&quot;image&quot;}]\" itemscope itemtype=\"https:\/\/schema.org\/ImageGallery\"><\/div>\n","protected":false},"excerpt":{"rendered":"<p>&#8230; \u00e8 Dariusz Klimczak In realt\u00e0 non mi sono proprio dimenticato, piuttosto \u00e8 un lavoro creativo che aveva a che<\/p>\n","protected":false},"author":1,"featured_media":6131,"comment_status":"open","ping_status":"open","sticky":false,"template":"","format":"gallery","meta":{"_mi_skip_tracking":false,"_monsterinsights_sitenote_active":false,"_monsterinsights_sitenote_note":"","_monsterinsights_sitenote_category":0,"jetpack_post_was_ever_published":false,"_jetpack_newsletter_access":"","jetpack_publicize_message":"","jetpack_is_tweetstorm":false,"jetpack_publicize_feature_enabled":true,"jetpack_social_post_already_shared":false,"jetpack_social_options":{"image_generator_settings":{"template":"highway","enabled":false}}},"categories":[52,56,17,61,16],"tags":[],"jetpack_publicize_connections":[],"jetpack_featured_media_url":"https:\/\/i0.wp.com\/www.robertosedda.it\/wp-content\/uploads\/2014\/02\/dariuszklimczak-07.jpg?fit=600%2C600","jetpack_sharing_enabled":true,"jetpack_shortlink":"https:\/\/wp.me\/p4jV2T-1AL","jetpack_likes_enabled":true,"jetpack-related-posts":[{"id":6095,"url":"http:\/\/www.robertosedda.it\/?p=6095","url_meta":{"origin":6123,"position":0},"title":"Una domenica sera ad ammirare artisti","author":"Rufus","date":"02\/02\/2014","format":false,"excerpt":"Ho passato il pomeriggio a mettere in ordine Pulse, il programma che uso come aggregatore di notizie per il palmare. Frugando e riordinando ho finito per dedicarmi soprattutto ai flussi di informazioni che riguardano arte, design e fotografia: in realt\u00e0 alla fine non ho riordinato un bel niente ma sono\u2026","rel":"","context":"In &quot;Coordinate&quot;","block_context":{"text":"Coordinate","link":"http:\/\/www.robertosedda.it\/?cat=52"},"img":{"alt_text":"","src":"https:\/\/i0.wp.com\/www.robertosedda.it\/wp-content\/uploads\/2014\/02\/paper-book-sculpture-art-jodi-harvey-brown-ship.jpg?fit=880%2C586&resize=350%2C200","width":350,"height":200,"srcset":"https:\/\/i0.wp.com\/www.robertosedda.it\/wp-content\/uploads\/2014\/02\/paper-book-sculpture-art-jodi-harvey-brown-ship.jpg?fit=880%2C586&resize=350%2C200 1x, https:\/\/i0.wp.com\/www.robertosedda.it\/wp-content\/uploads\/2014\/02\/paper-book-sculpture-art-jodi-harvey-brown-ship.jpg?fit=880%2C586&resize=700%2C400 2x"},"classes":[]},{"id":13037,"url":"http:\/\/www.robertosedda.it\/?p=13037","url_meta":{"origin":6123,"position":1},"title":"I loop di Ai Weiwei","author":"Rufus","date":"03\/01\/2017","format":false,"excerpt":"Durante la recente trasferta natalizia toscana (uno degli eventi pi\u00f9 umidi della mia vita) sono andato con Maria Bonaria e l'Inossidabile a vedere la mostra\u00a0Libero a Palazzo Strozzi,\u00a0una personale piuttosto ampia dedicata a Ai Weiwei, un artista contemporaneo cinese del quale non sapevo praticamente nulla - salvo che una rapida\u2026","rel":"","context":"In &quot;Coordinate&quot;","block_context":{"text":"Coordinate","link":"http:\/\/www.robertosedda.it\/?cat=52"},"img":{"alt_text":"","src":"https:\/\/i0.wp.com\/www.robertosedda.it\/wp-content\/uploads\/2017\/01\/Ai-Weiewi-urne.jpg?fit=600%2C400&resize=350%2C200","width":350,"height":200},"classes":[]},{"id":20960,"url":"http:\/\/www.robertosedda.it\/?p=20960","url_meta":{"origin":6123,"position":2},"title":"Quattro cose che ho pensato di Paolo Fresu","author":"Rufus","date":"12\/02\/2026","format":false,"excerpt":"Ieri ho visto a teatro Kind of Miles, spettacolo di Paolo Fresu e di un gigantesco sestetto di accompagnatori. https:\/\/youtu.be\/8Au09likPpU E mentre seguivo lo spettacolo, una autobiografia di Miles Davis o forse una autobiografia di Fresu o forse la storia di un innamoramento musicale o forse una storia di un\u2026","rel":"","context":"In &quot;Coordinate&quot;","block_context":{"text":"Coordinate","link":"http:\/\/www.robertosedda.it\/?cat=52"},"img":{"alt_text":"","src":"https:\/\/i0.wp.com\/www.robertosedda.it\/wp-content\/uploads\/2026\/02\/Kind-of-Miles-1-3.jpg?fit=1200%2C800&resize=350%2C200","width":350,"height":200,"srcset":"https:\/\/i0.wp.com\/www.robertosedda.it\/wp-content\/uploads\/2026\/02\/Kind-of-Miles-1-3.jpg?fit=1200%2C800&resize=350%2C200 1x, https:\/\/i0.wp.com\/www.robertosedda.it\/wp-content\/uploads\/2026\/02\/Kind-of-Miles-1-3.jpg?fit=1200%2C800&resize=700%2C400 2x, https:\/\/i0.wp.com\/www.robertosedda.it\/wp-content\/uploads\/2026\/02\/Kind-of-Miles-1-3.jpg?fit=1200%2C800&resize=1050%2C600 3x"},"classes":[]},{"id":14584,"url":"http:\/\/www.robertosedda.it\/?p=14584","url_meta":{"origin":6123,"position":3},"title":"Noi siamo differenti","author":"Rufus","date":"22\/01\/2018","format":false,"excerpt":"Ieri ho accompagnato mia madre al Teatro Massimo per le affollate\u00a0Lezioni di storia organizzate da Laterza. Parlava Eva Cantararella, su Ulisse (in due parole: di rara competenza ma ideologica da morire, fai uno schema teorico e poi ci infili i fatti col martello), ma non \u00e8 della conferenza che voglio\u2026","rel":"","context":"In &quot;Coordinate&quot;","block_context":{"text":"Coordinate","link":"http:\/\/www.robertosedda.it\/?cat=52"},"img":{"alt_text":"","src":"https:\/\/i0.wp.com\/www.robertosedda.it\/wp-content\/uploads\/2018\/01\/Lezioni-storia-Laterza.jpg?fit=1200%2C847&resize=350%2C200","width":350,"height":200,"srcset":"https:\/\/i0.wp.com\/www.robertosedda.it\/wp-content\/uploads\/2018\/01\/Lezioni-storia-Laterza.jpg?fit=1200%2C847&resize=350%2C200 1x, https:\/\/i0.wp.com\/www.robertosedda.it\/wp-content\/uploads\/2018\/01\/Lezioni-storia-Laterza.jpg?fit=1200%2C847&resize=700%2C400 2x, https:\/\/i0.wp.com\/www.robertosedda.it\/wp-content\/uploads\/2018\/01\/Lezioni-storia-Laterza.jpg?fit=1200%2C847&resize=1050%2C600 3x"},"classes":[]},{"id":4958,"url":"http:\/\/www.robertosedda.it\/?p=4958","url_meta":{"origin":6123,"position":4},"title":"Gente che dovrebbe partecipare a Scirarindi","author":"Rufus","date":"07\/11\/2013","format":false,"excerpt":"I prossimi 30 novembre e 1 dicembre ci sar\u00e0 a Cagliari\u00a0la terza edizione del festival di Scirarindi, la pi\u00f9 importante rassegna, fiera, momento culturale sulla sostenibilit\u00e0 (e sul benessere olistico) che ci sia in Sardegna, con migliaia di ingressi e centinaia di espositori. Forse prima dell'estate il tentativo di esportare\u2026","rel":"","context":"In &quot;Coordinate&quot;","block_context":{"text":"Coordinate","link":"http:\/\/www.robertosedda.it\/?cat=52"},"img":{"alt_text":"","src":"https:\/\/i0.wp.com\/www.robertosedda.it\/wp-content\/uploads\/2013\/11\/LOCANDINAweb_2013_preview.jpg?fit=320%2C454&resize=350%2C200","width":350,"height":200},"classes":[]},{"id":16944,"url":"http:\/\/www.robertosedda.it\/?p=16944","url_meta":{"origin":6123,"position":5},"title":"Teatro al cinema","author":"Rufus","date":"29\/07\/2019","format":false,"excerpt":"Ho visto la settimana scorsa, praticamente per caso, Il flauto magico di Piazza Vittorio, riproposizione del quasi omonimo spettacolo teatrale (e disco), tratto ovviamente dal Flauto magico di Mozart. https:\/\/www.youtube.com\/watch?v=pc8RlfTNk1U Ero con Maria Bonaria e il Subcomandante Marcos e ci siamo tutti e tre divertiti molto: consiglio la visione senza\u2026","rel":"","context":"In &quot;Coordinate&quot;","block_context":{"text":"Coordinate","link":"http:\/\/www.robertosedda.it\/?cat=52"},"img":{"alt_text":"","src":"https:\/\/i0.wp.com\/www.robertosedda.it\/wp-content\/uploads\/2019\/07\/Flauto-magico.jpg?fit=1200%2C675&resize=350%2C200","width":350,"height":200,"srcset":"https:\/\/i0.wp.com\/www.robertosedda.it\/wp-content\/uploads\/2019\/07\/Flauto-magico.jpg?fit=1200%2C675&resize=350%2C200 1x, https:\/\/i0.wp.com\/www.robertosedda.it\/wp-content\/uploads\/2019\/07\/Flauto-magico.jpg?fit=1200%2C675&resize=700%2C400 2x, https:\/\/i0.wp.com\/www.robertosedda.it\/wp-content\/uploads\/2019\/07\/Flauto-magico.jpg?fit=1200%2C675&resize=1050%2C600 3x"},"classes":[]}],"_links":{"self":[{"href":"http:\/\/www.robertosedda.it\/index.php?rest_route=\/wp\/v2\/posts\/6123"}],"collection":[{"href":"http:\/\/www.robertosedda.it\/index.php?rest_route=\/wp\/v2\/posts"}],"about":[{"href":"http:\/\/www.robertosedda.it\/index.php?rest_route=\/wp\/v2\/types\/post"}],"author":[{"embeddable":true,"href":"http:\/\/www.robertosedda.it\/index.php?rest_route=\/wp\/v2\/users\/1"}],"replies":[{"embeddable":true,"href":"http:\/\/www.robertosedda.it\/index.php?rest_route=%2Fwp%2Fv2%2Fcomments&post=6123"}],"version-history":[{"count":3,"href":"http:\/\/www.robertosedda.it\/index.php?rest_route=\/wp\/v2\/posts\/6123\/revisions"}],"predecessor-version":[{"id":6451,"href":"http:\/\/www.robertosedda.it\/index.php?rest_route=\/wp\/v2\/posts\/6123\/revisions\/6451"}],"wp:featuredmedia":[{"embeddable":true,"href":"http:\/\/www.robertosedda.it\/index.php?rest_route=\/wp\/v2\/media\/6131"}],"wp:attachment":[{"href":"http:\/\/www.robertosedda.it\/index.php?rest_route=%2Fwp%2Fv2%2Fmedia&parent=6123"}],"wp:term":[{"taxonomy":"category","embeddable":true,"href":"http:\/\/www.robertosedda.it\/index.php?rest_route=%2Fwp%2Fv2%2Fcategories&post=6123"},{"taxonomy":"post_tag","embeddable":true,"href":"http:\/\/www.robertosedda.it\/index.php?rest_route=%2Fwp%2Fv2%2Ftags&post=6123"}],"curies":[{"name":"wp","href":"https:\/\/api.w.org\/{rel}","templated":true}]}}