{"id":6087,"date":"2014-02-01T20:46:09","date_gmt":"2014-02-01T19:46:09","guid":{"rendered":"http:\/\/www.robertosedda.it\/?p=6087"},"modified":"2014-12-28T18:20:33","modified_gmt":"2014-12-28T17:20:33","slug":"peccato-non-sono-potuto-andare","status":"publish","type":"post","link":"http:\/\/www.robertosedda.it\/?p=6087","title":{"rendered":"Peccato, non sono potuto andare&#8230;"},"content":{"rendered":"<p>Stamattina io e Andrea Salidu abbiamo ripreso in mano i contenuti del seminario su <a title=\"\u201cStare\u201d in rete o \u201cessere\u201d in rete\" href=\"http:\/\/www.robertosedda.it\/?p=1540\"><em>Impariamo a stare in rete<\/em><\/a> e li abbiamo proposti al GIT di Cagliari di Banca Etica, come occasione di formazione interna. \u00c8 stata una mattinata molto piacevole e insomma grazie a tutti dell&#8217;attenzione e a Gaetano e Valentina per il pranzo che ha chiuso il seminario. Penso che, magari arricchita di altri contenuti anche sui <em>social<\/em>, \u00e8 un&#8217;attivit\u00e0 di formazione che riproporremo anche in futuro (e anzi, se qualcuno \u00e8 interessato, contatti me o il GIT).<\/p>\n<p>Qui sotto alcune foto, cos\u00ec chi \u00e8 ritratto se le pu\u00f2 scaricare e avere un ricordo della mattinata.<\/p>\n<p>L&#8217;unico problema? C&#8217;era Berlusconi in contemporanea alla Fiera che faceva propaganda per Cappellacci e non sono potuto andare, peccato, oh! peccato&#8230;<\/p>\n<div class=\"tiled-gallery type-rectangular tiled-gallery-unresized\" data-original-width=\"800\" data-carousel-extra='{&quot;blog_id&quot;:1,&quot;permalink&quot;:&quot;http:\\\/\\\/www.robertosedda.it\\\/?p=6087&quot;,&quot;likes_blog_id&quot;:63852863}' itemscope itemtype=\"http:\/\/schema.org\/ImageGallery\" > <div class=\"gallery-row\" style=\"width: 800px; height: 670px;\" data-original-width=\"800\" data-original-height=\"670\" > <div class=\"gallery-group images-3\" style=\"width: 296px; height: 670px;\" data-original-width=\"296\" data-original-height=\"670\" > <div class=\"tiled-gallery-item tiled-gallery-item-large\" itemprop=\"associatedMedia\" itemscope itemtype=\"http:\/\/schema.org\/ImageObject\"> <a href=\"https:\/\/i0.wp.com\/www.robertosedda.it\/wp-content\/uploads\/2014\/02\/Impariamo-a-stare-in-rete-GIT-1.jpg\" border=\"0\" itemprop=\"url\"> <meta itemprop=\"width\" content=\"292\"> <meta itemprop=\"height\" content=\"219\"> <img data-attachment-id=\"6089\" data-orig-file=\"http:\/\/www.robertosedda.it\/wp-content\/uploads\/2014\/02\/Impariamo-a-stare-in-rete-GIT-1.jpg\" data-orig-size=\"2048,1536\" data-comments-opened=\"1\" data-image-meta=\"{&quot;aperture&quot;:&quot;2.6&quot;,&quot;credit&quot;:&quot;&quot;,&quot;camera&quot;:&quot;YP-G70&quot;,&quot;caption&quot;:&quot;&quot;,&quot;created_timestamp&quot;:&quot;1391255385&quot;,&quot;copyright&quot;:&quot;&quot;,&quot;focal_length&quot;:&quot;3.79&quot;,&quot;iso&quot;:&quot;200&quot;,&quot;shutter_speed&quot;:&quot;0.083333333333333&quot;,&quot;title&quot;:&quot;&quot;}\" data-image-title=\"Impariamo a stare in rete GIT 1\" data-image-description=\"\" data-medium-file=\"https:\/\/i0.wp.com\/www.robertosedda.it\/wp-content\/uploads\/2014\/02\/Impariamo-a-stare-in-rete-GIT-1.jpg?fit=300%2C225\" data-large-file=\"https:\/\/i0.wp.com\/www.robertosedda.it\/wp-content\/uploads\/2014\/02\/Impariamo-a-stare-in-rete-GIT-1.jpg?fit=510%2C383\" src=\"https:\/\/i0.wp.com\/www.robertosedda.it\/wp-content\/uploads\/2014\/02\/Impariamo-a-stare-in-rete-GIT-1.jpg?w=292&#038;h=219\" width=\"292\" height=\"219\" data-original-width=\"292\" data-original-height=\"219\" itemprop=\"http:\/\/schema.org\/image\" title=\"Impariamo a stare in rete GIT 1\" alt=\"Impariamo a stare in rete GIT 1\" style=\"width: 292px; height: 219px;\" \/> <\/a> <\/div> <div class=\"tiled-gallery-item tiled-gallery-item-large\" itemprop=\"associatedMedia\" itemscope itemtype=\"http:\/\/schema.org\/ImageObject\"> <a href=\"https:\/\/i0.wp.com\/www.robertosedda.it\/wp-content\/uploads\/2014\/02\/Impariamo-a-stare-in-rete-GIT-2.jpg\" border=\"0\" itemprop=\"url\"> <meta itemprop=\"width\" content=\"292\"> <meta itemprop=\"height\" content=\"219\"> <img data-attachment-id=\"6090\" data-orig-file=\"http:\/\/www.robertosedda.it\/wp-content\/uploads\/2014\/02\/Impariamo-a-stare-in-rete-GIT-2.jpg\" data-orig-size=\"2048,1536\" data-comments-opened=\"1\" data-image-meta=\"{&quot;aperture&quot;:&quot;0&quot;,&quot;credit&quot;:&quot;&quot;,&quot;camera&quot;:&quot;&quot;,&quot;caption&quot;:&quot;&quot;,&quot;created_timestamp&quot;:&quot;0&quot;,&quot;copyright&quot;:&quot;&quot;,&quot;focal_length&quot;:&quot;0&quot;,&quot;iso&quot;:&quot;0&quot;,&quot;shutter_speed&quot;:&quot;0&quot;,&quot;title&quot;:&quot;&quot;}\" data-image-title=\"Impariamo a stare in rete GIT 2\" data-image-description=\"\" data-medium-file=\"https:\/\/i0.wp.com\/www.robertosedda.it\/wp-content\/uploads\/2014\/02\/Impariamo-a-stare-in-rete-GIT-2.jpg?fit=300%2C225\" data-large-file=\"https:\/\/i0.wp.com\/www.robertosedda.it\/wp-content\/uploads\/2014\/02\/Impariamo-a-stare-in-rete-GIT-2.jpg?fit=510%2C383\" src=\"https:\/\/i0.wp.com\/www.robertosedda.it\/wp-content\/uploads\/2014\/02\/Impariamo-a-stare-in-rete-GIT-2.jpg?w=292&#038;h=219\" width=\"292\" height=\"219\" data-original-width=\"292\" data-original-height=\"219\" itemprop=\"http:\/\/schema.org\/image\" title=\"Impariamo a stare in rete GIT 2\" alt=\"Impariamo a stare in rete GIT 2\" style=\"width: 292px; height: 219px;\" \/> <\/a> <\/div> <div class=\"tiled-gallery-item tiled-gallery-item-large\" itemprop=\"associatedMedia\" itemscope itemtype=\"http:\/\/schema.org\/ImageObject\"> <a href=\"https:\/\/i0.wp.com\/www.robertosedda.it\/wp-content\/uploads\/2014\/02\/Impariamo-a-stare-in-rete-GIT-3.jpg\" border=\"0\" itemprop=\"url\"> <meta itemprop=\"width\" content=\"292\"> <meta itemprop=\"height\" content=\"220\"> <img data-attachment-id=\"6091\" data-orig-file=\"http:\/\/www.robertosedda.it\/wp-content\/uploads\/2014\/02\/Impariamo-a-stare-in-rete-GIT-3.jpg\" data-orig-size=\"2048,1536\" data-comments-opened=\"1\" data-image-meta=\"{&quot;aperture&quot;:&quot;2.6&quot;,&quot;credit&quot;:&quot;&quot;,&quot;camera&quot;:&quot;YP-G70&quot;,&quot;caption&quot;:&quot;&quot;,&quot;created_timestamp&quot;:&quot;1391255425&quot;,&quot;copyright&quot;:&quot;&quot;,&quot;focal_length&quot;:&quot;3.79&quot;,&quot;iso&quot;:&quot;200&quot;,&quot;shutter_speed&quot;:&quot;0.1&quot;,&quot;title&quot;:&quot;&quot;}\" data-image-title=\"Impariamo a stare in rete GIT 3\" data-image-description=\"\" data-medium-file=\"https:\/\/i0.wp.com\/www.robertosedda.it\/wp-content\/uploads\/2014\/02\/Impariamo-a-stare-in-rete-GIT-3.jpg?fit=300%2C225\" data-large-file=\"https:\/\/i0.wp.com\/www.robertosedda.it\/wp-content\/uploads\/2014\/02\/Impariamo-a-stare-in-rete-GIT-3.jpg?fit=510%2C383\" src=\"https:\/\/i0.wp.com\/www.robertosedda.it\/wp-content\/uploads\/2014\/02\/Impariamo-a-stare-in-rete-GIT-3.jpg?w=292&#038;h=220\" width=\"292\" height=\"220\" data-original-width=\"292\" data-original-height=\"220\" itemprop=\"http:\/\/schema.org\/image\" title=\"Impariamo a stare in rete GIT 3\" alt=\"Impariamo a stare in rete GIT 3\" style=\"width: 292px; height: 220px;\" \/> <\/a> <\/div> <\/div> <!-- close group --> <div class=\"gallery-group images-1\" style=\"width: 504px; height: 670px;\" data-original-width=\"504\" data-original-height=\"670\" > <div class=\"tiled-gallery-item tiled-gallery-item-large\" itemprop=\"associatedMedia\" itemscope itemtype=\"http:\/\/schema.org\/ImageObject\"> <a href=\"https:\/\/i0.wp.com\/www.robertosedda.it\/wp-content\/uploads\/2014\/02\/Impariamo-a-stare-in-rete-GIT-4.jpg\" border=\"0\" itemprop=\"url\"> <meta itemprop=\"width\" content=\"500\"> <meta itemprop=\"height\" content=\"666\"> <img data-attachment-id=\"6092\" data-orig-file=\"http:\/\/www.robertosedda.it\/wp-content\/uploads\/2014\/02\/Impariamo-a-stare-in-rete-GIT-4.jpg\" data-orig-size=\"1536,2048\" data-comments-opened=\"1\" data-image-meta=\"{&quot;aperture&quot;:&quot;2.6&quot;,&quot;credit&quot;:&quot;&quot;,&quot;camera&quot;:&quot;YP-G70&quot;,&quot;caption&quot;:&quot;&quot;,&quot;created_timestamp&quot;:&quot;1391258412&quot;,&quot;copyright&quot;:&quot;&quot;,&quot;focal_length&quot;:&quot;3.79&quot;,&quot;iso&quot;:&quot;200&quot;,&quot;shutter_speed&quot;:&quot;0.1&quot;,&quot;title&quot;:&quot;&quot;}\" data-image-title=\"Impariamo a stare in rete GIT 4\" data-image-description=\"\" data-medium-file=\"https:\/\/i0.wp.com\/www.robertosedda.it\/wp-content\/uploads\/2014\/02\/Impariamo-a-stare-in-rete-GIT-4.jpg?fit=225%2C300\" data-large-file=\"https:\/\/i0.wp.com\/www.robertosedda.it\/wp-content\/uploads\/2014\/02\/Impariamo-a-stare-in-rete-GIT-4.jpg?fit=510%2C680\" src=\"https:\/\/i0.wp.com\/www.robertosedda.it\/wp-content\/uploads\/2014\/02\/Impariamo-a-stare-in-rete-GIT-4.jpg?w=500&#038;h=666\" width=\"500\" height=\"666\" data-original-width=\"500\" data-original-height=\"666\" itemprop=\"http:\/\/schema.org\/image\" title=\"Impariamo a stare in rete GIT 4\" alt=\"Impariamo a stare in rete GIT 4\" style=\"width: 500px; height: 666px;\" \/> <\/a> <\/div> <\/div> <!-- close group --> <\/div> <!-- close row --> <\/div>\n","protected":false},"excerpt":{"rendered":"<p>Stamattina io e Andrea Salidu abbiamo ripreso in mano i contenuti del seminario su Impariamo a stare in rete e<\/p>\n","protected":false},"author":1,"featured_media":0,"comment_status":"open","ping_status":"open","sticky":false,"template":"","format":"gallery","meta":{"_mi_skip_tracking":false,"_monsterinsights_sitenote_active":false,"_monsterinsights_sitenote_note":"","_monsterinsights_sitenote_category":0,"jetpack_post_was_ever_published":false,"_jetpack_newsletter_access":"","jetpack_publicize_message":"","jetpack_is_tweetstorm":false,"jetpack_publicize_feature_enabled":true,"jetpack_social_post_already_shared":false,"jetpack_social_options":{"image_generator_settings":{"template":"highway","enabled":false}}},"categories":[52,64,55,18,16],"tags":[91],"jetpack_publicize_connections":[],"jetpack_featured_media_url":"","jetpack_sharing_enabled":true,"jetpack_shortlink":"https:\/\/wp.me\/p4jV2T-1Ab","jetpack_likes_enabled":true,"jetpack-related-posts":[{"id":657,"url":"http:\/\/www.robertosedda.it\/?p=657","url_meta":{"origin":6087,"position":0},"title":"Non poteva funzionare","author":"Rufus","date":"23\/08\/2012","format":false,"excerpt":"Credo di avere sentito parlare per la prima volta di Banca Popolare Etica nell\u2019ottobre del 1995; un amico trasferitosi a Viterbo per studiare era entrato a far parte del GIT locale e ci segnal\u00f2 una presentazione pubblica che si doveva tenere a Cagliari. Mia moglie, che l\u2019ha sempre saputa molto\u2026","rel":"","context":"In &quot;Banche e finanza&quot;","block_context":{"text":"Banche e finanza","link":"http:\/\/www.robertosedda.it\/?cat=72"},"img":{"alt_text":"","src":"https:\/\/i0.wp.com\/www.robertosedda.it\/wp-content\/uploads\/2012\/08\/8930_1166680499070_1260200_n.jpg?fit=604%2C453&resize=350%2C200","width":350,"height":200},"classes":[]},{"id":16265,"url":"http:\/\/www.robertosedda.it\/?p=16265","url_meta":{"origin":6087,"position":1},"title":"Tre anni entusiasmanti (o almeno belli)","author":"Rufus","date":"14\/02\/2019","format":false,"excerpt":"Con il 31 gennaio il GIT (cio\u00e8 il gruppo di segreteria\/coordinamento dei soci di Banca Etica di un certo territorio) \u00e8 scaduto. Sabato prossimo infatti c'\u00e8 l'assemblea di tutti i soci della Sardegna Meridionale per la nuova elezione. Poi domenica ce ne andiamo tutti quanti insieme in gita al Monte\u2026","rel":"","context":"In &quot;Banche e finanza&quot;","block_context":{"text":"Banche e finanza","link":"http:\/\/www.robertosedda.it\/?cat=72"},"img":{"alt_text":"","src":"https:\/\/i0.wp.com\/www.robertosedda.it\/wp-content\/uploads\/2017\/05\/18320612_1752601238100189_8065062830309173904_o.jpg?fit=1200%2C720&resize=350%2C200","width":350,"height":200,"srcset":"https:\/\/i0.wp.com\/www.robertosedda.it\/wp-content\/uploads\/2017\/05\/18320612_1752601238100189_8065062830309173904_o.jpg?fit=1200%2C720&resize=350%2C200 1x, https:\/\/i0.wp.com\/www.robertosedda.it\/wp-content\/uploads\/2017\/05\/18320612_1752601238100189_8065062830309173904_o.jpg?fit=1200%2C720&resize=700%2C400 2x, https:\/\/i0.wp.com\/www.robertosedda.it\/wp-content\/uploads\/2017\/05\/18320612_1752601238100189_8065062830309173904_o.jpg?fit=1200%2C720&resize=1050%2C600 3x"},"classes":[]},{"id":16293,"url":"http:\/\/www.robertosedda.it\/?p=16293","url_meta":{"origin":6087,"position":2},"title":"Traghettatori sub-ottimali","author":"Rufus","date":"28\/02\/2019","format":false,"excerpt":"Ieri sono stato eletto Coordinatore del GIT dei soci di Banca Popolare Etica della Sardegna Meridionale. Lo racconto qui sul blog intanto perch\u00e9 \u00e8 il luogo deputato a raccontare i fatti miei e questo \u00e8 un fatto mio abbastanza importante, e poi anche per mettere le mani avanti. E qui\u2026","rel":"","context":"In &quot;Banche e finanza&quot;","block_context":{"text":"Banche e finanza","link":"http:\/\/www.robertosedda.it\/?cat=72"},"img":{"alt_text":"","src":"https:\/\/i0.wp.com\/www.robertosedda.it\/wp-content\/uploads\/2014\/05\/Banca-Etica-regionale.jpg?fit=1200%2C900&resize=350%2C200","width":350,"height":200,"srcset":"https:\/\/i0.wp.com\/www.robertosedda.it\/wp-content\/uploads\/2014\/05\/Banca-Etica-regionale.jpg?fit=1200%2C900&resize=350%2C200 1x, https:\/\/i0.wp.com\/www.robertosedda.it\/wp-content\/uploads\/2014\/05\/Banca-Etica-regionale.jpg?fit=1200%2C900&resize=700%2C400 2x, https:\/\/i0.wp.com\/www.robertosedda.it\/wp-content\/uploads\/2014\/05\/Banca-Etica-regionale.jpg?fit=1200%2C900&resize=1050%2C600 3x"},"classes":[]},{"id":12968,"url":"http:\/\/www.robertosedda.it\/?p=12968","url_meta":{"origin":6087,"position":3},"title":"Please, insert Rufus","author":"Rufus","date":"20\/12\/2016","format":false,"excerpt":"Sabato i\u00a0Fabbricastorie hanno passato uno scoglio non da poco nel percorso verso la\u00a0Global Game Jam, organizzando e gestendo senza troppe pecche il seminario\u00a0Please, insert story, una delle tappe intermedie principali verso la\u00a0Jam. Una delle cose belle era che nel pubblico c'\u00e8 stato esattamente quel\u00a0mix\u00a0di personalit\u00e0 e figure che ci auguravamo:\u2026","rel":"","context":"In &quot;Coordinate&quot;","block_context":{"text":"Coordinate","link":"http:\/\/www.robertosedda.it\/?cat=52"},"img":{"alt_text":"","src":"https:\/\/i0.wp.com\/www.robertosedda.it\/wp-content\/uploads\/2016\/12\/Saluti.jpg?fit=469%2C473&resize=350%2C200","width":350,"height":200},"classes":[]},{"id":17806,"url":"http:\/\/www.robertosedda.it\/?p=17806","url_meta":{"origin":6087,"position":4},"title":"Qui non si fa letteratura","author":"Rufus","date":"13\/02\/2020","format":false,"excerpt":"Sabato sono stato invitato dal compare e compagno socio Fabbricastorie Andrea Assorgia a fare un seminario sulle narrazioni per gli alunni del primo anno della sua Game Maker Academy. Era anche l'ultima attivit\u00e0 ufficiale di PlayRooms, ma per fortuna il Centro proseguir\u00e0 l'attivit\u00e0, quindi niente tristezza. Devo dire che ho\u2026","rel":"","context":"In &quot;Cappe e spade&quot;","block_context":{"text":"Cappe e spade","link":"http:\/\/www.robertosedda.it\/?cat=70"},"img":{"alt_text":"","src":"https:\/\/i0.wp.com\/www.robertosedda.it\/wp-content\/uploads\/2020\/02\/Da-Propp-a-Vonnegut-GMA.jpg?fit=960%2C720&resize=350%2C200","width":350,"height":200,"srcset":"https:\/\/i0.wp.com\/www.robertosedda.it\/wp-content\/uploads\/2020\/02\/Da-Propp-a-Vonnegut-GMA.jpg?fit=960%2C720&resize=350%2C200 1x, https:\/\/i0.wp.com\/www.robertosedda.it\/wp-content\/uploads\/2020\/02\/Da-Propp-a-Vonnegut-GMA.jpg?fit=960%2C720&resize=700%2C400 2x"},"classes":[]},{"id":20027,"url":"http:\/\/www.robertosedda.it\/?p=20027","url_meta":{"origin":6087,"position":5},"title":"Incontri da non perdere","author":"Rufus","date":"29\/03\/2023","format":false,"excerpt":"Il GIT dei soci di Banca Etica di Cagliari fa la sua prima uscita pubblica della gestione di Stefano e lo fa in maniera importante e su un argomento imrpotante (non come quando c'era quell'altro, che era tutto riunioni in terrazzo e finanza etica da bere); se non sbaglio \u00e8\u2026","rel":"","context":"In &quot;Banche e finanza&quot;","block_context":{"text":"Banche e finanza","link":"http:\/\/www.robertosedda.it\/?cat=72"},"img":{"alt_text":"","src":"https:\/\/i0.wp.com\/www.robertosedda.it\/wp-content\/uploads\/2023\/03\/1679947079042.jpg?fit=595%2C841&resize=350%2C200","width":350,"height":200},"classes":[]}],"_links":{"self":[{"href":"http:\/\/www.robertosedda.it\/index.php?rest_route=\/wp\/v2\/posts\/6087"}],"collection":[{"href":"http:\/\/www.robertosedda.it\/index.php?rest_route=\/wp\/v2\/posts"}],"about":[{"href":"http:\/\/www.robertosedda.it\/index.php?rest_route=\/wp\/v2\/types\/post"}],"author":[{"embeddable":true,"href":"http:\/\/www.robertosedda.it\/index.php?rest_route=\/wp\/v2\/users\/1"}],"replies":[{"embeddable":true,"href":"http:\/\/www.robertosedda.it\/index.php?rest_route=%2Fwp%2Fv2%2Fcomments&post=6087"}],"version-history":[{"count":3,"href":"http:\/\/www.robertosedda.it\/index.php?rest_route=\/wp\/v2\/posts\/6087\/revisions"}],"predecessor-version":[{"id":6450,"href":"http:\/\/www.robertosedda.it\/index.php?rest_route=\/wp\/v2\/posts\/6087\/revisions\/6450"}],"wp:attachment":[{"href":"http:\/\/www.robertosedda.it\/index.php?rest_route=%2Fwp%2Fv2%2Fmedia&parent=6087"}],"wp:term":[{"taxonomy":"category","embeddable":true,"href":"http:\/\/www.robertosedda.it\/index.php?rest_route=%2Fwp%2Fv2%2Fcategories&post=6087"},{"taxonomy":"post_tag","embeddable":true,"href":"http:\/\/www.robertosedda.it\/index.php?rest_route=%2Fwp%2Fv2%2Ftags&post=6087"}],"curies":[{"name":"wp","href":"https:\/\/api.w.org\/{rel}","templated":true}]}}