{"id":605,"date":"2012-08-22T23:41:02","date_gmt":"2012-08-22T21:41:02","guid":{"rendered":"http:\/\/www.robertosedda.it\/?p=605"},"modified":"2015-01-12T12:56:07","modified_gmt":"2015-01-12T11:56:07","slug":"uso-personale-di-ultimotriennio","status":"publish","type":"post","link":"http:\/\/www.robertosedda.it\/?p=605","title":{"rendered":"Uso personale di ultimotriennio"},"content":{"rendered":"<p>Oggi chiedo ospitalit\u00e0 al blog per una mia esigenza personale.<\/p>\n<p>Mi \u00e8 capitato ieri di sentirmi chiedere a bruciapelo cosa \u00e8 l&#8217;Azione Cattolica.<\/p>\n<p>Devo dire che non me l&#8217;aspettavo e in qualche modo non sono abituato: fra le persone che frequento, la maggior parte mi conosce da tempo e sa cosa \u00e8 l&#8217;AC, magari meglio di me.<\/p>\n<p>Non so se me la sono cavata pi\u00f9 o meno brillantemente, ma stamattina preso dalla curiosit\u00e0 ho cercato sulla rete, e ho trovato questo video (parte del materiale per l&#8217;anniversario dei 140 anni dell&#8217;AC), che almeno risponde in maniera &#8220;ufficiale&#8221; alla domanda.<\/p>\n<p><code><div class=\"jetpack-video-wrapper\"><span class=\"embed-youtube\" style=\"text-align:center; display: block;\"><iframe class=\"youtube-player\" width=\"800\" height=\"450\" src=\"https:\/\/www.youtube.com\/embed\/JS_t6CJK7bI?version=3&#038;rel=1&#038;showsearch=0&#038;showinfo=1&#038;iv_load_policy=1&#038;fs=1&#038;hl=it-IT&#038;autohide=2&#038;wmode=transparent\" allowfullscreen=\"true\" style=\"border:0;\" sandbox=\"allow-scripts allow-same-origin allow-popups allow-presentation\"><\/iframe><\/span><\/div><br \/>\n<\/code><\/p>\n<p>Cosa c&#8217;entra l&#8217;uso personale del blog? Ma perch\u00e9 l&#8217;ho\u00a0caricato qui sul blog cos\u00ec, almeno, la prossima volta so dove trovarlo e dove indirizzare le persone che mi chiedono cos&#8217;\u00e8 l&#8217;AC. Comodo, no?<\/p>\n<p>P.S. Nell&#8217;occasione ho scoperto tutto un modo di associazioni parrocchiali e diocesane che producono video di presentazione dell&#8217;AC per la festa dell&#8217;adesione, in particolare, e per altre occasioni di incontri e attivit\u00e0. Alcuni sono molto ben fatti, altri pi\u00f9 &#8220;artigianali&#8221;, ma tutti prodotti con molta passione. Se qualcuno vuol farsi un&#8217;idea pu\u00f2 dare un&#8217;occhiata <a href=\"http:\/\/www.youtube.com\/results?search_query=azione+cattolica+italiana\">qui<\/a>. E se ne trovate qualcuno che merita, potete segnalarlo nei commenti&#8230;<\/p>\n","protected":false},"excerpt":{"rendered":"<p>Oggi chiedo ospitalit\u00e0 al blog per una mia esigenza personale. Mi \u00e8 capitato ieri di sentirmi chiedere a bruciapelo cosa<\/p>\n","protected":false},"author":1,"featured_media":0,"comment_status":"open","ping_status":"open","sticky":false,"template":"","format":"video","meta":{"_mi_skip_tracking":false,"_monsterinsights_sitenote_active":false,"_monsterinsights_sitenote_note":"","_monsterinsights_sitenote_category":0,"jetpack_post_was_ever_published":false,"_jetpack_newsletter_access":"","jetpack_publicize_message":"","jetpack_is_tweetstorm":false,"jetpack_publicize_feature_enabled":true,"jetpack_social_post_already_shared":false,"jetpack_social_options":{"image_generator_settings":{"template":"highway","enabled":false}}},"categories":[76,52,54,17,16],"tags":[],"jetpack_publicize_connections":[],"jetpack_featured_media_url":"","jetpack_sharing_enabled":true,"jetpack_shortlink":"https:\/\/wp.me\/p4jV2T-9L","jetpack_likes_enabled":true,"jetpack-related-posts":[{"id":562,"url":"http:\/\/www.robertosedda.it\/?p=562","url_meta":{"origin":605,"position":0},"title":"Acqua bene comune","author":"Rufus","date":"22\/08\/2012","format":false,"excerpt":"Il prossimo 12 giugno si terr\u00e0 una importante consultazione referendaria che prevede, fra gli altri, anche due quesiti sulla gestione delle risorse idriche. Sulla questione si \u00e8 espressa anche la Presidenza nazionale di Azione Cattolica, con una dichiarazione che potete leggere qui. Il gruppo diocesano \u201cLa Pira\u201d ha prodotto in\u2026","rel":"","context":"In &quot;Coordinate&quot;","block_context":{"text":"Coordinate","link":"http:\/\/www.robertosedda.it\/?cat=52"},"img":{"alt_text":"","src":"https:\/\/i0.wp.com\/www.robertosedda.it\/wp-content\/uploads\/2012\/08\/249762_1914023302173_8196898_n.jpg?fit=720%2C540&resize=350%2C200","width":350,"height":200,"srcset":"https:\/\/i0.wp.com\/www.robertosedda.it\/wp-content\/uploads\/2012\/08\/249762_1914023302173_8196898_n.jpg?fit=720%2C540&resize=350%2C200 1x, https:\/\/i0.wp.com\/www.robertosedda.it\/wp-content\/uploads\/2012\/08\/249762_1914023302173_8196898_n.jpg?fit=720%2C540&resize=700%2C400 2x"},"classes":[]},{"id":13242,"url":"http:\/\/www.robertosedda.it\/?p=13242","url_meta":{"origin":605,"position":1},"title":"Normalizzare","author":"Rufus","date":"14\/02\/2017","format":false,"excerpt":"Molti anni fa, all'epoca nella quale ero Segretario diocesano dell'Azione Cattolica (credo cio\u00e8 intorno al 1990) fui mandato a normalizzare il Movimento Maestri. Ecco, lo dico subito: ero giovane. E in questa storia non ci faccio una gran figura, come avrete capito gi\u00e0 dai termini.\u00a0Normalizzare.\u00a0Pfui. Dunque, la storia era questa.\u2026","rel":"","context":"In &quot;Azione Cattolica&quot;","block_context":{"text":"Azione Cattolica","link":"http:\/\/www.robertosedda.it\/?cat=76"},"img":{"alt_text":"","src":"https:\/\/i0.wp.com\/www.robertosedda.it\/wp-content\/uploads\/2017\/02\/AC-1969.jpg?resize=350%2C200","width":350,"height":200},"classes":[]},{"id":4101,"url":"http:\/\/www.robertosedda.it\/?p=4101","url_meta":{"origin":605,"position":2},"title":"Quando il signor Luca torner\u00e0&#8230;","author":"Rufus","date":"24\/07\/2013","format":false,"excerpt":"Sto pensando di riprendere a scrivere storie del signor Luca. Per chi non lo sapesse si tratta di raccontini (temo, ahim\u00e9, fin troppo edificanti) che scrivevo su una defunta pubblicazione dell'Azione Cattolica diocesana, a proposito di un certo signor Luca e dei suoi amici della parrocchia: rileggendoli adesso vedo che\u2026","rel":"","context":"In &quot;Coordinate&quot;","block_context":{"text":"Coordinate","link":"http:\/\/www.robertosedda.it\/?cat=52"},"img":{"alt_text":"","src":"","width":0,"height":0},"classes":[]},{"id":7919,"url":"http:\/\/www.robertosedda.it\/?p=7919","url_meta":{"origin":605,"position":3},"title":"La solita impossibilit\u00e0 di farmi gli affari miei (e l&#8217;Azione Cattolica)","author":"Rufus","date":"11\/07\/2014","format":false,"excerpt":"Vedo status\u00a0di Facebook di ex responsabili dell'AC\u00a0dal tono deprecatorio ed amaro, sento di mail che girano per mezza Sardegna\u00a0e mi sembra di capire che nei nuovi assetti dell'AC diocesana c'\u00e8 qualche scricchiolio. Mi permetto di dire la mia, sapendo benissimo di trovarmi nella posizione di quello al quale si adatta\u2026","rel":"","context":"In &quot;Azione Cattolica&quot;","block_context":{"text":"Azione Cattolica","link":"http:\/\/www.robertosedda.it\/?cat=76"},"img":{"alt_text":"","src":"https:\/\/i0.wp.com\/www.robertosedda.it\/wp-content\/uploads\/2014\/07\/Azione-Cattolica_07.jpg?fit=330%2C241&resize=350%2C200","width":350,"height":200},"classes":[]},{"id":577,"url":"http:\/\/www.robertosedda.it\/?p=577","url_meta":{"origin":605,"position":4},"title":"La grande famiglia","author":"Rufus","date":"22\/08\/2012","format":false,"excerpt":"Per otto anni sono stata animatrice parrocchiale nell\u2019Azione Cattolica. Trovo questa frase, per noi abbastanza usuale, ad aprire il secondo capitolo di un libro \u201cdi richiamo\u201d appena uscito, Ave Mary di Michela Murgia, scritttrice ormai affermata dopo aver vinto con Accabbadora il premio Campiello e opinionista seguitissima, sia sul suo\u2026","rel":"","context":"In &quot;Azione Cattolica&quot;","block_context":{"text":"Azione Cattolica","link":"http:\/\/www.robertosedda.it\/?cat=76"},"img":{"alt_text":"","src":"","width":0,"height":0},"classes":[]},{"id":587,"url":"http:\/\/www.robertosedda.it\/?p=587","url_meta":{"origin":605,"position":5},"title":"Per la pace","author":"Rufus","date":"22\/08\/2012","format":false,"excerpt":"Mentre oggi si celebra\u00a0la Giornata\u00a0Internazionale per la Pace indetta dall\u2019ONU, i giovani di AC si preparano per l\u2019incontro di Assisi del 24 settembre \u2013 in contemporanea con altri quattromila giovani che poco lontano, a Bastia Umbra, il 23 e il 24 animeranno un Meeting per la Pace. Nella citt\u00e0 umbra\u2026","rel":"","context":"In &quot;Coordinate&quot;","block_context":{"text":"Coordinate","link":"http:\/\/www.robertosedda.it\/?cat=52"},"img":{"alt_text":"","src":"","width":0,"height":0},"classes":[]}],"_links":{"self":[{"href":"http:\/\/www.robertosedda.it\/index.php?rest_route=\/wp\/v2\/posts\/605"}],"collection":[{"href":"http:\/\/www.robertosedda.it\/index.php?rest_route=\/wp\/v2\/posts"}],"about":[{"href":"http:\/\/www.robertosedda.it\/index.php?rest_route=\/wp\/v2\/types\/post"}],"author":[{"embeddable":true,"href":"http:\/\/www.robertosedda.it\/index.php?rest_route=\/wp\/v2\/users\/1"}],"replies":[{"embeddable":true,"href":"http:\/\/www.robertosedda.it\/index.php?rest_route=%2Fwp%2Fv2%2Fcomments&post=605"}],"version-history":[{"count":40,"href":"http:\/\/www.robertosedda.it\/index.php?rest_route=\/wp\/v2\/posts\/605\/revisions"}],"predecessor-version":[{"id":9366,"href":"http:\/\/www.robertosedda.it\/index.php?rest_route=\/wp\/v2\/posts\/605\/revisions\/9366"}],"wp:attachment":[{"href":"http:\/\/www.robertosedda.it\/index.php?rest_route=%2Fwp%2Fv2%2Fmedia&parent=605"}],"wp:term":[{"taxonomy":"category","embeddable":true,"href":"http:\/\/www.robertosedda.it\/index.php?rest_route=%2Fwp%2Fv2%2Fcategories&post=605"},{"taxonomy":"post_tag","embeddable":true,"href":"http:\/\/www.robertosedda.it\/index.php?rest_route=%2Fwp%2Fv2%2Ftags&post=605"}],"curies":[{"name":"wp","href":"https:\/\/api.w.org\/{rel}","templated":true}]}}