{"id":602,"date":"2012-08-22T23:37:56","date_gmt":"2012-08-22T21:37:56","guid":{"rendered":"http:\/\/www.robertosedda.it\/?p=602"},"modified":"2012-08-22T23:38:13","modified_gmt":"2012-08-22T21:38:13","slug":"determinanti","status":"publish","type":"post","link":"http:\/\/www.robertosedda.it\/?p=602","title":{"rendered":"Determinanti"},"content":{"rendered":"<p>Secondo quanto <a href=\"http:\/\/www.asca.it\/news-REFERENDUM__ACI__CATTOLICI_DETERMINANTI__VOTO_CON_VALENZA_POLITICA-1025810-ORA-.html\">riporta<\/a> l\u2019agenzia di stampa ASCA, il Presidente dell\u2019Azione Cattolica, Franco Miano, commentando i risultati del referendum ha dichiarato che<\/p>\n<blockquote><p><em>i cattolici sono stati determinanti<\/em>.<\/p><\/blockquote>\n<p>Ho l\u2019impressione che la frase, per quanto riportata con pi\u00f9 o meno\u00a0evidenza su tutti gli organi di stampa, non fosse particolarmente centrale nel ragionamento di Miano, cos\u00ec come l\u2019altra affermazione, anch\u2019essa ripresa da pi\u00f9 parti, che <em><\/em><\/p>\n<blockquote><p><em>un voto del genere ha un significato anche politico<\/em><\/p><\/blockquote>\n<p>non a caso nella <a href=\"http:\/\/www2.azionecattolica.it\/archivio-fattodelgiorno\/un-segnale-di-speranza\">nota<\/a> semi-ufficiale sul sito nazionale queste due affermazioni non si ritrovano, sostituite da riferimenti pi\u00f9 generali, tra cui: <em><\/em><\/p>\n<blockquote><p><em>i cattolici in Italia hanno e possono avere sempre pi\u00f9 un ruolo significativo proprio nella capacit\u00e0 di far crescere la coscienza comune; nello spirito proprio dell\u2019insegnamento sociale della Chiesa, attento alla crescita di ciascuno e del bene comune.<\/em><\/p><\/blockquote>\n<p>Aldil\u00e0 dei sofismi, comunque, \u00e8 evidente che lo smottamento del sistema politico di questo periodo \u00e8 stato anche determinato dallo spostarsi di larghi strati dell\u2019elettorato cattolico, e dal cambiare di atteggiamento anche della Chiesa nella sua rappresentanza istituzionale, e quindi alla fin fine: si, i cattolici sono stati determinanti.<\/p>\n<p>La domanda per\u00f2 che la comunit\u00e0 ecclesiale\u00a0si dovrebbe porre,\u00a0e al suo interno l\u2019Azione Cattolica, \u00e8: determinanti per che cosa?<\/p>\n<p>Ci sono stati altri periodi nella storia d\u2019Italia in cui il\u00a0risvegliarsi del protagonismo cattolico in campo politico e sociale \u00e8 stato accompagnato da una robusta elaborazione teorica, da una capacit\u00e0 di immaginare e disegnare una societ\u00e0 futura. Il caso che sempre si cita \u00e8 il Codice di Camaldoli, ma non \u00e8 l\u2019unico, n\u00e9 prima n\u00e9 dopo.<\/p>\n<p>Mi sembra che mentre in altri contesti, a sinistra come a destra,<strong>\u00a0<\/strong>\u00a0la formazione di nuovi gruppi dirigenti, talvolta composti anche di giovani e giovanissimi, \u00e8 accompagnata da un robusto lavoro culturale,\u00a0la comunit\u00e0 ecclesiale sia invece in ritardo; e se non c\u2019\u00e8 elaborazione culturale, capacit\u00e0 di immaginare scenari futuri, \u00a0sogni di una citt\u00e0 dell\u2019uomo rinnovata, i cattolici saranno forse determinanti masse di manovra\u00a0per singole battaglie elettorali, ma non potranno certo informare di s\u00e9 l\u2019Italia dei prossimi anni, con buona pace del <a href=\"http:\/\/www.progettoculturale.it\/progettoculturale\/s2magazine\/index1.jsp?idPagina=30001\">Progetto Culturale<\/a>.<\/p>\n<p>Anche nel nostro contesto locale, suscita rimpianto il fatto che si sia dilapidato il capitale della Scuola di Fede e di Coscienza Politica\u00a0cresciuta attorno a <a href=\"http:\/\/www.unionesarda.it\/Articoli\/Articolo\/200530\">don Vasco Paradisi<\/a>; d\u2019altra parte, la stagione delle scuole di formazione politica si \u00e8 estinta ovunque in Italia durante gli anni \u201990. Non \u00e8 una buona ragione perch\u00e9 l\u2019AC diocesana non possa immaginare di farsi carico, magari con altri, di cominciare a gettare un seme per una nuova ripartenza. Anche altrove piano piano le organizzazioni ecclesiali cominciano a muoversi in questo senso, con iniziative talvolta molto <a href=\"http:\/\/www.zoes.it\/it\/content\/blog\/laboratorio-formazione-politica\">interessanti<\/a>.<\/p>\n<p>Sarebbe a mio parere una scelta pi\u00f9 produttiva di quella degli Osservatori della Realt\u00e0 riproposti dal Settore adulti anche per il prossimo anno, attivit\u00e0 che sinora si \u00e8 caratterizzata per la mancanza di prospettiva: non basta infatti porsi a osservare la realt\u00e0 se non si \u00e8 stabilito preventivamente cosa si sta cercando: il prezzo da pagare \u00e8 la sensazione che ho vissuto a tutti gli incontri dell\u2019Osservatorio a cui ho assistito, che alla fin fine fosse vera qualunque opinione e il suo contrario. Per non parlare della necessit\u00e0 di evitare di finire a proporre le stesse attivit\u00e0 che, con ben altri mezzi, propone il <a href=\"http:\/\/ultimotriennio.wordpress.com\/2011\/05\/11\/dialoghi-in-santagostino\/\">MEIC<\/a>.<\/p>\n<p>Un\u2019attivit\u00e0 come quella di Calascio che ho\u00a0segnalato poco sopra, a volerla fare, magari ridotta, magari non residenziale, non \u00e8 fuori della portata dell\u2019Associazione diocesana, e, accoppiata a una rete di attivit\u00e0 <a href=\"http:\/\/ultimotriennio.wordpress.com\/2011\/05\/03\/suggerimenti-di-metodo\/\">seminariali<\/a> come quella di cui abbiamo parlato tempo fa, sarebbe un interessante obiettivo triennale per il costituendo laboratorio della formazione.<\/p>\n<p>La vera difficolt\u00e0, temo, non \u00e8 di ordine tecnico, ma di volont\u00e0, come indica la sostanziale inattivit\u00e0 della Presidenza e del Consiglio diocesano in occasione dei referendum: nessuno chiede all\u2019AC di scendere in campo, ma di percepire il momento del Paese e di essere capaci di dire una parola di senso, anche pubblicamente, questo si. Se non si \u00e8 sentita la necessit\u00e0 di farlo, forse vuol dire che la prospettiva associativa \u00e8 troppo rivolta all\u2019interno. Purtroppo si tratta, nel caso, di una introversione che l\u2019AC diocesana non pu\u00f2 pi\u00f9 permettersi.<\/p>\n","protected":false},"excerpt":{"rendered":"<p>Secondo quanto riporta l\u2019agenzia di stampa ASCA, il Presidente dell\u2019Azione Cattolica, Franco Miano, commentando i risultati del referendum ha dichiarato<\/p>\n","protected":false},"author":1,"featured_media":0,"comment_status":"open","ping_status":"open","sticky":false,"template":"","format":"standard","meta":{"_mi_skip_tracking":false,"_monsterinsights_sitenote_active":false,"_monsterinsights_sitenote_note":"","_monsterinsights_sitenote_category":0,"jetpack_post_was_ever_published":false,"_jetpack_newsletter_access":"","jetpack_publicize_message":"","jetpack_is_tweetstorm":false,"jetpack_publicize_feature_enabled":true,"jetpack_social_post_already_shared":false,"jetpack_social_options":{"image_generator_settings":{"template":"highway","enabled":false}}},"categories":[52,54,17,62,16],"tags":[],"jetpack_publicize_connections":[],"jetpack_featured_media_url":"","jetpack_sharing_enabled":true,"jetpack_shortlink":"https:\/\/wp.me\/p4jV2T-9I","jetpack_likes_enabled":true,"jetpack-related-posts":[{"id":7770,"url":"http:\/\/www.robertosedda.it\/?p=7770","url_meta":{"origin":602,"position":0},"title":"Il responsabile della comunicazione diocesano","author":"Rufus","date":"13\/06\/2014","format":false,"excerpt":"Ho ritrovato sull'hard disk una mia vecchia proposta alla Presidenza diocesana per l'istituzione di un\u00a0vero responsabile della comunicazione, una\u00a0roba che come al solito mi capitava non venne mai presa seriamente in considerazione (e i frutti si sono visti, diciamo). Siccome vedo che\u00a0il\u00a0documento assembleare dell'Azione Cattolica diocesana\u00a0dice: si rende indispensabile un\u2026","rel":"","context":"In &quot;Azione Cattolica&quot;","block_context":{"text":"Azione Cattolica","link":"http:\/\/www.robertosedda.it\/?cat=76"},"img":{"alt_text":"","src":"https:\/\/i0.wp.com\/www.robertosedda.it\/wp-content\/uploads\/2014\/06\/Azione-Cattolica-riunione.jpg?fit=604%2C453&resize=350%2C200","width":350,"height":200},"classes":[]},{"id":2536,"url":"http:\/\/www.robertosedda.it\/?p=2536","url_meta":{"origin":602,"position":1},"title":"Quella volta in Argentina","author":"Rufus","date":"14\/03\/2013","format":false,"excerpt":"Ieri a cena mia nipote, avendo mezzo sentito\u00a0i discorsi degli adulti, ha chiesto cosa volesse dire \"argentino\". Le \u00e8 stato risposto che vuol dire che viene dall'Argentina. \u00abE cos'\u00e8 l'Argentina?\u00bb. \u00abUn posto molto molto lontano. Per\u00f2 zio c'\u00e8 stato\u00bb. Gi\u00e0. Sono stato in Argentina nel 1987, la Domenica delle Palme,\u2026","rel":"","context":"In &quot;Coordinate&quot;","block_context":{"text":"Coordinate","link":"http:\/\/www.robertosedda.it\/?cat=52"},"img":{"alt_text":"","src":"https:\/\/i0.wp.com\/www.robertosedda.it\/wp-content\/uploads\/2013\/03\/segunda-jornada-mundial-de-la-juventud-buenos-aires-1987-escudo.jpg?fit=660%2C737&resize=350%2C200","width":350,"height":200},"classes":[]},{"id":13946,"url":"http:\/\/www.robertosedda.it\/?p=13946","url_meta":{"origin":602,"position":2},"title":"L&#8217;ecumenismo dell&#8217;odio","author":"Rufus","date":"17\/07\/2017","format":false,"excerpt":"Civilt\u00e0 Cattolica ha pubblicato nel suo ultimo numero un articolo a firma congiunta di Padre Spadaro, direttore della testata, e del pastore protestante e collaboratore della rivista Marcelo Figueroa, dal titolo\u00a0Fondamentalismo evangelicale e integralismo cattolico. Un sorprendente ecumenismo. Ok, lo dico subito: la mia prima reazione \u00e8 stata di pensare,\u2026","rel":"","context":"In &quot;Coordinate&quot;","block_context":{"text":"Coordinate","link":"http:\/\/www.robertosedda.it\/?cat=52"},"img":{"alt_text":"","src":"https:\/\/i0.wp.com\/www.robertosedda.it\/wp-content\/uploads\/2017\/07\/Civilt\u00e0-Cattolica.jpg?fit=1200%2C612&resize=350%2C200","width":350,"height":200,"srcset":"https:\/\/i0.wp.com\/www.robertosedda.it\/wp-content\/uploads\/2017\/07\/Civilt\u00e0-Cattolica.jpg?fit=1200%2C612&resize=350%2C200 1x, https:\/\/i0.wp.com\/www.robertosedda.it\/wp-content\/uploads\/2017\/07\/Civilt\u00e0-Cattolica.jpg?fit=1200%2C612&resize=700%2C400 2x, https:\/\/i0.wp.com\/www.robertosedda.it\/wp-content\/uploads\/2017\/07\/Civilt\u00e0-Cattolica.jpg?fit=1200%2C612&resize=1050%2C600 3x"},"classes":[]},{"id":10833,"url":"http:\/\/www.robertosedda.it\/?p=10833","url_meta":{"origin":602,"position":3},"title":"Il cattolico pi\u00f9 noto d&#8217;America (dopo David Letterman?)&#8230;","author":"Rufus","date":"14\/09\/2015","format":"video","excerpt":"... pare sia Stephen Colbert, il comico che ha sostituito David Letterman alla conduzione del\u00a0Late Night Show. David Letterman \u00e8 probabilmente l'intrattenitore di\u00a0talk show pi\u00f9 noto in Italia (e forse in Europa) ed \u00e8 quindi con una certa sorpresa che ho scoperto casualmente che negli USA lo\u00a0share del suo programma\u2026","rel":"","context":"In &quot;Coordinate&quot;","block_context":{"text":"Coordinate","link":"http:\/\/www.robertosedda.it\/?cat=52"},"img":{"alt_text":"","src":"https:\/\/i0.wp.com\/img.youtube.com\/vi\/lF5tudIqN7w\/0.jpg?resize=350%2C200","width":350,"height":200},"classes":[]},{"id":4073,"url":"http:\/\/www.robertosedda.it\/?p=4073","url_meta":{"origin":602,"position":4},"title":"I duplicanti","author":"Rufus","date":"22\/07\/2013","format":false,"excerpt":"Ho letto negli ultimi due giorni I duplicanti di Giovanni Berlinguer (Laterza, 1991), un agile libretto dedicato all'invasione della societ\u00e0 civile da parte del ceto politico e alla sua degenerazione sotto tutti i punti di vista. Se non avete notato pi\u00f9 sopra la data di edizione, ve la segnalo nuovamente:\u2026","rel":"","context":"In &quot;Coordinate&quot;","block_context":{"text":"Coordinate","link":"http:\/\/www.robertosedda.it\/?cat=52"},"img":{"alt_text":"","src":"https:\/\/i0.wp.com\/www.robertosedda.it\/wp-content\/uploads\/2013\/07\/Giovanni2.jpg?fit=800%2C576&resize=350%2C200","width":350,"height":200,"srcset":"https:\/\/i0.wp.com\/www.robertosedda.it\/wp-content\/uploads\/2013\/07\/Giovanni2.jpg?fit=800%2C576&resize=350%2C200 1x, https:\/\/i0.wp.com\/www.robertosedda.it\/wp-content\/uploads\/2013\/07\/Giovanni2.jpg?fit=800%2C576&resize=700%2C400 2x"},"classes":[]},{"id":532,"url":"http:\/\/www.robertosedda.it\/?p=532","url_meta":{"origin":602,"position":5},"title":"Gli Inklings","author":"Rufus","date":"22\/08\/2012","format":false,"excerpt":"In due parole, gli Inklings \u00e8 una biografia parallela di Tolkien (autore de Il Signore degli Anelli, lo Hobbit e... ok, sapete di chi parlo), Lewis (Ciclo di Narnia, Lettere di Berlicche, Ciclo di Ransom etc), Charles Williams e altri esponenti della cultura inglese del secondo e terzo quarto del\u2026","rel":"","context":"In &quot;Coordinate&quot;","block_context":{"text":"Coordinate","link":"http:\/\/www.robertosedda.it\/?cat=52"},"img":{"alt_text":"","src":"","width":0,"height":0},"classes":[]}],"_links":{"self":[{"href":"http:\/\/www.robertosedda.it\/index.php?rest_route=\/wp\/v2\/posts\/602"}],"collection":[{"href":"http:\/\/www.robertosedda.it\/index.php?rest_route=\/wp\/v2\/posts"}],"about":[{"href":"http:\/\/www.robertosedda.it\/index.php?rest_route=\/wp\/v2\/types\/post"}],"author":[{"embeddable":true,"href":"http:\/\/www.robertosedda.it\/index.php?rest_route=\/wp\/v2\/users\/1"}],"replies":[{"embeddable":true,"href":"http:\/\/www.robertosedda.it\/index.php?rest_route=%2Fwp%2Fv2%2Fcomments&post=602"}],"version-history":[{"count":2,"href":"http:\/\/www.robertosedda.it\/index.php?rest_route=\/wp\/v2\/posts\/602\/revisions"}],"predecessor-version":[{"id":604,"href":"http:\/\/www.robertosedda.it\/index.php?rest_route=\/wp\/v2\/posts\/602\/revisions\/604"}],"wp:attachment":[{"href":"http:\/\/www.robertosedda.it\/index.php?rest_route=%2Fwp%2Fv2%2Fmedia&parent=602"}],"wp:term":[{"taxonomy":"category","embeddable":true,"href":"http:\/\/www.robertosedda.it\/index.php?rest_route=%2Fwp%2Fv2%2Fcategories&post=602"},{"taxonomy":"post_tag","embeddable":true,"href":"http:\/\/www.robertosedda.it\/index.php?rest_route=%2Fwp%2Fv2%2Ftags&post=602"}],"curies":[{"name":"wp","href":"https:\/\/api.w.org\/{rel}","templated":true}]}}