{"id":6018,"date":"2014-01-29T10:01:56","date_gmt":"2014-01-29T09:01:56","guid":{"rendered":"http:\/\/www.robertosedda.it\/?p=6018"},"modified":"2014-12-28T17:58:30","modified_gmt":"2014-12-28T16:58:30","slug":"dashiell-hammett-e-i-suoi-eroi-fragili","status":"publish","type":"post","link":"http:\/\/www.robertosedda.it\/?p=6018","title":{"rendered":"Dashiell Hammett e i suoi eroi fragili"},"content":{"rendered":"<p>Per questa puntata ho scelto <em>Sharp dressed man<\/em> dei <em>ZZ Top<\/em>, non perch\u00e9 gli eroi di Dashiell Hammett di cui volevo parlare abbiano i trasporti amorosi di cui parla il testo della canzone e che il video\u00a0satireggia in maniera fantastica:<\/p>\n<div class=\"jetpack-video-wrapper\"><span class=\"embed-youtube\" style=\"text-align:center; display: block;\"><iframe class=\"youtube-player\" width=\"800\" height=\"450\" src=\"https:\/\/www.youtube.com\/embed\/7wRHBLwpASw?version=3&#038;rel=1&#038;showsearch=0&#038;showinfo=1&#038;iv_load_policy=1&#038;fs=1&#038;hl=it-IT&#038;autohide=2&#038;wmode=transparent\" allowfullscreen=\"true\" style=\"border:0;\" sandbox=\"allow-scripts allow-same-origin allow-popups allow-presentation\"><\/iframe><\/span><\/div>\n<p>ma perch\u00e9 mi piaceva l&#8217;idea di confrontare il <em>Continental Op<\/em>, uno dei principali eroi di Hammett, con l&#8217;istinto da <em>killer<\/em> del seduttore della canzone<\/p>\n<blockquote><p>When I step out I&#8217;m gonna do you in<\/p><\/blockquote>\n<p>cio\u00e8: \u00abquando metto piede fuori di casa sei gi\u00e0 fatta\u00bb, e quando il <em>Continental Op<\/em> mette la prua nella tua direzione non c&#8217;\u00e8 pi\u00f9 molto da fare, diciamo.<\/p>\n<div class=\"jetpack-video-wrapper\"><span class=\"embed-youtube\" style=\"text-align:center; display: block;\"><iframe class=\"youtube-player\" width=\"800\" height=\"450\" src=\"https:\/\/www.youtube.com\/embed\/T0wdRo1Mel8?version=3&#038;rel=1&#038;showsearch=0&#038;showinfo=1&#038;iv_load_policy=1&#038;fs=1&#038;hl=it-IT&#038;autohide=2&#038;wmode=transparent\" allowfullscreen=\"true\" style=\"border:0;\" sandbox=\"allow-scripts allow-same-origin allow-popups allow-presentation\"><\/iframe><\/span><\/div>\n<p>Ho deciso di dedicare una puntata a Dashiell Hammett perch\u00e9 il mio amico Paolo Mascellani mi ha sollecitato, facendomi grandi complimenti per <a title=\"Raymond Chandler e Philip Marlowe\" href=\"http:\/\/www.robertosedda.it\/?p=5506\">quella su Chandler<\/a> e chiedendomi di ritornare sull&#8217;<em>hard-boiled<\/em>. Io pensavo che l&#8217;argomento fosse\u00a0sostanzialmente esaurito, lui ha un po&#8217; insistito e devo dire che aveva ragione lui e perci\u00f2 si guadagna la dedica della puntata (e forse\u00a0dar\u00f2 anche seguito alla sua altra richiesta, quella di una puntata su Edgar Allan Poe).<\/p>\n<p>\u00c8 stato molto interessante tornare sui romanzi di Hammett con\u00a0il particolare angolo visuale del dover cercare qualcosa di diverso da dire che non fosse gi\u00e0 stato detto sull&#8217;<em>hard-boiled<\/em>, sulla giungla d&#8217;asfalto e gli investigatori privati con l&#8217;impermeabile stazzonato: la chiave di lettura del diverso approccio etico alle vicende investigative &#8211; come ho provato a descrivere nella puntata &#8211; mi si \u00e8 presentato naturalmente e credo che sia stato anche interessante per gli ascoltatori.<\/p>\n<p><a href=\"https:\/\/i0.wp.com\/www.robertosedda.it\/wp-content\/uploads\/2014\/01\/220px-ThinMan.jpg\"><img data-attachment-id=\"6022\" data-permalink=\"http:\/\/www.robertosedda.it\/?attachment_id=6022\" data-orig-file=\"https:\/\/i0.wp.com\/www.robertosedda.it\/wp-content\/uploads\/2014\/01\/220px-ThinMan.jpg?fit=220%2C325\" data-orig-size=\"220,325\" data-comments-opened=\"1\" data-image-meta=\"{&quot;aperture&quot;:&quot;0&quot;,&quot;credit&quot;:&quot;&quot;,&quot;camera&quot;:&quot;&quot;,&quot;caption&quot;:&quot;&quot;,&quot;created_timestamp&quot;:&quot;0&quot;,&quot;copyright&quot;:&quot;&quot;,&quot;focal_length&quot;:&quot;0&quot;,&quot;iso&quot;:&quot;0&quot;,&quot;shutter_speed&quot;:&quot;0&quot;,&quot;title&quot;:&quot;&quot;}\" data-image-title=\"220px-ThinMan\" data-image-description=\"\" data-image-caption=\"\" data-medium-file=\"https:\/\/i0.wp.com\/www.robertosedda.it\/wp-content\/uploads\/2014\/01\/220px-ThinMan.jpg?fit=203%2C300\" data-large-file=\"https:\/\/i0.wp.com\/www.robertosedda.it\/wp-content\/uploads\/2014\/01\/220px-ThinMan.jpg?fit=220%2C325\" decoding=\"async\" loading=\"lazy\" class=\"alignleft size-medium wp-image-6022\" src=\"https:\/\/i0.wp.com\/www.robertosedda.it\/wp-content\/uploads\/2014\/01\/220px-ThinMan.jpg?resize=203%2C300\" alt=\"220px-ThinMan\" width=\"203\" height=\"300\" srcset=\"https:\/\/i0.wp.com\/www.robertosedda.it\/wp-content\/uploads\/2014\/01\/220px-ThinMan.jpg?resize=203%2C300 203w, https:\/\/i0.wp.com\/www.robertosedda.it\/wp-content\/uploads\/2014\/01\/220px-ThinMan.jpg?resize=101%2C150 101w, https:\/\/i0.wp.com\/www.robertosedda.it\/wp-content\/uploads\/2014\/01\/220px-ThinMan.jpg?w=220 220w\" sizes=\"(max-width: 203px) 100vw, 203px\" data-recalc-dims=\"1\" \/><\/a>Una cosa che \u00e8 rimasta fuori dalla puntata,\u00a0perch\u00e9 \u00e8 anche fuori dalle mie letture, \u00e8 il romanzo con protagonista <em>L&#8217;uomo ombra<\/em>,\u00a0da cui fu tratta una fortunata serie\u00a0di film che\u00a0mi piacevano da morire da ragazzino. Crescendo quei gialli mi sono sembrati progressivamente pi\u00f9 ingenui, non li ho\u00a0mai rivisti, non ho mai riletto il\u00a0romanzo\u00a0dall&#8217;adolescenza\u00a0e nella puntata\u00a0ho del tutto\u00a0trascurato il riferimento: oltretutto \u00e8 successivo a tutti gli altri romanzi maggiori di Hammett, <em>La chiave di vetro<\/em>, <em>Il falcone maltese<\/em> e<em> Raccolto rosso<\/em> erano gi\u00e0 usciti.<\/p>\n<p>\u00c8 stato con una certa sorpresa, perci\u00f2, che preparando il commento qui sul <em>blog<\/em> alla puntata sul <a title=\"Augusto De Angelis, il commissario De Vincenzi e il mettersi nei guai per scrivere gialli\" href=\"http:\/\/www.robertosedda.it\/?p=5894\">commissario De Vincenzi<\/a>\u00a0e leggendo alcune cose su Scerbanenco ho scoperto che in Italia colp\u00ec l&#8217;approccio realistico proprio de <em>L&#8217;uomo ombra<\/em> e che questo romanzo, che io ricordo del tutto innocuo, fece una forte impressione. \u00c8 un segnale che il romanzo potrebbe meritare una rilettura e, avendo trascurato di suggerirlo durante la puntata, mi sembra opportuno raccomandarlo almeno qui.<\/p>\n","protected":false},"excerpt":{"rendered":"<p>Per questa puntata ho scelto Sharp dressed man dei ZZ Top, non perch\u00e9 gli eroi di Dashiell Hammett di cui<\/p>\n","protected":false},"author":1,"featured_media":6022,"comment_status":"open","ping_status":"open","sticky":false,"template":"","format":"video","meta":{"_mi_skip_tracking":false,"_monsterinsights_sitenote_active":false,"_monsterinsights_sitenote_note":"","_monsterinsights_sitenote_category":0,"jetpack_post_was_ever_published":false,"_jetpack_newsletter_access":"","jetpack_publicize_message":"","jetpack_is_tweetstorm":false,"jetpack_publicize_feature_enabled":true,"jetpack_social_post_already_shared":false,"jetpack_social_options":{"image_generator_settings":{"template":"highway","enabled":false}}},"categories":[52,56,13,68,12],"tags":[],"jetpack_publicize_connections":[],"jetpack_featured_media_url":"https:\/\/i0.wp.com\/www.robertosedda.it\/wp-content\/uploads\/2014\/01\/220px-ThinMan.jpg?fit=220%2C325","jetpack_sharing_enabled":true,"jetpack_shortlink":"https:\/\/wp.me\/p4jV2T-1z4","jetpack_likes_enabled":true,"jetpack-related-posts":[{"id":16007,"url":"http:\/\/www.robertosedda.it\/?p=16007","url_meta":{"origin":6018,"position":0},"title":"Ripassare in radio","author":"Rufus","date":"17\/12\/2018","format":"video","excerpt":"Luned\u00ec scorso sono tornato brevemente dietro i microfoni di\u00a0Radio Kalaritana\u00a0per un'intervista che mi ha voluto fare Andrea Pala, ai tempi curatore di Oggi parliamo di libri\u00a0e oggi conduttore, fra le altre cose, de\u00a0La diocesi in diretta. \u00c8 stata un'occasione divertente, a partire dal fatto che Davide Toro, regista dalla memoria\u2026","rel":"","context":"In &quot;Coordinate&quot;","block_context":{"text":"Coordinate","link":"http:\/\/www.robertosedda.it\/?cat=52"},"img":{"alt_text":"","src":"https:\/\/i0.wp.com\/www.robertosedda.it\/wp-content\/uploads\/2018\/12\/Rufus-back-on-air.jpg?fit=1200%2C675&resize=350%2C200","width":350,"height":200,"srcset":"https:\/\/i0.wp.com\/www.robertosedda.it\/wp-content\/uploads\/2018\/12\/Rufus-back-on-air.jpg?fit=1200%2C675&resize=350%2C200 1x, https:\/\/i0.wp.com\/www.robertosedda.it\/wp-content\/uploads\/2018\/12\/Rufus-back-on-air.jpg?fit=1200%2C675&resize=700%2C400 2x, https:\/\/i0.wp.com\/www.robertosedda.it\/wp-content\/uploads\/2018\/12\/Rufus-back-on-air.jpg?fit=1200%2C675&resize=1050%2C600 3x"},"classes":[]},{"id":4594,"url":"http:\/\/www.robertosedda.it\/?p=4594","url_meta":{"origin":6018,"position":1},"title":"La musica che metter\u00f2, se me la consigliate","author":"Rufus","date":"10\/10\/2013","format":false,"excerpt":"Sono ripartite su Radio Kalaritana le trasmissioni di Oggi parliamo di libri. Ok, breve riassunto pubblicitario: vado in onda il gioved\u00ec alle 19,10 e in replica il venerd\u00ec alle 8,30 del mattino sui 97.5 FM (o in streaming). La trasmissione ha anche una sua pagina Facebook che dopo la pausa\u2026","rel":"","context":"In &quot;Coordinate&quot;","block_context":{"text":"Coordinate","link":"http:\/\/www.robertosedda.it\/?cat=52"},"img":{"alt_text":"","src":"https:\/\/i0.wp.com\/www.robertosedda.it\/wp-content\/uploads\/2013\/03\/535033_144686819023383_216259237_n.jpg?fit=960%2C960&resize=350%2C200","width":350,"height":200,"srcset":"https:\/\/i0.wp.com\/www.robertosedda.it\/wp-content\/uploads\/2013\/03\/535033_144686819023383_216259237_n.jpg?fit=960%2C960&resize=350%2C200 1x, https:\/\/i0.wp.com\/www.robertosedda.it\/wp-content\/uploads\/2013\/03\/535033_144686819023383_216259237_n.jpg?fit=960%2C960&resize=700%2C400 2x"},"classes":[]},{"id":232,"url":"http:\/\/www.robertosedda.it\/?p=232","url_meta":{"origin":6018,"position":2},"title":"Fra Dashiell Hammett e la Rowlings&#8230;","author":"Rufus","date":"21\/08\/2012","format":false,"excerpt":"... potrebbe esserci un ipotetico punto di equilibrio. Si potrebbe scrivere, cio\u00e8, un romanzo in cui un detective un po' spiegazzato dalle vicende della vita, cinico e solitario, si aggira per la giungla d'asfalto, fra poliziotti tosti, criminali di mezza tacca, gangster pericolosi, biscazzieri e donne fatali, e risolve casi\u2026","rel":"","context":"In &quot;Coordinate&quot;","block_context":{"text":"Coordinate","link":"http:\/\/www.robertosedda.it\/?cat=52"},"img":{"alt_text":"","src":"https:\/\/i0.wp.com\/www.robertosedda.it\/wp-content\/uploads\/2012\/08\/Dresden-Files-Book-1-Storm-Front-Jim-Butcher-Orbit.jpg?fit=265%2C438&resize=350%2C200","width":350,"height":200},"classes":[]},{"id":2471,"url":"http:\/\/www.robertosedda.it\/?p=2471","url_meta":{"origin":6018,"position":3},"title":"Gangster squad","author":"Rufus","date":"07\/03\/2013","format":"video","excerpt":"Il giorno dopo aver visto Gangster squad ho fatto una prova con i Fabbricastorie: ho iniziato a raccontargli la storia e mi sono fermato al primo snodo importante. Ho chiesto secondo loro come proseguiva. Avuta la risposta (esatta) mi sono fermato al secondo snodo, con lo stesso tipo di domanda.\u2026","rel":"","context":"In &quot;Coordinate&quot;","block_context":{"text":"Coordinate","link":"http:\/\/www.robertosedda.it\/?cat=52"},"img":{"alt_text":"","src":"https:\/\/i0.wp.com\/www.robertosedda.it\/wp-content\/uploads\/2013\/03\/Gangster-squad.jpg?fit=315%2C445&resize=350%2C200","width":350,"height":200},"classes":[]},{"id":3922,"url":"http:\/\/www.robertosedda.it\/?p=3922","url_meta":{"origin":6018,"position":4},"title":"Il monello","author":"Rufus","date":"09\/07\/2013","format":"video","excerpt":"Ho messo oggi in linea la venticinquesima puntata di Oggi parliamo di libri, quella dedicata all'Huckleberry Finn di Mark Twain: dopo la conclusione delle puntate e la pausa estiva mi sono un po' rilassato e ho tardato a mettere su YouTube le ultime. http:\/\/www.youtube.com\/watch?v=Nno7I6lj_oY A proposito delle cose che ho\u2026","rel":"","context":"In &quot;Cappe e spade&quot;","block_context":{"text":"Cappe e spade","link":"http:\/\/www.robertosedda.it\/?cat=70"},"img":{"alt_text":"","src":"https:\/\/i0.wp.com\/www.robertosedda.it\/wp-content\/uploads\/2013\/07\/Huck-Finn.png?fit=768%2C454&resize=350%2C200","width":350,"height":200,"srcset":"https:\/\/i0.wp.com\/www.robertosedda.it\/wp-content\/uploads\/2013\/07\/Huck-Finn.png?fit=768%2C454&resize=350%2C200 1x, https:\/\/i0.wp.com\/www.robertosedda.it\/wp-content\/uploads\/2013\/07\/Huck-Finn.png?fit=768%2C454&resize=700%2C400 2x"},"classes":[]},{"id":7289,"url":"http:\/\/www.robertosedda.it\/?p=7289","url_meta":{"origin":6018,"position":5},"title":"La poco convincente visione del mondo di Alicia Gimenez-Bartlett","author":"Rufus","date":"07\/05\/2014","format":"video","excerpt":"Sono finalmente giunto in possesso dei file delle ultime puntate di Oggi parliamo di libri e ho ricominciato a caricarle sul mio canale Youtube. Ho iniziato con la ventunesima puntata, che era dedicata ai gialli con protagonista Petra Delicado, di Alicia Gimenez-Bartlett. http:\/\/www.youtube.com\/watch?v=-SyNLB7irCQ Se avete ascoltato la puntata vi sarete\u2026","rel":"","context":"In &quot;Coordinate&quot;","block_context":{"text":"Coordinate","link":"http:\/\/www.robertosedda.it\/?cat=52"},"img":{"alt_text":"","src":"https:\/\/i0.wp.com\/www.robertosedda.it\/wp-content\/uploads\/2014\/05\/Petra-Delicado.jpg?fit=224%2C313&resize=350%2C200","width":350,"height":200},"classes":[]}],"_links":{"self":[{"href":"http:\/\/www.robertosedda.it\/index.php?rest_route=\/wp\/v2\/posts\/6018"}],"collection":[{"href":"http:\/\/www.robertosedda.it\/index.php?rest_route=\/wp\/v2\/posts"}],"about":[{"href":"http:\/\/www.robertosedda.it\/index.php?rest_route=\/wp\/v2\/types\/post"}],"author":[{"embeddable":true,"href":"http:\/\/www.robertosedda.it\/index.php?rest_route=\/wp\/v2\/users\/1"}],"replies":[{"embeddable":true,"href":"http:\/\/www.robertosedda.it\/index.php?rest_route=%2Fwp%2Fv2%2Fcomments&post=6018"}],"version-history":[{"count":12,"href":"http:\/\/www.robertosedda.it\/index.php?rest_route=\/wp\/v2\/posts\/6018\/revisions"}],"predecessor-version":[{"id":9229,"href":"http:\/\/www.robertosedda.it\/index.php?rest_route=\/wp\/v2\/posts\/6018\/revisions\/9229"}],"wp:featuredmedia":[{"embeddable":true,"href":"http:\/\/www.robertosedda.it\/index.php?rest_route=\/wp\/v2\/media\/6022"}],"wp:attachment":[{"href":"http:\/\/www.robertosedda.it\/index.php?rest_route=%2Fwp%2Fv2%2Fmedia&parent=6018"}],"wp:term":[{"taxonomy":"category","embeddable":true,"href":"http:\/\/www.robertosedda.it\/index.php?rest_route=%2Fwp%2Fv2%2Fcategories&post=6018"},{"taxonomy":"post_tag","embeddable":true,"href":"http:\/\/www.robertosedda.it\/index.php?rest_route=%2Fwp%2Fv2%2Ftags&post=6018"}],"curies":[{"name":"wp","href":"https:\/\/api.w.org\/{rel}","templated":true}]}}